{"id":26008,"date":"2016-10-20T22:18:34","date_gmt":"2016-10-20T22:18:34","guid":{"rendered":"https:\/\/abarevegan.com.br\/index.php\/2016\/10\/20\/jovem-e-executado-com-10-tiros-na-baixada-da-sobral\/"},"modified":"2016-10-20T22:18:34","modified_gmt":"2016-10-20T22:18:34","slug":"jovem-e-executado-com-10-tiros-na-baixada-da-sobral","status":"publish","type":"post","link":"https:\/\/nk7-testes.com.br\/agazeta\/jovem-e-executado-com-10-tiros-na-baixada-da-sobral\/","title":{"rendered":"Jovem \u00e9 executado com 10 tiros na Baixada da Sobral"},"content":{"rendered":"<p style=\"text-align: justify;\">Leonardo acabara de chegar do trabalho<\/p>\n<p style=\"text-align: justify;\">Leonardo Martins da Silva, 26, foi executado com 10 tiros dentro de casa, na Rua 27 de Julho, bairro Pl\u00e1cido de Castro, regi\u00e3o da Baixada da Sobral. Testemunhas disseram que cinco homens chegaram em um carro modelo Pegeout, cor branca.<\/p>\n<p style=\"text-align: justify;\">\u201cEles disseram que era da pol\u00edcia\u201d, relata uma das testemunhas. \u201cEles procuravam pelo Dani\u201d. \u201cDani \u00e9 um jovem que mora pr\u00f3ximo a Leonardo\u201d.<\/p>\n<p style=\"text-align: justify;\">Outras testemunhas disseram que \u201celes vieram para matar Dani que mora no fim da rua\u201d.<\/p>\n<p style=\"text-align: justify;\">Uma mulher foi feita ref\u00e9m. Moradores acreditam que tenha sido uma confus\u00e3o. Leonardo, n\u00e3o tinha passagem pela pol\u00edcia e nem envolvimento com o crime. Havia chegado do trabalho h\u00e1 poucos instantes.<\/p>\n","protected":false},"excerpt":{"rendered":"<p style=\"text-align: justify;\">Leonardo acabara de chegar do trabalho<\/p>\n","protected":false},"author":4,"featured_media":26006,"comment_status":"open","ping_status":"open","sticky":false,"template":"","format":"standard","meta":{"jnews-multi-image_gallery":[],"jnews_single_post":[],"jnews_primary_category":[],"jnews_social_meta":[],"jnews_review":[],"enable_review":"","type":"","name":"","summary":"","brand":"","sku":"","good":[],"bad":[],"score_override":"","override_value":"","rating":[],"price":[],"footnotes":""},"categories":[44],"tags":[],"class_list":["post-26008","post","type-post","status-publish","format-standard","has-post-thumbnail","hentry","category-policia"],"yoast_head":"<!-- This site is optimized with the Yoast SEO plugin v26.5 - https:\/\/yoast.com\/wordpress\/plugins\/seo\/ -->\n<title>Jovem \u00e9 executado com 10 tiros na Baixada da Sobral - Agazeta.net<\/title>\n<meta name=\"robots\" content=\"index, follow, max-snippet:-1, max-image-preview:large, max-video-preview:-1\" \/>\n<link rel=\"canonical\" href=\"https:\/\/nk7-testes.com.br\/agazeta\/jovem-e-executado-com-10-tiros-na-baixada-da-sobral\/\" \/>\n<meta property=\"og:locale\" content=\"pt_BR\" \/>\n<meta property=\"og:type\" content=\"article\" \/>\n<meta property=\"og:title\" content=\"Jovem \u00e9 executado com 10 tiros na Baixada da Sobral - Agazeta.net\" \/>\n<meta property=\"og:description\" content=\"Leonardo acabara de chegar do trabalho\" \/>\n<meta property=\"og:url\" content=\"https:\/\/nk7-testes.com.br\/agazeta\/jovem-e-executado-com-10-tiros-na-baixada-da-sobral\/\" \/>\n<meta property=\"og:site_name\" content=\"Agazeta.net\" \/>\n<meta property=\"article:published_time\" content=\"2016-10-20T22:18:34+00:00\" \/>\n<meta property=\"og:image\" content=\"https:\/\/nk7-testes.com.br\/agazeta\/wp-content\/uploads\/2016\/10\/201016-policia-execucaodeztiros-cedida.jpg\" \/>\n\t<meta property=\"og:image:width\" content=\"458\" \/>\n\t<meta property=\"og:image:height\" content=\"340\" \/>\n\t<meta property=\"og:image:type\" content=\"image\/jpeg\" \/>\n<meta name=\"author\" content=\"Agazeta.Net\" \/>\n<meta name=\"twitter:card\" content=\"summary_large_image\" \/>\n<meta name=\"twitter:label1\" content=\"Escrito por\" \/>\n\t<meta name=\"twitter:data1\" content=\"Agazeta.Net\" \/>\n\t<meta name=\"twitter:label2\" content=\"Est. tempo de leitura\" \/>\n\t<meta name=\"twitter:data2\" content=\"1 minuto\" \/>\n<script type=\"application\/ld+json\" class=\"yoast-schema-graph\">{\"@context\":\"https:\/\/schema.org\",\"@graph\":[{\"@type\":\"WebPage\",\"@id\":\"https:\/\/nk7-testes.com.br\/agazeta\/jovem-e-executado-com-10-tiros-na-baixada-da-sobral\/\",\"url\":\"https:\/\/nk7-testes.com.br\/agazeta\/jovem-e-executado-com-10-tiros-na-baixada-da-sobral\/\",\"name\":\"Jovem \u00e9 executado com 10 tiros na Baixada da Sobral - Agazeta.net\",\"isPartOf\":{\"@id\":\"https:\/\/nk7-testes.com.br\/agazeta\/#website\"},\"primaryImageOfPage\":{\"@id\":\"https:\/\/nk7-testes.com.br\/agazeta\/jovem-e-executado-com-10-tiros-na-baixada-da-sobral\/#primaryimage\"},\"image\":{\"@id\":\"https:\/\/nk7-testes.com.br\/agazeta\/jovem-e-executado-com-10-tiros-na-baixada-da-sobral\/#primaryimage\"},\"thumbnailUrl\":\"https:\/\/nk7-testes.com.br\/agazeta\/wp-content\/uploads\/2016\/10\/201016-policia-execucaodeztiros-cedida.jpg\",\"datePublished\":\"2016-10-20T22:18:34+00:00\",\"author\":{\"@id\":\"https:\/\/nk7-testes.com.br\/agazeta\/#\/schema\/person\/6d6e25cb0435eb4a02fd44d30b4e3020\"},\"breadcrumb\":{\"@id\":\"https:\/\/nk7-testes.com.br\/agazeta\/jovem-e-executado-com-10-tiros-na-baixada-da-sobral\/#breadcrumb\"},\"inLanguage\":\"pt-BR\",\"potentialAction\":[{\"@type\":\"ReadAction\",\"target\":[\"https:\/\/nk7-testes.com.br\/agazeta\/jovem-e-executado-com-10-tiros-na-baixada-da-sobral\/\"]}]},{\"@type\":\"ImageObject\",\"inLanguage\":\"pt-BR\",\"@id\":\"https:\/\/nk7-testes.com.br\/agazeta\/jovem-e-executado-com-10-tiros-na-baixada-da-sobral\/#primaryimage\",\"url\":\"https:\/\/nk7-testes.com.br\/agazeta\/wp-content\/uploads\/2016\/10\/201016-policia-execucaodeztiros-cedida.jpg\",\"contentUrl\":\"https:\/\/nk7-testes.com.br\/agazeta\/wp-content\/uploads\/2016\/10\/201016-policia-execucaodeztiros-cedida.jpg\",\"width\":458,\"height\":340,\"caption\":\"201016-policia-execucaodeztiros-cedida\"},{\"@type\":\"BreadcrumbList\",\"@id\":\"https:\/\/nk7-testes.com.br\/agazeta\/jovem-e-executado-com-10-tiros-na-baixada-da-sobral\/#breadcrumb\",\"itemListElement\":[{\"@type\":\"ListItem\",\"position\":1,\"name\":\"In\u00edcio\",\"item\":\"https:\/\/nk7-testes.com.br\/agazeta\/\"},{\"@type\":\"ListItem\",\"position\":2,\"name\":\"Jovem \u00e9 executado com 10 tiros na Baixada da Sobral\"}]},{\"@type\":\"WebSite\",\"@id\":\"https:\/\/nk7-testes.com.br\/agazeta\/#website\",\"url\":\"https:\/\/nk7-testes.com.br\/agazeta\/\",\"name\":\"Agazeta.net\",\"description\":\"Agazeta.net - Not\u00edcias de Rio Branco\/AC\",\"potentialAction\":[{\"@type\":\"SearchAction\",\"target\":{\"@type\":\"EntryPoint\",\"urlTemplate\":\"https:\/\/nk7-testes.com.br\/agazeta\/?s={search_term_string}\"},\"query-input\":{\"@type\":\"PropertyValueSpecification\",\"valueRequired\":true,\"valueName\":\"search_term_string\"}}],\"inLanguage\":\"pt-BR\"},{\"@type\":\"Person\",\"@id\":\"https:\/\/nk7-testes.com.br\/agazeta\/#\/schema\/person\/6d6e25cb0435eb4a02fd44d30b4e3020\",\"name\":\"Agazeta.Net\",\"url\":\"https:\/\/nk7-testes.com.br\/agazeta\/author\/agazeta\/\"}]}<\/script>\n<!-- \/ Yoast SEO plugin. -->","yoast_head_json":{"title":"Jovem \u00e9 executado com 10 tiros na Baixada da Sobral - Agazeta.net","robots":{"index":"index","follow":"follow","max-snippet":"max-snippet:-1","max-image-preview":"max-image-preview:large","max-video-preview":"max-video-preview:-1"},"canonical":"https:\/\/nk7-testes.com.br\/agazeta\/jovem-e-executado-com-10-tiros-na-baixada-da-sobral\/","og_locale":"pt_BR","og_type":"article","og_title":"Jovem \u00e9 executado com 10 tiros na Baixada da Sobral - Agazeta.net","og_description":"Leonardo acabara de chegar do trabalho","og_url":"https:\/\/nk7-testes.com.br\/agazeta\/jovem-e-executado-com-10-tiros-na-baixada-da-sobral\/","og_site_name":"Agazeta.net","article_published_time":"2016-10-20T22:18:34+00:00","og_image":[{"width":458,"height":340,"url":"https:\/\/nk7-testes.com.br\/agazeta\/wp-content\/uploads\/2016\/10\/201016-policia-execucaodeztiros-cedida.jpg","type":"image\/jpeg"}],"author":"Agazeta.Net","twitter_card":"summary_large_image","twitter_misc":{"Escrito por":"Agazeta.Net","Est. tempo de leitura":"1 minuto"},"schema":{"@context":"https:\/\/schema.org","@graph":[{"@type":"WebPage","@id":"https:\/\/nk7-testes.com.br\/agazeta\/jovem-e-executado-com-10-tiros-na-baixada-da-sobral\/","url":"https:\/\/nk7-testes.com.br\/agazeta\/jovem-e-executado-com-10-tiros-na-baixada-da-sobral\/","name":"Jovem \u00e9 executado com 10 tiros na Baixada da Sobral - Agazeta.net","isPartOf":{"@id":"https:\/\/nk7-testes.com.br\/agazeta\/#website"},"primaryImageOfPage":{"@id":"https:\/\/nk7-testes.com.br\/agazeta\/jovem-e-executado-com-10-tiros-na-baixada-da-sobral\/#primaryimage"},"image":{"@id":"https:\/\/nk7-testes.com.br\/agazeta\/jovem-e-executado-com-10-tiros-na-baixada-da-sobral\/#primaryimage"},"thumbnailUrl":"https:\/\/nk7-testes.com.br\/agazeta\/wp-content\/uploads\/2016\/10\/201016-policia-execucaodeztiros-cedida.jpg","datePublished":"2016-10-20T22:18:34+00:00","author":{"@id":"https:\/\/nk7-testes.com.br\/agazeta\/#\/schema\/person\/6d6e25cb0435eb4a02fd44d30b4e3020"},"breadcrumb":{"@id":"https:\/\/nk7-testes.com.br\/agazeta\/jovem-e-executado-com-10-tiros-na-baixada-da-sobral\/#breadcrumb"},"inLanguage":"pt-BR","potentialAction":[{"@type":"ReadAction","target":["https:\/\/nk7-testes.com.br\/agazeta\/jovem-e-executado-com-10-tiros-na-baixada-da-sobral\/"]}]},{"@type":"ImageObject","inLanguage":"pt-BR","@id":"https:\/\/nk7-testes.com.br\/agazeta\/jovem-e-executado-com-10-tiros-na-baixada-da-sobral\/#primaryimage","url":"https:\/\/nk7-testes.com.br\/agazeta\/wp-content\/uploads\/2016\/10\/201016-policia-execucaodeztiros-cedida.jpg","contentUrl":"https:\/\/nk7-testes.com.br\/agazeta\/wp-content\/uploads\/2016\/10\/201016-policia-execucaodeztiros-cedida.jpg","width":458,"height":340,"caption":"201016-policia-execucaodeztiros-cedida"},{"@type":"BreadcrumbList","@id":"https:\/\/nk7-testes.com.br\/agazeta\/jovem-e-executado-com-10-tiros-na-baixada-da-sobral\/#breadcrumb","itemListElement":[{"@type":"ListItem","position":1,"name":"In\u00edcio","item":"https:\/\/nk7-testes.com.br\/agazeta\/"},{"@type":"ListItem","position":2,"name":"Jovem \u00e9 executado com 10 tiros na Baixada da Sobral"}]},{"@type":"WebSite","@id":"https:\/\/nk7-testes.com.br\/agazeta\/#website","url":"https:\/\/nk7-testes.com.br\/agazeta\/","name":"Agazeta.net","description":"Agazeta.net - Not\u00edcias de Rio Branco\/AC","potentialAction":[{"@type":"SearchAction","target":{"@type":"EntryPoint","urlTemplate":"https:\/\/nk7-testes.com.br\/agazeta\/?s={search_term_string}"},"query-input":{"@type":"PropertyValueSpecification","valueRequired":true,"valueName":"search_term_string"}}],"inLanguage":"pt-BR"},{"@type":"Person","@id":"https:\/\/nk7-testes.com.br\/agazeta\/#\/schema\/person\/6d6e25cb0435eb4a02fd44d30b4e3020","name":"Agazeta.Net","url":"https:\/\/nk7-testes.com.br\/agazeta\/author\/agazeta\/"}]}},"_links":{"self":[{"href":"https:\/\/nk7-testes.com.br\/agazeta\/wp-json\/wp\/v2\/posts\/26008","targetHints":{"allow":["GET"]}}],"collection":[{"href":"https:\/\/nk7-testes.com.br\/agazeta\/wp-json\/wp\/v2\/posts"}],"about":[{"href":"https:\/\/nk7-testes.com.br\/agazeta\/wp-json\/wp\/v2\/types\/post"}],"author":[{"embeddable":true,"href":"https:\/\/nk7-testes.com.br\/agazeta\/wp-json\/wp\/v2\/users\/4"}],"replies":[{"embeddable":true,"href":"https:\/\/nk7-testes.com.br\/agazeta\/wp-json\/wp\/v2\/comments?post=26008"}],"version-history":[{"count":0,"href":"https:\/\/nk7-testes.com.br\/agazeta\/wp-json\/wp\/v2\/posts\/26008\/revisions"}],"wp:featuredmedia":[{"embeddable":true,"href":"https:\/\/nk7-testes.com.br\/agazeta\/wp-json\/wp\/v2\/media\/26006"}],"wp:attachment":[{"href":"https:\/\/nk7-testes.com.br\/agazeta\/wp-json\/wp\/v2\/media?parent=26008"}],"wp:term":[{"taxonomy":"category","embeddable":true,"href":"https:\/\/nk7-testes.com.br\/agazeta\/wp-json\/wp\/v2\/categories?post=26008"},{"taxonomy":"post_tag","embeddable":true,"href":"https:\/\/nk7-testes.com.br\/agazeta\/wp-json\/wp\/v2\/tags?post=26008"}],"curies":[{"name":"wp","href":"https:\/\/api.w.org\/{rel}","templated":true}]}}