{"id":25982,"date":"2016-10-19T21:08:23","date_gmt":"2016-10-19T21:08:23","guid":{"rendered":"https:\/\/abarevegan.com.br\/index.php\/2016\/10\/19\/bolinha-do-bonde-dos-13-e-executado-na-baixada-da-sobral\/"},"modified":"2016-10-19T21:08:23","modified_gmt":"2016-10-19T21:08:23","slug":"bolinha-do-bonde-dos-13-e-executado-na-baixada-da-sobral","status":"publish","type":"post","link":"https:\/\/nk7-testes.com.br\/agazeta\/bolinha-do-bonde-dos-13-e-executado-na-baixada-da-sobral\/","title":{"rendered":"\u201cBolinha\u201d \u00e9 executado na Baixada da Sobral"},"content":{"rendered":"<p style=\"text-align: justify;\">Jovem era muito conhecido na regi\u00e3o da Baixada<\/p>\n<p style=\"text-align: justify;\">O jovem Ren\u00ea Lima de Souza, 18, foi assassinado com pelo menos tr\u00eas tiros. Ele estava conversando com amigos nas imedia\u00e7\u00f5es da Rua Vilhena, pr\u00f3xima ao Hosmac, na Baixada da Sobral.<\/p>\n<p style=\"text-align: justify;\">Dois homens chegaram em uma moto e j\u00e1 foram atirando. O rapaz ainda tentou correr, mas caiu em uma vala. J\u00e1 caiu morto. A Pol\u00edcia T\u00e9cnica foi ao local realizar a per\u00edcia. Ren\u00ea Lima de Souza era mais conhecido na regi\u00e3o como \u201cBolinha\u201d.<\/p>\n<p style=\"text-align: justify;\">O delegado Robert Alencar,da Delegacia de Homic\u00eddio, esteve no local. Ele n\u00e3o relacionou diretamente a execu\u00e7\u00e3o do rapaz \u00e0 guerra de fac\u00e7\u00f5es criminosas. &#8220;N\u00f3s podemos deliberar sobre a motiva\u00e7\u00e3o do crime. Para a delegacia de Homic\u00eddios, n\u00f3s temos que materializar os elementos de prova para poder orientar o Judici\u00e1rio. Fizemos o que tem que ser feito para que possamos chegar rapidamente ao autor do crime&#8221;.<\/p>\n","protected":false},"excerpt":{"rendered":"<p style=\"text-align: justify;\">Jovem era muito conhecido na regi\u00e3o da Baixada<\/p>\n","protected":false},"author":4,"featured_media":25981,"comment_status":"open","ping_status":"open","sticky":false,"template":"","format":"standard","meta":{"jnews-multi-image_gallery":[],"jnews_single_post":[],"jnews_primary_category":[],"jnews_social_meta":[],"jnews_review":[],"enable_review":"","type":"","name":"","summary":"","brand":"","sku":"","good":[],"bad":[],"score_override":"","override_value":"","rating":[],"price":[],"footnotes":""},"categories":[44],"tags":[],"class_list":["post-25982","post","type-post","status-publish","format-standard","has-post-thumbnail","hentry","category-policia"],"yoast_head":"<!-- This site is optimized with the Yoast SEO plugin v26.5 - https:\/\/yoast.com\/wordpress\/plugins\/seo\/ -->\n<title>\u201cBolinha\u201d \u00e9 executado na Baixada da Sobral - Agazeta.net<\/title>\n<meta name=\"robots\" content=\"index, follow, max-snippet:-1, max-image-preview:large, max-video-preview:-1\" \/>\n<link rel=\"canonical\" href=\"https:\/\/nk7-testes.com.br\/agazeta\/bolinha-do-bonde-dos-13-e-executado-na-baixada-da-sobral\/\" \/>\n<meta property=\"og:locale\" content=\"pt_BR\" \/>\n<meta property=\"og:type\" content=\"article\" \/>\n<meta property=\"og:title\" content=\"\u201cBolinha\u201d \u00e9 executado na Baixada da Sobral - Agazeta.net\" \/>\n<meta property=\"og:description\" content=\"Jovem era muito conhecido na regi\u00e3o da Baixada\" \/>\n<meta property=\"og:url\" content=\"https:\/\/nk7-testes.com.br\/agazeta\/bolinha-do-bonde-dos-13-e-executado-na-baixada-da-sobral\/\" \/>\n<meta property=\"og:site_name\" content=\"Agazeta.net\" \/>\n<meta property=\"article:published_time\" content=\"2016-10-19T21:08:23+00:00\" \/>\n<meta property=\"og:image\" content=\"https:\/\/nk7-testes.com.br\/agazeta\/wp-content\/uploads\/2016\/10\/191016-policia-assassinatobolinha-cleriston.jpg\" \/>\n\t<meta property=\"og:image:width\" content=\"458\" \/>\n\t<meta property=\"og:image:height\" content=\"340\" \/>\n\t<meta property=\"og:image:type\" content=\"image\/jpeg\" \/>\n<meta name=\"author\" content=\"Agazeta.Net\" \/>\n<meta name=\"twitter:card\" content=\"summary_large_image\" \/>\n<meta name=\"twitter:label1\" content=\"Escrito por\" \/>\n\t<meta name=\"twitter:data1\" content=\"Agazeta.Net\" \/>\n\t<meta name=\"twitter:label2\" content=\"Est. tempo de leitura\" \/>\n\t<meta name=\"twitter:data2\" content=\"1 minuto\" \/>\n<script type=\"application\/ld+json\" class=\"yoast-schema-graph\">{\"@context\":\"https:\/\/schema.org\",\"@graph\":[{\"@type\":\"WebPage\",\"@id\":\"https:\/\/nk7-testes.com.br\/agazeta\/bolinha-do-bonde-dos-13-e-executado-na-baixada-da-sobral\/\",\"url\":\"https:\/\/nk7-testes.com.br\/agazeta\/bolinha-do-bonde-dos-13-e-executado-na-baixada-da-sobral\/\",\"name\":\"\u201cBolinha\u201d \u00e9 executado na Baixada da Sobral - Agazeta.net\",\"isPartOf\":{\"@id\":\"https:\/\/nk7-testes.com.br\/agazeta\/#website\"},\"primaryImageOfPage\":{\"@id\":\"https:\/\/nk7-testes.com.br\/agazeta\/bolinha-do-bonde-dos-13-e-executado-na-baixada-da-sobral\/#primaryimage\"},\"image\":{\"@id\":\"https:\/\/nk7-testes.com.br\/agazeta\/bolinha-do-bonde-dos-13-e-executado-na-baixada-da-sobral\/#primaryimage\"},\"thumbnailUrl\":\"https:\/\/nk7-testes.com.br\/agazeta\/wp-content\/uploads\/2016\/10\/191016-policia-assassinatobolinha-cleriston.jpg\",\"datePublished\":\"2016-10-19T21:08:23+00:00\",\"author\":{\"@id\":\"https:\/\/nk7-testes.com.br\/agazeta\/#\/schema\/person\/6d6e25cb0435eb4a02fd44d30b4e3020\"},\"breadcrumb\":{\"@id\":\"https:\/\/nk7-testes.com.br\/agazeta\/bolinha-do-bonde-dos-13-e-executado-na-baixada-da-sobral\/#breadcrumb\"},\"inLanguage\":\"pt-BR\",\"potentialAction\":[{\"@type\":\"ReadAction\",\"target\":[\"https:\/\/nk7-testes.com.br\/agazeta\/bolinha-do-bonde-dos-13-e-executado-na-baixada-da-sobral\/\"]}]},{\"@type\":\"ImageObject\",\"inLanguage\":\"pt-BR\",\"@id\":\"https:\/\/nk7-testes.com.br\/agazeta\/bolinha-do-bonde-dos-13-e-executado-na-baixada-da-sobral\/#primaryimage\",\"url\":\"https:\/\/nk7-testes.com.br\/agazeta\/wp-content\/uploads\/2016\/10\/191016-policia-assassinatobolinha-cleriston.jpg\",\"contentUrl\":\"https:\/\/nk7-testes.com.br\/agazeta\/wp-content\/uploads\/2016\/10\/191016-policia-assassinatobolinha-cleriston.jpg\",\"width\":458,\"height\":340,\"caption\":\"191016-policia-assassinatobolinha-cleriston\"},{\"@type\":\"BreadcrumbList\",\"@id\":\"https:\/\/nk7-testes.com.br\/agazeta\/bolinha-do-bonde-dos-13-e-executado-na-baixada-da-sobral\/#breadcrumb\",\"itemListElement\":[{\"@type\":\"ListItem\",\"position\":1,\"name\":\"In\u00edcio\",\"item\":\"https:\/\/nk7-testes.com.br\/agazeta\/\"},{\"@type\":\"ListItem\",\"position\":2,\"name\":\"\u201cBolinha\u201d \u00e9 executado na Baixada da Sobral\"}]},{\"@type\":\"WebSite\",\"@id\":\"https:\/\/nk7-testes.com.br\/agazeta\/#website\",\"url\":\"https:\/\/nk7-testes.com.br\/agazeta\/\",\"name\":\"Agazeta.net\",\"description\":\"Agazeta.net - Not\u00edcias de Rio Branco\/AC\",\"potentialAction\":[{\"@type\":\"SearchAction\",\"target\":{\"@type\":\"EntryPoint\",\"urlTemplate\":\"https:\/\/nk7-testes.com.br\/agazeta\/?s={search_term_string}\"},\"query-input\":{\"@type\":\"PropertyValueSpecification\",\"valueRequired\":true,\"valueName\":\"search_term_string\"}}],\"inLanguage\":\"pt-BR\"},{\"@type\":\"Person\",\"@id\":\"https:\/\/nk7-testes.com.br\/agazeta\/#\/schema\/person\/6d6e25cb0435eb4a02fd44d30b4e3020\",\"name\":\"Agazeta.Net\",\"url\":\"https:\/\/nk7-testes.com.br\/agazeta\/author\/agazeta\/\"}]}<\/script>\n<!-- \/ Yoast SEO plugin. -->","yoast_head_json":{"title":"\u201cBolinha\u201d \u00e9 executado na Baixada da Sobral - Agazeta.net","robots":{"index":"index","follow":"follow","max-snippet":"max-snippet:-1","max-image-preview":"max-image-preview:large","max-video-preview":"max-video-preview:-1"},"canonical":"https:\/\/nk7-testes.com.br\/agazeta\/bolinha-do-bonde-dos-13-e-executado-na-baixada-da-sobral\/","og_locale":"pt_BR","og_type":"article","og_title":"\u201cBolinha\u201d \u00e9 executado na Baixada da Sobral - Agazeta.net","og_description":"Jovem era muito conhecido na regi\u00e3o da Baixada","og_url":"https:\/\/nk7-testes.com.br\/agazeta\/bolinha-do-bonde-dos-13-e-executado-na-baixada-da-sobral\/","og_site_name":"Agazeta.net","article_published_time":"2016-10-19T21:08:23+00:00","og_image":[{"width":458,"height":340,"url":"https:\/\/nk7-testes.com.br\/agazeta\/wp-content\/uploads\/2016\/10\/191016-policia-assassinatobolinha-cleriston.jpg","type":"image\/jpeg"}],"author":"Agazeta.Net","twitter_card":"summary_large_image","twitter_misc":{"Escrito por":"Agazeta.Net","Est. tempo de leitura":"1 minuto"},"schema":{"@context":"https:\/\/schema.org","@graph":[{"@type":"WebPage","@id":"https:\/\/nk7-testes.com.br\/agazeta\/bolinha-do-bonde-dos-13-e-executado-na-baixada-da-sobral\/","url":"https:\/\/nk7-testes.com.br\/agazeta\/bolinha-do-bonde-dos-13-e-executado-na-baixada-da-sobral\/","name":"\u201cBolinha\u201d \u00e9 executado na Baixada da Sobral - Agazeta.net","isPartOf":{"@id":"https:\/\/nk7-testes.com.br\/agazeta\/#website"},"primaryImageOfPage":{"@id":"https:\/\/nk7-testes.com.br\/agazeta\/bolinha-do-bonde-dos-13-e-executado-na-baixada-da-sobral\/#primaryimage"},"image":{"@id":"https:\/\/nk7-testes.com.br\/agazeta\/bolinha-do-bonde-dos-13-e-executado-na-baixada-da-sobral\/#primaryimage"},"thumbnailUrl":"https:\/\/nk7-testes.com.br\/agazeta\/wp-content\/uploads\/2016\/10\/191016-policia-assassinatobolinha-cleriston.jpg","datePublished":"2016-10-19T21:08:23+00:00","author":{"@id":"https:\/\/nk7-testes.com.br\/agazeta\/#\/schema\/person\/6d6e25cb0435eb4a02fd44d30b4e3020"},"breadcrumb":{"@id":"https:\/\/nk7-testes.com.br\/agazeta\/bolinha-do-bonde-dos-13-e-executado-na-baixada-da-sobral\/#breadcrumb"},"inLanguage":"pt-BR","potentialAction":[{"@type":"ReadAction","target":["https:\/\/nk7-testes.com.br\/agazeta\/bolinha-do-bonde-dos-13-e-executado-na-baixada-da-sobral\/"]}]},{"@type":"ImageObject","inLanguage":"pt-BR","@id":"https:\/\/nk7-testes.com.br\/agazeta\/bolinha-do-bonde-dos-13-e-executado-na-baixada-da-sobral\/#primaryimage","url":"https:\/\/nk7-testes.com.br\/agazeta\/wp-content\/uploads\/2016\/10\/191016-policia-assassinatobolinha-cleriston.jpg","contentUrl":"https:\/\/nk7-testes.com.br\/agazeta\/wp-content\/uploads\/2016\/10\/191016-policia-assassinatobolinha-cleriston.jpg","width":458,"height":340,"caption":"191016-policia-assassinatobolinha-cleriston"},{"@type":"BreadcrumbList","@id":"https:\/\/nk7-testes.com.br\/agazeta\/bolinha-do-bonde-dos-13-e-executado-na-baixada-da-sobral\/#breadcrumb","itemListElement":[{"@type":"ListItem","position":1,"name":"In\u00edcio","item":"https:\/\/nk7-testes.com.br\/agazeta\/"},{"@type":"ListItem","position":2,"name":"\u201cBolinha\u201d \u00e9 executado na Baixada da Sobral"}]},{"@type":"WebSite","@id":"https:\/\/nk7-testes.com.br\/agazeta\/#website","url":"https:\/\/nk7-testes.com.br\/agazeta\/","name":"Agazeta.net","description":"Agazeta.net - Not\u00edcias de Rio Branco\/AC","potentialAction":[{"@type":"SearchAction","target":{"@type":"EntryPoint","urlTemplate":"https:\/\/nk7-testes.com.br\/agazeta\/?s={search_term_string}"},"query-input":{"@type":"PropertyValueSpecification","valueRequired":true,"valueName":"search_term_string"}}],"inLanguage":"pt-BR"},{"@type":"Person","@id":"https:\/\/nk7-testes.com.br\/agazeta\/#\/schema\/person\/6d6e25cb0435eb4a02fd44d30b4e3020","name":"Agazeta.Net","url":"https:\/\/nk7-testes.com.br\/agazeta\/author\/agazeta\/"}]}},"_links":{"self":[{"href":"https:\/\/nk7-testes.com.br\/agazeta\/wp-json\/wp\/v2\/posts\/25982","targetHints":{"allow":["GET"]}}],"collection":[{"href":"https:\/\/nk7-testes.com.br\/agazeta\/wp-json\/wp\/v2\/posts"}],"about":[{"href":"https:\/\/nk7-testes.com.br\/agazeta\/wp-json\/wp\/v2\/types\/post"}],"author":[{"embeddable":true,"href":"https:\/\/nk7-testes.com.br\/agazeta\/wp-json\/wp\/v2\/users\/4"}],"replies":[{"embeddable":true,"href":"https:\/\/nk7-testes.com.br\/agazeta\/wp-json\/wp\/v2\/comments?post=25982"}],"version-history":[{"count":0,"href":"https:\/\/nk7-testes.com.br\/agazeta\/wp-json\/wp\/v2\/posts\/25982\/revisions"}],"wp:featuredmedia":[{"embeddable":true,"href":"https:\/\/nk7-testes.com.br\/agazeta\/wp-json\/wp\/v2\/media\/25981"}],"wp:attachment":[{"href":"https:\/\/nk7-testes.com.br\/agazeta\/wp-json\/wp\/v2\/media?parent=25982"}],"wp:term":[{"taxonomy":"category","embeddable":true,"href":"https:\/\/nk7-testes.com.br\/agazeta\/wp-json\/wp\/v2\/categories?post=25982"},{"taxonomy":"post_tag","embeddable":true,"href":"https:\/\/nk7-testes.com.br\/agazeta\/wp-json\/wp\/v2\/tags?post=25982"}],"curies":[{"name":"wp","href":"https:\/\/api.w.org\/{rel}","templated":true}]}}