{"id":25973,"date":"2016-10-19T16:21:34","date_gmt":"2016-10-19T16:21:34","guid":{"rendered":"https:\/\/abarevegan.com.br\/index.php\/2016\/10\/19\/tcu-constata-mau-gerenciamento-em-recursos-publicos\/"},"modified":"2016-10-19T16:21:34","modified_gmt":"2016-10-19T16:21:34","slug":"tcu-constata-mau-gerenciamento-em-recursos-publicos","status":"publish","type":"post","link":"https:\/\/nk7-testes.com.br\/agazeta\/tcu-constata-mau-gerenciamento-em-recursos-publicos\/","title":{"rendered":"CGU constata mau gerenciamento em recursos p\u00fablicos"},"content":{"rendered":"<p style=\"text-align: justify;\">Surtos de dengue s\u00e3o consequ\u00eancias da gest\u00e3o<\/p>\n<p style=\"text-align: justify;\">A constata\u00e7\u00e3o de que o governo do Estado deixou de investir o total de recursos da dengue, enviados pelo Minist\u00e9rio da Sa\u00fade, coloca em discuss\u00e3o se as a\u00e7\u00f5es falharam e por isso tivemos surtos e epidemias da doen\u00e7a em Rio Branco e Cruzeiro do Sul, cidades que, at\u00e9 hoje, est\u00e3o na lista dos munic\u00edpios com sinal de alerta quanto a dengue.<\/p>\n<p style=\"text-align: justify;\">O aedes aegypt trouxe a morte e levou milhares de pessoas a procurar ajuda m\u00e9dica nos \u00faltimos anos no Acre. Primeiro com a dengue, depois chikungunya e por \u00faltimo o Zyka v\u00edrus.<\/p>\n<p style=\"text-align: justify;\">Os n\u00fameros apresentados num relat\u00f3rio da Controladoria Geral da Uni\u00e3o &#8211; CGU, mostram que o Governo do Acre n\u00e3o vem combatendo o aedes como deveria.<\/p>\n<p style=\"text-align: justify;\">No ano de 2015, per\u00edodo da auditoria, no Acre foram notificados 14 mil casos de dengue. S\u00f3 em Cruzeiro do Sul, que teve uma epidemia, nos tr\u00eas primeiros meses do ano fechou com 8.242 notifica\u00e7\u00f5es.<\/p>\n<p style=\"text-align: justify;\">Nesse mesmo ano o governo do estado recebeu R$ 11 milh\u00f5es para o controle do aedes. A investiga\u00e7\u00e3o feita em abril desse ano mostra que o Estado deixou de utilizar 52% dos recursos, uma cifra de R$ 5,7 milh\u00f5es. Esse dinheiro transferido para o fundo estadual de sa\u00fade foi mantido em aplica\u00e7\u00f5es financeiras.<\/p>\n<p style=\"text-align: justify;\">Em dezembro de 2015, a Secretaria de Estado de Sa\u00fade transferiu R$ 2,2 milh\u00f5es para aplica\u00e7\u00f5es em outras a\u00e7\u00f5es de governo, enquanto isso, a infesta\u00e7\u00e3o do aedes aegypt ultrapassava os 5%. Numa conta r\u00e1pida significa que a cada 100 resid\u00eancias 5 delas h\u00e1 incid\u00eancia do mosquito.<\/p>\n<p style=\"text-align: justify;\">Os n\u00fameros ainda hoje s\u00e3o altos. Em julho desse ano a infesta\u00e7\u00e3o era de 3,62% em Rio Branco em 3,04% em Cruzeiro do Sul, dinheiro que podia ser usado no combate a dengue tomou outro rumo.<\/p>\n<p style=\"text-align: justify;\">O diretor da secretaria de Estado de Sa\u00fade Jo\u00e3o Francalino explicou porque quase a metade do repasse no foi aplicado no combate \u00e0 dengue. \u201cDurante o ano de 2014, o governo pagou com recurso pr\u00f3prio as a\u00e7\u00f5es, houve uma compensa\u00e7\u00e3o, o dinheiro que sobrou ser\u00e1 usado por todo esse ano\u201d, afirmou.<\/p>\n<p style=\"text-align: justify;\">O combate \u00e0 dengue tem outras falhas graves. Em um armaz\u00e9m da secretaria de sa\u00fade que fica no distrito industrial foram encontradas sem uso 4 camionetes doadas pelo Minist\u00e9rio da sa\u00fade para o controle da dengue.<\/p>\n<p style=\"text-align: justify;\">S\u00e3o duas camionetes ranger cabine dupla e duas hilux. Os ve\u00edculos carregam equipamentos acoplados chamados de Ultra Baixo Volume &#8211; UBV, que \u00e9 um instrumento para eliminar os focos do mosquito da dengue, popularmente conhecido como fumac\u00ea.<\/p>\n<p style=\"text-align: justify;\">A secretaria de sa\u00fade n\u00e3o usa os ve\u00edculos e informou a CGU que n\u00e3o em dinheiro para fazer a transfer\u00eancia dos documentos, mas, paga, mensalmente, R$ 4.162,00 na loca\u00e7\u00e3o de uma camionete igual as que est\u00e3o no armaz\u00e9m. Nos 23 meses de aluguel do carro foram gastos quase R$ 100 mil, o valor da camionete.<\/p>\n<p style=\"text-align: justify;\">Tanto nos carros quanto no dinheiro a portaria 1.616 de 2015 do Minist\u00e9rio da Sa\u00fade exige a devolu\u00e7\u00e3o quando o programa n\u00e3o for executado total e parcial.<br \/>A diretora de vigil\u00e2ncia em sa\u00fade Albertina Costa, disse que s\u00e3o apenas tr\u00eas carros sem uso, mesmo a foto do relat\u00f3rio mostrando quatro. \u201cPor causa do equipamento UBV as camionetes ficam paradas, pois s\u00f3 devem ser usadas em caso de surtos e epidemias\u201d, relatou a diretora.<\/p>\n<p style=\"text-align: justify;\">No mesmo armaz\u00e9m dos ve\u00edculos foram encontrados insumos para matar o mosquito da dengue fora do prazo de validade. A quantidade era t\u00e3o grande que os auditores n\u00e3o conseguiram contar ou pesar os inseticidas vencidos. Tem insumo do ano de 2012.<br \/>N\u00e3o existe controle de estoque e as condi\u00e7\u00f5es de armazenamento s\u00e3o impr\u00f3prias, n\u00e3o existem medidas contra inc\u00eandios e crit\u00e9rios para armazenagem e n\u00e3o h\u00e1 sa\u00edda de emerg\u00eancia e para-raios.<\/p>\n<p style=\"text-align: justify;\">Os inseticidas chegam para o estado em tambores de 200 litros. Para enviar aos munic\u00edpios a secretaria de sa\u00fade fraciona em embalagens menores o que \u00e9 proibido pelas normas de seguran\u00e7a, pois os produtos nocivos devem ser mantidos em embalagens originais nem placas informando os riscos foram afixadas.<\/p>\n<p style=\"text-align: justify;\">A secretaria de Estado de Sa\u00fade alega que o descarte j\u00e1 deveria ter sido feito, mas depende uma empresa especializada e um laudo. \u201cN\u00e3o podemos levar esse produto para qualquer lugar. Por isso, dependemos de profissionais especializados de como proceder com os produtos\u201d, alertou Albertina.<\/p>\n<p style=\"text-align: justify;\">O Conselho estadual de sa\u00fade recebeu os relat\u00f3rios da CGU e agora vai buscar explica\u00e7\u00f5es do governo. \u201cSe existe sobra de dinheiro deveria ter sido aplicado em programas preventivos. Atualmente Rio Branco e Cruzeiro do Sul est\u00e3o na lista de munic\u00edpio em estado de alerta da dengue, n\u00e3o d\u00e1 para deixar de usar dinheiro nos programas que podem salvar vidas\u201d, falou.<\/p>\n","protected":false},"excerpt":{"rendered":"<p style=\"text-align: justify;\">Surtos de dengue s\u00e3o consequ\u00eancias da gest\u00e3o<\/p>\n","protected":false},"author":4,"featured_media":25972,"comment_status":"open","ping_status":"open","sticky":false,"template":"","format":"standard","meta":{"jnews-multi-image_gallery":[],"jnews_single_post":[],"jnews_primary_category":[],"jnews_social_meta":[],"jnews_review":[],"enable_review":"","type":"","name":"","summary":"","brand":"","sku":"","good":[],"bad":[],"score_override":"","override_value":"","rating":[],"price":[],"footnotes":""},"categories":[54],"tags":[],"class_list":["post-25973","post","type-post","status-publish","format-standard","has-post-thumbnail","hentry","category-cotidiano"],"yoast_head":"<!-- This site is optimized with the Yoast SEO plugin v26.5 - https:\/\/yoast.com\/wordpress\/plugins\/seo\/ -->\n<title>CGU constata mau gerenciamento em recursos p\u00fablicos - Agazeta.net<\/title>\n<meta name=\"robots\" content=\"index, follow, max-snippet:-1, max-image-preview:large, max-video-preview:-1\" \/>\n<link rel=\"canonical\" href=\"https:\/\/nk7-testes.com.br\/agazeta\/tcu-constata-mau-gerenciamento-em-recursos-publicos\/\" \/>\n<meta property=\"og:locale\" content=\"pt_BR\" \/>\n<meta property=\"og:type\" content=\"article\" \/>\n<meta property=\"og:title\" content=\"CGU constata mau gerenciamento em recursos p\u00fablicos - Agazeta.net\" \/>\n<meta property=\"og:description\" content=\"Surtos de dengue s\u00e3o consequ\u00eancias da gest\u00e3o\" \/>\n<meta property=\"og:url\" content=\"https:\/\/nk7-testes.com.br\/agazeta\/tcu-constata-mau-gerenciamento-em-recursos-publicos\/\" \/>\n<meta property=\"og:site_name\" content=\"Agazeta.net\" \/>\n<meta property=\"article:published_time\" content=\"2016-10-19T16:21:34+00:00\" \/>\n<meta property=\"og:image\" content=\"https:\/\/nk7-testes.com.br\/agazeta\/wp-content\/uploads\/2016\/10\/0512-cotidiano-mosquito-ministeriodasaude.jpg\" \/>\n\t<meta property=\"og:image:width\" content=\"458\" \/>\n\t<meta property=\"og:image:height\" content=\"340\" \/>\n\t<meta property=\"og:image:type\" content=\"image\/jpeg\" \/>\n<meta name=\"author\" content=\"Agazeta.Net\" \/>\n<meta name=\"twitter:card\" content=\"summary_large_image\" \/>\n<meta name=\"twitter:label1\" content=\"Escrito por\" \/>\n\t<meta name=\"twitter:data1\" content=\"Agazeta.Net\" \/>\n\t<meta name=\"twitter:label2\" content=\"Est. tempo de leitura\" \/>\n\t<meta name=\"twitter:data2\" content=\"4 minutos\" \/>\n<script type=\"application\/ld+json\" class=\"yoast-schema-graph\">{\"@context\":\"https:\/\/schema.org\",\"@graph\":[{\"@type\":\"WebPage\",\"@id\":\"https:\/\/nk7-testes.com.br\/agazeta\/tcu-constata-mau-gerenciamento-em-recursos-publicos\/\",\"url\":\"https:\/\/nk7-testes.com.br\/agazeta\/tcu-constata-mau-gerenciamento-em-recursos-publicos\/\",\"name\":\"CGU constata mau gerenciamento em recursos p\u00fablicos - Agazeta.net\",\"isPartOf\":{\"@id\":\"https:\/\/nk7-testes.com.br\/agazeta\/#website\"},\"primaryImageOfPage\":{\"@id\":\"https:\/\/nk7-testes.com.br\/agazeta\/tcu-constata-mau-gerenciamento-em-recursos-publicos\/#primaryimage\"},\"image\":{\"@id\":\"https:\/\/nk7-testes.com.br\/agazeta\/tcu-constata-mau-gerenciamento-em-recursos-publicos\/#primaryimage\"},\"thumbnailUrl\":\"https:\/\/nk7-testes.com.br\/agazeta\/wp-content\/uploads\/2016\/10\/0512-cotidiano-mosquito-ministeriodasaude.jpg\",\"datePublished\":\"2016-10-19T16:21:34+00:00\",\"author\":{\"@id\":\"https:\/\/nk7-testes.com.br\/agazeta\/#\/schema\/person\/ff6b39d54d6973bfc57f4140f659b23f\"},\"breadcrumb\":{\"@id\":\"https:\/\/nk7-testes.com.br\/agazeta\/tcu-constata-mau-gerenciamento-em-recursos-publicos\/#breadcrumb\"},\"inLanguage\":\"pt-BR\",\"potentialAction\":[{\"@type\":\"ReadAction\",\"target\":[\"https:\/\/nk7-testes.com.br\/agazeta\/tcu-constata-mau-gerenciamento-em-recursos-publicos\/\"]}]},{\"@type\":\"ImageObject\",\"inLanguage\":\"pt-BR\",\"@id\":\"https:\/\/nk7-testes.com.br\/agazeta\/tcu-constata-mau-gerenciamento-em-recursos-publicos\/#primaryimage\",\"url\":\"https:\/\/nk7-testes.com.br\/agazeta\/wp-content\/uploads\/2016\/10\/0512-cotidiano-mosquito-ministeriodasaude.jpg\",\"contentUrl\":\"https:\/\/nk7-testes.com.br\/agazeta\/wp-content\/uploads\/2016\/10\/0512-cotidiano-mosquito-ministeriodasaude.jpg\",\"width\":458,\"height\":340,\"caption\":\"0512-cotidiano-mosquito-ministeriodasaude\"},{\"@type\":\"BreadcrumbList\",\"@id\":\"https:\/\/nk7-testes.com.br\/agazeta\/tcu-constata-mau-gerenciamento-em-recursos-publicos\/#breadcrumb\",\"itemListElement\":[{\"@type\":\"ListItem\",\"position\":1,\"name\":\"In\u00edcio\",\"item\":\"https:\/\/nk7-testes.com.br\/agazeta\/\"},{\"@type\":\"ListItem\",\"position\":2,\"name\":\"CGU constata mau gerenciamento em recursos p\u00fablicos\"}]},{\"@type\":\"WebSite\",\"@id\":\"https:\/\/nk7-testes.com.br\/agazeta\/#website\",\"url\":\"https:\/\/nk7-testes.com.br\/agazeta\/\",\"name\":\"Agazeta.net\",\"description\":\"Agazeta.net - Not\u00edcias de Rio Branco\/AC\",\"potentialAction\":[{\"@type\":\"SearchAction\",\"target\":{\"@type\":\"EntryPoint\",\"urlTemplate\":\"https:\/\/nk7-testes.com.br\/agazeta\/?s={search_term_string}\"},\"query-input\":{\"@type\":\"PropertyValueSpecification\",\"valueRequired\":true,\"valueName\":\"search_term_string\"}}],\"inLanguage\":\"pt-BR\"},{\"@type\":\"Person\",\"@id\":\"https:\/\/nk7-testes.com.br\/agazeta\/#\/schema\/person\/ff6b39d54d6973bfc57f4140f659b23f\",\"name\":\"Agazeta.Net\",\"url\":\"https:\/\/nk7-testes.com.br\/agazeta\/author\/agazeta\/\"}]}<\/script>\n<!-- \/ Yoast SEO plugin. -->","yoast_head_json":{"title":"CGU constata mau gerenciamento em recursos p\u00fablicos - Agazeta.net","robots":{"index":"index","follow":"follow","max-snippet":"max-snippet:-1","max-image-preview":"max-image-preview:large","max-video-preview":"max-video-preview:-1"},"canonical":"https:\/\/nk7-testes.com.br\/agazeta\/tcu-constata-mau-gerenciamento-em-recursos-publicos\/","og_locale":"pt_BR","og_type":"article","og_title":"CGU constata mau gerenciamento em recursos p\u00fablicos - Agazeta.net","og_description":"Surtos de dengue s\u00e3o consequ\u00eancias da gest\u00e3o","og_url":"https:\/\/nk7-testes.com.br\/agazeta\/tcu-constata-mau-gerenciamento-em-recursos-publicos\/","og_site_name":"Agazeta.net","article_published_time":"2016-10-19T16:21:34+00:00","og_image":[{"width":458,"height":340,"url":"https:\/\/nk7-testes.com.br\/agazeta\/wp-content\/uploads\/2016\/10\/0512-cotidiano-mosquito-ministeriodasaude.jpg","type":"image\/jpeg"}],"author":"Agazeta.Net","twitter_card":"summary_large_image","twitter_misc":{"Escrito por":"Agazeta.Net","Est. tempo de leitura":"4 minutos"},"schema":{"@context":"https:\/\/schema.org","@graph":[{"@type":"WebPage","@id":"https:\/\/nk7-testes.com.br\/agazeta\/tcu-constata-mau-gerenciamento-em-recursos-publicos\/","url":"https:\/\/nk7-testes.com.br\/agazeta\/tcu-constata-mau-gerenciamento-em-recursos-publicos\/","name":"CGU constata mau gerenciamento em recursos p\u00fablicos - Agazeta.net","isPartOf":{"@id":"https:\/\/nk7-testes.com.br\/agazeta\/#website"},"primaryImageOfPage":{"@id":"https:\/\/nk7-testes.com.br\/agazeta\/tcu-constata-mau-gerenciamento-em-recursos-publicos\/#primaryimage"},"image":{"@id":"https:\/\/nk7-testes.com.br\/agazeta\/tcu-constata-mau-gerenciamento-em-recursos-publicos\/#primaryimage"},"thumbnailUrl":"https:\/\/nk7-testes.com.br\/agazeta\/wp-content\/uploads\/2016\/10\/0512-cotidiano-mosquito-ministeriodasaude.jpg","datePublished":"2016-10-19T16:21:34+00:00","author":{"@id":"https:\/\/nk7-testes.com.br\/agazeta\/#\/schema\/person\/ff6b39d54d6973bfc57f4140f659b23f"},"breadcrumb":{"@id":"https:\/\/nk7-testes.com.br\/agazeta\/tcu-constata-mau-gerenciamento-em-recursos-publicos\/#breadcrumb"},"inLanguage":"pt-BR","potentialAction":[{"@type":"ReadAction","target":["https:\/\/nk7-testes.com.br\/agazeta\/tcu-constata-mau-gerenciamento-em-recursos-publicos\/"]}]},{"@type":"ImageObject","inLanguage":"pt-BR","@id":"https:\/\/nk7-testes.com.br\/agazeta\/tcu-constata-mau-gerenciamento-em-recursos-publicos\/#primaryimage","url":"https:\/\/nk7-testes.com.br\/agazeta\/wp-content\/uploads\/2016\/10\/0512-cotidiano-mosquito-ministeriodasaude.jpg","contentUrl":"https:\/\/nk7-testes.com.br\/agazeta\/wp-content\/uploads\/2016\/10\/0512-cotidiano-mosquito-ministeriodasaude.jpg","width":458,"height":340,"caption":"0512-cotidiano-mosquito-ministeriodasaude"},{"@type":"BreadcrumbList","@id":"https:\/\/nk7-testes.com.br\/agazeta\/tcu-constata-mau-gerenciamento-em-recursos-publicos\/#breadcrumb","itemListElement":[{"@type":"ListItem","position":1,"name":"In\u00edcio","item":"https:\/\/nk7-testes.com.br\/agazeta\/"},{"@type":"ListItem","position":2,"name":"CGU constata mau gerenciamento em recursos p\u00fablicos"}]},{"@type":"WebSite","@id":"https:\/\/nk7-testes.com.br\/agazeta\/#website","url":"https:\/\/nk7-testes.com.br\/agazeta\/","name":"Agazeta.net","description":"Agazeta.net - Not\u00edcias de Rio Branco\/AC","potentialAction":[{"@type":"SearchAction","target":{"@type":"EntryPoint","urlTemplate":"https:\/\/nk7-testes.com.br\/agazeta\/?s={search_term_string}"},"query-input":{"@type":"PropertyValueSpecification","valueRequired":true,"valueName":"search_term_string"}}],"inLanguage":"pt-BR"},{"@type":"Person","@id":"https:\/\/nk7-testes.com.br\/agazeta\/#\/schema\/person\/ff6b39d54d6973bfc57f4140f659b23f","name":"Agazeta.Net","url":"https:\/\/nk7-testes.com.br\/agazeta\/author\/agazeta\/"}]}},"_links":{"self":[{"href":"https:\/\/nk7-testes.com.br\/agazeta\/wp-json\/wp\/v2\/posts\/25973","targetHints":{"allow":["GET"]}}],"collection":[{"href":"https:\/\/nk7-testes.com.br\/agazeta\/wp-json\/wp\/v2\/posts"}],"about":[{"href":"https:\/\/nk7-testes.com.br\/agazeta\/wp-json\/wp\/v2\/types\/post"}],"author":[{"embeddable":true,"href":"https:\/\/nk7-testes.com.br\/agazeta\/wp-json\/wp\/v2\/users\/4"}],"replies":[{"embeddable":true,"href":"https:\/\/nk7-testes.com.br\/agazeta\/wp-json\/wp\/v2\/comments?post=25973"}],"version-history":[{"count":0,"href":"https:\/\/nk7-testes.com.br\/agazeta\/wp-json\/wp\/v2\/posts\/25973\/revisions"}],"wp:featuredmedia":[{"embeddable":true,"href":"https:\/\/nk7-testes.com.br\/agazeta\/wp-json\/wp\/v2\/media\/25972"}],"wp:attachment":[{"href":"https:\/\/nk7-testes.com.br\/agazeta\/wp-json\/wp\/v2\/media?parent=25973"}],"wp:term":[{"taxonomy":"category","embeddable":true,"href":"https:\/\/nk7-testes.com.br\/agazeta\/wp-json\/wp\/v2\/categories?post=25973"},{"taxonomy":"post_tag","embeddable":true,"href":"https:\/\/nk7-testes.com.br\/agazeta\/wp-json\/wp\/v2\/tags?post=25973"}],"curies":[{"name":"wp","href":"https:\/\/api.w.org\/{rel}","templated":true}]}}