{"id":25926,"date":"2016-10-18T18:20:14","date_gmt":"2016-10-18T18:20:14","guid":{"rendered":"https:\/\/abarevegan.com.br\/index.php\/2016\/10\/18\/servidores-da-saude-deflagram-greve-em-rio-branco\/"},"modified":"2016-10-18T18:20:14","modified_gmt":"2016-10-18T18:20:14","slug":"servidores-da-saude-deflagram-greve-em-rio-branco","status":"publish","type":"post","link":"https:\/\/nk7-testes.com.br\/agazeta\/servidores-da-saude-deflagram-greve-em-rio-branco\/","title":{"rendered":"Servidores da Sa\u00fade pressionam governo por benef\u00edcios"},"content":{"rendered":"<p style=\"text-align: justify;\">Ap\u00f3s caminhada pelo Centro, eles foram \u00e0 Casa Civil<\/p>\n<p style=\"text-align: justify;\">Os servidores da sa\u00fade deflagraram greve por tempo indeterminado na manh\u00e3 desta ter\u00e7a-feira (18). De inicio eles fizeram uma s\u00e9rie de atos para chamar a aten\u00e7\u00e3o do poder p\u00fablico as reivindica\u00e7\u00f5es da categoria.<\/p>\n<p style=\"text-align: justify;\">Eles fizeram uma caminhada pelas principais ruas da capital, depois foram at\u00e9 o pr\u00e9dio da Secretaria de Estado de Sa\u00fade do Acre (Sesacre) onde eles entram at\u00e9 o sal\u00e3o principal carregando um caix\u00e3o simbolizando a morte da sa\u00fade, empunhavam cartazes e gritavam palavras de ordem. Da Sesacre eles foram at\u00e9 a Casa Civil.<\/p>\n<p style=\"text-align: justify;\">Os servidores reivindicam os seguintes pontos:<\/p>\n<p style=\"text-align: justify;\">&#8211; reajuste m\u00e9dio de 28%, e alegam que que a lei que garante o aumento n\u00e3o foi enviada pelo governo \u00e0 Aleac;<\/p>\n<p style=\"text-align: justify;\">&#8211; servidores irregulares pedem o Plano de Cargo, Carreira e Remunera\u00e7\u00e3o;<\/p>\n<p style=\"text-align: justify;\">&#8211; alegam que n\u00e3o houve negocia\u00e7\u00e3o antes da demiss\u00e3o de servidores do Pr\u00f3 Sa\u00fade, e;<\/p>\n<p style=\"text-align: justify;\">&#8211; aposentadoria especial. Lei que ainda n\u00e3o foi homologada.<\/p>\n<p style=\"text-align: justify;\">O secret\u00e1rio de Sa\u00fade, Gemil J\u00fanior, disse n\u00e3o entender o porque da greve, tendo em vista que a categoria j\u00e1 vinha tratando do assunto com a secretaria.<\/p>\n","protected":false},"excerpt":{"rendered":"<p style=\"text-align: justify;\">Ap\u00f3s caminhada pelo Centro, eles foram \u00e0 Casa Civil<\/p>\n","protected":false},"author":4,"featured_media":25925,"comment_status":"open","ping_status":"open","sticky":false,"template":"","format":"standard","meta":{"jnews-multi-image_gallery":[],"jnews_single_post":[],"jnews_primary_category":[],"jnews_social_meta":[],"jnews_review":[],"enable_review":"","type":"","name":"","summary":"","brand":"","sku":"","good":[],"bad":[],"score_override":"","override_value":"","rating":[],"price":[],"footnotes":""},"categories":[54],"tags":[],"class_list":["post-25926","post","type-post","status-publish","format-standard","has-post-thumbnail","hentry","category-cotidiano"],"yoast_head":"<!-- This site is optimized with the Yoast SEO plugin v26.5 - https:\/\/yoast.com\/wordpress\/plugins\/seo\/ -->\n<title>Servidores da Sa\u00fade pressionam governo por benef\u00edcios - Agazeta.net<\/title>\n<meta name=\"robots\" content=\"index, follow, max-snippet:-1, max-image-preview:large, max-video-preview:-1\" \/>\n<link rel=\"canonical\" href=\"https:\/\/nk7-testes.com.br\/agazeta\/servidores-da-saude-deflagram-greve-em-rio-branco\/\" \/>\n<meta property=\"og:locale\" content=\"pt_BR\" \/>\n<meta property=\"og:type\" content=\"article\" \/>\n<meta property=\"og:title\" content=\"Servidores da Sa\u00fade pressionam governo por benef\u00edcios - Agazeta.net\" \/>\n<meta property=\"og:description\" content=\"Ap\u00f3s caminhada pelo Centro, eles foram \u00e0 Casa Civil\" \/>\n<meta property=\"og:url\" content=\"https:\/\/nk7-testes.com.br\/agazeta\/servidores-da-saude-deflagram-greve-em-rio-branco\/\" \/>\n<meta property=\"og:site_name\" content=\"Agazeta.net\" \/>\n<meta property=\"article:published_time\" content=\"2016-10-18T18:20:14+00:00\" \/>\n<meta property=\"og:image\" content=\"https:\/\/nk7-testes.com.br\/agazeta\/wp-content\/uploads\/2016\/10\/181016-cotidiano-greve-saude.jpg\" \/>\n\t<meta property=\"og:image:width\" content=\"458\" \/>\n\t<meta property=\"og:image:height\" content=\"340\" \/>\n\t<meta property=\"og:image:type\" content=\"image\/jpeg\" \/>\n<meta name=\"author\" content=\"Agazeta.Net\" \/>\n<meta name=\"twitter:card\" content=\"summary_large_image\" \/>\n<meta name=\"twitter:label1\" content=\"Escrito por\" \/>\n\t<meta name=\"twitter:data1\" content=\"Agazeta.Net\" \/>\n\t<meta name=\"twitter:label2\" content=\"Est. tempo de leitura\" \/>\n\t<meta name=\"twitter:data2\" content=\"1 minuto\" \/>\n<script type=\"application\/ld+json\" class=\"yoast-schema-graph\">{\"@context\":\"https:\/\/schema.org\",\"@graph\":[{\"@type\":\"WebPage\",\"@id\":\"https:\/\/nk7-testes.com.br\/agazeta\/servidores-da-saude-deflagram-greve-em-rio-branco\/\",\"url\":\"https:\/\/nk7-testes.com.br\/agazeta\/servidores-da-saude-deflagram-greve-em-rio-branco\/\",\"name\":\"Servidores da Sa\u00fade pressionam governo por benef\u00edcios - Agazeta.net\",\"isPartOf\":{\"@id\":\"https:\/\/nk7-testes.com.br\/agazeta\/#website\"},\"primaryImageOfPage\":{\"@id\":\"https:\/\/nk7-testes.com.br\/agazeta\/servidores-da-saude-deflagram-greve-em-rio-branco\/#primaryimage\"},\"image\":{\"@id\":\"https:\/\/nk7-testes.com.br\/agazeta\/servidores-da-saude-deflagram-greve-em-rio-branco\/#primaryimage\"},\"thumbnailUrl\":\"https:\/\/nk7-testes.com.br\/agazeta\/wp-content\/uploads\/2016\/10\/181016-cotidiano-greve-saude.jpg\",\"datePublished\":\"2016-10-18T18:20:14+00:00\",\"author\":{\"@id\":\"https:\/\/nk7-testes.com.br\/agazeta\/#\/schema\/person\/ff6b39d54d6973bfc57f4140f659b23f\"},\"breadcrumb\":{\"@id\":\"https:\/\/nk7-testes.com.br\/agazeta\/servidores-da-saude-deflagram-greve-em-rio-branco\/#breadcrumb\"},\"inLanguage\":\"pt-BR\",\"potentialAction\":[{\"@type\":\"ReadAction\",\"target\":[\"https:\/\/nk7-testes.com.br\/agazeta\/servidores-da-saude-deflagram-greve-em-rio-branco\/\"]}]},{\"@type\":\"ImageObject\",\"inLanguage\":\"pt-BR\",\"@id\":\"https:\/\/nk7-testes.com.br\/agazeta\/servidores-da-saude-deflagram-greve-em-rio-branco\/#primaryimage\",\"url\":\"https:\/\/nk7-testes.com.br\/agazeta\/wp-content\/uploads\/2016\/10\/181016-cotidiano-greve-saude.jpg\",\"contentUrl\":\"https:\/\/nk7-testes.com.br\/agazeta\/wp-content\/uploads\/2016\/10\/181016-cotidiano-greve-saude.jpg\",\"width\":458,\"height\":340,\"caption\":\"181016-cotidiano-greve-saude\"},{\"@type\":\"BreadcrumbList\",\"@id\":\"https:\/\/nk7-testes.com.br\/agazeta\/servidores-da-saude-deflagram-greve-em-rio-branco\/#breadcrumb\",\"itemListElement\":[{\"@type\":\"ListItem\",\"position\":1,\"name\":\"In\u00edcio\",\"item\":\"https:\/\/nk7-testes.com.br\/agazeta\/\"},{\"@type\":\"ListItem\",\"position\":2,\"name\":\"Servidores da Sa\u00fade pressionam governo por benef\u00edcios\"}]},{\"@type\":\"WebSite\",\"@id\":\"https:\/\/nk7-testes.com.br\/agazeta\/#website\",\"url\":\"https:\/\/nk7-testes.com.br\/agazeta\/\",\"name\":\"Agazeta.net\",\"description\":\"Agazeta.net - Not\u00edcias de Rio Branco\/AC\",\"potentialAction\":[{\"@type\":\"SearchAction\",\"target\":{\"@type\":\"EntryPoint\",\"urlTemplate\":\"https:\/\/nk7-testes.com.br\/agazeta\/?s={search_term_string}\"},\"query-input\":{\"@type\":\"PropertyValueSpecification\",\"valueRequired\":true,\"valueName\":\"search_term_string\"}}],\"inLanguage\":\"pt-BR\"},{\"@type\":\"Person\",\"@id\":\"https:\/\/nk7-testes.com.br\/agazeta\/#\/schema\/person\/ff6b39d54d6973bfc57f4140f659b23f\",\"name\":\"Agazeta.Net\",\"url\":\"https:\/\/nk7-testes.com.br\/agazeta\/author\/agazeta\/\"}]}<\/script>\n<!-- \/ Yoast SEO plugin. -->","yoast_head_json":{"title":"Servidores da Sa\u00fade pressionam governo por benef\u00edcios - Agazeta.net","robots":{"index":"index","follow":"follow","max-snippet":"max-snippet:-1","max-image-preview":"max-image-preview:large","max-video-preview":"max-video-preview:-1"},"canonical":"https:\/\/nk7-testes.com.br\/agazeta\/servidores-da-saude-deflagram-greve-em-rio-branco\/","og_locale":"pt_BR","og_type":"article","og_title":"Servidores da Sa\u00fade pressionam governo por benef\u00edcios - Agazeta.net","og_description":"Ap\u00f3s caminhada pelo Centro, eles foram \u00e0 Casa Civil","og_url":"https:\/\/nk7-testes.com.br\/agazeta\/servidores-da-saude-deflagram-greve-em-rio-branco\/","og_site_name":"Agazeta.net","article_published_time":"2016-10-18T18:20:14+00:00","og_image":[{"width":458,"height":340,"url":"https:\/\/nk7-testes.com.br\/agazeta\/wp-content\/uploads\/2016\/10\/181016-cotidiano-greve-saude.jpg","type":"image\/jpeg"}],"author":"Agazeta.Net","twitter_card":"summary_large_image","twitter_misc":{"Escrito por":"Agazeta.Net","Est. tempo de leitura":"1 minuto"},"schema":{"@context":"https:\/\/schema.org","@graph":[{"@type":"WebPage","@id":"https:\/\/nk7-testes.com.br\/agazeta\/servidores-da-saude-deflagram-greve-em-rio-branco\/","url":"https:\/\/nk7-testes.com.br\/agazeta\/servidores-da-saude-deflagram-greve-em-rio-branco\/","name":"Servidores da Sa\u00fade pressionam governo por benef\u00edcios - Agazeta.net","isPartOf":{"@id":"https:\/\/nk7-testes.com.br\/agazeta\/#website"},"primaryImageOfPage":{"@id":"https:\/\/nk7-testes.com.br\/agazeta\/servidores-da-saude-deflagram-greve-em-rio-branco\/#primaryimage"},"image":{"@id":"https:\/\/nk7-testes.com.br\/agazeta\/servidores-da-saude-deflagram-greve-em-rio-branco\/#primaryimage"},"thumbnailUrl":"https:\/\/nk7-testes.com.br\/agazeta\/wp-content\/uploads\/2016\/10\/181016-cotidiano-greve-saude.jpg","datePublished":"2016-10-18T18:20:14+00:00","author":{"@id":"https:\/\/nk7-testes.com.br\/agazeta\/#\/schema\/person\/ff6b39d54d6973bfc57f4140f659b23f"},"breadcrumb":{"@id":"https:\/\/nk7-testes.com.br\/agazeta\/servidores-da-saude-deflagram-greve-em-rio-branco\/#breadcrumb"},"inLanguage":"pt-BR","potentialAction":[{"@type":"ReadAction","target":["https:\/\/nk7-testes.com.br\/agazeta\/servidores-da-saude-deflagram-greve-em-rio-branco\/"]}]},{"@type":"ImageObject","inLanguage":"pt-BR","@id":"https:\/\/nk7-testes.com.br\/agazeta\/servidores-da-saude-deflagram-greve-em-rio-branco\/#primaryimage","url":"https:\/\/nk7-testes.com.br\/agazeta\/wp-content\/uploads\/2016\/10\/181016-cotidiano-greve-saude.jpg","contentUrl":"https:\/\/nk7-testes.com.br\/agazeta\/wp-content\/uploads\/2016\/10\/181016-cotidiano-greve-saude.jpg","width":458,"height":340,"caption":"181016-cotidiano-greve-saude"},{"@type":"BreadcrumbList","@id":"https:\/\/nk7-testes.com.br\/agazeta\/servidores-da-saude-deflagram-greve-em-rio-branco\/#breadcrumb","itemListElement":[{"@type":"ListItem","position":1,"name":"In\u00edcio","item":"https:\/\/nk7-testes.com.br\/agazeta\/"},{"@type":"ListItem","position":2,"name":"Servidores da Sa\u00fade pressionam governo por benef\u00edcios"}]},{"@type":"WebSite","@id":"https:\/\/nk7-testes.com.br\/agazeta\/#website","url":"https:\/\/nk7-testes.com.br\/agazeta\/","name":"Agazeta.net","description":"Agazeta.net - Not\u00edcias de Rio Branco\/AC","potentialAction":[{"@type":"SearchAction","target":{"@type":"EntryPoint","urlTemplate":"https:\/\/nk7-testes.com.br\/agazeta\/?s={search_term_string}"},"query-input":{"@type":"PropertyValueSpecification","valueRequired":true,"valueName":"search_term_string"}}],"inLanguage":"pt-BR"},{"@type":"Person","@id":"https:\/\/nk7-testes.com.br\/agazeta\/#\/schema\/person\/ff6b39d54d6973bfc57f4140f659b23f","name":"Agazeta.Net","url":"https:\/\/nk7-testes.com.br\/agazeta\/author\/agazeta\/"}]}},"_links":{"self":[{"href":"https:\/\/nk7-testes.com.br\/agazeta\/wp-json\/wp\/v2\/posts\/25926","targetHints":{"allow":["GET"]}}],"collection":[{"href":"https:\/\/nk7-testes.com.br\/agazeta\/wp-json\/wp\/v2\/posts"}],"about":[{"href":"https:\/\/nk7-testes.com.br\/agazeta\/wp-json\/wp\/v2\/types\/post"}],"author":[{"embeddable":true,"href":"https:\/\/nk7-testes.com.br\/agazeta\/wp-json\/wp\/v2\/users\/4"}],"replies":[{"embeddable":true,"href":"https:\/\/nk7-testes.com.br\/agazeta\/wp-json\/wp\/v2\/comments?post=25926"}],"version-history":[{"count":0,"href":"https:\/\/nk7-testes.com.br\/agazeta\/wp-json\/wp\/v2\/posts\/25926\/revisions"}],"wp:featuredmedia":[{"embeddable":true,"href":"https:\/\/nk7-testes.com.br\/agazeta\/wp-json\/wp\/v2\/media\/25925"}],"wp:attachment":[{"href":"https:\/\/nk7-testes.com.br\/agazeta\/wp-json\/wp\/v2\/media?parent=25926"}],"wp:term":[{"taxonomy":"category","embeddable":true,"href":"https:\/\/nk7-testes.com.br\/agazeta\/wp-json\/wp\/v2\/categories?post=25926"},{"taxonomy":"post_tag","embeddable":true,"href":"https:\/\/nk7-testes.com.br\/agazeta\/wp-json\/wp\/v2\/tags?post=25926"}],"curies":[{"name":"wp","href":"https:\/\/api.w.org\/{rel}","templated":true}]}}