{"id":25876,"date":"2016-10-14T23:07:14","date_gmt":"2016-10-14T23:07:14","guid":{"rendered":"https:\/\/abarevegan.com.br\/index.php\/2016\/10\/14\/criem-vergonha-na-cara-revolta-se\/"},"modified":"2016-10-14T23:07:14","modified_gmt":"2016-10-14T23:07:14","slug":"criem-vergonha-na-cara-revolta-se","status":"publish","type":"post","link":"https:\/\/nk7-testes.com.br\/agazeta\/criem-vergonha-na-cara-revolta-se\/","title":{"rendered":"\u201cCriem vergonha na cara\u201d, revolta-se"},"content":{"rendered":"<p style=\"text-align: justify;\">Filha de \u201cBaiano\u201d cobra mudan\u00e7a de postura do MP<\/p>\n<p style=\"text-align: justify;\">O secret\u00e1rio de Direitos Humanos no Acre, Nilson Mour\u00e3o, informou que vai descobrir quem fez promessas \u00e0 esposa e os filhos sobreviventes de Agilson Firmino dos Santos, o \u201cBaiano\u201d, assassinado em 1996, quando teve parte dos bra\u00e7os e pernas decepados por uma motosserra.<\/p>\n<p style=\"text-align: justify;\">A decis\u00e3o do secret\u00e1rio foi incentivada pela entrevista exclusiva que a filha de baiano concedeu a TV Gazeta. Na grava\u00e7\u00e3o Emanuela Firmino, conta o sofrimento da fam\u00edlia nos dias dos crimes em julho de 1996 e como conseguiram sair fugidas do Acre para n\u00e3o morrer.<\/p>\n<p style=\"text-align: justify;\">O secret\u00e1rio prometeu entrar em contato com Emanuela para saber quem fez as promessas. \u201cA fam\u00edlia j\u00e1 sofreu demais, n\u00e3o d\u00e1 para brincar com esse assunto. Vamos saber quem disse que seria poss\u00edvel os pagamentos e cobrar que tome as provid\u00eancias\u201d, falou.<\/p>\n<p style=\"text-align: justify;\">\u201cBaiano\u201d e um dos filhos de 13 anos, Wilder Firmino dos Santos, foram mortos por membros do esquadr\u00e3o da morte por ordem de Hildebrando Pascoal, que estava vingando da morte do irm\u00e3o Itamar Pascoal morto a tiros por um amigo de \u201cBaiano\u201d.<\/p>\n<p style=\"text-align: justify;\">Depois de ver a barbaridade que fizeram com os corpos, Emanuela, a m\u00e3e e o irm\u00e3o de 12 anos tiveram que se esconder por uma semana na casa de uma amiga at\u00e9 que conseguiram fugir do Acre. Na \u00e9poca, ainda procuraram a secretaria de Seguran\u00e7a P\u00fablica, mas delegados e policiais disseram que n\u00e3o podiam fazer nada.<\/p>\n<p style=\"text-align: justify;\">Passados 20 anos dos crimes, Emanuela que na \u00e9poca tinha 15 anos decidiu falar e cobrar uma pens\u00e3o vital\u00edcia do Estado.<\/p>\n<p style=\"text-align: justify;\">Em 2009, quando houve o julgamento do Caso Baiano, a fam\u00edlia veio para o Acre onde prestou depoimento. Os promotores do caso prometeram lutar por uma indeniza\u00e7\u00e3o e uma pens\u00e3o vital\u00edcia.<\/p>\n<p style=\"text-align: justify;\">Segundo Emanuela, a promessa nunca foi cumprida e hoje n\u00e3o conseguem falar com os promotores. \u201cNa \u00e9poca das mortes, a omiss\u00e3o das autoridades acrianas revolta. Hoje, eles falam em \u2018virar a p\u00e1gina negra da hist\u00f3ria de crimes do Acre\u2019. Como est\u00e3o fazendo isso, se n\u00e3o pagam nossa indeniza\u00e7\u00e3o? Nunca nos ajudaram em nada! Quando sa\u00edmos do Acre, deixamos tudo para tr\u00e1s. At\u00e9 hoje n\u00e3o nos recuperamos. Criem vergonha na cara e nos indenizem\u201d, exigiu.<\/p>\n<p style=\"text-align: justify;\">Nos \u00faltimos tr\u00eas meses, o Minist\u00e9rio P\u00fablico do Acre n\u00e3o responde os e-mails de Emanuela. Por isso, decidiu quebrar o sil\u00eancio duas d\u00e9cadas para cobrar o que tiraram da fam\u00edlia.<\/p>\n<p style=\"text-align: justify;\">\u201cO meu irm\u00e3o e o meu pai foram mortos por servidores p\u00fablicos usando o aparato do Estado. Por isso, devemos ter do Governo do Acre alguma considera\u00e7\u00e3o\u201d, disse revoltada.<\/p>\n<p style=\"text-align: justify;\">Sabendo que Hildebrando foi beneficiado com o regime semiaberto, Emanuela se irrita ainda mais. Segundo ela o homem respons\u00e1vel pela dor e perda da fam\u00edlia vai ficar livre e eles nunca conseguiram se recuperar emocionalmente e financeiramente.<\/p>\n<p style=\"text-align: justify;\">A pens\u00e3o vital\u00edcia foi uma proposta do MPE, diz Emanuela, e dividiu os valores assim: R$ 1,8 mil para Evanilda Firmino esposa de Baiano e R$ 900 para cada um dos filhos.<\/p>\n<p style=\"text-align: justify;\">A equipe de AGazeta.Net procurou o MPE. A promotora respons\u00e1vel pelo Grupo de Atua\u00e7\u00e3o Especial de Combate ao Crime Organizado, Marcela Oz\u00f3rio, informou que n\u00e3o vai se manifestar sobre o assunto, pois n\u00e3o atuou no caso.<\/p>\n","protected":false},"excerpt":{"rendered":"<p style=\"text-align: justify;\">Filha de \u201cBaiano\u201d cobra mudan\u00e7a de postura do MP<\/p>\n","protected":false},"author":4,"featured_media":25828,"comment_status":"open","ping_status":"open","sticky":false,"template":"","format":"standard","meta":{"jnews-multi-image_gallery":[],"jnews_single_post":[],"jnews_primary_category":[],"jnews_social_meta":[],"jnews_review":[],"enable_review":"","type":"","name":"","summary":"","brand":"","sku":"","good":[],"bad":[],"score_override":"","override_value":"","rating":[],"price":[],"footnotes":""},"categories":[44],"tags":[],"class_list":["post-25876","post","type-post","status-publish","format-standard","has-post-thumbnail","hentry","category-policia"],"yoast_head":"<!-- This site is optimized with the Yoast SEO plugin v26.5 - https:\/\/yoast.com\/wordpress\/plugins\/seo\/ -->\n<title>\u201cCriem vergonha na cara\u201d, revolta-se - Agazeta.net<\/title>\n<meta name=\"robots\" content=\"index, follow, max-snippet:-1, max-image-preview:large, max-video-preview:-1\" \/>\n<link rel=\"canonical\" href=\"https:\/\/nk7-testes.com.br\/agazeta\/criem-vergonha-na-cara-revolta-se\/\" \/>\n<meta property=\"og:locale\" content=\"pt_BR\" \/>\n<meta property=\"og:type\" content=\"article\" \/>\n<meta property=\"og:title\" content=\"\u201cCriem vergonha na cara\u201d, revolta-se - Agazeta.net\" \/>\n<meta property=\"og:description\" content=\"Filha de \u201cBaiano\u201d cobra mudan\u00e7a de postura do MP\" \/>\n<meta property=\"og:url\" content=\"https:\/\/nk7-testes.com.br\/agazeta\/criem-vergonha-na-cara-revolta-se\/\" \/>\n<meta property=\"og:site_name\" content=\"Agazeta.net\" \/>\n<meta property=\"article:published_time\" content=\"2016-10-14T23:07:14+00:00\" \/>\n<meta property=\"og:image\" content=\"https:\/\/nk7-testes.com.br\/agazeta\/wp-content\/uploads\/2016\/10\/131016-policia-casobaiano20anos-tvgazeta.jpg\" \/>\n\t<meta property=\"og:image:width\" content=\"458\" \/>\n\t<meta property=\"og:image:height\" content=\"340\" \/>\n\t<meta property=\"og:image:type\" content=\"image\/jpeg\" \/>\n<meta name=\"author\" content=\"Agazeta.Net\" \/>\n<meta name=\"twitter:card\" content=\"summary_large_image\" \/>\n<meta name=\"twitter:label1\" content=\"Escrito por\" \/>\n\t<meta name=\"twitter:data1\" content=\"Agazeta.Net\" \/>\n\t<meta name=\"twitter:label2\" content=\"Est. tempo de leitura\" \/>\n\t<meta name=\"twitter:data2\" content=\"3 minutos\" \/>\n<script type=\"application\/ld+json\" class=\"yoast-schema-graph\">{\"@context\":\"https:\/\/schema.org\",\"@graph\":[{\"@type\":\"WebPage\",\"@id\":\"https:\/\/nk7-testes.com.br\/agazeta\/criem-vergonha-na-cara-revolta-se\/\",\"url\":\"https:\/\/nk7-testes.com.br\/agazeta\/criem-vergonha-na-cara-revolta-se\/\",\"name\":\"\u201cCriem vergonha na cara\u201d, revolta-se - Agazeta.net\",\"isPartOf\":{\"@id\":\"https:\/\/nk7-testes.com.br\/agazeta\/#website\"},\"primaryImageOfPage\":{\"@id\":\"https:\/\/nk7-testes.com.br\/agazeta\/criem-vergonha-na-cara-revolta-se\/#primaryimage\"},\"image\":{\"@id\":\"https:\/\/nk7-testes.com.br\/agazeta\/criem-vergonha-na-cara-revolta-se\/#primaryimage\"},\"thumbnailUrl\":\"https:\/\/nk7-testes.com.br\/agazeta\/wp-content\/uploads\/2016\/10\/131016-policia-casobaiano20anos-tvgazeta.jpg\",\"datePublished\":\"2016-10-14T23:07:14+00:00\",\"author\":{\"@id\":\"https:\/\/nk7-testes.com.br\/agazeta\/#\/schema\/person\/6d6e25cb0435eb4a02fd44d30b4e3020\"},\"breadcrumb\":{\"@id\":\"https:\/\/nk7-testes.com.br\/agazeta\/criem-vergonha-na-cara-revolta-se\/#breadcrumb\"},\"inLanguage\":\"pt-BR\",\"potentialAction\":[{\"@type\":\"ReadAction\",\"target\":[\"https:\/\/nk7-testes.com.br\/agazeta\/criem-vergonha-na-cara-revolta-se\/\"]}]},{\"@type\":\"ImageObject\",\"inLanguage\":\"pt-BR\",\"@id\":\"https:\/\/nk7-testes.com.br\/agazeta\/criem-vergonha-na-cara-revolta-se\/#primaryimage\",\"url\":\"https:\/\/nk7-testes.com.br\/agazeta\/wp-content\/uploads\/2016\/10\/131016-policia-casobaiano20anos-tvgazeta.jpg\",\"contentUrl\":\"https:\/\/nk7-testes.com.br\/agazeta\/wp-content\/uploads\/2016\/10\/131016-policia-casobaiano20anos-tvgazeta.jpg\",\"width\":458,\"height\":340,\"caption\":\"131016-policia-casobaiano20anos-tvgazeta\"},{\"@type\":\"BreadcrumbList\",\"@id\":\"https:\/\/nk7-testes.com.br\/agazeta\/criem-vergonha-na-cara-revolta-se\/#breadcrumb\",\"itemListElement\":[{\"@type\":\"ListItem\",\"position\":1,\"name\":\"In\u00edcio\",\"item\":\"https:\/\/nk7-testes.com.br\/agazeta\/\"},{\"@type\":\"ListItem\",\"position\":2,\"name\":\"\u201cCriem vergonha na cara\u201d, revolta-se\"}]},{\"@type\":\"WebSite\",\"@id\":\"https:\/\/nk7-testes.com.br\/agazeta\/#website\",\"url\":\"https:\/\/nk7-testes.com.br\/agazeta\/\",\"name\":\"Agazeta.net\",\"description\":\"Agazeta.net - Not\u00edcias de Rio Branco\/AC\",\"potentialAction\":[{\"@type\":\"SearchAction\",\"target\":{\"@type\":\"EntryPoint\",\"urlTemplate\":\"https:\/\/nk7-testes.com.br\/agazeta\/?s={search_term_string}\"},\"query-input\":{\"@type\":\"PropertyValueSpecification\",\"valueRequired\":true,\"valueName\":\"search_term_string\"}}],\"inLanguage\":\"pt-BR\"},{\"@type\":\"Person\",\"@id\":\"https:\/\/nk7-testes.com.br\/agazeta\/#\/schema\/person\/6d6e25cb0435eb4a02fd44d30b4e3020\",\"name\":\"Agazeta.Net\",\"url\":\"https:\/\/nk7-testes.com.br\/agazeta\/author\/agazeta\/\"}]}<\/script>\n<!-- \/ Yoast SEO plugin. -->","yoast_head_json":{"title":"\u201cCriem vergonha na cara\u201d, revolta-se - Agazeta.net","robots":{"index":"index","follow":"follow","max-snippet":"max-snippet:-1","max-image-preview":"max-image-preview:large","max-video-preview":"max-video-preview:-1"},"canonical":"https:\/\/nk7-testes.com.br\/agazeta\/criem-vergonha-na-cara-revolta-se\/","og_locale":"pt_BR","og_type":"article","og_title":"\u201cCriem vergonha na cara\u201d, revolta-se - Agazeta.net","og_description":"Filha de \u201cBaiano\u201d cobra mudan\u00e7a de postura do MP","og_url":"https:\/\/nk7-testes.com.br\/agazeta\/criem-vergonha-na-cara-revolta-se\/","og_site_name":"Agazeta.net","article_published_time":"2016-10-14T23:07:14+00:00","og_image":[{"width":458,"height":340,"url":"https:\/\/nk7-testes.com.br\/agazeta\/wp-content\/uploads\/2016\/10\/131016-policia-casobaiano20anos-tvgazeta.jpg","type":"image\/jpeg"}],"author":"Agazeta.Net","twitter_card":"summary_large_image","twitter_misc":{"Escrito por":"Agazeta.Net","Est. tempo de leitura":"3 minutos"},"schema":{"@context":"https:\/\/schema.org","@graph":[{"@type":"WebPage","@id":"https:\/\/nk7-testes.com.br\/agazeta\/criem-vergonha-na-cara-revolta-se\/","url":"https:\/\/nk7-testes.com.br\/agazeta\/criem-vergonha-na-cara-revolta-se\/","name":"\u201cCriem vergonha na cara\u201d, revolta-se - Agazeta.net","isPartOf":{"@id":"https:\/\/nk7-testes.com.br\/agazeta\/#website"},"primaryImageOfPage":{"@id":"https:\/\/nk7-testes.com.br\/agazeta\/criem-vergonha-na-cara-revolta-se\/#primaryimage"},"image":{"@id":"https:\/\/nk7-testes.com.br\/agazeta\/criem-vergonha-na-cara-revolta-se\/#primaryimage"},"thumbnailUrl":"https:\/\/nk7-testes.com.br\/agazeta\/wp-content\/uploads\/2016\/10\/131016-policia-casobaiano20anos-tvgazeta.jpg","datePublished":"2016-10-14T23:07:14+00:00","author":{"@id":"https:\/\/nk7-testes.com.br\/agazeta\/#\/schema\/person\/6d6e25cb0435eb4a02fd44d30b4e3020"},"breadcrumb":{"@id":"https:\/\/nk7-testes.com.br\/agazeta\/criem-vergonha-na-cara-revolta-se\/#breadcrumb"},"inLanguage":"pt-BR","potentialAction":[{"@type":"ReadAction","target":["https:\/\/nk7-testes.com.br\/agazeta\/criem-vergonha-na-cara-revolta-se\/"]}]},{"@type":"ImageObject","inLanguage":"pt-BR","@id":"https:\/\/nk7-testes.com.br\/agazeta\/criem-vergonha-na-cara-revolta-se\/#primaryimage","url":"https:\/\/nk7-testes.com.br\/agazeta\/wp-content\/uploads\/2016\/10\/131016-policia-casobaiano20anos-tvgazeta.jpg","contentUrl":"https:\/\/nk7-testes.com.br\/agazeta\/wp-content\/uploads\/2016\/10\/131016-policia-casobaiano20anos-tvgazeta.jpg","width":458,"height":340,"caption":"131016-policia-casobaiano20anos-tvgazeta"},{"@type":"BreadcrumbList","@id":"https:\/\/nk7-testes.com.br\/agazeta\/criem-vergonha-na-cara-revolta-se\/#breadcrumb","itemListElement":[{"@type":"ListItem","position":1,"name":"In\u00edcio","item":"https:\/\/nk7-testes.com.br\/agazeta\/"},{"@type":"ListItem","position":2,"name":"\u201cCriem vergonha na cara\u201d, revolta-se"}]},{"@type":"WebSite","@id":"https:\/\/nk7-testes.com.br\/agazeta\/#website","url":"https:\/\/nk7-testes.com.br\/agazeta\/","name":"Agazeta.net","description":"Agazeta.net - Not\u00edcias de Rio Branco\/AC","potentialAction":[{"@type":"SearchAction","target":{"@type":"EntryPoint","urlTemplate":"https:\/\/nk7-testes.com.br\/agazeta\/?s={search_term_string}"},"query-input":{"@type":"PropertyValueSpecification","valueRequired":true,"valueName":"search_term_string"}}],"inLanguage":"pt-BR"},{"@type":"Person","@id":"https:\/\/nk7-testes.com.br\/agazeta\/#\/schema\/person\/6d6e25cb0435eb4a02fd44d30b4e3020","name":"Agazeta.Net","url":"https:\/\/nk7-testes.com.br\/agazeta\/author\/agazeta\/"}]}},"_links":{"self":[{"href":"https:\/\/nk7-testes.com.br\/agazeta\/wp-json\/wp\/v2\/posts\/25876","targetHints":{"allow":["GET"]}}],"collection":[{"href":"https:\/\/nk7-testes.com.br\/agazeta\/wp-json\/wp\/v2\/posts"}],"about":[{"href":"https:\/\/nk7-testes.com.br\/agazeta\/wp-json\/wp\/v2\/types\/post"}],"author":[{"embeddable":true,"href":"https:\/\/nk7-testes.com.br\/agazeta\/wp-json\/wp\/v2\/users\/4"}],"replies":[{"embeddable":true,"href":"https:\/\/nk7-testes.com.br\/agazeta\/wp-json\/wp\/v2\/comments?post=25876"}],"version-history":[{"count":0,"href":"https:\/\/nk7-testes.com.br\/agazeta\/wp-json\/wp\/v2\/posts\/25876\/revisions"}],"wp:featuredmedia":[{"embeddable":true,"href":"https:\/\/nk7-testes.com.br\/agazeta\/wp-json\/wp\/v2\/media\/25828"}],"wp:attachment":[{"href":"https:\/\/nk7-testes.com.br\/agazeta\/wp-json\/wp\/v2\/media?parent=25876"}],"wp:term":[{"taxonomy":"category","embeddable":true,"href":"https:\/\/nk7-testes.com.br\/agazeta\/wp-json\/wp\/v2\/categories?post=25876"},{"taxonomy":"post_tag","embeddable":true,"href":"https:\/\/nk7-testes.com.br\/agazeta\/wp-json\/wp\/v2\/tags?post=25876"}],"curies":[{"name":"wp","href":"https:\/\/api.w.org\/{rel}","templated":true}]}}