{"id":25864,"date":"2016-10-14T18:16:40","date_gmt":"2016-10-14T18:16:40","guid":{"rendered":"https:\/\/abarevegan.com.br\/index.php\/2016\/10\/14\/alteracoes-do-ctb-comecam-a-valer-a-partir-de-novembro\/"},"modified":"2016-10-14T18:16:40","modified_gmt":"2016-10-14T18:16:40","slug":"alteracoes-do-ctb-comecam-a-valer-a-partir-de-novembro","status":"publish","type":"post","link":"https:\/\/nk7-testes.com.br\/agazeta\/alteracoes-do-ctb-comecam-a-valer-a-partir-de-novembro\/","title":{"rendered":"Altera\u00e7\u00f5es do CTB come\u00e7am a valer a partir de novembro"},"content":{"rendered":"<p style=\"text-align: justify;\">Infra\u00e7\u00f5es mudam de categoria e multas sobem at\u00e9 50%<\/p>\n<p style=\"text-align: justify;\">A partir do dia 1\u00ba de novembro entram em vigor as altera\u00e7\u00f5es no C\u00f3digo de Tr\u00e2nsito Brasileiro (CTB) que mudam a categoria de algumas infra\u00e7\u00f5es, tornando-as mais graves, e elevam em mais de 50% o valor das multas. Al\u00e9m disso, o processo de suspens\u00e3o do direito de dirigir ganha celeridade.<\/p>\n<p style=\"text-align: justify;\">Publicada em 5 de maio no Di\u00e1rio Oficial da Uni\u00e3o, a Lei 13.281 altera 28 artigos e inclui seis novos dispositivos no c\u00f3digo, em vig\u00eancia desde 1997.<\/p>\n<p style=\"text-align: justify;\">As multas leves ter\u00e3o reajuste de 66,1%. As m\u00e9dias e graves, de 52,9%, enquanto as grav\u00edssimas ser\u00e3o majoradas em 53,2%. Os valores n\u00e3o eram alterados desde a extin\u00e7\u00e3o da Unidade Fiscal de Refer\u00eancia (Ufir), em 2000.<\/p>\n<p style=\"text-align: justify;\">As eleva\u00e7\u00f5es que ocorreram desde ent\u00e3o foram para infra\u00e7\u00f5es consideradas mais perigosas, por meio de fatores multiplicadores, que tamb\u00e9m incidir\u00e3o sobre os novos valores. Por exemplo: a multa prevista para quem dirige sob o efeito de \u00e1lcool (infra\u00e7\u00e3o grav\u00edssima, com fator multiplicador de 10) passar\u00e1 de R$1.915,40 para R$2.934,70.<\/p>\n<p style=\"text-align: justify;\">Uma das novidades \u00e9 que o processo de suspens\u00e3o do direito de dirigir, para as infra\u00e7\u00f5es que preveem essa penalidade (embriaguez, excesso de velocidade acima de 50% e rachas), poder\u00e1 ser aberto imediatamente, reduzindo o tempo de tramita\u00e7\u00e3o para a penaliza\u00e7\u00e3o do condutor infrator. At\u00e9 ent\u00e3o, o processo s\u00f3 podia ser instaurado ap\u00f3s a confirma\u00e7\u00e3o da infra\u00e7\u00e3o, transcorridos todos os prazos de notifica\u00e7\u00f5es, defesa e recurso. No entanto, a medida ainda precisa de regulamenta\u00e7\u00e3o. O Contran promete public\u00e1-la neste ano.<\/p>\n<p style=\"text-align: justify;\">Per\u00edodo de suspens\u00e3o<\/p>\n<p style=\"text-align: justify;\">Outra mudan\u00e7a importante \u00e9 que o tempo de suspens\u00e3o para quem atinge os 20 pontos pode aumentar. Hoje, a penalidade varia de um a 12 meses. Com a nova legisla\u00e7\u00e3o, ser\u00e1 de seis meses a um ano (ou oito meses a dois anos, em caso de reincid\u00eancia no per\u00edodo de 12 meses). Para determinar o prazo, a autoridade de tr\u00e2nsito leva em conta o hist\u00f3rico do condutor \u2014 a gravidade das infra\u00e7\u00f5es, as circunst\u00e2ncias e os antecedentes do infrator.<\/p>\n<p style=\"text-align: justify;\">Veja como ficam algumas mudan\u00e7as<\/p>\n<p style=\"text-align: justify;\">Uso de telefone celular: combinar o uso do telefone celular (falando ou digitando) com a dire\u00e7\u00e3o deixa de ser infra\u00e7\u00e3o m\u00e9dia e passa a ser grav\u00edssima. Atualmente a multa custa R$85,13 e vai passar para R$293,47. O desconto de pontos na carteira tamb\u00e9m sobem de 4 para 7.<\/p>\n<p style=\"text-align: justify;\">Recusa de baf\u00f4metro: quem se recusar a fazer o teste com o etil\u00f4metro ter\u00e1 as mesmas penalidades de quem faz o teste e \u00e9 flagrado com quantidade proibida de \u00e1lcool. A multa custa R$ 1.915,40, menos 7 pontos, com processo de suspens\u00e3o da CNH atrelado. E vai custar R$2934,70 (a multa dobra no caso da reincid\u00eancia), menos 7 pontos, com processo de suspens\u00e3o da CNH atrelado.<\/p>\n<p style=\"text-align: justify;\">Bloquear via p\u00fablica: utilizar ve\u00edculo para interromper, restringir ou perturbar a circula\u00e7\u00e3o nas vias p\u00fablicas, de forma proposital, o que j\u00e1 \u00e9 considerado infra\u00e7\u00e3o grav\u00edssima, ter\u00e1 valor da multa multiplicado por 20. Custo atual R$191,54, menos 7 pontos e com apreens\u00e3o do ve\u00edculo, passa para R$5.869,40, menos 7 pontos e suspens\u00e3o do direito de dirigir. J\u00e1 os organizadores de bloqueio poder\u00e3o ser multados em 60 vezes o valor base, sendo assim a multa pode chegar a R$17.608,20.<\/p>\n","protected":false},"excerpt":{"rendered":"<p style=\"text-align: justify;\">Infra\u00e7\u00f5es mudam de categoria e multas sobem at\u00e9 50%<\/p>\n","protected":false},"author":4,"featured_media":25863,"comment_status":"open","ping_status":"open","sticky":false,"template":"","format":"standard","meta":{"jnews-multi-image_gallery":[],"jnews_single_post":[],"jnews_primary_category":[],"jnews_social_meta":[],"jnews_review":[],"enable_review":"","type":"","name":"","summary":"","brand":"","sku":"","good":[],"bad":[],"score_override":"","override_value":"","rating":[],"price":[],"footnotes":""},"categories":[54],"tags":[],"class_list":["post-25864","post","type-post","status-publish","format-standard","has-post-thumbnail","hentry","category-cotidiano"],"yoast_head":"<!-- This site is optimized with the Yoast SEO plugin v26.5 - https:\/\/yoast.com\/wordpress\/plugins\/seo\/ -->\n<title>Altera\u00e7\u00f5es do CTB come\u00e7am a valer a partir de novembro - Agazeta.net<\/title>\n<meta name=\"robots\" content=\"index, follow, max-snippet:-1, max-image-preview:large, max-video-preview:-1\" \/>\n<link rel=\"canonical\" href=\"https:\/\/nk7-testes.com.br\/agazeta\/alteracoes-do-ctb-comecam-a-valer-a-partir-de-novembro\/\" \/>\n<meta property=\"og:locale\" content=\"pt_BR\" \/>\n<meta property=\"og:type\" content=\"article\" \/>\n<meta property=\"og:title\" content=\"Altera\u00e7\u00f5es do CTB come\u00e7am a valer a partir de novembro - Agazeta.net\" \/>\n<meta property=\"og:description\" content=\"Infra\u00e7\u00f5es mudam de categoria e multas sobem at\u00e9 50%\" \/>\n<meta property=\"og:url\" content=\"https:\/\/nk7-testes.com.br\/agazeta\/alteracoes-do-ctb-comecam-a-valer-a-partir-de-novembro\/\" \/>\n<meta property=\"og:site_name\" content=\"Agazeta.net\" \/>\n<meta property=\"article:published_time\" content=\"2016-10-14T18:16:40+00:00\" \/>\n<meta property=\"og:image\" content=\"https:\/\/nk7-testes.com.br\/agazeta\/wp-content\/uploads\/2016\/10\/141016-cotidiano-multas-aumento.jpg\" \/>\n\t<meta property=\"og:image:width\" content=\"458\" \/>\n\t<meta property=\"og:image:height\" content=\"340\" \/>\n\t<meta property=\"og:image:type\" content=\"image\/jpeg\" \/>\n<meta name=\"author\" content=\"Agazeta.Net\" \/>\n<meta name=\"twitter:card\" content=\"summary_large_image\" \/>\n<meta name=\"twitter:label1\" content=\"Escrito por\" \/>\n\t<meta name=\"twitter:data1\" content=\"Agazeta.Net\" \/>\n\t<meta name=\"twitter:label2\" content=\"Est. tempo de leitura\" \/>\n\t<meta name=\"twitter:data2\" content=\"3 minutos\" \/>\n<script type=\"application\/ld+json\" class=\"yoast-schema-graph\">{\"@context\":\"https:\/\/schema.org\",\"@graph\":[{\"@type\":\"WebPage\",\"@id\":\"https:\/\/nk7-testes.com.br\/agazeta\/alteracoes-do-ctb-comecam-a-valer-a-partir-de-novembro\/\",\"url\":\"https:\/\/nk7-testes.com.br\/agazeta\/alteracoes-do-ctb-comecam-a-valer-a-partir-de-novembro\/\",\"name\":\"Altera\u00e7\u00f5es do CTB come\u00e7am a valer a partir de novembro - Agazeta.net\",\"isPartOf\":{\"@id\":\"https:\/\/nk7-testes.com.br\/agazeta\/#website\"},\"primaryImageOfPage\":{\"@id\":\"https:\/\/nk7-testes.com.br\/agazeta\/alteracoes-do-ctb-comecam-a-valer-a-partir-de-novembro\/#primaryimage\"},\"image\":{\"@id\":\"https:\/\/nk7-testes.com.br\/agazeta\/alteracoes-do-ctb-comecam-a-valer-a-partir-de-novembro\/#primaryimage\"},\"thumbnailUrl\":\"https:\/\/nk7-testes.com.br\/agazeta\/wp-content\/uploads\/2016\/10\/141016-cotidiano-multas-aumento.jpg\",\"datePublished\":\"2016-10-14T18:16:40+00:00\",\"author\":{\"@id\":\"https:\/\/nk7-testes.com.br\/agazeta\/#\/schema\/person\/ff6b39d54d6973bfc57f4140f659b23f\"},\"breadcrumb\":{\"@id\":\"https:\/\/nk7-testes.com.br\/agazeta\/alteracoes-do-ctb-comecam-a-valer-a-partir-de-novembro\/#breadcrumb\"},\"inLanguage\":\"pt-BR\",\"potentialAction\":[{\"@type\":\"ReadAction\",\"target\":[\"https:\/\/nk7-testes.com.br\/agazeta\/alteracoes-do-ctb-comecam-a-valer-a-partir-de-novembro\/\"]}]},{\"@type\":\"ImageObject\",\"inLanguage\":\"pt-BR\",\"@id\":\"https:\/\/nk7-testes.com.br\/agazeta\/alteracoes-do-ctb-comecam-a-valer-a-partir-de-novembro\/#primaryimage\",\"url\":\"https:\/\/nk7-testes.com.br\/agazeta\/wp-content\/uploads\/2016\/10\/141016-cotidiano-multas-aumento.jpg\",\"contentUrl\":\"https:\/\/nk7-testes.com.br\/agazeta\/wp-content\/uploads\/2016\/10\/141016-cotidiano-multas-aumento.jpg\",\"width\":458,\"height\":340,\"caption\":\"141016-cotidiano-multas-aumento\"},{\"@type\":\"BreadcrumbList\",\"@id\":\"https:\/\/nk7-testes.com.br\/agazeta\/alteracoes-do-ctb-comecam-a-valer-a-partir-de-novembro\/#breadcrumb\",\"itemListElement\":[{\"@type\":\"ListItem\",\"position\":1,\"name\":\"In\u00edcio\",\"item\":\"https:\/\/nk7-testes.com.br\/agazeta\/\"},{\"@type\":\"ListItem\",\"position\":2,\"name\":\"Altera\u00e7\u00f5es do CTB come\u00e7am a valer a partir de novembro\"}]},{\"@type\":\"WebSite\",\"@id\":\"https:\/\/nk7-testes.com.br\/agazeta\/#website\",\"url\":\"https:\/\/nk7-testes.com.br\/agazeta\/\",\"name\":\"Agazeta.net\",\"description\":\"Agazeta.net - Not\u00edcias de Rio Branco\/AC\",\"potentialAction\":[{\"@type\":\"SearchAction\",\"target\":{\"@type\":\"EntryPoint\",\"urlTemplate\":\"https:\/\/nk7-testes.com.br\/agazeta\/?s={search_term_string}\"},\"query-input\":{\"@type\":\"PropertyValueSpecification\",\"valueRequired\":true,\"valueName\":\"search_term_string\"}}],\"inLanguage\":\"pt-BR\"},{\"@type\":\"Person\",\"@id\":\"https:\/\/nk7-testes.com.br\/agazeta\/#\/schema\/person\/ff6b39d54d6973bfc57f4140f659b23f\",\"name\":\"Agazeta.Net\",\"url\":\"https:\/\/nk7-testes.com.br\/agazeta\/author\/agazeta\/\"}]}<\/script>\n<!-- \/ Yoast SEO plugin. -->","yoast_head_json":{"title":"Altera\u00e7\u00f5es do CTB come\u00e7am a valer a partir de novembro - Agazeta.net","robots":{"index":"index","follow":"follow","max-snippet":"max-snippet:-1","max-image-preview":"max-image-preview:large","max-video-preview":"max-video-preview:-1"},"canonical":"https:\/\/nk7-testes.com.br\/agazeta\/alteracoes-do-ctb-comecam-a-valer-a-partir-de-novembro\/","og_locale":"pt_BR","og_type":"article","og_title":"Altera\u00e7\u00f5es do CTB come\u00e7am a valer a partir de novembro - Agazeta.net","og_description":"Infra\u00e7\u00f5es mudam de categoria e multas sobem at\u00e9 50%","og_url":"https:\/\/nk7-testes.com.br\/agazeta\/alteracoes-do-ctb-comecam-a-valer-a-partir-de-novembro\/","og_site_name":"Agazeta.net","article_published_time":"2016-10-14T18:16:40+00:00","og_image":[{"width":458,"height":340,"url":"https:\/\/nk7-testes.com.br\/agazeta\/wp-content\/uploads\/2016\/10\/141016-cotidiano-multas-aumento.jpg","type":"image\/jpeg"}],"author":"Agazeta.Net","twitter_card":"summary_large_image","twitter_misc":{"Escrito por":"Agazeta.Net","Est. tempo de leitura":"3 minutos"},"schema":{"@context":"https:\/\/schema.org","@graph":[{"@type":"WebPage","@id":"https:\/\/nk7-testes.com.br\/agazeta\/alteracoes-do-ctb-comecam-a-valer-a-partir-de-novembro\/","url":"https:\/\/nk7-testes.com.br\/agazeta\/alteracoes-do-ctb-comecam-a-valer-a-partir-de-novembro\/","name":"Altera\u00e7\u00f5es do CTB come\u00e7am a valer a partir de novembro - Agazeta.net","isPartOf":{"@id":"https:\/\/nk7-testes.com.br\/agazeta\/#website"},"primaryImageOfPage":{"@id":"https:\/\/nk7-testes.com.br\/agazeta\/alteracoes-do-ctb-comecam-a-valer-a-partir-de-novembro\/#primaryimage"},"image":{"@id":"https:\/\/nk7-testes.com.br\/agazeta\/alteracoes-do-ctb-comecam-a-valer-a-partir-de-novembro\/#primaryimage"},"thumbnailUrl":"https:\/\/nk7-testes.com.br\/agazeta\/wp-content\/uploads\/2016\/10\/141016-cotidiano-multas-aumento.jpg","datePublished":"2016-10-14T18:16:40+00:00","author":{"@id":"https:\/\/nk7-testes.com.br\/agazeta\/#\/schema\/person\/ff6b39d54d6973bfc57f4140f659b23f"},"breadcrumb":{"@id":"https:\/\/nk7-testes.com.br\/agazeta\/alteracoes-do-ctb-comecam-a-valer-a-partir-de-novembro\/#breadcrumb"},"inLanguage":"pt-BR","potentialAction":[{"@type":"ReadAction","target":["https:\/\/nk7-testes.com.br\/agazeta\/alteracoes-do-ctb-comecam-a-valer-a-partir-de-novembro\/"]}]},{"@type":"ImageObject","inLanguage":"pt-BR","@id":"https:\/\/nk7-testes.com.br\/agazeta\/alteracoes-do-ctb-comecam-a-valer-a-partir-de-novembro\/#primaryimage","url":"https:\/\/nk7-testes.com.br\/agazeta\/wp-content\/uploads\/2016\/10\/141016-cotidiano-multas-aumento.jpg","contentUrl":"https:\/\/nk7-testes.com.br\/agazeta\/wp-content\/uploads\/2016\/10\/141016-cotidiano-multas-aumento.jpg","width":458,"height":340,"caption":"141016-cotidiano-multas-aumento"},{"@type":"BreadcrumbList","@id":"https:\/\/nk7-testes.com.br\/agazeta\/alteracoes-do-ctb-comecam-a-valer-a-partir-de-novembro\/#breadcrumb","itemListElement":[{"@type":"ListItem","position":1,"name":"In\u00edcio","item":"https:\/\/nk7-testes.com.br\/agazeta\/"},{"@type":"ListItem","position":2,"name":"Altera\u00e7\u00f5es do CTB come\u00e7am a valer a partir de novembro"}]},{"@type":"WebSite","@id":"https:\/\/nk7-testes.com.br\/agazeta\/#website","url":"https:\/\/nk7-testes.com.br\/agazeta\/","name":"Agazeta.net","description":"Agazeta.net - Not\u00edcias de Rio Branco\/AC","potentialAction":[{"@type":"SearchAction","target":{"@type":"EntryPoint","urlTemplate":"https:\/\/nk7-testes.com.br\/agazeta\/?s={search_term_string}"},"query-input":{"@type":"PropertyValueSpecification","valueRequired":true,"valueName":"search_term_string"}}],"inLanguage":"pt-BR"},{"@type":"Person","@id":"https:\/\/nk7-testes.com.br\/agazeta\/#\/schema\/person\/ff6b39d54d6973bfc57f4140f659b23f","name":"Agazeta.Net","url":"https:\/\/nk7-testes.com.br\/agazeta\/author\/agazeta\/"}]}},"_links":{"self":[{"href":"https:\/\/nk7-testes.com.br\/agazeta\/wp-json\/wp\/v2\/posts\/25864","targetHints":{"allow":["GET"]}}],"collection":[{"href":"https:\/\/nk7-testes.com.br\/agazeta\/wp-json\/wp\/v2\/posts"}],"about":[{"href":"https:\/\/nk7-testes.com.br\/agazeta\/wp-json\/wp\/v2\/types\/post"}],"author":[{"embeddable":true,"href":"https:\/\/nk7-testes.com.br\/agazeta\/wp-json\/wp\/v2\/users\/4"}],"replies":[{"embeddable":true,"href":"https:\/\/nk7-testes.com.br\/agazeta\/wp-json\/wp\/v2\/comments?post=25864"}],"version-history":[{"count":0,"href":"https:\/\/nk7-testes.com.br\/agazeta\/wp-json\/wp\/v2\/posts\/25864\/revisions"}],"wp:featuredmedia":[{"embeddable":true,"href":"https:\/\/nk7-testes.com.br\/agazeta\/wp-json\/wp\/v2\/media\/25863"}],"wp:attachment":[{"href":"https:\/\/nk7-testes.com.br\/agazeta\/wp-json\/wp\/v2\/media?parent=25864"}],"wp:term":[{"taxonomy":"category","embeddable":true,"href":"https:\/\/nk7-testes.com.br\/agazeta\/wp-json\/wp\/v2\/categories?post=25864"},{"taxonomy":"post_tag","embeddable":true,"href":"https:\/\/nk7-testes.com.br\/agazeta\/wp-json\/wp\/v2\/tags?post=25864"}],"curies":[{"name":"wp","href":"https:\/\/api.w.org\/{rel}","templated":true}]}}