{"id":25856,"date":"2016-10-13T22:35:15","date_gmt":"2016-10-13T22:35:15","guid":{"rendered":"https:\/\/abarevegan.com.br\/index.php\/2016\/10\/13\/justica-condena-assassinos-de-gerente-de-fabrica\/"},"modified":"2016-10-13T22:35:15","modified_gmt":"2016-10-13T22:35:15","slug":"justica-condena-assassinos-de-gerente-de-fabrica","status":"publish","type":"post","link":"https:\/\/nk7-testes.com.br\/agazeta\/justica-condena-assassinos-de-gerente-de-fabrica\/","title":{"rendered":"Justi\u00e7a condena assassinos de gerente de f\u00e1brica"},"content":{"rendered":"<p style=\"text-align: justify;\">Nilberto foi morto em maio deste ano<\/p>\n<p style=\"text-align: justify;\">Nesta quinta-feira (13), o ju\u00edzo da 4\u00aa Vara Criminal da Comarca de Rio Branco julgou e condenou os r\u00e9us K.C.doN e R.A.S a penas que, somadas, totalizam 47 anos de reclus\u00e3o, em regime inicial fechado.<\/p>\n<p style=\"text-align: justify;\">Eles foram condenados pela pr\u00e1tica do crime de latroc\u00ednio contra o gerente de produ\u00e7\u00e3o de uma f\u00e1brica da capital, Nilberto Monteiro da Silva, 43. Tamb\u00e9m foi negado o direito de apelar em liberdade.<\/p>\n<p style=\"text-align: justify;\">De acordo com os autos, o crime teria sido cometido com requintes de crueldade, uma vez que os r\u00e9us teriam primeiro imobilizado a v\u00edtima durante ato sexual, amarrando-a em seguida e finalmente inserindo em sua cavidade bucal uma \u201cmeia esportiva\u201d, provocando-lhe a morte por \u201casfixia mec\u00e2nica por sufoca\u00e7\u00e3o direta\u201d.<\/p>\n<p style=\"text-align: justify;\">Ap\u00f3s o crime os acusados teriam empreendido fuga com v\u00e1rios objetos e produtos eletr\u00f4nicos, al\u00e9m do pr\u00f3prio autom\u00f3vel da v\u00edtima; caracterizando, assim, a pr\u00e1tica de latroc\u00ednio \u2013 quando o homic\u00eddio serve como meio para a concretiza\u00e7\u00e3o do crime de roubo.<\/p>\n<p style=\"text-align: justify;\"><strong>Entenda o caso<\/strong><\/p>\n<p style=\"text-align: justify;\">O corpo de Nilberto Monteiro da Silva, 43, foi encontrado por amigos na madrugada do dia 9 de maio deste ano dentro da casa dele, no bairro Jardim El Dourado.<\/p>\n<p style=\"text-align: justify;\">A v\u00edtima estava com o rosto desfigurado, com muitas marcas de espancamento pelo corpo. Segundo amigos, Nilberto teria sa\u00eddo no s\u00e1bado e retornou para casa, mas no domingo n\u00e3o se comunicou com ningu\u00e9m.<\/p>\n<p style=\"text-align: justify;\">\u201cNo domingo, a gente costumava se reunir na casa da irm\u00e3 dele. Tentamos contato o dia todo, at\u00e9 as 11 e n\u00e3o conseguimos. A\u00ed viemos \u00e0s 5 da manh\u00e3 abrir a casa\u201d, disse a amiga Patr\u00edcia Filgueiras.<\/p>\n<p style=\"text-align: justify;\">De acordo com a amiga de Nilberto, o quarto estava revirado. Al\u00e9m do carro modelo Fox, outros objetos tamb\u00e9m foram roubados. O crime aconteceu em maio deste ano.<\/p>\n","protected":false},"excerpt":{"rendered":"<p style=\"text-align: justify;\">Nilberto foi morto em maio deste ano<\/p>\n","protected":false},"author":4,"featured_media":25855,"comment_status":"open","ping_status":"open","sticky":false,"template":"","format":"standard","meta":{"jnews-multi-image_gallery":[],"jnews_single_post":[],"jnews_primary_category":[],"jnews_social_meta":[],"jnews_review":[],"enable_review":"","type":"","name":"","summary":"","brand":"","sku":"","good":[],"bad":[],"score_override":"","override_value":"","rating":[],"price":[],"footnotes":""},"categories":[44],"tags":[],"class_list":["post-25856","post","type-post","status-publish","format-standard","has-post-thumbnail","hentry","category-policia"],"yoast_head":"<!-- This site is optimized with the Yoast SEO plugin v26.5 - https:\/\/yoast.com\/wordpress\/plugins\/seo\/ -->\n<title>Justi\u00e7a condena assassinos de gerente de f\u00e1brica - Agazeta.net<\/title>\n<meta name=\"robots\" content=\"index, follow, max-snippet:-1, max-image-preview:large, max-video-preview:-1\" \/>\n<link rel=\"canonical\" href=\"https:\/\/nk7-testes.com.br\/agazeta\/justica-condena-assassinos-de-gerente-de-fabrica\/\" \/>\n<meta property=\"og:locale\" content=\"pt_BR\" \/>\n<meta property=\"og:type\" content=\"article\" \/>\n<meta property=\"og:title\" content=\"Justi\u00e7a condena assassinos de gerente de f\u00e1brica - Agazeta.net\" \/>\n<meta property=\"og:description\" content=\"Nilberto foi morto em maio deste ano\" \/>\n<meta property=\"og:url\" content=\"https:\/\/nk7-testes.com.br\/agazeta\/justica-condena-assassinos-de-gerente-de-fabrica\/\" \/>\n<meta property=\"og:site_name\" content=\"Agazeta.net\" \/>\n<meta property=\"article:published_time\" content=\"2016-10-13T22:35:15+00:00\" \/>\n<meta property=\"og:image\" content=\"https:\/\/nk7-testes.com.br\/agazeta\/wp-content\/uploads\/2016\/10\/131016-policia-sentenca-cedida.jpg\" \/>\n\t<meta property=\"og:image:width\" content=\"458\" \/>\n\t<meta property=\"og:image:height\" content=\"340\" \/>\n\t<meta property=\"og:image:type\" content=\"image\/jpeg\" \/>\n<meta name=\"author\" content=\"Agazeta.Net\" \/>\n<meta name=\"twitter:card\" content=\"summary_large_image\" \/>\n<meta name=\"twitter:label1\" content=\"Escrito por\" \/>\n\t<meta name=\"twitter:data1\" content=\"Agazeta.Net\" \/>\n\t<meta name=\"twitter:label2\" content=\"Est. tempo de leitura\" \/>\n\t<meta name=\"twitter:data2\" content=\"2 minutos\" \/>\n<script type=\"application\/ld+json\" class=\"yoast-schema-graph\">{\"@context\":\"https:\/\/schema.org\",\"@graph\":[{\"@type\":\"WebPage\",\"@id\":\"https:\/\/nk7-testes.com.br\/agazeta\/justica-condena-assassinos-de-gerente-de-fabrica\/\",\"url\":\"https:\/\/nk7-testes.com.br\/agazeta\/justica-condena-assassinos-de-gerente-de-fabrica\/\",\"name\":\"Justi\u00e7a condena assassinos de gerente de f\u00e1brica - Agazeta.net\",\"isPartOf\":{\"@id\":\"https:\/\/nk7-testes.com.br\/agazeta\/#website\"},\"primaryImageOfPage\":{\"@id\":\"https:\/\/nk7-testes.com.br\/agazeta\/justica-condena-assassinos-de-gerente-de-fabrica\/#primaryimage\"},\"image\":{\"@id\":\"https:\/\/nk7-testes.com.br\/agazeta\/justica-condena-assassinos-de-gerente-de-fabrica\/#primaryimage\"},\"thumbnailUrl\":\"https:\/\/nk7-testes.com.br\/agazeta\/wp-content\/uploads\/2016\/10\/131016-policia-sentenca-cedida.jpg\",\"datePublished\":\"2016-10-13T22:35:15+00:00\",\"author\":{\"@id\":\"https:\/\/nk7-testes.com.br\/agazeta\/#\/schema\/person\/6d6e25cb0435eb4a02fd44d30b4e3020\"},\"breadcrumb\":{\"@id\":\"https:\/\/nk7-testes.com.br\/agazeta\/justica-condena-assassinos-de-gerente-de-fabrica\/#breadcrumb\"},\"inLanguage\":\"pt-BR\",\"potentialAction\":[{\"@type\":\"ReadAction\",\"target\":[\"https:\/\/nk7-testes.com.br\/agazeta\/justica-condena-assassinos-de-gerente-de-fabrica\/\"]}]},{\"@type\":\"ImageObject\",\"inLanguage\":\"pt-BR\",\"@id\":\"https:\/\/nk7-testes.com.br\/agazeta\/justica-condena-assassinos-de-gerente-de-fabrica\/#primaryimage\",\"url\":\"https:\/\/nk7-testes.com.br\/agazeta\/wp-content\/uploads\/2016\/10\/131016-policia-sentenca-cedida.jpg\",\"contentUrl\":\"https:\/\/nk7-testes.com.br\/agazeta\/wp-content\/uploads\/2016\/10\/131016-policia-sentenca-cedida.jpg\",\"width\":458,\"height\":340,\"caption\":\"131016-policia-sentenca-cedida\"},{\"@type\":\"BreadcrumbList\",\"@id\":\"https:\/\/nk7-testes.com.br\/agazeta\/justica-condena-assassinos-de-gerente-de-fabrica\/#breadcrumb\",\"itemListElement\":[{\"@type\":\"ListItem\",\"position\":1,\"name\":\"In\u00edcio\",\"item\":\"https:\/\/nk7-testes.com.br\/agazeta\/\"},{\"@type\":\"ListItem\",\"position\":2,\"name\":\"Justi\u00e7a condena assassinos de gerente de f\u00e1brica\"}]},{\"@type\":\"WebSite\",\"@id\":\"https:\/\/nk7-testes.com.br\/agazeta\/#website\",\"url\":\"https:\/\/nk7-testes.com.br\/agazeta\/\",\"name\":\"Agazeta.net\",\"description\":\"Agazeta.net - Not\u00edcias de Rio Branco\/AC\",\"potentialAction\":[{\"@type\":\"SearchAction\",\"target\":{\"@type\":\"EntryPoint\",\"urlTemplate\":\"https:\/\/nk7-testes.com.br\/agazeta\/?s={search_term_string}\"},\"query-input\":{\"@type\":\"PropertyValueSpecification\",\"valueRequired\":true,\"valueName\":\"search_term_string\"}}],\"inLanguage\":\"pt-BR\"},{\"@type\":\"Person\",\"@id\":\"https:\/\/nk7-testes.com.br\/agazeta\/#\/schema\/person\/6d6e25cb0435eb4a02fd44d30b4e3020\",\"name\":\"Agazeta.Net\",\"url\":\"https:\/\/nk7-testes.com.br\/agazeta\/author\/agazeta\/\"}]}<\/script>\n<!-- \/ Yoast SEO plugin. -->","yoast_head_json":{"title":"Justi\u00e7a condena assassinos de gerente de f\u00e1brica - Agazeta.net","robots":{"index":"index","follow":"follow","max-snippet":"max-snippet:-1","max-image-preview":"max-image-preview:large","max-video-preview":"max-video-preview:-1"},"canonical":"https:\/\/nk7-testes.com.br\/agazeta\/justica-condena-assassinos-de-gerente-de-fabrica\/","og_locale":"pt_BR","og_type":"article","og_title":"Justi\u00e7a condena assassinos de gerente de f\u00e1brica - Agazeta.net","og_description":"Nilberto foi morto em maio deste ano","og_url":"https:\/\/nk7-testes.com.br\/agazeta\/justica-condena-assassinos-de-gerente-de-fabrica\/","og_site_name":"Agazeta.net","article_published_time":"2016-10-13T22:35:15+00:00","og_image":[{"width":458,"height":340,"url":"https:\/\/nk7-testes.com.br\/agazeta\/wp-content\/uploads\/2016\/10\/131016-policia-sentenca-cedida.jpg","type":"image\/jpeg"}],"author":"Agazeta.Net","twitter_card":"summary_large_image","twitter_misc":{"Escrito por":"Agazeta.Net","Est. tempo de leitura":"2 minutos"},"schema":{"@context":"https:\/\/schema.org","@graph":[{"@type":"WebPage","@id":"https:\/\/nk7-testes.com.br\/agazeta\/justica-condena-assassinos-de-gerente-de-fabrica\/","url":"https:\/\/nk7-testes.com.br\/agazeta\/justica-condena-assassinos-de-gerente-de-fabrica\/","name":"Justi\u00e7a condena assassinos de gerente de f\u00e1brica - Agazeta.net","isPartOf":{"@id":"https:\/\/nk7-testes.com.br\/agazeta\/#website"},"primaryImageOfPage":{"@id":"https:\/\/nk7-testes.com.br\/agazeta\/justica-condena-assassinos-de-gerente-de-fabrica\/#primaryimage"},"image":{"@id":"https:\/\/nk7-testes.com.br\/agazeta\/justica-condena-assassinos-de-gerente-de-fabrica\/#primaryimage"},"thumbnailUrl":"https:\/\/nk7-testes.com.br\/agazeta\/wp-content\/uploads\/2016\/10\/131016-policia-sentenca-cedida.jpg","datePublished":"2016-10-13T22:35:15+00:00","author":{"@id":"https:\/\/nk7-testes.com.br\/agazeta\/#\/schema\/person\/6d6e25cb0435eb4a02fd44d30b4e3020"},"breadcrumb":{"@id":"https:\/\/nk7-testes.com.br\/agazeta\/justica-condena-assassinos-de-gerente-de-fabrica\/#breadcrumb"},"inLanguage":"pt-BR","potentialAction":[{"@type":"ReadAction","target":["https:\/\/nk7-testes.com.br\/agazeta\/justica-condena-assassinos-de-gerente-de-fabrica\/"]}]},{"@type":"ImageObject","inLanguage":"pt-BR","@id":"https:\/\/nk7-testes.com.br\/agazeta\/justica-condena-assassinos-de-gerente-de-fabrica\/#primaryimage","url":"https:\/\/nk7-testes.com.br\/agazeta\/wp-content\/uploads\/2016\/10\/131016-policia-sentenca-cedida.jpg","contentUrl":"https:\/\/nk7-testes.com.br\/agazeta\/wp-content\/uploads\/2016\/10\/131016-policia-sentenca-cedida.jpg","width":458,"height":340,"caption":"131016-policia-sentenca-cedida"},{"@type":"BreadcrumbList","@id":"https:\/\/nk7-testes.com.br\/agazeta\/justica-condena-assassinos-de-gerente-de-fabrica\/#breadcrumb","itemListElement":[{"@type":"ListItem","position":1,"name":"In\u00edcio","item":"https:\/\/nk7-testes.com.br\/agazeta\/"},{"@type":"ListItem","position":2,"name":"Justi\u00e7a condena assassinos de gerente de f\u00e1brica"}]},{"@type":"WebSite","@id":"https:\/\/nk7-testes.com.br\/agazeta\/#website","url":"https:\/\/nk7-testes.com.br\/agazeta\/","name":"Agazeta.net","description":"Agazeta.net - Not\u00edcias de Rio Branco\/AC","potentialAction":[{"@type":"SearchAction","target":{"@type":"EntryPoint","urlTemplate":"https:\/\/nk7-testes.com.br\/agazeta\/?s={search_term_string}"},"query-input":{"@type":"PropertyValueSpecification","valueRequired":true,"valueName":"search_term_string"}}],"inLanguage":"pt-BR"},{"@type":"Person","@id":"https:\/\/nk7-testes.com.br\/agazeta\/#\/schema\/person\/6d6e25cb0435eb4a02fd44d30b4e3020","name":"Agazeta.Net","url":"https:\/\/nk7-testes.com.br\/agazeta\/author\/agazeta\/"}]}},"_links":{"self":[{"href":"https:\/\/nk7-testes.com.br\/agazeta\/wp-json\/wp\/v2\/posts\/25856","targetHints":{"allow":["GET"]}}],"collection":[{"href":"https:\/\/nk7-testes.com.br\/agazeta\/wp-json\/wp\/v2\/posts"}],"about":[{"href":"https:\/\/nk7-testes.com.br\/agazeta\/wp-json\/wp\/v2\/types\/post"}],"author":[{"embeddable":true,"href":"https:\/\/nk7-testes.com.br\/agazeta\/wp-json\/wp\/v2\/users\/4"}],"replies":[{"embeddable":true,"href":"https:\/\/nk7-testes.com.br\/agazeta\/wp-json\/wp\/v2\/comments?post=25856"}],"version-history":[{"count":0,"href":"https:\/\/nk7-testes.com.br\/agazeta\/wp-json\/wp\/v2\/posts\/25856\/revisions"}],"wp:featuredmedia":[{"embeddable":true,"href":"https:\/\/nk7-testes.com.br\/agazeta\/wp-json\/wp\/v2\/media\/25855"}],"wp:attachment":[{"href":"https:\/\/nk7-testes.com.br\/agazeta\/wp-json\/wp\/v2\/media?parent=25856"}],"wp:term":[{"taxonomy":"category","embeddable":true,"href":"https:\/\/nk7-testes.com.br\/agazeta\/wp-json\/wp\/v2\/categories?post=25856"},{"taxonomy":"post_tag","embeddable":true,"href":"https:\/\/nk7-testes.com.br\/agazeta\/wp-json\/wp\/v2\/tags?post=25856"}],"curies":[{"name":"wp","href":"https:\/\/api.w.org\/{rel}","templated":true}]}}