{"id":25854,"date":"2016-10-13T22:20:12","date_gmt":"2016-10-13T22:20:12","guid":{"rendered":"https:\/\/abarevegan.com.br\/index.php\/2016\/10\/13\/reducao-de-8-no-numero-de-acidentes-calcula-detran\/"},"modified":"2016-10-13T22:20:12","modified_gmt":"2016-10-13T22:20:12","slug":"reducao-de-8-no-numero-de-acidentes-calcula-detran","status":"publish","type":"post","link":"https:\/\/nk7-testes.com.br\/agazeta\/reducao-de-8-no-numero-de-acidentes-calcula-detran\/","title":{"rendered":"Redu\u00e7\u00e3o de 8% no n\u00famero de acidentes, calcula Detran"},"content":{"rendered":"<p style=\"text-align: justify;\">N\u00famero de v\u00edtimas fatais foi o mesmo de 2015<\/p>\n<p style=\"text-align: justify;\">O setor de estat\u00edsticas do Detran fechou mais um levantamento de \u00edndices de acidentes de tr\u00e2nsito na Capital. Os n\u00fameros s\u00e3o o apurado no primeiro semestre de 2016.<\/p>\n<p style=\"text-align: justify;\">Nos acidentes com v\u00edtimas houve redu\u00e7\u00e3o de 8%, j\u00e1 nos acidentes sem v\u00edtimas a redu\u00e7\u00e3o foi de 10%. O diretor do departamento considera que, principalmente as campanhas educativas tem surtido efeito para diminuir os \u00edndices.<\/p>\n<p style=\"text-align: justify;\">&#8220;N\u00f3s comemoramos porque \u00e9 uma demonstra\u00e7\u00e3o de que as campanhas educativas, as obras de sinaliza\u00e7\u00e3o e engenharia de tr\u00e1fico tem obtidos resultados. Esse \u00e9 um momento em que compartilhamos com a sociedade mas sempre com alerta de que para n\u00f3s nenhum acidente, nenhuma morte \u00e9 aceit\u00e1vel&#8221;, disse o diretor do Detran, Pedro Longo.<\/p>\n<p style=\"text-align: justify;\">Enquanto os acidentes reduziram, o n\u00famero de v\u00edtimas fatais estagnou. No primeiro semestre de 2015, a imprud\u00eancia no tr\u00e2nsito matou 13 pessoas e a mesma quantidade de v\u00edtimas se repetiu em 2016.<\/p>\n<p style=\"text-align: justify;\">O estudo tamb\u00e9m revela que 64% dos ve\u00edculos envolvidos nos acidentes sem v\u00edtimas na capital, s\u00e3o autom\u00f3veis. Por outro lado, nos acidentes com v\u00edtimas, as motocicletas aparecem em primeiro lugar, com 55%. Para o Detran mais uma vez est\u00e1 comprovado que o motociclista precisa adotar condutas mais seguras por que \u00e9 o personagem mais fr\u00e1gil do tr\u00e2nsito.<\/p>\n<p style=\"text-align: justify;\">&#8220;Quando voc\u00ea pega o n\u00famero de acidentes com ve\u00edculos e o n\u00famero de v\u00edtimas fatais e o n\u00famero de acidentes com motos e v\u00edtimas fatais vamos chegar a constata\u00e7\u00e3o de que aqueles que se envolvem em acidentes conduzindo motocicleta com mais probabilidade ser\u00e3o v\u00edtima no tr\u00e2nsito, por que s\u00e3o mais vulner\u00e1veis&#8221;, acrescenta o diretor.<\/p>\n<p style=\"text-align: justify;\">O levantamento tamb\u00e9m demonstra que os homens est\u00e3o envolvidos na maioria dos acidentes de tr\u00e2nsito. Eles representam 67% nos acidentes sem v\u00edtimas e 75% nos casos com v\u00edtima. Um ponto do estudo que surpreende \u00e9 que 46% das v\u00edtimas de acidentes fatais e n\u00e3o fatais s\u00e3o jovens entre 18 e 29 anos de idade.<\/p>\n","protected":false},"excerpt":{"rendered":"<p style=\"text-align: justify;\">N\u00famero de v\u00edtimas fatais foi o mesmo de 2015<\/p>\n","protected":false},"author":4,"featured_media":25853,"comment_status":"open","ping_status":"open","sticky":false,"template":"","format":"standard","meta":{"jnews-multi-image_gallery":[],"jnews_single_post":[],"jnews_primary_category":[],"jnews_social_meta":[],"jnews_review":[],"enable_review":"","type":"","name":"","summary":"","brand":"","sku":"","good":[],"bad":[],"score_override":"","override_value":"","rating":[],"price":[],"footnotes":""},"categories":[54],"tags":[],"class_list":["post-25854","post","type-post","status-publish","format-standard","has-post-thumbnail","hentry","category-cotidiano"],"yoast_head":"<!-- This site is optimized with the Yoast SEO plugin v26.5 - https:\/\/yoast.com\/wordpress\/plugins\/seo\/ -->\n<title>Redu\u00e7\u00e3o de 8% no n\u00famero de acidentes, calcula Detran - Agazeta.net<\/title>\n<meta name=\"robots\" content=\"index, follow, max-snippet:-1, max-image-preview:large, max-video-preview:-1\" \/>\n<link rel=\"canonical\" href=\"https:\/\/nk7-testes.com.br\/agazeta\/reducao-de-8-no-numero-de-acidentes-calcula-detran\/\" \/>\n<meta property=\"og:locale\" content=\"pt_BR\" \/>\n<meta property=\"og:type\" content=\"article\" \/>\n<meta property=\"og:title\" content=\"Redu\u00e7\u00e3o de 8% no n\u00famero de acidentes, calcula Detran - Agazeta.net\" \/>\n<meta property=\"og:description\" content=\"N\u00famero de v\u00edtimas fatais foi o mesmo de 2015\" \/>\n<meta property=\"og:url\" content=\"https:\/\/nk7-testes.com.br\/agazeta\/reducao-de-8-no-numero-de-acidentes-calcula-detran\/\" \/>\n<meta property=\"og:site_name\" content=\"Agazeta.net\" \/>\n<meta property=\"article:published_time\" content=\"2016-10-13T22:20:12+00:00\" \/>\n<meta property=\"og:image\" content=\"https:\/\/nk7-testes.com.br\/agazeta\/wp-content\/uploads\/2016\/10\/121016-policia-acidente-cleriston.jpg\" \/>\n\t<meta property=\"og:image:width\" content=\"458\" \/>\n\t<meta property=\"og:image:height\" content=\"340\" \/>\n\t<meta property=\"og:image:type\" content=\"image\/jpeg\" \/>\n<meta name=\"author\" content=\"Agazeta.Net\" \/>\n<meta name=\"twitter:card\" content=\"summary_large_image\" \/>\n<meta name=\"twitter:label1\" content=\"Escrito por\" \/>\n\t<meta name=\"twitter:data1\" content=\"Agazeta.Net\" \/>\n\t<meta name=\"twitter:label2\" content=\"Est. tempo de leitura\" \/>\n\t<meta name=\"twitter:data2\" content=\"2 minutos\" \/>\n<script type=\"application\/ld+json\" class=\"yoast-schema-graph\">{\"@context\":\"https:\/\/schema.org\",\"@graph\":[{\"@type\":\"WebPage\",\"@id\":\"https:\/\/nk7-testes.com.br\/agazeta\/reducao-de-8-no-numero-de-acidentes-calcula-detran\/\",\"url\":\"https:\/\/nk7-testes.com.br\/agazeta\/reducao-de-8-no-numero-de-acidentes-calcula-detran\/\",\"name\":\"Redu\u00e7\u00e3o de 8% no n\u00famero de acidentes, calcula Detran - Agazeta.net\",\"isPartOf\":{\"@id\":\"https:\/\/nk7-testes.com.br\/agazeta\/#website\"},\"primaryImageOfPage\":{\"@id\":\"https:\/\/nk7-testes.com.br\/agazeta\/reducao-de-8-no-numero-de-acidentes-calcula-detran\/#primaryimage\"},\"image\":{\"@id\":\"https:\/\/nk7-testes.com.br\/agazeta\/reducao-de-8-no-numero-de-acidentes-calcula-detran\/#primaryimage\"},\"thumbnailUrl\":\"https:\/\/nk7-testes.com.br\/agazeta\/wp-content\/uploads\/2016\/10\/121016-policia-acidente-cleriston.jpg\",\"datePublished\":\"2016-10-13T22:20:12+00:00\",\"author\":{\"@id\":\"https:\/\/nk7-testes.com.br\/agazeta\/#\/schema\/person\/ff6b39d54d6973bfc57f4140f659b23f\"},\"breadcrumb\":{\"@id\":\"https:\/\/nk7-testes.com.br\/agazeta\/reducao-de-8-no-numero-de-acidentes-calcula-detran\/#breadcrumb\"},\"inLanguage\":\"pt-BR\",\"potentialAction\":[{\"@type\":\"ReadAction\",\"target\":[\"https:\/\/nk7-testes.com.br\/agazeta\/reducao-de-8-no-numero-de-acidentes-calcula-detran\/\"]}]},{\"@type\":\"ImageObject\",\"inLanguage\":\"pt-BR\",\"@id\":\"https:\/\/nk7-testes.com.br\/agazeta\/reducao-de-8-no-numero-de-acidentes-calcula-detran\/#primaryimage\",\"url\":\"https:\/\/nk7-testes.com.br\/agazeta\/wp-content\/uploads\/2016\/10\/121016-policia-acidente-cleriston.jpg\",\"contentUrl\":\"https:\/\/nk7-testes.com.br\/agazeta\/wp-content\/uploads\/2016\/10\/121016-policia-acidente-cleriston.jpg\",\"width\":458,\"height\":340,\"caption\":\"121016-policia-acidente-cleriston\"},{\"@type\":\"BreadcrumbList\",\"@id\":\"https:\/\/nk7-testes.com.br\/agazeta\/reducao-de-8-no-numero-de-acidentes-calcula-detran\/#breadcrumb\",\"itemListElement\":[{\"@type\":\"ListItem\",\"position\":1,\"name\":\"In\u00edcio\",\"item\":\"https:\/\/nk7-testes.com.br\/agazeta\/\"},{\"@type\":\"ListItem\",\"position\":2,\"name\":\"Redu\u00e7\u00e3o de 8% no n\u00famero de acidentes, calcula Detran\"}]},{\"@type\":\"WebSite\",\"@id\":\"https:\/\/nk7-testes.com.br\/agazeta\/#website\",\"url\":\"https:\/\/nk7-testes.com.br\/agazeta\/\",\"name\":\"Agazeta.net\",\"description\":\"Agazeta.net - Not\u00edcias de Rio Branco\/AC\",\"potentialAction\":[{\"@type\":\"SearchAction\",\"target\":{\"@type\":\"EntryPoint\",\"urlTemplate\":\"https:\/\/nk7-testes.com.br\/agazeta\/?s={search_term_string}\"},\"query-input\":{\"@type\":\"PropertyValueSpecification\",\"valueRequired\":true,\"valueName\":\"search_term_string\"}}],\"inLanguage\":\"pt-BR\"},{\"@type\":\"Person\",\"@id\":\"https:\/\/nk7-testes.com.br\/agazeta\/#\/schema\/person\/ff6b39d54d6973bfc57f4140f659b23f\",\"name\":\"Agazeta.Net\",\"url\":\"https:\/\/nk7-testes.com.br\/agazeta\/author\/agazeta\/\"}]}<\/script>\n<!-- \/ Yoast SEO plugin. -->","yoast_head_json":{"title":"Redu\u00e7\u00e3o de 8% no n\u00famero de acidentes, calcula Detran - Agazeta.net","robots":{"index":"index","follow":"follow","max-snippet":"max-snippet:-1","max-image-preview":"max-image-preview:large","max-video-preview":"max-video-preview:-1"},"canonical":"https:\/\/nk7-testes.com.br\/agazeta\/reducao-de-8-no-numero-de-acidentes-calcula-detran\/","og_locale":"pt_BR","og_type":"article","og_title":"Redu\u00e7\u00e3o de 8% no n\u00famero de acidentes, calcula Detran - Agazeta.net","og_description":"N\u00famero de v\u00edtimas fatais foi o mesmo de 2015","og_url":"https:\/\/nk7-testes.com.br\/agazeta\/reducao-de-8-no-numero-de-acidentes-calcula-detran\/","og_site_name":"Agazeta.net","article_published_time":"2016-10-13T22:20:12+00:00","og_image":[{"width":458,"height":340,"url":"https:\/\/nk7-testes.com.br\/agazeta\/wp-content\/uploads\/2016\/10\/121016-policia-acidente-cleriston.jpg","type":"image\/jpeg"}],"author":"Agazeta.Net","twitter_card":"summary_large_image","twitter_misc":{"Escrito por":"Agazeta.Net","Est. tempo de leitura":"2 minutos"},"schema":{"@context":"https:\/\/schema.org","@graph":[{"@type":"WebPage","@id":"https:\/\/nk7-testes.com.br\/agazeta\/reducao-de-8-no-numero-de-acidentes-calcula-detran\/","url":"https:\/\/nk7-testes.com.br\/agazeta\/reducao-de-8-no-numero-de-acidentes-calcula-detran\/","name":"Redu\u00e7\u00e3o de 8% no n\u00famero de acidentes, calcula Detran - Agazeta.net","isPartOf":{"@id":"https:\/\/nk7-testes.com.br\/agazeta\/#website"},"primaryImageOfPage":{"@id":"https:\/\/nk7-testes.com.br\/agazeta\/reducao-de-8-no-numero-de-acidentes-calcula-detran\/#primaryimage"},"image":{"@id":"https:\/\/nk7-testes.com.br\/agazeta\/reducao-de-8-no-numero-de-acidentes-calcula-detran\/#primaryimage"},"thumbnailUrl":"https:\/\/nk7-testes.com.br\/agazeta\/wp-content\/uploads\/2016\/10\/121016-policia-acidente-cleriston.jpg","datePublished":"2016-10-13T22:20:12+00:00","author":{"@id":"https:\/\/nk7-testes.com.br\/agazeta\/#\/schema\/person\/ff6b39d54d6973bfc57f4140f659b23f"},"breadcrumb":{"@id":"https:\/\/nk7-testes.com.br\/agazeta\/reducao-de-8-no-numero-de-acidentes-calcula-detran\/#breadcrumb"},"inLanguage":"pt-BR","potentialAction":[{"@type":"ReadAction","target":["https:\/\/nk7-testes.com.br\/agazeta\/reducao-de-8-no-numero-de-acidentes-calcula-detran\/"]}]},{"@type":"ImageObject","inLanguage":"pt-BR","@id":"https:\/\/nk7-testes.com.br\/agazeta\/reducao-de-8-no-numero-de-acidentes-calcula-detran\/#primaryimage","url":"https:\/\/nk7-testes.com.br\/agazeta\/wp-content\/uploads\/2016\/10\/121016-policia-acidente-cleriston.jpg","contentUrl":"https:\/\/nk7-testes.com.br\/agazeta\/wp-content\/uploads\/2016\/10\/121016-policia-acidente-cleriston.jpg","width":458,"height":340,"caption":"121016-policia-acidente-cleriston"},{"@type":"BreadcrumbList","@id":"https:\/\/nk7-testes.com.br\/agazeta\/reducao-de-8-no-numero-de-acidentes-calcula-detran\/#breadcrumb","itemListElement":[{"@type":"ListItem","position":1,"name":"In\u00edcio","item":"https:\/\/nk7-testes.com.br\/agazeta\/"},{"@type":"ListItem","position":2,"name":"Redu\u00e7\u00e3o de 8% no n\u00famero de acidentes, calcula Detran"}]},{"@type":"WebSite","@id":"https:\/\/nk7-testes.com.br\/agazeta\/#website","url":"https:\/\/nk7-testes.com.br\/agazeta\/","name":"Agazeta.net","description":"Agazeta.net - Not\u00edcias de Rio Branco\/AC","potentialAction":[{"@type":"SearchAction","target":{"@type":"EntryPoint","urlTemplate":"https:\/\/nk7-testes.com.br\/agazeta\/?s={search_term_string}"},"query-input":{"@type":"PropertyValueSpecification","valueRequired":true,"valueName":"search_term_string"}}],"inLanguage":"pt-BR"},{"@type":"Person","@id":"https:\/\/nk7-testes.com.br\/agazeta\/#\/schema\/person\/ff6b39d54d6973bfc57f4140f659b23f","name":"Agazeta.Net","url":"https:\/\/nk7-testes.com.br\/agazeta\/author\/agazeta\/"}]}},"_links":{"self":[{"href":"https:\/\/nk7-testes.com.br\/agazeta\/wp-json\/wp\/v2\/posts\/25854","targetHints":{"allow":["GET"]}}],"collection":[{"href":"https:\/\/nk7-testes.com.br\/agazeta\/wp-json\/wp\/v2\/posts"}],"about":[{"href":"https:\/\/nk7-testes.com.br\/agazeta\/wp-json\/wp\/v2\/types\/post"}],"author":[{"embeddable":true,"href":"https:\/\/nk7-testes.com.br\/agazeta\/wp-json\/wp\/v2\/users\/4"}],"replies":[{"embeddable":true,"href":"https:\/\/nk7-testes.com.br\/agazeta\/wp-json\/wp\/v2\/comments?post=25854"}],"version-history":[{"count":0,"href":"https:\/\/nk7-testes.com.br\/agazeta\/wp-json\/wp\/v2\/posts\/25854\/revisions"}],"wp:featuredmedia":[{"embeddable":true,"href":"https:\/\/nk7-testes.com.br\/agazeta\/wp-json\/wp\/v2\/media\/25853"}],"wp:attachment":[{"href":"https:\/\/nk7-testes.com.br\/agazeta\/wp-json\/wp\/v2\/media?parent=25854"}],"wp:term":[{"taxonomy":"category","embeddable":true,"href":"https:\/\/nk7-testes.com.br\/agazeta\/wp-json\/wp\/v2\/categories?post=25854"},{"taxonomy":"post_tag","embeddable":true,"href":"https:\/\/nk7-testes.com.br\/agazeta\/wp-json\/wp\/v2\/tags?post=25854"}],"curies":[{"name":"wp","href":"https:\/\/api.w.org\/{rel}","templated":true}]}}