{"id":25848,"date":"2016-10-13T21:04:32","date_gmt":"2016-10-13T21:04:32","guid":{"rendered":"https:\/\/abarevegan.com.br\/index.php\/2016\/10\/13\/caso-baiano-a-historia-de-uma-omissao-de-estado\/"},"modified":"2016-10-13T21:04:32","modified_gmt":"2016-10-13T21:04:32","slug":"caso-baiano-a-historia-de-uma-omissao-de-estado","status":"publish","type":"post","link":"https:\/\/nk7-testes.com.br\/agazeta\/caso-baiano-a-historia-de-uma-omissao-de-estado\/","title":{"rendered":"\u201cCaso Baiano\u201d: a hist\u00f3ria de uma omiss\u00e3o de Estado"},"content":{"rendered":"<p style=\"text-align: justify;\">Ap\u00f3s 20 anos, uma filha revoltada cansou do sil\u00eancio<\/p>\n<hr id=\"system-readmore\" \/>\n<p style=\"text-align: justify;\">Passados 20 anos do assassinato mais brutal do Acre, a filha de Agilson Firmino dos Santos, o homem que teve parte dos bra\u00e7os pernas amputados por uma motosserra, decidiu quebrar o sil\u00eancio e falar detalhes da trag\u00e9dia que a fam\u00edlia viveu e cobrar das autoridades do Estado a promessa de uma pens\u00e3o vital\u00edcia.<\/p>\n<p style=\"text-align: justify;\">Emanuela Firmino, hoje com 35 anos, tenta levar uma vida normal, mas \u00e9 dif\u00edcil para ela, a m\u00e3e de 60 anos e o irm\u00e3o Eder Firmino dormirem sem ter pesadelos.<\/p>\n<p style=\"text-align: justify;\">A hist\u00f3ria do \u201cCrime da motosserra\u201d, como ficou conhecida, come\u00e7a num domingo \u00e0s 11:00hs no dia 30 de junho de 1996. Itamar Pascoal, irm\u00e3o de Hildebrando Pascoal, \u00e9 morto em um posto de combust\u00edvel no bairro Bosque depois de uma discuss\u00e3o.<\/p>\n<p style=\"text-align: justify;\">O atirador \u00e9 Jos\u00e9 Hugo Alves. Ele n\u00e3o aceita um tapa no rosto e atira com um rev\u00f3lver no peito de Itamar, que morre na hora. Junto com Hugo, dentro do carro assistindo a tudo, sem nada poder fazer, estava o seu amigo: Agilson Firmino dos Santos, conhecido como \u201cBaiano\u201d.<\/p>\n<p style=\"text-align: justify;\">Os dois sabiam que tinham mexido com a fam\u00edlia errada e fogem do local. Come\u00e7a uma das maiores persegui\u00e7\u00f5es da hist\u00f3ria da pol\u00edcia acriana. Hugo conseguiu sair do Estado, mas \u201cBaiano\u201d \u00e9 capturado logo no dia seguinte em Sena Madureira.<\/p>\n<p style=\"text-align: justify;\">Na ca\u00e7ada, antes de chegar \u00e0 v\u00edtima, um grupo de policiais ligados a Hildebrando vai \u00e0 casa de \u201cBaiano\u201d onde estava a esposa e tr\u00eas filhos menores. A mulher Evanilda Lima de Oliveira \u00e9 levada para o quartel da PM com a desculpa de que o marido tinha sofrido um acidente. Quando volta \u00e0 noite para casa descobre que o filho de 13 anos, Wilder Firmino de Oliveira, tamb\u00e9m tinha sido levado por policiais.<\/p>\n<p style=\"text-align: justify;\">Esses detalhes s\u00e3o revelados pela filha mais velha, Emanuela Firmino de Oliveira, que n\u00e3o quer mostrar o rosto e nem contar onde reside atualmente. Ela resolveu quebrar o sil\u00eancio e contar os horrores que a fam\u00edlia viveu, mexer em cicatrizes ps\u00edquicas que atormentam a mente dos sobreviventes da trag\u00e9dia.<\/p>\n<p style=\"text-align: justify;\">\u201cSe eu viver mil anos nunca esquecerei o terror que vivi no Acre. Perdi de forma bruta meu pai e meu irm\u00e3o e por pouco toda a fam\u00edlia n\u00e3o foi dizimada\u201d, reclamou.<br \/>Na mesma noite em que o pai e o irm\u00e3o n\u00e3o voltaram, m\u00e3e e filha sa\u00edram em busca dos dois pelas delegacias e hospitais sem conseguir not\u00edcias. Na segunda-feira, dia primeiro de julho, elas notam que est\u00e3o sendo seguidas.<\/p>\n<p style=\"text-align: justify;\">Policiais chegam a abord\u00e1-las e amea\u00e7\u00e1-las. Segundo Emanuela, foi nesse momento que descobriu que o irm\u00e3o e o pai estavam prestes a perder a vida. \u201cA gente at\u00e9 aquele momento ainda n\u00e3o tinha entendido o que aconteceu. N\u00e3o sab\u00edamos at\u00e9 que ponto meu pai estava envolvido na morte do Itamar. Nosso desespero s\u00f3 aumentou e ficamos com medo de perder a vida\u201d, falou.<\/p>\n<p style=\"text-align: justify;\">Nesse mesmo dia, \u201cBaiano\u201d \u00e9 capturado e levado para um barrac\u00e3o no bairro Esta\u00e7\u00e3o Experimental, onde hoje \u00e9 um estacionamento. O im\u00f3vel pertencia a Al\u00edpio Ferreira, que depois ser\u00e1 eleito vereador de Rio Branco.<\/p>\n<p style=\"text-align: justify;\">No banheiro do barrac\u00e3o, \u201cBaiano\u201d ficou algemado e passou por todo tipo de tortura. Os olhos s\u00e3o perfurados, um prego \u00e9 colocado na testa. Mas, o terror acontecer\u00e1 com os bra\u00e7os e pernas que ser\u00e3o amputados com uma motosserra.<\/p>\n<p style=\"text-align: justify;\">\u201cEu vi meu pai um dia antes de tudo acontecer. Ele parece que estava adivinhando a morte. Disse para mim: lute por tudo que voc\u00ea desejar, n\u00e3o desista. Foi a \u00faltima coisa que ouvi dele. Depois s\u00f3 vi fotos de meu querido pai sem pernas e bra\u00e7os. Imagina para uma adolescente absorver tanta viol\u00eancia com algu\u00e9m que voc\u00ea ama\u201d, disse chorando.<\/p>\n<p style=\"text-align: justify;\">Na ter\u00e7a-feira, 2 de julho, o corpo de \u201cBaiano\u201d \u00e9 jogado em um terreno baldio na avenida Ant\u00f4nio da Rocha Viana. \u00c9 pelo r\u00e1dio que Emanuela, o outro irm\u00e3o de 12 anos e a m\u00e3e v\u00e3o descobrir que o pai foi assassinado. O locutor fala de um corpo com bra\u00e7os e pernas decepados. Eles n\u00e3o t\u00eam d\u00favidas: ainda v\u00e3o at\u00e9 o IML. Mas, com medo, n\u00e3o entram.<\/p>\n<p style=\"text-align: justify;\">Na \u00e9poca dos crimes, \u201cBaiano\u201d morava com a fam\u00edlia no bairro Prevent\u00f3rio. \u201cNa ter\u00e7a-feira, sa\u00edmos para o IML, mas, com medo, decidimos nos esconder. Nem voltamos para casa. Deixamos para tr\u00e1s documentos, fotos, roupas e todos os bens. Sa\u00edmos pedindo ajuda, muitas pessoas n\u00e3o nos ajudaram porque tamb\u00e9m tinham medo da rea\u00e7\u00e3o da fam\u00edlia Pascoal. Apenas uma amiga deixou a gente ficar escondida por uma semana na casa dela\u201d, contou.<\/p>\n<p style=\"text-align: justify;\">Depois de uma semana escondida apenas com a roupa do corpo, parentes que moram na Bahia enviaram dinheiro para que comprassem passagens e sa\u00edssem do Acre.<br \/>Foi no esconderijo, dois dias depois, na quinta-feira, que veio a not\u00edcia da morte do garoto de 13 anos. Sem poder fazer andar, Evanilda e os filhos choraram baixo e continuaram agarrados uns aos outros.<\/p>\n<p style=\"text-align: justify;\">O copo de Wilder foi encontrado na BR-364 entre Rio Branco e Sena Madureira. A coluna tinha sido quebrada; \u00e1cido foi jogado no peito da crian\u00e7a para dizer onde estava o pai. No final, ainda levou um tiro. O irm\u00e3o de Hildebrando, Pedro Pascoal, foi condenado a 20 anos de pris\u00e3o pelo assassinato do garoto.<\/p>\n<p style=\"text-align: justify;\">A fam\u00edlia de \u201cBaiano\u201d (ou que sobrou dela) conseguiu sair do Acre apenas com a roupa que estava vestida. Na \u00e9poca, Wilder e \u201cBaiano\u201d foram enterrados como indigentes. \u201cEsse trauma dificilmente ser\u00e1 superado. Minha m\u00e3e n\u00e3o que falar do assunto. Vinte anos depois, usa como prote\u00e7\u00e3o o sil\u00eancio. Ela tem 60 anos, mas quando a gente olha parece que tem 90\u201d, comparou.<\/p>\n<p style=\"text-align: justify;\"><strong>O julgamento<\/strong><\/p>\n<p style=\"text-align: justify;\">O caso \u201cBaiano\u201d s\u00f3 vir\u00e1 \u00e0 tona com a pris\u00e3o de Hildebrando Pascoal em 1999. Nem um inqu\u00e9rito policial foi feito em 1996. Um ano depois da morte de \u201cBaiano\u201d, a pol\u00edcia decidiu encerrar o caso alegando que n\u00e3o existia nada que se indicasse o autor do crime.<\/p>\n<p style=\"text-align: justify;\">Toda a cidade sabia quem era o corpo do homem que foi jogado no terreno baldio, por que tinha sido assassinado e os principais culpados, mas houve um pacto de sil\u00eancio entre as autoridades do Estado.<\/p>\n<p style=\"text-align: justify;\">Um ano depois da morte de \u201cBaiano\u201d, dois agentes foram at\u00e9 o local e informaram no inqu\u00e9rito que tinham conversado com algumas pessoas. Como n\u00e3o conseguiram coletar informa\u00e7\u00f5es, podiam encerrar o caso.<\/p>\n<p style=\"text-align: justify;\">Em 2009, Hildebrando e mais oito pessoas foram julgadas pelo crime. Evanilda, Emanuela e o irm\u00e3o Eder voltaram ao Acre depois de 13 anos. Eles contaram durante o depoimento o sofrimento que passaram e assistiram a Hildebrando contar que n\u00e3o tinha matado \u201cBaiano\u201d e que os bra\u00e7os e pernas foram cortados com um ter\u00e7ado por Al\u00edpio Ferreira, que tinha falecido sete anos antes do julgamento.<\/p>\n<p style=\"text-align: justify;\">Ele contou que os membros foram cortados para retirada das algemas. \u201cA pena de 18 anos para Hildebrando foi injusta. Ele acabou com uma fam\u00edlia e mesmo assim a condena\u00e7\u00e3o foi pequena. Quanto aos outros envolvidos, tem deles que foram at\u00e9 absolvidos. N\u00e3o interessa correr atr\u00e1s dessa hist\u00f3ria. N\u00e3o vai trazer meu pai de volta\u201d, criticou.<\/p>\n<p style=\"text-align: justify;\">O que mais revolta Emanuela \u00e9 que passados todos esses anos nunca receberam uma ajuda. Quando soube do sumi\u00e7o do irm\u00e3o, ela e a m\u00e3e ainda procuraram a secretaria de Seguran\u00e7a.<\/p>\n<p style=\"text-align: justify;\">Na \u00e9poca, disseram que nada podiam fazer. \u201cQuando chegou o per\u00edodo do julgamento, o Minist\u00e9rio P\u00fablico prometeu conseguir uma pens\u00e3o vital\u00edcia no valor de mil e oitocentos reais para a m\u00e3e e novecentos reais para cada um dos filhos\u201d. A promessa n\u00e3o foi cumprida e hoje ela nem consegue falar com os promotores e procuradores do caso.<\/p>\n<p style=\"text-align: justify;\">Mais tr\u00eas acusados pela morte de \u201cBaiano\u201d ainda ser\u00e3o julgados: Pedro Pascoal, irm\u00e3o de Hildebrando, e os primos Amaraldo Pascoal e Aureliano Pascoal, que, na \u00e9poca, era comandante da Pol\u00edcia Militar.<\/p>\n<p style=\"text-align: justify;\">Para Emanuela, que tenta levar uma vida normal, essas puni\u00e7\u00f5es n\u00e3o fazem diferen\u00e7a e nem amenizam a dor da fam\u00edlia. O que deve ser feito pelo Estado \u00e9 garantir uma vida mais digna para a fam\u00edlia que passou por muitas necessidades e at\u00e9 hoje ainda encontra dificuldades financeiras.<\/p>\n<p style=\"text-align: justify;\">{youtube}NHHX3TmXvB0&amp;feature=youtu.be{\/youtube}<\/p>\n<p style=\"text-align: justify;\"><img decoding=\"async\" class=\" size-full wp-image-25829\" src=\"https:\/\/nk7-testes.com.br\/wp-content\/uploads\/2016\/10\/1casobaiano.png\" alt=\"1casobaiano\" width=\"500\" height=\"281\" srcset=\"https:\/\/nk7-testes.com.br\/agazeta\/wp-content\/uploads\/2016\/10\/1casobaiano.png 959w, https:\/\/nk7-testes.com.br\/agazeta\/wp-content\/uploads\/2016\/10\/1casobaiano-300x168.png 300w, https:\/\/nk7-testes.com.br\/agazeta\/wp-content\/uploads\/2016\/10\/1casobaiano-768x431.png 768w\" sizes=\"(max-width: 500px) 100vw, 500px\" \/><\/p>\n<p style=\"text-align: justify;\"><img decoding=\"async\" class=\" size-full wp-image-25830\" src=\"https:\/\/nk7-testes.com.br\/wp-content\/uploads\/2016\/10\/2casobaiano.png\" alt=\"2casobaiano\" width=\"500\" height=\"283\" srcset=\"https:\/\/nk7-testes.com.br\/agazeta\/wp-content\/uploads\/2016\/10\/2casobaiano.png 955w, https:\/\/nk7-testes.com.br\/agazeta\/wp-content\/uploads\/2016\/10\/2casobaiano-300x170.png 300w, https:\/\/nk7-testes.com.br\/agazeta\/wp-content\/uploads\/2016\/10\/2casobaiano-768x434.png 768w\" sizes=\"(max-width: 500px) 100vw, 500px\" \/><\/p>\n<p style=\"text-align: justify;\"><img decoding=\"async\" class=\" size-full wp-image-25831\" src=\"https:\/\/nk7-testes.com.br\/wp-content\/uploads\/2016\/10\/3casobaiano.png\" alt=\"3casobaiano\" width=\"500\" srcset=\"https:\/\/nk7-testes.com.br\/agazeta\/wp-content\/uploads\/2016\/10\/3casobaiano.png 941w, https:\/\/nk7-testes.com.br\/agazeta\/wp-content\/uploads\/2016\/10\/3casobaiano-300x172.png 300w, https:\/\/nk7-testes.com.br\/agazeta\/wp-content\/uploads\/2016\/10\/3casobaiano-768x440.png 768w\" sizes=\"(max-width: 941px) 100vw, 941px\" \/><\/p>\n<p style=\"text-align: justify;\"><img decoding=\"async\" class=\" size-full wp-image-25832\" src=\"https:\/\/nk7-testes.com.br\/wp-content\/uploads\/2016\/10\/4casobaiano.png\" alt=\"4casobaiano\" width=\"500\" height=\"280\" srcset=\"https:\/\/nk7-testes.com.br\/agazeta\/wp-content\/uploads\/2016\/10\/4casobaiano.png 1271w, https:\/\/nk7-testes.com.br\/agazeta\/wp-content\/uploads\/2016\/10\/4casobaiano-300x168.png 300w, https:\/\/nk7-testes.com.br\/agazeta\/wp-content\/uploads\/2016\/10\/4casobaiano-1024x574.png 1024w, https:\/\/nk7-testes.com.br\/agazeta\/wp-content\/uploads\/2016\/10\/4casobaiano-768x431.png 768w\" sizes=\"(max-width: 500px) 100vw, 500px\" \/><\/p>\n<p style=\"text-align: justify;\"><img decoding=\"async\" class=\" size-full wp-image-25833\" src=\"https:\/\/nk7-testes.com.br\/wp-content\/uploads\/2016\/10\/5casobaiano.png\" alt=\"5casobaiano\" width=\"500\" srcset=\"https:\/\/nk7-testes.com.br\/agazeta\/wp-content\/uploads\/2016\/10\/5casobaiano.png 1266w, https:\/\/nk7-testes.com.br\/agazeta\/wp-content\/uploads\/2016\/10\/5casobaiano-300x170.png 300w, https:\/\/nk7-testes.com.br\/agazeta\/wp-content\/uploads\/2016\/10\/5casobaiano-1024x579.png 1024w, https:\/\/nk7-testes.com.br\/agazeta\/wp-content\/uploads\/2016\/10\/5casobaiano-768x434.png 768w\" sizes=\"(max-width: 1266px) 100vw, 1266px\" \/><\/p>\n<p style=\"text-align: justify;\"><img decoding=\"async\" class=\" size-full wp-image-25834\" src=\"https:\/\/nk7-testes.com.br\/wp-content\/uploads\/2016\/10\/7casobaiano.png\" alt=\"7casobaiano\" width=\"500\" srcset=\"https:\/\/nk7-testes.com.br\/agazeta\/wp-content\/uploads\/2016\/10\/7casobaiano.png 1273w, https:\/\/nk7-testes.com.br\/agazeta\/wp-content\/uploads\/2016\/10\/7casobaiano-300x169.png 300w, https:\/\/nk7-testes.com.br\/agazeta\/wp-content\/uploads\/2016\/10\/7casobaiano-1024x577.png 1024w, https:\/\/nk7-testes.com.br\/agazeta\/wp-content\/uploads\/2016\/10\/7casobaiano-768x433.png 768w\" sizes=\"(max-width: 1273px) 100vw, 1273px\" \/><\/p>\n<p style=\"text-align: justify;\"><img decoding=\"async\" class=\" size-full wp-image-25835\" src=\"https:\/\/nk7-testes.com.br\/wp-content\/uploads\/2016\/10\/baia4.png\" alt=\"baia4\" width=\"500\" srcset=\"https:\/\/nk7-testes.com.br\/agazeta\/wp-content\/uploads\/2016\/10\/baia4.png 556w, https:\/\/nk7-testes.com.br\/agazeta\/wp-content\/uploads\/2016\/10\/baia4-300x215.png 300w\" sizes=\"(max-width: 556px) 100vw, 556px\" \/><\/p>\n<p style=\"text-align: justify;\"><img decoding=\"async\" class=\" size-full wp-image-25836\" src=\"https:\/\/nk7-testes.com.br\/wp-content\/uploads\/2016\/10\/8casobaiano.png\" alt=\"8casobaiano\" width=\"500\" height=\"285\" srcset=\"https:\/\/nk7-testes.com.br\/agazeta\/wp-content\/uploads\/2016\/10\/8casobaiano.png 1265w, https:\/\/nk7-testes.com.br\/agazeta\/wp-content\/uploads\/2016\/10\/8casobaiano-300x171.png 300w, https:\/\/nk7-testes.com.br\/agazeta\/wp-content\/uploads\/2016\/10\/8casobaiano-1024x583.png 1024w, https:\/\/nk7-testes.com.br\/agazeta\/wp-content\/uploads\/2016\/10\/8casobaiano-768x437.png 768w\" sizes=\"(max-width: 500px) 100vw, 500px\" \/><\/p>\n<p style=\"text-align: justify;\"><img decoding=\"async\" class=\" size-full wp-image-25837\" src=\"https:\/\/nk7-testes.com.br\/wp-content\/uploads\/2016\/10\/casahorrorhild.png\" alt=\"casahorrorhild\" width=\"500\" srcset=\"https:\/\/nk7-testes.com.br\/agazeta\/wp-content\/uploads\/2016\/10\/casahorrorhild.png 479w, https:\/\/nk7-testes.com.br\/agazeta\/wp-content\/uploads\/2016\/10\/casahorrorhild-300x166.png 300w\" sizes=\"(max-width: 479px) 100vw, 479px\" \/><\/p>\n<p style=\"text-align: justify;\"><img decoding=\"async\" class=\" size-full wp-image-25838\" src=\"https:\/\/nk7-testes.com.br\/wp-content\/uploads\/2016\/10\/11casobaiano.png\" alt=\"11casobaiano\" width=\"500\" srcset=\"https:\/\/nk7-testes.com.br\/agazeta\/wp-content\/uploads\/2016\/10\/11casobaiano.png 1110w, https:\/\/nk7-testes.com.br\/agazeta\/wp-content\/uploads\/2016\/10\/11casobaiano-300x194.png 300w, https:\/\/nk7-testes.com.br\/agazeta\/wp-content\/uploads\/2016\/10\/11casobaiano-1024x661.png 1024w, https:\/\/nk7-testes.com.br\/agazeta\/wp-content\/uploads\/2016\/10\/11casobaiano-768x496.png 768w\" sizes=\"(max-width: 1110px) 100vw, 1110px\" \/><\/p>\n<p style=\"text-align: justify;\"><img decoding=\"async\" class=\" size-full wp-image-25839\" src=\"https:\/\/nk7-testes.com.br\/wp-content\/uploads\/2016\/10\/13casobaiano.png\" alt=\"13casobaiano\" width=\"500\" height=\"289\" srcset=\"https:\/\/nk7-testes.com.br\/agazeta\/wp-content\/uploads\/2016\/10\/13casobaiano.png 1234w, https:\/\/nk7-testes.com.br\/agazeta\/wp-content\/uploads\/2016\/10\/13casobaiano-300x174.png 300w, https:\/\/nk7-testes.com.br\/agazeta\/wp-content\/uploads\/2016\/10\/13casobaiano-1024x592.png 1024w, https:\/\/nk7-testes.com.br\/agazeta\/wp-content\/uploads\/2016\/10\/13casobaiano-768x444.png 768w\" sizes=\"(max-width: 500px) 100vw, 500px\" \/><\/p>\n<p style=\"text-align: justify;\"><img decoding=\"async\" class=\" size-full wp-image-25840\" src=\"https:\/\/nk7-testes.com.br\/wp-content\/uploads\/2016\/10\/14casobaiano.png\" alt=\"14casobaiano\" width=\"500\" srcset=\"https:\/\/nk7-testes.com.br\/agazeta\/wp-content\/uploads\/2016\/10\/14casobaiano.png 1233w, https:\/\/nk7-testes.com.br\/agazeta\/wp-content\/uploads\/2016\/10\/14casobaiano-300x174.png 300w, https:\/\/nk7-testes.com.br\/agazeta\/wp-content\/uploads\/2016\/10\/14casobaiano-1024x595.png 1024w, https:\/\/nk7-testes.com.br\/agazeta\/wp-content\/uploads\/2016\/10\/14casobaiano-768x447.png 768w\" sizes=\"(max-width: 1233px) 100vw, 1233px\" \/><\/p>\n<p style=\"text-align: justify;\"><img decoding=\"async\" class=\" size-full wp-image-25841\" src=\"https:\/\/nk7-testes.com.br\/wp-content\/uploads\/2016\/10\/16casobaiano.png\" alt=\"16casobaiano\" width=\"500\" srcset=\"https:\/\/nk7-testes.com.br\/agazeta\/wp-content\/uploads\/2016\/10\/16casobaiano.png 875w, https:\/\/nk7-testes.com.br\/agazeta\/wp-content\/uploads\/2016\/10\/16casobaiano-300x244.png 300w, https:\/\/nk7-testes.com.br\/agazeta\/wp-content\/uploads\/2016\/10\/16casobaiano-768x625.png 768w\" sizes=\"(max-width: 875px) 100vw, 875px\" \/><\/p>\n<p style=\"text-align: justify;\"><img decoding=\"async\" class=\" size-full wp-image-25842\" src=\"https:\/\/nk7-testes.com.br\/wp-content\/uploads\/2016\/10\/17casobaiano.png\" alt=\"17casobaiano\" width=\"500\" srcset=\"https:\/\/nk7-testes.com.br\/agazeta\/wp-content\/uploads\/2016\/10\/17casobaiano.png 1274w, https:\/\/nk7-testes.com.br\/agazeta\/wp-content\/uploads\/2016\/10\/17casobaiano-300x168.png 300w, https:\/\/nk7-testes.com.br\/agazeta\/wp-content\/uploads\/2016\/10\/17casobaiano-1024x574.png 1024w, https:\/\/nk7-testes.com.br\/agazeta\/wp-content\/uploads\/2016\/10\/17casobaiano-768x430.png 768w\" sizes=\"(max-width: 1274px) 100vw, 1274px\" \/><\/p>\n<p style=\"text-align: justify;\"><img decoding=\"async\" class=\" size-full wp-image-25843\" src=\"https:\/\/nk7-testes.com.br\/wp-content\/uploads\/2016\/10\/18casobaiano.png\" alt=\"18casobaiano\" width=\"500\" srcset=\"https:\/\/nk7-testes.com.br\/agazeta\/wp-content\/uploads\/2016\/10\/18casobaiano.png 947w, https:\/\/nk7-testes.com.br\/agazeta\/wp-content\/uploads\/2016\/10\/18casobaiano-300x227.png 300w, https:\/\/nk7-testes.com.br\/agazeta\/wp-content\/uploads\/2016\/10\/18casobaiano-768x582.png 768w\" sizes=\"(max-width: 947px) 100vw, 947px\" \/><\/p>\n<p style=\"text-align: justify;\"><img decoding=\"async\" class=\" size-full wp-image-25844\" src=\"https:\/\/nk7-testes.com.br\/wp-content\/uploads\/2016\/10\/19casobaiano.png\" alt=\"19casobaiano\" width=\"500\" srcset=\"https:\/\/nk7-testes.com.br\/agazeta\/wp-content\/uploads\/2016\/10\/19casobaiano.png 946w, https:\/\/nk7-testes.com.br\/agazeta\/wp-content\/uploads\/2016\/10\/19casobaiano-300x227.png 300w, https:\/\/nk7-testes.com.br\/agazeta\/wp-content\/uploads\/2016\/10\/19casobaiano-768x581.png 768w\" sizes=\"(max-width: 946px) 100vw, 946px\" \/><\/p>\n<p style=\"text-align: justify;\"><img decoding=\"async\" class=\" size-full wp-image-25845\" src=\"https:\/\/nk7-testes.com.br\/wp-content\/uploads\/2016\/10\/20casobaiano.png\" alt=\"20casobaiano\" width=\"500\" srcset=\"https:\/\/nk7-testes.com.br\/agazeta\/wp-content\/uploads\/2016\/10\/20casobaiano.png 947w, https:\/\/nk7-testes.com.br\/agazeta\/wp-content\/uploads\/2016\/10\/20casobaiano-300x227.png 300w, https:\/\/nk7-testes.com.br\/agazeta\/wp-content\/uploads\/2016\/10\/20casobaiano-768x581.png 768w\" sizes=\"(max-width: 947px) 100vw, 947px\" \/><\/p>\n<p style=\"text-align: justify;\"><img decoding=\"async\" class=\" size-full wp-image-25846\" src=\"https:\/\/nk7-testes.com.br\/wp-content\/uploads\/2016\/10\/21casobaiano.png\" alt=\"21casobaiano\" width=\"500\" srcset=\"https:\/\/nk7-testes.com.br\/agazeta\/wp-content\/uploads\/2016\/10\/21casobaiano.png 946w, https:\/\/nk7-testes.com.br\/agazeta\/wp-content\/uploads\/2016\/10\/21casobaiano-300x227.png 300w, https:\/\/nk7-testes.com.br\/agazeta\/wp-content\/uploads\/2016\/10\/21casobaiano-768x581.png 768w\" sizes=\"(max-width: 946px) 100vw, 946px\" \/><\/p>\n<p style=\"text-align: justify;\"><img decoding=\"async\" class=\" size-full wp-image-25847\" src=\"https:\/\/nk7-testes.com.br\/wp-content\/uploads\/2016\/10\/cannaneles.png\" alt=\"cannaneles\" width=\"500\" srcset=\"https:\/\/nk7-testes.com.br\/agazeta\/wp-content\/uploads\/2016\/10\/cannaneles.png 799w, https:\/\/nk7-testes.com.br\/agazeta\/wp-content\/uploads\/2016\/10\/cannaneles-300x213.png 300w, https:\/\/nk7-testes.com.br\/agazeta\/wp-content\/uploads\/2016\/10\/cannaneles-768x545.png 768w\" sizes=\"(max-width: 799px) 100vw, 799px\" \/><\/p>\n","protected":false},"excerpt":{"rendered":"<p style=\"text-align: justify;\">Ap\u00f3s 20 anos, uma filha revoltada cansou do sil\u00eancio<\/p>\n","protected":false},"author":4,"featured_media":25828,"comment_status":"open","ping_status":"open","sticky":false,"template":"","format":"standard","meta":{"jnews-multi-image_gallery":[],"jnews_single_post":[],"jnews_primary_category":[],"jnews_social_meta":[],"jnews_review":[],"enable_review":"","type":"","name":"","summary":"","brand":"","sku":"","good":[],"bad":[],"score_override":"","override_value":"","rating":[],"price":[],"footnotes":""},"categories":[44],"tags":[],"class_list":["post-25848","post","type-post","status-publish","format-standard","has-post-thumbnail","hentry","category-policia"],"yoast_head":"<!-- This site is optimized with the Yoast SEO plugin v26.5 - https:\/\/yoast.com\/wordpress\/plugins\/seo\/ -->\n<title>\u201cCaso Baiano\u201d: a hist\u00f3ria de uma omiss\u00e3o de Estado - Agazeta.net<\/title>\n<meta name=\"robots\" content=\"index, follow, max-snippet:-1, max-image-preview:large, max-video-preview:-1\" \/>\n<link rel=\"canonical\" href=\"https:\/\/nk7-testes.com.br\/agazeta\/caso-baiano-a-historia-de-uma-omissao-de-estado\/\" \/>\n<meta property=\"og:locale\" content=\"pt_BR\" \/>\n<meta property=\"og:type\" content=\"article\" \/>\n<meta property=\"og:title\" content=\"\u201cCaso Baiano\u201d: a hist\u00f3ria de uma omiss\u00e3o de Estado - Agazeta.net\" \/>\n<meta property=\"og:description\" content=\"Ap\u00f3s 20 anos, uma filha revoltada cansou do sil\u00eancio\" \/>\n<meta property=\"og:url\" content=\"https:\/\/nk7-testes.com.br\/agazeta\/caso-baiano-a-historia-de-uma-omissao-de-estado\/\" \/>\n<meta property=\"og:site_name\" content=\"Agazeta.net\" \/>\n<meta property=\"article:published_time\" content=\"2016-10-13T21:04:32+00:00\" \/>\n<meta property=\"og:image\" content=\"https:\/\/nk7-testes.com.br\/agazeta\/wp-content\/uploads\/2016\/10\/131016-policia-casobaiano20anos-tvgazeta.jpg\" \/>\n\t<meta property=\"og:image:width\" content=\"458\" \/>\n\t<meta property=\"og:image:height\" content=\"340\" \/>\n\t<meta property=\"og:image:type\" content=\"image\/jpeg\" \/>\n<meta name=\"author\" content=\"Agazeta.Net\" \/>\n<meta name=\"twitter:card\" content=\"summary_large_image\" \/>\n<meta name=\"twitter:label1\" content=\"Escrito por\" \/>\n\t<meta name=\"twitter:data1\" content=\"Agazeta.Net\" \/>\n\t<meta name=\"twitter:label2\" content=\"Est. tempo de leitura\" \/>\n\t<meta name=\"twitter:data2\" content=\"7 minutos\" \/>\n<script type=\"application\/ld+json\" class=\"yoast-schema-graph\">{\"@context\":\"https:\/\/schema.org\",\"@graph\":[{\"@type\":\"WebPage\",\"@id\":\"https:\/\/nk7-testes.com.br\/agazeta\/caso-baiano-a-historia-de-uma-omissao-de-estado\/\",\"url\":\"https:\/\/nk7-testes.com.br\/agazeta\/caso-baiano-a-historia-de-uma-omissao-de-estado\/\",\"name\":\"\u201cCaso Baiano\u201d: a hist\u00f3ria de uma omiss\u00e3o de Estado - Agazeta.net\",\"isPartOf\":{\"@id\":\"https:\/\/nk7-testes.com.br\/agazeta\/#website\"},\"primaryImageOfPage\":{\"@id\":\"https:\/\/nk7-testes.com.br\/agazeta\/caso-baiano-a-historia-de-uma-omissao-de-estado\/#primaryimage\"},\"image\":{\"@id\":\"https:\/\/nk7-testes.com.br\/agazeta\/caso-baiano-a-historia-de-uma-omissao-de-estado\/#primaryimage\"},\"thumbnailUrl\":\"https:\/\/nk7-testes.com.br\/agazeta\/wp-content\/uploads\/2016\/10\/131016-policia-casobaiano20anos-tvgazeta.jpg\",\"datePublished\":\"2016-10-13T21:04:32+00:00\",\"author\":{\"@id\":\"https:\/\/nk7-testes.com.br\/agazeta\/#\/schema\/person\/6d6e25cb0435eb4a02fd44d30b4e3020\"},\"breadcrumb\":{\"@id\":\"https:\/\/nk7-testes.com.br\/agazeta\/caso-baiano-a-historia-de-uma-omissao-de-estado\/#breadcrumb\"},\"inLanguage\":\"pt-BR\",\"potentialAction\":[{\"@type\":\"ReadAction\",\"target\":[\"https:\/\/nk7-testes.com.br\/agazeta\/caso-baiano-a-historia-de-uma-omissao-de-estado\/\"]}]},{\"@type\":\"ImageObject\",\"inLanguage\":\"pt-BR\",\"@id\":\"https:\/\/nk7-testes.com.br\/agazeta\/caso-baiano-a-historia-de-uma-omissao-de-estado\/#primaryimage\",\"url\":\"https:\/\/nk7-testes.com.br\/agazeta\/wp-content\/uploads\/2016\/10\/131016-policia-casobaiano20anos-tvgazeta.jpg\",\"contentUrl\":\"https:\/\/nk7-testes.com.br\/agazeta\/wp-content\/uploads\/2016\/10\/131016-policia-casobaiano20anos-tvgazeta.jpg\",\"width\":458,\"height\":340,\"caption\":\"131016-policia-casobaiano20anos-tvgazeta\"},{\"@type\":\"BreadcrumbList\",\"@id\":\"https:\/\/nk7-testes.com.br\/agazeta\/caso-baiano-a-historia-de-uma-omissao-de-estado\/#breadcrumb\",\"itemListElement\":[{\"@type\":\"ListItem\",\"position\":1,\"name\":\"In\u00edcio\",\"item\":\"https:\/\/nk7-testes.com.br\/agazeta\/\"},{\"@type\":\"ListItem\",\"position\":2,\"name\":\"\u201cCaso Baiano\u201d: a hist\u00f3ria de uma omiss\u00e3o de Estado\"}]},{\"@type\":\"WebSite\",\"@id\":\"https:\/\/nk7-testes.com.br\/agazeta\/#website\",\"url\":\"https:\/\/nk7-testes.com.br\/agazeta\/\",\"name\":\"Agazeta.net\",\"description\":\"Agazeta.net - Not\u00edcias de Rio Branco\/AC\",\"potentialAction\":[{\"@type\":\"SearchAction\",\"target\":{\"@type\":\"EntryPoint\",\"urlTemplate\":\"https:\/\/nk7-testes.com.br\/agazeta\/?s={search_term_string}\"},\"query-input\":{\"@type\":\"PropertyValueSpecification\",\"valueRequired\":true,\"valueName\":\"search_term_string\"}}],\"inLanguage\":\"pt-BR\"},{\"@type\":\"Person\",\"@id\":\"https:\/\/nk7-testes.com.br\/agazeta\/#\/schema\/person\/6d6e25cb0435eb4a02fd44d30b4e3020\",\"name\":\"Agazeta.Net\",\"url\":\"https:\/\/nk7-testes.com.br\/agazeta\/author\/agazeta\/\"}]}<\/script>\n<!-- \/ Yoast SEO plugin. -->","yoast_head_json":{"title":"\u201cCaso Baiano\u201d: a hist\u00f3ria de uma omiss\u00e3o de Estado - Agazeta.net","robots":{"index":"index","follow":"follow","max-snippet":"max-snippet:-1","max-image-preview":"max-image-preview:large","max-video-preview":"max-video-preview:-1"},"canonical":"https:\/\/nk7-testes.com.br\/agazeta\/caso-baiano-a-historia-de-uma-omissao-de-estado\/","og_locale":"pt_BR","og_type":"article","og_title":"\u201cCaso Baiano\u201d: a hist\u00f3ria de uma omiss\u00e3o de Estado - Agazeta.net","og_description":"Ap\u00f3s 20 anos, uma filha revoltada cansou do sil\u00eancio","og_url":"https:\/\/nk7-testes.com.br\/agazeta\/caso-baiano-a-historia-de-uma-omissao-de-estado\/","og_site_name":"Agazeta.net","article_published_time":"2016-10-13T21:04:32+00:00","og_image":[{"width":458,"height":340,"url":"https:\/\/nk7-testes.com.br\/agazeta\/wp-content\/uploads\/2016\/10\/131016-policia-casobaiano20anos-tvgazeta.jpg","type":"image\/jpeg"}],"author":"Agazeta.Net","twitter_card":"summary_large_image","twitter_misc":{"Escrito por":"Agazeta.Net","Est. tempo de leitura":"7 minutos"},"schema":{"@context":"https:\/\/schema.org","@graph":[{"@type":"WebPage","@id":"https:\/\/nk7-testes.com.br\/agazeta\/caso-baiano-a-historia-de-uma-omissao-de-estado\/","url":"https:\/\/nk7-testes.com.br\/agazeta\/caso-baiano-a-historia-de-uma-omissao-de-estado\/","name":"\u201cCaso Baiano\u201d: a hist\u00f3ria de uma omiss\u00e3o de Estado - Agazeta.net","isPartOf":{"@id":"https:\/\/nk7-testes.com.br\/agazeta\/#website"},"primaryImageOfPage":{"@id":"https:\/\/nk7-testes.com.br\/agazeta\/caso-baiano-a-historia-de-uma-omissao-de-estado\/#primaryimage"},"image":{"@id":"https:\/\/nk7-testes.com.br\/agazeta\/caso-baiano-a-historia-de-uma-omissao-de-estado\/#primaryimage"},"thumbnailUrl":"https:\/\/nk7-testes.com.br\/agazeta\/wp-content\/uploads\/2016\/10\/131016-policia-casobaiano20anos-tvgazeta.jpg","datePublished":"2016-10-13T21:04:32+00:00","author":{"@id":"https:\/\/nk7-testes.com.br\/agazeta\/#\/schema\/person\/6d6e25cb0435eb4a02fd44d30b4e3020"},"breadcrumb":{"@id":"https:\/\/nk7-testes.com.br\/agazeta\/caso-baiano-a-historia-de-uma-omissao-de-estado\/#breadcrumb"},"inLanguage":"pt-BR","potentialAction":[{"@type":"ReadAction","target":["https:\/\/nk7-testes.com.br\/agazeta\/caso-baiano-a-historia-de-uma-omissao-de-estado\/"]}]},{"@type":"ImageObject","inLanguage":"pt-BR","@id":"https:\/\/nk7-testes.com.br\/agazeta\/caso-baiano-a-historia-de-uma-omissao-de-estado\/#primaryimage","url":"https:\/\/nk7-testes.com.br\/agazeta\/wp-content\/uploads\/2016\/10\/131016-policia-casobaiano20anos-tvgazeta.jpg","contentUrl":"https:\/\/nk7-testes.com.br\/agazeta\/wp-content\/uploads\/2016\/10\/131016-policia-casobaiano20anos-tvgazeta.jpg","width":458,"height":340,"caption":"131016-policia-casobaiano20anos-tvgazeta"},{"@type":"BreadcrumbList","@id":"https:\/\/nk7-testes.com.br\/agazeta\/caso-baiano-a-historia-de-uma-omissao-de-estado\/#breadcrumb","itemListElement":[{"@type":"ListItem","position":1,"name":"In\u00edcio","item":"https:\/\/nk7-testes.com.br\/agazeta\/"},{"@type":"ListItem","position":2,"name":"\u201cCaso Baiano\u201d: a hist\u00f3ria de uma omiss\u00e3o de Estado"}]},{"@type":"WebSite","@id":"https:\/\/nk7-testes.com.br\/agazeta\/#website","url":"https:\/\/nk7-testes.com.br\/agazeta\/","name":"Agazeta.net","description":"Agazeta.net - Not\u00edcias de Rio Branco\/AC","potentialAction":[{"@type":"SearchAction","target":{"@type":"EntryPoint","urlTemplate":"https:\/\/nk7-testes.com.br\/agazeta\/?s={search_term_string}"},"query-input":{"@type":"PropertyValueSpecification","valueRequired":true,"valueName":"search_term_string"}}],"inLanguage":"pt-BR"},{"@type":"Person","@id":"https:\/\/nk7-testes.com.br\/agazeta\/#\/schema\/person\/6d6e25cb0435eb4a02fd44d30b4e3020","name":"Agazeta.Net","url":"https:\/\/nk7-testes.com.br\/agazeta\/author\/agazeta\/"}]}},"_links":{"self":[{"href":"https:\/\/nk7-testes.com.br\/agazeta\/wp-json\/wp\/v2\/posts\/25848","targetHints":{"allow":["GET"]}}],"collection":[{"href":"https:\/\/nk7-testes.com.br\/agazeta\/wp-json\/wp\/v2\/posts"}],"about":[{"href":"https:\/\/nk7-testes.com.br\/agazeta\/wp-json\/wp\/v2\/types\/post"}],"author":[{"embeddable":true,"href":"https:\/\/nk7-testes.com.br\/agazeta\/wp-json\/wp\/v2\/users\/4"}],"replies":[{"embeddable":true,"href":"https:\/\/nk7-testes.com.br\/agazeta\/wp-json\/wp\/v2\/comments?post=25848"}],"version-history":[{"count":0,"href":"https:\/\/nk7-testes.com.br\/agazeta\/wp-json\/wp\/v2\/posts\/25848\/revisions"}],"wp:featuredmedia":[{"embeddable":true,"href":"https:\/\/nk7-testes.com.br\/agazeta\/wp-json\/wp\/v2\/media\/25828"}],"wp:attachment":[{"href":"https:\/\/nk7-testes.com.br\/agazeta\/wp-json\/wp\/v2\/media?parent=25848"}],"wp:term":[{"taxonomy":"category","embeddable":true,"href":"https:\/\/nk7-testes.com.br\/agazeta\/wp-json\/wp\/v2\/categories?post=25848"},{"taxonomy":"post_tag","embeddable":true,"href":"https:\/\/nk7-testes.com.br\/agazeta\/wp-json\/wp\/v2\/tags?post=25848"}],"curies":[{"name":"wp","href":"https:\/\/api.w.org\/{rel}","templated":true}]}}