{"id":25827,"date":"2016-10-13T20:34:09","date_gmt":"2016-10-13T20:34:09","guid":{"rendered":"https:\/\/abarevegan.com.br\/index.php\/2016\/10\/13\/burocracia-atrapalha-ampliacao-de-policlinica\/"},"modified":"2016-10-13T20:34:09","modified_gmt":"2016-10-13T20:34:09","slug":"burocracia-atrapalha-ampliacao-de-policlinica","status":"publish","type":"post","link":"https:\/\/nk7-testes.com.br\/agazeta\/burocracia-atrapalha-ampliacao-de-policlinica\/","title":{"rendered":"Burocracia atrapalha amplia\u00e7\u00e3o de Policl\u00ednica"},"content":{"rendered":"<p style=\"text-align: justify;\"><span style=\"font-size: 12pt; line-height: 115%; font-family: 'Times New Roman', serif;\"><\/span><\/p>\n<p style=\"text-align: justify;\">Associa\u00e7\u00e3o denuncia morosidade do comando<\/p>\n<p style=\"text-align: justify;\"><span style=\"font-size: 12pt; line-height: 115%; font-family: 'Times New Roman', serif;\"><\/span><\/p>\n<p style=\"text-align: justify;\">O of\u00edcio enviado pela Associa\u00e7\u00e3o dos Militares do Acre (Ameac) ao comando da Pol\u00edcia Militar pede pressa na elabora\u00e7\u00e3o do projeto de reforma, amplia\u00e7\u00e3o da Policl\u00ednica, al\u00e9m da aquisi\u00e7\u00e3o de materiais destinados \u00e0 sa\u00fade dos policiais.<\/p>\n<p style=\"text-align: justify;\"><span style=\"font-size: 12pt; line-height: 115%; font-family: 'Times New Roman', serif;\"><\/span><\/p>\n<p style=\"text-align: justify;\">De acordo com o que informou o presidente da Ameac, Joelson Dias, o senador Gladson Cameli ofereceu ajuda por meio de emenda parlamentar, a fim de melhorar o atendimento na Policl\u00ednica.<\/p>\n<p style=\"text-align: justify;\"><span style=\"font-size: 12pt; line-height: 115%; font-family: 'Times New Roman', serif;\"><\/span><\/p>\n<p style=\"text-align: justify;\">O recurso foi tratado no in\u00edcio de abril. Em julho, houve uma reuni\u00e3o entre a associa\u00e7\u00e3o e o comando da PM. Ficou decidido, a partir da\u00ed, que um projeto seria realizado para atender ao pedido do senador e do deputado federal Major Rocha, que tamb\u00e9m se prontificou em destinar emendas.<\/p>\n<p style=\"text-align: justify;\"><span style=\"font-size: 12pt; line-height: 115%; font-family: 'Times New Roman', serif;\"><\/span><\/p>\n<p style=\"text-align: justify;\">\u201cAt\u00e9 o presente momento, nenhum projeto foi enviado, muito menos o comando procurou contato com a assessoria do senador, o que reflete pra gente um descaso, n\u00e3o s\u00f3 com o pr\u00f3prio senador que se prontificou ajudar a institui\u00e7\u00e3o, mas com a pr\u00f3pria institui\u00e7\u00e3o que necessita do envio desses recursos\u201d, alegou Dias.<\/p>\n<p style=\"text-align: justify;\"><span style=\"font-size: 12pt; line-height: 115%; font-family: 'Times New Roman', serif;\"><\/span><\/p>\n<p style=\"text-align: justify;\">Neste sentido, a alega\u00e7\u00e3o da Ameac \u00e9 que o comando n\u00e3o tem dado a devida aten\u00e7\u00e3o para o caso por quest\u00f5es pol\u00edticas, uma vez que os parlamentares fazem oposi\u00e7\u00e3o ao Governo do Estado.<\/p>\n<p style=\"text-align: justify;\"><span style=\"font-size: 12pt; line-height: 115%; font-family: 'Times New Roman', serif;\"><\/span><\/p>\n<p style=\"text-align: justify;\">Por outro lado, o comandante em exerc\u00edcio da corpora\u00e7\u00e3o, coronel Ulysses Ara\u00fajo, declarou que o senador se disponibilizou a ajudar, mas n\u00e3o solicitou nada \u00e0 PM.<br \/>Mesmo assim, o coronel explica que um documento com todas as informa\u00e7\u00f5es com os recursos necess\u00e1rios para esses investimentos est\u00e1 sendo realizado, mas n\u00e3o h\u00e1 prazo para isso.<\/p>\n<p style=\"text-align: justify;\"><span style=\"font-size: 12pt; line-height: 115%; font-family: 'Times New Roman', serif;\"><\/span><\/p>\n<p style=\"text-align: justify;\">\u201cA respeito do que foi dito apenas houve uma conversa, eu inclusive estive pessoalmente com o senador Gladson Cameli e ele disse que tinha inten\u00e7\u00e3o de ajudar a Pol\u00edcia Militar e que fiz\u00e9ssemos o levantamento, e esse levantamento est\u00e1 sendo feito estamos fazendo projetos estruturais de amplia\u00e7\u00e3o, reestrutura\u00e7\u00e3o, (&#8230;) mas n\u00e3o existe at\u00e9 o momento nenhuma indica\u00e7\u00e3o, nenhuma emenda e nenhum recurso destinado pra isso\u201d, explicou coronel Ulysses.<\/p>\n<p style=\"text-align: justify;\"><span style=\"font-size: 12pt; line-height: 115%; font-family: 'Times New Roman', serif;\"><\/span><\/p>\n<p style=\"text-align: justify;\">O diretor da Policl\u00ednica, Wagner Stanislau, confirmou que tanto o comando da PM quanto a presid\u00eancia da Ameac j\u00e1 anunciaram que o senador tem interesse em destinar esse recurso.<\/p>\n<p style=\"text-align: justify;\"><span style=\"font-size: 12pt; line-height: 115%; font-family: 'Times New Roman', serif;\"><\/span><\/p>\n<p style=\"text-align: justify;\">Ele mesmo \u00e9 o respons\u00e1vel pela elabora\u00e7\u00e3o do projeto que contempla esses interesses. \u201cO senador Gladson Cameli tem uma emenda que proporcionaria \u00e0 Policl\u00ednica melhorias financeiras em todos os aspectos e est\u00e1 em tr\u00e2mite\u201d, afirmou.<\/p>\n<p style=\"text-align: justify;\"><span style=\"font-size: 12pt; line-height: 115%; font-family: 'Times New Roman', serif;\"><\/span><\/p>\n<p style=\"text-align: justify;\">O comandante em exerc\u00edcio da PM nega que o problema esteja sendo gerado por um entrave pol\u00edtico. \u201cA Pol\u00edcia Militar n\u00e3o tem lado, n\u00e3o tem pol\u00edtica. A Pol\u00edcia Militar \u00e9 patrim\u00f4nio hist\u00f3rico do povo, da sociedade acriana. \u00c9 uma institui\u00e7\u00e3o permanente\u201d.<\/p>\n<p style=\"text-align: justify;\"><span style=\"font-size: 12pt; line-height: 115%; font-family: 'Times New Roman', serif;\"><\/span><\/p>\n<p style=\"text-align: justify;\">Mas, para Dias, existe apenas uma explica\u00e7\u00e3o para o problema. \u201cO que nos interessa \u00e9 resolver os problemas, porque esses problemas se n\u00e3o forem resolvidos, v\u00e3o refletir na sociedade. Hoje n\u00f3s estamos tendo problemas para trazer recursos do senador Gladson para policl\u00ednica, amanh\u00e3 a gente vai ter problemas de trazer recursos de outros parlamentares pra compra viaturas, para compra de coletes pra compra de armamentos tudo por conta de problemas pol\u00edticos, problemas partid\u00e1rios\u201d.<\/p>\n","protected":false},"excerpt":{"rendered":"<p style=\"text-align: justify;\"><span style=\"font-size: 12pt; line-height: 115%; font-family: 'Times New Roman', serif;\"><\/span><\/p>\n<p style=\"text-align: justify;\">Associa\u00e7\u00e3o denuncia morosidade do comando<\/p>\n","protected":false},"author":4,"featured_media":25826,"comment_status":"open","ping_status":"open","sticky":false,"template":"","format":"standard","meta":{"jnews-multi-image_gallery":[],"jnews_single_post":[],"jnews_primary_category":[],"jnews_social_meta":[],"jnews_review":[],"enable_review":"","type":"","name":"","summary":"","brand":"","sku":"","good":[],"bad":[],"score_override":"","override_value":"","rating":[],"price":[],"footnotes":""},"categories":[44],"tags":[],"class_list":["post-25827","post","type-post","status-publish","format-standard","has-post-thumbnail","hentry","category-policia"],"yoast_head":"<!-- This site is optimized with the Yoast SEO plugin v26.5 - https:\/\/yoast.com\/wordpress\/plugins\/seo\/ -->\n<title>Burocracia atrapalha amplia\u00e7\u00e3o de Policl\u00ednica - Agazeta.net<\/title>\n<meta name=\"robots\" content=\"index, follow, max-snippet:-1, max-image-preview:large, max-video-preview:-1\" \/>\n<link rel=\"canonical\" href=\"https:\/\/nk7-testes.com.br\/agazeta\/burocracia-atrapalha-ampliacao-de-policlinica\/\" \/>\n<meta property=\"og:locale\" content=\"pt_BR\" \/>\n<meta property=\"og:type\" content=\"article\" \/>\n<meta property=\"og:title\" content=\"Burocracia atrapalha amplia\u00e7\u00e3o de Policl\u00ednica - Agazeta.net\" \/>\n<meta property=\"og:description\" content=\"Associa\u00e7\u00e3o denuncia morosidade do comando\" \/>\n<meta property=\"og:url\" content=\"https:\/\/nk7-testes.com.br\/agazeta\/burocracia-atrapalha-ampliacao-de-policlinica\/\" \/>\n<meta property=\"og:site_name\" content=\"Agazeta.net\" \/>\n<meta property=\"article:published_time\" content=\"2016-10-13T20:34:09+00:00\" \/>\n<meta property=\"og:image\" content=\"https:\/\/nk7-testes.com.br\/agazeta\/wp-content\/uploads\/2016\/10\/131016-policia-joelsondias-blogdosmilitares.jpg\" \/>\n\t<meta property=\"og:image:width\" content=\"458\" \/>\n\t<meta property=\"og:image:height\" content=\"340\" \/>\n\t<meta property=\"og:image:type\" content=\"image\/jpeg\" \/>\n<meta name=\"author\" content=\"Agazeta.Net\" \/>\n<meta name=\"twitter:card\" content=\"summary_large_image\" \/>\n<meta name=\"twitter:label1\" content=\"Escrito por\" \/>\n\t<meta name=\"twitter:data1\" content=\"Agazeta.Net\" \/>\n\t<meta name=\"twitter:label2\" content=\"Est. tempo de leitura\" \/>\n\t<meta name=\"twitter:data2\" content=\"3 minutos\" \/>\n<script type=\"application\/ld+json\" class=\"yoast-schema-graph\">{\"@context\":\"https:\/\/schema.org\",\"@graph\":[{\"@type\":\"WebPage\",\"@id\":\"https:\/\/nk7-testes.com.br\/agazeta\/burocracia-atrapalha-ampliacao-de-policlinica\/\",\"url\":\"https:\/\/nk7-testes.com.br\/agazeta\/burocracia-atrapalha-ampliacao-de-policlinica\/\",\"name\":\"Burocracia atrapalha amplia\u00e7\u00e3o de Policl\u00ednica - Agazeta.net\",\"isPartOf\":{\"@id\":\"https:\/\/nk7-testes.com.br\/agazeta\/#website\"},\"primaryImageOfPage\":{\"@id\":\"https:\/\/nk7-testes.com.br\/agazeta\/burocracia-atrapalha-ampliacao-de-policlinica\/#primaryimage\"},\"image\":{\"@id\":\"https:\/\/nk7-testes.com.br\/agazeta\/burocracia-atrapalha-ampliacao-de-policlinica\/#primaryimage\"},\"thumbnailUrl\":\"https:\/\/nk7-testes.com.br\/agazeta\/wp-content\/uploads\/2016\/10\/131016-policia-joelsondias-blogdosmilitares.jpg\",\"datePublished\":\"2016-10-13T20:34:09+00:00\",\"author\":{\"@id\":\"https:\/\/nk7-testes.com.br\/agazeta\/#\/schema\/person\/6d6e25cb0435eb4a02fd44d30b4e3020\"},\"breadcrumb\":{\"@id\":\"https:\/\/nk7-testes.com.br\/agazeta\/burocracia-atrapalha-ampliacao-de-policlinica\/#breadcrumb\"},\"inLanguage\":\"pt-BR\",\"potentialAction\":[{\"@type\":\"ReadAction\",\"target\":[\"https:\/\/nk7-testes.com.br\/agazeta\/burocracia-atrapalha-ampliacao-de-policlinica\/\"]}]},{\"@type\":\"ImageObject\",\"inLanguage\":\"pt-BR\",\"@id\":\"https:\/\/nk7-testes.com.br\/agazeta\/burocracia-atrapalha-ampliacao-de-policlinica\/#primaryimage\",\"url\":\"https:\/\/nk7-testes.com.br\/agazeta\/wp-content\/uploads\/2016\/10\/131016-policia-joelsondias-blogdosmilitares.jpg\",\"contentUrl\":\"https:\/\/nk7-testes.com.br\/agazeta\/wp-content\/uploads\/2016\/10\/131016-policia-joelsondias-blogdosmilitares.jpg\",\"width\":458,\"height\":340,\"caption\":\"131016-policia-joelsondias-blogdosmilitares\"},{\"@type\":\"BreadcrumbList\",\"@id\":\"https:\/\/nk7-testes.com.br\/agazeta\/burocracia-atrapalha-ampliacao-de-policlinica\/#breadcrumb\",\"itemListElement\":[{\"@type\":\"ListItem\",\"position\":1,\"name\":\"In\u00edcio\",\"item\":\"https:\/\/nk7-testes.com.br\/agazeta\/\"},{\"@type\":\"ListItem\",\"position\":2,\"name\":\"Burocracia atrapalha amplia\u00e7\u00e3o de Policl\u00ednica\"}]},{\"@type\":\"WebSite\",\"@id\":\"https:\/\/nk7-testes.com.br\/agazeta\/#website\",\"url\":\"https:\/\/nk7-testes.com.br\/agazeta\/\",\"name\":\"Agazeta.net\",\"description\":\"Agazeta.net - Not\u00edcias de Rio Branco\/AC\",\"potentialAction\":[{\"@type\":\"SearchAction\",\"target\":{\"@type\":\"EntryPoint\",\"urlTemplate\":\"https:\/\/nk7-testes.com.br\/agazeta\/?s={search_term_string}\"},\"query-input\":{\"@type\":\"PropertyValueSpecification\",\"valueRequired\":true,\"valueName\":\"search_term_string\"}}],\"inLanguage\":\"pt-BR\"},{\"@type\":\"Person\",\"@id\":\"https:\/\/nk7-testes.com.br\/agazeta\/#\/schema\/person\/6d6e25cb0435eb4a02fd44d30b4e3020\",\"name\":\"Agazeta.Net\",\"url\":\"https:\/\/nk7-testes.com.br\/agazeta\/author\/agazeta\/\"}]}<\/script>\n<!-- \/ Yoast SEO plugin. -->","yoast_head_json":{"title":"Burocracia atrapalha amplia\u00e7\u00e3o de Policl\u00ednica - Agazeta.net","robots":{"index":"index","follow":"follow","max-snippet":"max-snippet:-1","max-image-preview":"max-image-preview:large","max-video-preview":"max-video-preview:-1"},"canonical":"https:\/\/nk7-testes.com.br\/agazeta\/burocracia-atrapalha-ampliacao-de-policlinica\/","og_locale":"pt_BR","og_type":"article","og_title":"Burocracia atrapalha amplia\u00e7\u00e3o de Policl\u00ednica - Agazeta.net","og_description":"Associa\u00e7\u00e3o denuncia morosidade do comando","og_url":"https:\/\/nk7-testes.com.br\/agazeta\/burocracia-atrapalha-ampliacao-de-policlinica\/","og_site_name":"Agazeta.net","article_published_time":"2016-10-13T20:34:09+00:00","og_image":[{"width":458,"height":340,"url":"https:\/\/nk7-testes.com.br\/agazeta\/wp-content\/uploads\/2016\/10\/131016-policia-joelsondias-blogdosmilitares.jpg","type":"image\/jpeg"}],"author":"Agazeta.Net","twitter_card":"summary_large_image","twitter_misc":{"Escrito por":"Agazeta.Net","Est. tempo de leitura":"3 minutos"},"schema":{"@context":"https:\/\/schema.org","@graph":[{"@type":"WebPage","@id":"https:\/\/nk7-testes.com.br\/agazeta\/burocracia-atrapalha-ampliacao-de-policlinica\/","url":"https:\/\/nk7-testes.com.br\/agazeta\/burocracia-atrapalha-ampliacao-de-policlinica\/","name":"Burocracia atrapalha amplia\u00e7\u00e3o de Policl\u00ednica - Agazeta.net","isPartOf":{"@id":"https:\/\/nk7-testes.com.br\/agazeta\/#website"},"primaryImageOfPage":{"@id":"https:\/\/nk7-testes.com.br\/agazeta\/burocracia-atrapalha-ampliacao-de-policlinica\/#primaryimage"},"image":{"@id":"https:\/\/nk7-testes.com.br\/agazeta\/burocracia-atrapalha-ampliacao-de-policlinica\/#primaryimage"},"thumbnailUrl":"https:\/\/nk7-testes.com.br\/agazeta\/wp-content\/uploads\/2016\/10\/131016-policia-joelsondias-blogdosmilitares.jpg","datePublished":"2016-10-13T20:34:09+00:00","author":{"@id":"https:\/\/nk7-testes.com.br\/agazeta\/#\/schema\/person\/6d6e25cb0435eb4a02fd44d30b4e3020"},"breadcrumb":{"@id":"https:\/\/nk7-testes.com.br\/agazeta\/burocracia-atrapalha-ampliacao-de-policlinica\/#breadcrumb"},"inLanguage":"pt-BR","potentialAction":[{"@type":"ReadAction","target":["https:\/\/nk7-testes.com.br\/agazeta\/burocracia-atrapalha-ampliacao-de-policlinica\/"]}]},{"@type":"ImageObject","inLanguage":"pt-BR","@id":"https:\/\/nk7-testes.com.br\/agazeta\/burocracia-atrapalha-ampliacao-de-policlinica\/#primaryimage","url":"https:\/\/nk7-testes.com.br\/agazeta\/wp-content\/uploads\/2016\/10\/131016-policia-joelsondias-blogdosmilitares.jpg","contentUrl":"https:\/\/nk7-testes.com.br\/agazeta\/wp-content\/uploads\/2016\/10\/131016-policia-joelsondias-blogdosmilitares.jpg","width":458,"height":340,"caption":"131016-policia-joelsondias-blogdosmilitares"},{"@type":"BreadcrumbList","@id":"https:\/\/nk7-testes.com.br\/agazeta\/burocracia-atrapalha-ampliacao-de-policlinica\/#breadcrumb","itemListElement":[{"@type":"ListItem","position":1,"name":"In\u00edcio","item":"https:\/\/nk7-testes.com.br\/agazeta\/"},{"@type":"ListItem","position":2,"name":"Burocracia atrapalha amplia\u00e7\u00e3o de Policl\u00ednica"}]},{"@type":"WebSite","@id":"https:\/\/nk7-testes.com.br\/agazeta\/#website","url":"https:\/\/nk7-testes.com.br\/agazeta\/","name":"Agazeta.net","description":"Agazeta.net - Not\u00edcias de Rio Branco\/AC","potentialAction":[{"@type":"SearchAction","target":{"@type":"EntryPoint","urlTemplate":"https:\/\/nk7-testes.com.br\/agazeta\/?s={search_term_string}"},"query-input":{"@type":"PropertyValueSpecification","valueRequired":true,"valueName":"search_term_string"}}],"inLanguage":"pt-BR"},{"@type":"Person","@id":"https:\/\/nk7-testes.com.br\/agazeta\/#\/schema\/person\/6d6e25cb0435eb4a02fd44d30b4e3020","name":"Agazeta.Net","url":"https:\/\/nk7-testes.com.br\/agazeta\/author\/agazeta\/"}]}},"_links":{"self":[{"href":"https:\/\/nk7-testes.com.br\/agazeta\/wp-json\/wp\/v2\/posts\/25827","targetHints":{"allow":["GET"]}}],"collection":[{"href":"https:\/\/nk7-testes.com.br\/agazeta\/wp-json\/wp\/v2\/posts"}],"about":[{"href":"https:\/\/nk7-testes.com.br\/agazeta\/wp-json\/wp\/v2\/types\/post"}],"author":[{"embeddable":true,"href":"https:\/\/nk7-testes.com.br\/agazeta\/wp-json\/wp\/v2\/users\/4"}],"replies":[{"embeddable":true,"href":"https:\/\/nk7-testes.com.br\/agazeta\/wp-json\/wp\/v2\/comments?post=25827"}],"version-history":[{"count":0,"href":"https:\/\/nk7-testes.com.br\/agazeta\/wp-json\/wp\/v2\/posts\/25827\/revisions"}],"wp:featuredmedia":[{"embeddable":true,"href":"https:\/\/nk7-testes.com.br\/agazeta\/wp-json\/wp\/v2\/media\/25826"}],"wp:attachment":[{"href":"https:\/\/nk7-testes.com.br\/agazeta\/wp-json\/wp\/v2\/media?parent=25827"}],"wp:term":[{"taxonomy":"category","embeddable":true,"href":"https:\/\/nk7-testes.com.br\/agazeta\/wp-json\/wp\/v2\/categories?post=25827"},{"taxonomy":"post_tag","embeddable":true,"href":"https:\/\/nk7-testes.com.br\/agazeta\/wp-json\/wp\/v2\/tags?post=25827"}],"curies":[{"name":"wp","href":"https:\/\/api.w.org\/{rel}","templated":true}]}}