{"id":25824,"date":"2016-10-13T20:12:19","date_gmt":"2016-10-13T20:12:19","guid":{"rendered":"https:\/\/abarevegan.com.br\/index.php\/2016\/10\/13\/clinica-de-oncologia-rebate-afirmacao-do-governo\/"},"modified":"2016-10-13T20:12:19","modified_gmt":"2016-10-13T20:12:19","slug":"clinica-de-oncologia-rebate-afirmacao-do-governo","status":"publish","type":"post","link":"https:\/\/nk7-testes.com.br\/agazeta\/clinica-de-oncologia-rebate-afirmacao-do-governo\/","title":{"rendered":"Cl\u00ednica de Oncologia rebate afirma\u00e7\u00e3o do Governo"},"content":{"rendered":"<p style=\"text-align: justify;\">Em nota, dire\u00e7\u00e3o refor\u00e7a que est\u00e1 pronta para atuar<\/p>\n<p style=\"text-align: justify;\">A dire\u00e7\u00e3o da OncoJuru\u00e1 Servi\u00e7os M\u00e9dicos, empresa privada que deveria prestar atendimento para tratamento de combate e preven\u00e7\u00e3o ao c\u00e2ncer em Cruzeiro do Sul em parceria com o Governo, rebateu as afirma\u00e7\u00f5es da Sesacre de que n\u00e3o estaria dentro das normas exigidas pelo SUS.<\/p>\n<p style=\"text-align: justify;\">A cl\u00ednica foi inaugurada em 2 de outubro do ano passado. Mas, n\u00e3o chegou a operar como foi planejado, no sistema de Parceria P\u00fablico Privada. Caso a cl\u00ednica tivesse funcionado normalmente, como anunciou o governo, muitas pessoas que precisam do tratamento no Juru\u00e1 n\u00e3o teriam que se deslocar at\u00e9 Rio Branco. Haveria economia para a gest\u00e3o p\u00fablica.<\/p>\n<p style=\"text-align: justify;\">Ainda n\u00e3o se sabe exatamente por qual motivo a PPP n\u00e3o funcionou com a cl\u00ednica. A nota na \u00edntegra segue abaixo.<\/p>\n<p style=\"text-align: justify;\">NOTA DE ESCLARECIMENTO<\/p>\n<p style=\"text-align: justify;\">A OncoJuru\u00e1 Servi\u00e7os M\u00e9dicos EPP, pessoa jur\u00eddica de direito privado, inscrita no CNPJ: 20.891.267\/0001-23, situado na Rua Alvorada 369, Sala C, CEP. 69.9900-66, Cruzeiro do Sul \u2013 Acre, vem por meio deste informar que contesta as firma\u00e7\u00f5es feitas pelo representante do Governo do Estado do Acre em Cruzeiro do Sul (AC), Itamar de S\u00e1, quando o mesmo afirmou que, a Cl\u00ednica OncoJuru\u00e1 n\u00e3o estaria habilitada para o exerc\u00edcio da sua atividade na regi\u00e3o do Juru\u00e1.<\/p>\n<p style=\"text-align: justify;\">A OncoJuru\u00e1 est\u00e1 habilitada para exerc\u00edcio de suas atividades, tendo como sua atividade prim\u00e1ria o servi\u00e7o de quimioterapia, conforme Classifica\u00e7\u00e3o Nacional de Atividades Econ\u00f4micas, atendendo todas as exig\u00eancias do Minist\u00e9rio da Sa\u00fade para funcionamento, e encontra-se com toda sua documenta\u00e7\u00e3o em dia com os \u00f3rg\u00e3os competentes, portanto n\u00e3o havendo nada que desabone seu funcionamento naquela regi\u00e3o.<\/p>\n<p style=\"text-align: justify;\">Estranhamente a afirma\u00e7\u00e3o vinda por parte do governo atrav\u00e9s do seu representante Itamar de S\u00e1, contradiz todas as reuni\u00f5es e acertos realizados previamente para implanta\u00e7\u00e3o da parceria p\u00fablico privada na regi\u00e3o do Juru\u00e1, mais precisamente na cidade de Cruzeiro do Sul. O insucesso da concretiza\u00e7\u00e3o da parceria, deveu-se n\u00e3o pela falta de pr\u00e9-requisitos da prestadora de servi\u00e7os, mas, de outros fatores que fogem da responsabilidade da empresa.<\/p>\n<p style=\"text-align: justify;\">Vale ressaltar que o investimento feito na Oncojuru\u00e1 foi de 100% particular, e que a empresa achou por bem retirar toda sua estrutura que estava montada em Cruzeiro do Sul para dar outra destina\u00e7\u00e3o.<\/p>\n","protected":false},"excerpt":{"rendered":"<p style=\"text-align: justify;\">Em nota, dire\u00e7\u00e3o refor\u00e7a que est\u00e1 pronta para atuar<\/p>\n","protected":false},"author":4,"featured_media":25823,"comment_status":"open","ping_status":"open","sticky":false,"template":"","format":"standard","meta":{"jnews-multi-image_gallery":[],"jnews_single_post":[],"jnews_primary_category":[],"jnews_social_meta":[],"jnews_review":[],"enable_review":"","type":"","name":"","summary":"","brand":"","sku":"","good":[],"bad":[],"score_override":"","override_value":"","rating":[],"price":[],"footnotes":""},"categories":[54],"tags":[],"class_list":["post-25824","post","type-post","status-publish","format-standard","has-post-thumbnail","hentry","category-cotidiano"],"yoast_head":"<!-- This site is optimized with the Yoast SEO plugin v26.5 - https:\/\/yoast.com\/wordpress\/plugins\/seo\/ -->\n<title>Cl\u00ednica de Oncologia rebate afirma\u00e7\u00e3o do Governo - Agazeta.net<\/title>\n<meta name=\"robots\" content=\"index, follow, max-snippet:-1, max-image-preview:large, max-video-preview:-1\" \/>\n<link rel=\"canonical\" href=\"https:\/\/nk7-testes.com.br\/agazeta\/clinica-de-oncologia-rebate-afirmacao-do-governo\/\" \/>\n<meta property=\"og:locale\" content=\"pt_BR\" \/>\n<meta property=\"og:type\" content=\"article\" \/>\n<meta property=\"og:title\" content=\"Cl\u00ednica de Oncologia rebate afirma\u00e7\u00e3o do Governo - Agazeta.net\" \/>\n<meta property=\"og:description\" content=\"Em nota, dire\u00e7\u00e3o refor\u00e7a que est\u00e1 pronta para atuar\" \/>\n<meta property=\"og:url\" content=\"https:\/\/nk7-testes.com.br\/agazeta\/clinica-de-oncologia-rebate-afirmacao-do-governo\/\" \/>\n<meta property=\"og:site_name\" content=\"Agazeta.net\" \/>\n<meta property=\"article:published_time\" content=\"2016-10-13T20:12:19+00:00\" \/>\n<meta property=\"og:image\" content=\"https:\/\/nk7-testes.com.br\/agazeta\/wp-content\/uploads\/2016\/10\/131016-cotidiano-oncologia-onofrebrito.jpg\" \/>\n\t<meta property=\"og:image:width\" content=\"458\" \/>\n\t<meta property=\"og:image:height\" content=\"340\" \/>\n\t<meta property=\"og:image:type\" content=\"image\/jpeg\" \/>\n<meta name=\"author\" content=\"Agazeta.Net\" \/>\n<meta name=\"twitter:card\" content=\"summary_large_image\" \/>\n<meta name=\"twitter:label1\" content=\"Escrito por\" \/>\n\t<meta name=\"twitter:data1\" content=\"Agazeta.Net\" \/>\n\t<meta name=\"twitter:label2\" content=\"Est. tempo de leitura\" \/>\n\t<meta name=\"twitter:data2\" content=\"2 minutos\" \/>\n<script type=\"application\/ld+json\" class=\"yoast-schema-graph\">{\"@context\":\"https:\/\/schema.org\",\"@graph\":[{\"@type\":\"WebPage\",\"@id\":\"https:\/\/nk7-testes.com.br\/agazeta\/clinica-de-oncologia-rebate-afirmacao-do-governo\/\",\"url\":\"https:\/\/nk7-testes.com.br\/agazeta\/clinica-de-oncologia-rebate-afirmacao-do-governo\/\",\"name\":\"Cl\u00ednica de Oncologia rebate afirma\u00e7\u00e3o do Governo - Agazeta.net\",\"isPartOf\":{\"@id\":\"https:\/\/nk7-testes.com.br\/agazeta\/#website\"},\"primaryImageOfPage\":{\"@id\":\"https:\/\/nk7-testes.com.br\/agazeta\/clinica-de-oncologia-rebate-afirmacao-do-governo\/#primaryimage\"},\"image\":{\"@id\":\"https:\/\/nk7-testes.com.br\/agazeta\/clinica-de-oncologia-rebate-afirmacao-do-governo\/#primaryimage\"},\"thumbnailUrl\":\"https:\/\/nk7-testes.com.br\/agazeta\/wp-content\/uploads\/2016\/10\/131016-cotidiano-oncologia-onofrebrito.jpg\",\"datePublished\":\"2016-10-13T20:12:19+00:00\",\"author\":{\"@id\":\"https:\/\/nk7-testes.com.br\/agazeta\/#\/schema\/person\/ff6b39d54d6973bfc57f4140f659b23f\"},\"breadcrumb\":{\"@id\":\"https:\/\/nk7-testes.com.br\/agazeta\/clinica-de-oncologia-rebate-afirmacao-do-governo\/#breadcrumb\"},\"inLanguage\":\"pt-BR\",\"potentialAction\":[{\"@type\":\"ReadAction\",\"target\":[\"https:\/\/nk7-testes.com.br\/agazeta\/clinica-de-oncologia-rebate-afirmacao-do-governo\/\"]}]},{\"@type\":\"ImageObject\",\"inLanguage\":\"pt-BR\",\"@id\":\"https:\/\/nk7-testes.com.br\/agazeta\/clinica-de-oncologia-rebate-afirmacao-do-governo\/#primaryimage\",\"url\":\"https:\/\/nk7-testes.com.br\/agazeta\/wp-content\/uploads\/2016\/10\/131016-cotidiano-oncologia-onofrebrito.jpg\",\"contentUrl\":\"https:\/\/nk7-testes.com.br\/agazeta\/wp-content\/uploads\/2016\/10\/131016-cotidiano-oncologia-onofrebrito.jpg\",\"width\":458,\"height\":340,\"caption\":\"131016-cotidiano-oncologia-onofrebrito\"},{\"@type\":\"BreadcrumbList\",\"@id\":\"https:\/\/nk7-testes.com.br\/agazeta\/clinica-de-oncologia-rebate-afirmacao-do-governo\/#breadcrumb\",\"itemListElement\":[{\"@type\":\"ListItem\",\"position\":1,\"name\":\"In\u00edcio\",\"item\":\"https:\/\/nk7-testes.com.br\/agazeta\/\"},{\"@type\":\"ListItem\",\"position\":2,\"name\":\"Cl\u00ednica de Oncologia rebate afirma\u00e7\u00e3o do Governo\"}]},{\"@type\":\"WebSite\",\"@id\":\"https:\/\/nk7-testes.com.br\/agazeta\/#website\",\"url\":\"https:\/\/nk7-testes.com.br\/agazeta\/\",\"name\":\"Agazeta.net\",\"description\":\"Agazeta.net - Not\u00edcias de Rio Branco\/AC\",\"potentialAction\":[{\"@type\":\"SearchAction\",\"target\":{\"@type\":\"EntryPoint\",\"urlTemplate\":\"https:\/\/nk7-testes.com.br\/agazeta\/?s={search_term_string}\"},\"query-input\":{\"@type\":\"PropertyValueSpecification\",\"valueRequired\":true,\"valueName\":\"search_term_string\"}}],\"inLanguage\":\"pt-BR\"},{\"@type\":\"Person\",\"@id\":\"https:\/\/nk7-testes.com.br\/agazeta\/#\/schema\/person\/ff6b39d54d6973bfc57f4140f659b23f\",\"name\":\"Agazeta.Net\",\"url\":\"https:\/\/nk7-testes.com.br\/agazeta\/author\/agazeta\/\"}]}<\/script>\n<!-- \/ Yoast SEO plugin. -->","yoast_head_json":{"title":"Cl\u00ednica de Oncologia rebate afirma\u00e7\u00e3o do Governo - Agazeta.net","robots":{"index":"index","follow":"follow","max-snippet":"max-snippet:-1","max-image-preview":"max-image-preview:large","max-video-preview":"max-video-preview:-1"},"canonical":"https:\/\/nk7-testes.com.br\/agazeta\/clinica-de-oncologia-rebate-afirmacao-do-governo\/","og_locale":"pt_BR","og_type":"article","og_title":"Cl\u00ednica de Oncologia rebate afirma\u00e7\u00e3o do Governo - Agazeta.net","og_description":"Em nota, dire\u00e7\u00e3o refor\u00e7a que est\u00e1 pronta para atuar","og_url":"https:\/\/nk7-testes.com.br\/agazeta\/clinica-de-oncologia-rebate-afirmacao-do-governo\/","og_site_name":"Agazeta.net","article_published_time":"2016-10-13T20:12:19+00:00","og_image":[{"width":458,"height":340,"url":"https:\/\/nk7-testes.com.br\/agazeta\/wp-content\/uploads\/2016\/10\/131016-cotidiano-oncologia-onofrebrito.jpg","type":"image\/jpeg"}],"author":"Agazeta.Net","twitter_card":"summary_large_image","twitter_misc":{"Escrito por":"Agazeta.Net","Est. tempo de leitura":"2 minutos"},"schema":{"@context":"https:\/\/schema.org","@graph":[{"@type":"WebPage","@id":"https:\/\/nk7-testes.com.br\/agazeta\/clinica-de-oncologia-rebate-afirmacao-do-governo\/","url":"https:\/\/nk7-testes.com.br\/agazeta\/clinica-de-oncologia-rebate-afirmacao-do-governo\/","name":"Cl\u00ednica de Oncologia rebate afirma\u00e7\u00e3o do Governo - Agazeta.net","isPartOf":{"@id":"https:\/\/nk7-testes.com.br\/agazeta\/#website"},"primaryImageOfPage":{"@id":"https:\/\/nk7-testes.com.br\/agazeta\/clinica-de-oncologia-rebate-afirmacao-do-governo\/#primaryimage"},"image":{"@id":"https:\/\/nk7-testes.com.br\/agazeta\/clinica-de-oncologia-rebate-afirmacao-do-governo\/#primaryimage"},"thumbnailUrl":"https:\/\/nk7-testes.com.br\/agazeta\/wp-content\/uploads\/2016\/10\/131016-cotidiano-oncologia-onofrebrito.jpg","datePublished":"2016-10-13T20:12:19+00:00","author":{"@id":"https:\/\/nk7-testes.com.br\/agazeta\/#\/schema\/person\/ff6b39d54d6973bfc57f4140f659b23f"},"breadcrumb":{"@id":"https:\/\/nk7-testes.com.br\/agazeta\/clinica-de-oncologia-rebate-afirmacao-do-governo\/#breadcrumb"},"inLanguage":"pt-BR","potentialAction":[{"@type":"ReadAction","target":["https:\/\/nk7-testes.com.br\/agazeta\/clinica-de-oncologia-rebate-afirmacao-do-governo\/"]}]},{"@type":"ImageObject","inLanguage":"pt-BR","@id":"https:\/\/nk7-testes.com.br\/agazeta\/clinica-de-oncologia-rebate-afirmacao-do-governo\/#primaryimage","url":"https:\/\/nk7-testes.com.br\/agazeta\/wp-content\/uploads\/2016\/10\/131016-cotidiano-oncologia-onofrebrito.jpg","contentUrl":"https:\/\/nk7-testes.com.br\/agazeta\/wp-content\/uploads\/2016\/10\/131016-cotidiano-oncologia-onofrebrito.jpg","width":458,"height":340,"caption":"131016-cotidiano-oncologia-onofrebrito"},{"@type":"BreadcrumbList","@id":"https:\/\/nk7-testes.com.br\/agazeta\/clinica-de-oncologia-rebate-afirmacao-do-governo\/#breadcrumb","itemListElement":[{"@type":"ListItem","position":1,"name":"In\u00edcio","item":"https:\/\/nk7-testes.com.br\/agazeta\/"},{"@type":"ListItem","position":2,"name":"Cl\u00ednica de Oncologia rebate afirma\u00e7\u00e3o do Governo"}]},{"@type":"WebSite","@id":"https:\/\/nk7-testes.com.br\/agazeta\/#website","url":"https:\/\/nk7-testes.com.br\/agazeta\/","name":"Agazeta.net","description":"Agazeta.net - Not\u00edcias de Rio Branco\/AC","potentialAction":[{"@type":"SearchAction","target":{"@type":"EntryPoint","urlTemplate":"https:\/\/nk7-testes.com.br\/agazeta\/?s={search_term_string}"},"query-input":{"@type":"PropertyValueSpecification","valueRequired":true,"valueName":"search_term_string"}}],"inLanguage":"pt-BR"},{"@type":"Person","@id":"https:\/\/nk7-testes.com.br\/agazeta\/#\/schema\/person\/ff6b39d54d6973bfc57f4140f659b23f","name":"Agazeta.Net","url":"https:\/\/nk7-testes.com.br\/agazeta\/author\/agazeta\/"}]}},"_links":{"self":[{"href":"https:\/\/nk7-testes.com.br\/agazeta\/wp-json\/wp\/v2\/posts\/25824","targetHints":{"allow":["GET"]}}],"collection":[{"href":"https:\/\/nk7-testes.com.br\/agazeta\/wp-json\/wp\/v2\/posts"}],"about":[{"href":"https:\/\/nk7-testes.com.br\/agazeta\/wp-json\/wp\/v2\/types\/post"}],"author":[{"embeddable":true,"href":"https:\/\/nk7-testes.com.br\/agazeta\/wp-json\/wp\/v2\/users\/4"}],"replies":[{"embeddable":true,"href":"https:\/\/nk7-testes.com.br\/agazeta\/wp-json\/wp\/v2\/comments?post=25824"}],"version-history":[{"count":0,"href":"https:\/\/nk7-testes.com.br\/agazeta\/wp-json\/wp\/v2\/posts\/25824\/revisions"}],"wp:featuredmedia":[{"embeddable":true,"href":"https:\/\/nk7-testes.com.br\/agazeta\/wp-json\/wp\/v2\/media\/25823"}],"wp:attachment":[{"href":"https:\/\/nk7-testes.com.br\/agazeta\/wp-json\/wp\/v2\/media?parent=25824"}],"wp:term":[{"taxonomy":"category","embeddable":true,"href":"https:\/\/nk7-testes.com.br\/agazeta\/wp-json\/wp\/v2\/categories?post=25824"},{"taxonomy":"post_tag","embeddable":true,"href":"https:\/\/nk7-testes.com.br\/agazeta\/wp-json\/wp\/v2\/tags?post=25824"}],"curies":[{"name":"wp","href":"https:\/\/api.w.org\/{rel}","templated":true}]}}