{"id":25819,"date":"2016-10-13T14:59:25","date_gmt":"2016-10-13T14:59:25","guid":{"rendered":"https:\/\/abarevegan.com.br\/index.php\/2016\/10\/13\/detento-e-encontrado-morto-em-cela-do-presidio\/"},"modified":"2016-10-13T14:59:25","modified_gmt":"2016-10-13T14:59:25","slug":"detento-e-encontrado-morto-em-cela-do-presidio","status":"publish","type":"post","link":"https:\/\/nk7-testes.com.br\/agazeta\/detento-e-encontrado-morto-em-cela-do-presidio\/","title":{"rendered":"Detento \u00e9 encontrado morto em cela do pres\u00eddio"},"content":{"rendered":"<p style=\"text-align: justify;\">Colegas de cela chamaram os agentes penitenci\u00e1rios<\/p>\n<p style=\"text-align: justify;\">Cleidson Ara\u00fajo das Neves, 36, foi encontrado morto na cela onde cumpria pena em regime fechado no Pavilh\u00e3o G, do pres\u00eddio Francisco D\u2019Oliveira Conde. Os colegas de cela chamaram aten\u00e7\u00e3o dos agentes que acionaram o Samu.<\/p>\n<p style=\"text-align: justify;\">Os param\u00e9dicos, ao chegarem ao local, j\u00e1 encontraram o detento morto. A dire\u00e7\u00e3o do Instituto de Administra\u00e7\u00e3o Penitenci\u00e1ria assegura que uma per\u00edcia foi realizada para saber das circunst\u00e2ncias da morte. Nota oficial sobre o assunto a seguir:<\/p>\n<p style=\"text-align: justify;\"><strong>Nota de Esclarecimento<\/strong><\/p>\n<p style=\"text-align: justify;\">O Instituto de Administra\u00e7\u00e3o Penitenci\u00e1ria do Acre (Iapen\/AC) esclarece os fatos sobre a morte de um reeducando, ocorrda na noite da \u00faltima quarta-feira, 12, no Complexo Francisco D\u2019Oliveira Conde, em Rio Branco. O reeducando em quest\u00e3o cumpria pena no Pavilh\u00e3o \u201cG\u201d e foi encontrado desacordado dentro da cela.<\/p>\n<p style=\"text-align: justify;\">A equipe que fazia a ronda foi chamada, por outros internos da cela, e informada que tinha uma pessoa desacordada. Os agentes penitenci\u00e1rios acionaram o Servi\u00e7o de Atendimento M\u00f3vel de Urg\u00eancia (Samu), por\u00e9m o reeducando j\u00e1 estava sem vida.<\/p>\n<p style=\"text-align: justify;\">Uma per\u00edcia ser\u00e1 realizada para averigua\u00e7\u00e3o das causas da morte e os colegas de cela ser\u00e3o interrogados. A dire\u00e7\u00e3o do Iapen est\u00e1 prestando assist\u00eancia a fam\u00edlia enlutada do reeducando e o aux\u00edlio no funeral do mesmo.<\/p>\n","protected":false},"excerpt":{"rendered":"<p style=\"text-align: justify;\">Colegas de cela chamaram os agentes penitenci\u00e1rios<\/p>\n","protected":false},"author":4,"featured_media":25818,"comment_status":"open","ping_status":"open","sticky":false,"template":"","format":"standard","meta":{"jnews-multi-image_gallery":[],"jnews_single_post":[],"jnews_primary_category":[],"jnews_social_meta":[],"jnews_review":[],"enable_review":"","type":"","name":"","summary":"","brand":"","sku":"","good":[],"bad":[],"score_override":"","override_value":"","rating":[],"price":[],"footnotes":""},"categories":[44],"tags":[],"class_list":["post-25819","post","type-post","status-publish","format-standard","has-post-thumbnail","hentry","category-policia"],"yoast_head":"<!-- This site is optimized with the Yoast SEO plugin v26.5 - https:\/\/yoast.com\/wordpress\/plugins\/seo\/ -->\n<title>Detento \u00e9 encontrado morto em cela do pres\u00eddio - Agazeta.net<\/title>\n<meta name=\"robots\" content=\"index, follow, max-snippet:-1, max-image-preview:large, max-video-preview:-1\" \/>\n<link rel=\"canonical\" href=\"https:\/\/nk7-testes.com.br\/agazeta\/detento-e-encontrado-morto-em-cela-do-presidio\/\" \/>\n<meta property=\"og:locale\" content=\"pt_BR\" \/>\n<meta property=\"og:type\" content=\"article\" \/>\n<meta property=\"og:title\" content=\"Detento \u00e9 encontrado morto em cela do pres\u00eddio - Agazeta.net\" \/>\n<meta property=\"og:description\" content=\"Colegas de cela chamaram os agentes penitenci\u00e1rios\" \/>\n<meta property=\"og:url\" content=\"https:\/\/nk7-testes.com.br\/agazeta\/detento-e-encontrado-morto-em-cela-do-presidio\/\" \/>\n<meta property=\"og:site_name\" content=\"Agazeta.net\" \/>\n<meta property=\"article:published_time\" content=\"2016-10-13T14:59:25+00:00\" \/>\n<meta property=\"og:image\" content=\"https:\/\/nk7-testes.com.br\/agazeta\/wp-content\/uploads\/2016\/10\/1111-policia-franciscooliveiraconde-agenciatj.jpg\" \/>\n\t<meta property=\"og:image:width\" content=\"458\" \/>\n\t<meta property=\"og:image:height\" content=\"340\" \/>\n\t<meta property=\"og:image:type\" content=\"image\/jpeg\" \/>\n<meta name=\"author\" content=\"Agazeta.Net\" \/>\n<meta name=\"twitter:card\" content=\"summary_large_image\" \/>\n<meta name=\"twitter:label1\" content=\"Escrito por\" \/>\n\t<meta name=\"twitter:data1\" content=\"Agazeta.Net\" \/>\n\t<meta name=\"twitter:label2\" content=\"Est. tempo de leitura\" \/>\n\t<meta name=\"twitter:data2\" content=\"1 minuto\" \/>\n<script type=\"application\/ld+json\" class=\"yoast-schema-graph\">{\"@context\":\"https:\/\/schema.org\",\"@graph\":[{\"@type\":\"WebPage\",\"@id\":\"https:\/\/nk7-testes.com.br\/agazeta\/detento-e-encontrado-morto-em-cela-do-presidio\/\",\"url\":\"https:\/\/nk7-testes.com.br\/agazeta\/detento-e-encontrado-morto-em-cela-do-presidio\/\",\"name\":\"Detento \u00e9 encontrado morto em cela do pres\u00eddio - Agazeta.net\",\"isPartOf\":{\"@id\":\"https:\/\/nk7-testes.com.br\/agazeta\/#website\"},\"primaryImageOfPage\":{\"@id\":\"https:\/\/nk7-testes.com.br\/agazeta\/detento-e-encontrado-morto-em-cela-do-presidio\/#primaryimage\"},\"image\":{\"@id\":\"https:\/\/nk7-testes.com.br\/agazeta\/detento-e-encontrado-morto-em-cela-do-presidio\/#primaryimage\"},\"thumbnailUrl\":\"https:\/\/nk7-testes.com.br\/agazeta\/wp-content\/uploads\/2016\/10\/1111-policia-franciscooliveiraconde-agenciatj.jpg\",\"datePublished\":\"2016-10-13T14:59:25+00:00\",\"author\":{\"@id\":\"https:\/\/nk7-testes.com.br\/agazeta\/#\/schema\/person\/6d6e25cb0435eb4a02fd44d30b4e3020\"},\"breadcrumb\":{\"@id\":\"https:\/\/nk7-testes.com.br\/agazeta\/detento-e-encontrado-morto-em-cela-do-presidio\/#breadcrumb\"},\"inLanguage\":\"pt-BR\",\"potentialAction\":[{\"@type\":\"ReadAction\",\"target\":[\"https:\/\/nk7-testes.com.br\/agazeta\/detento-e-encontrado-morto-em-cela-do-presidio\/\"]}]},{\"@type\":\"ImageObject\",\"inLanguage\":\"pt-BR\",\"@id\":\"https:\/\/nk7-testes.com.br\/agazeta\/detento-e-encontrado-morto-em-cela-do-presidio\/#primaryimage\",\"url\":\"https:\/\/nk7-testes.com.br\/agazeta\/wp-content\/uploads\/2016\/10\/1111-policia-franciscooliveiraconde-agenciatj.jpg\",\"contentUrl\":\"https:\/\/nk7-testes.com.br\/agazeta\/wp-content\/uploads\/2016\/10\/1111-policia-franciscooliveiraconde-agenciatj.jpg\",\"width\":458,\"height\":340,\"caption\":\"1111-policia-franciscooliveiraconde-agenciatj\"},{\"@type\":\"BreadcrumbList\",\"@id\":\"https:\/\/nk7-testes.com.br\/agazeta\/detento-e-encontrado-morto-em-cela-do-presidio\/#breadcrumb\",\"itemListElement\":[{\"@type\":\"ListItem\",\"position\":1,\"name\":\"In\u00edcio\",\"item\":\"https:\/\/nk7-testes.com.br\/agazeta\/\"},{\"@type\":\"ListItem\",\"position\":2,\"name\":\"Detento \u00e9 encontrado morto em cela do pres\u00eddio\"}]},{\"@type\":\"WebSite\",\"@id\":\"https:\/\/nk7-testes.com.br\/agazeta\/#website\",\"url\":\"https:\/\/nk7-testes.com.br\/agazeta\/\",\"name\":\"Agazeta.net\",\"description\":\"Agazeta.net - Not\u00edcias de Rio Branco\/AC\",\"potentialAction\":[{\"@type\":\"SearchAction\",\"target\":{\"@type\":\"EntryPoint\",\"urlTemplate\":\"https:\/\/nk7-testes.com.br\/agazeta\/?s={search_term_string}\"},\"query-input\":{\"@type\":\"PropertyValueSpecification\",\"valueRequired\":true,\"valueName\":\"search_term_string\"}}],\"inLanguage\":\"pt-BR\"},{\"@type\":\"Person\",\"@id\":\"https:\/\/nk7-testes.com.br\/agazeta\/#\/schema\/person\/6d6e25cb0435eb4a02fd44d30b4e3020\",\"name\":\"Agazeta.Net\",\"url\":\"https:\/\/nk7-testes.com.br\/agazeta\/author\/agazeta\/\"}]}<\/script>\n<!-- \/ Yoast SEO plugin. -->","yoast_head_json":{"title":"Detento \u00e9 encontrado morto em cela do pres\u00eddio - Agazeta.net","robots":{"index":"index","follow":"follow","max-snippet":"max-snippet:-1","max-image-preview":"max-image-preview:large","max-video-preview":"max-video-preview:-1"},"canonical":"https:\/\/nk7-testes.com.br\/agazeta\/detento-e-encontrado-morto-em-cela-do-presidio\/","og_locale":"pt_BR","og_type":"article","og_title":"Detento \u00e9 encontrado morto em cela do pres\u00eddio - Agazeta.net","og_description":"Colegas de cela chamaram os agentes penitenci\u00e1rios","og_url":"https:\/\/nk7-testes.com.br\/agazeta\/detento-e-encontrado-morto-em-cela-do-presidio\/","og_site_name":"Agazeta.net","article_published_time":"2016-10-13T14:59:25+00:00","og_image":[{"width":458,"height":340,"url":"https:\/\/nk7-testes.com.br\/agazeta\/wp-content\/uploads\/2016\/10\/1111-policia-franciscooliveiraconde-agenciatj.jpg","type":"image\/jpeg"}],"author":"Agazeta.Net","twitter_card":"summary_large_image","twitter_misc":{"Escrito por":"Agazeta.Net","Est. tempo de leitura":"1 minuto"},"schema":{"@context":"https:\/\/schema.org","@graph":[{"@type":"WebPage","@id":"https:\/\/nk7-testes.com.br\/agazeta\/detento-e-encontrado-morto-em-cela-do-presidio\/","url":"https:\/\/nk7-testes.com.br\/agazeta\/detento-e-encontrado-morto-em-cela-do-presidio\/","name":"Detento \u00e9 encontrado morto em cela do pres\u00eddio - Agazeta.net","isPartOf":{"@id":"https:\/\/nk7-testes.com.br\/agazeta\/#website"},"primaryImageOfPage":{"@id":"https:\/\/nk7-testes.com.br\/agazeta\/detento-e-encontrado-morto-em-cela-do-presidio\/#primaryimage"},"image":{"@id":"https:\/\/nk7-testes.com.br\/agazeta\/detento-e-encontrado-morto-em-cela-do-presidio\/#primaryimage"},"thumbnailUrl":"https:\/\/nk7-testes.com.br\/agazeta\/wp-content\/uploads\/2016\/10\/1111-policia-franciscooliveiraconde-agenciatj.jpg","datePublished":"2016-10-13T14:59:25+00:00","author":{"@id":"https:\/\/nk7-testes.com.br\/agazeta\/#\/schema\/person\/6d6e25cb0435eb4a02fd44d30b4e3020"},"breadcrumb":{"@id":"https:\/\/nk7-testes.com.br\/agazeta\/detento-e-encontrado-morto-em-cela-do-presidio\/#breadcrumb"},"inLanguage":"pt-BR","potentialAction":[{"@type":"ReadAction","target":["https:\/\/nk7-testes.com.br\/agazeta\/detento-e-encontrado-morto-em-cela-do-presidio\/"]}]},{"@type":"ImageObject","inLanguage":"pt-BR","@id":"https:\/\/nk7-testes.com.br\/agazeta\/detento-e-encontrado-morto-em-cela-do-presidio\/#primaryimage","url":"https:\/\/nk7-testes.com.br\/agazeta\/wp-content\/uploads\/2016\/10\/1111-policia-franciscooliveiraconde-agenciatj.jpg","contentUrl":"https:\/\/nk7-testes.com.br\/agazeta\/wp-content\/uploads\/2016\/10\/1111-policia-franciscooliveiraconde-agenciatj.jpg","width":458,"height":340,"caption":"1111-policia-franciscooliveiraconde-agenciatj"},{"@type":"BreadcrumbList","@id":"https:\/\/nk7-testes.com.br\/agazeta\/detento-e-encontrado-morto-em-cela-do-presidio\/#breadcrumb","itemListElement":[{"@type":"ListItem","position":1,"name":"In\u00edcio","item":"https:\/\/nk7-testes.com.br\/agazeta\/"},{"@type":"ListItem","position":2,"name":"Detento \u00e9 encontrado morto em cela do pres\u00eddio"}]},{"@type":"WebSite","@id":"https:\/\/nk7-testes.com.br\/agazeta\/#website","url":"https:\/\/nk7-testes.com.br\/agazeta\/","name":"Agazeta.net","description":"Agazeta.net - Not\u00edcias de Rio Branco\/AC","potentialAction":[{"@type":"SearchAction","target":{"@type":"EntryPoint","urlTemplate":"https:\/\/nk7-testes.com.br\/agazeta\/?s={search_term_string}"},"query-input":{"@type":"PropertyValueSpecification","valueRequired":true,"valueName":"search_term_string"}}],"inLanguage":"pt-BR"},{"@type":"Person","@id":"https:\/\/nk7-testes.com.br\/agazeta\/#\/schema\/person\/6d6e25cb0435eb4a02fd44d30b4e3020","name":"Agazeta.Net","url":"https:\/\/nk7-testes.com.br\/agazeta\/author\/agazeta\/"}]}},"_links":{"self":[{"href":"https:\/\/nk7-testes.com.br\/agazeta\/wp-json\/wp\/v2\/posts\/25819","targetHints":{"allow":["GET"]}}],"collection":[{"href":"https:\/\/nk7-testes.com.br\/agazeta\/wp-json\/wp\/v2\/posts"}],"about":[{"href":"https:\/\/nk7-testes.com.br\/agazeta\/wp-json\/wp\/v2\/types\/post"}],"author":[{"embeddable":true,"href":"https:\/\/nk7-testes.com.br\/agazeta\/wp-json\/wp\/v2\/users\/4"}],"replies":[{"embeddable":true,"href":"https:\/\/nk7-testes.com.br\/agazeta\/wp-json\/wp\/v2\/comments?post=25819"}],"version-history":[{"count":0,"href":"https:\/\/nk7-testes.com.br\/agazeta\/wp-json\/wp\/v2\/posts\/25819\/revisions"}],"wp:featuredmedia":[{"embeddable":true,"href":"https:\/\/nk7-testes.com.br\/agazeta\/wp-json\/wp\/v2\/media\/25818"}],"wp:attachment":[{"href":"https:\/\/nk7-testes.com.br\/agazeta\/wp-json\/wp\/v2\/media?parent=25819"}],"wp:term":[{"taxonomy":"category","embeddable":true,"href":"https:\/\/nk7-testes.com.br\/agazeta\/wp-json\/wp\/v2\/categories?post=25819"},{"taxonomy":"post_tag","embeddable":true,"href":"https:\/\/nk7-testes.com.br\/agazeta\/wp-json\/wp\/v2\/tags?post=25819"}],"curies":[{"name":"wp","href":"https:\/\/api.w.org\/{rel}","templated":true}]}}