{"id":25810,"date":"2016-10-12T21:29:39","date_gmt":"2016-10-12T21:29:39","guid":{"rendered":"https:\/\/abarevegan.com.br\/index.php\/2016\/10\/12\/dia-das-criancas-inesquecivel-para-miguel\/"},"modified":"2016-10-12T21:29:39","modified_gmt":"2016-10-12T21:29:39","slug":"dia-das-criancas-inesquecivel-para-miguel","status":"publish","type":"post","link":"https:\/\/nk7-testes.com.br\/agazeta\/dia-das-criancas-inesquecivel-para-miguel\/","title":{"rendered":"Dia das Crian\u00e7as inesquec\u00edvel para Miguel"},"content":{"rendered":"<p style=\"text-align: justify;\">Ap\u00f3s reencontrar a m\u00e3e, realizou um sonho<\/p>\n<p style=\"text-align: justify;\">Miguel Ara\u00fajo da Silva se perdeu da m\u00e3e. Chorando, sem sabe aonde ir, foi amparado por pessoas estranhas a ele que o levaram para a sede do Corpo de Bombeiros. Junto com as l\u00e1grimas. A \u00fanica resposta que consegui dar a todos era o primeiro nome da m\u00e3e, Marcilene, e o dele mesmo, Miguel. Apenas Miguel.<\/p>\n<p style=\"text-align: justify;\">Ele mesmo n\u00e3o sabia tudo: que sua m\u00e3e, Marcilene Ara\u00fajo de Souza, estava nas imedia\u00e7\u00f5es do Terminal Urbano, procurando por ele, Miguel Ara\u00fajo da Silva, 5 anos que tinha um sonho: andar em um carro do Corpo de Bombeiros.<\/p>\n<p style=\"text-align: justify;\">&#8220;Ele n\u00e3o \u00e9 um menino muito danado, n\u00e3o&#8221;, diz a m\u00e3e, ainda um pouco nervosa com o susto. &#8220;Eu fui pagar uma conta em uma loja perto da Ponte Nova e quando &#8216;dei f\u00e9&#8217; n\u00e3o vi mais o menino&#8221;. Era por volta das 10 horas da manh\u00e3. M\u00e3e e filho vieram se reencontrar uma hora e meia depois. Miguel tem seis irm\u00e3os. O s\u00e9timo j\u00e1 est\u00e1 quase nascendo.<\/p>\n","protected":false},"excerpt":{"rendered":"<p style=\"text-align: justify;\">Ap\u00f3s reencontrar a m\u00e3e, realizou um sonho<\/p>\n","protected":false},"author":4,"featured_media":25809,"comment_status":"open","ping_status":"open","sticky":false,"template":"","format":"standard","meta":{"jnews-multi-image_gallery":[],"jnews_single_post":[],"jnews_primary_category":[],"jnews_social_meta":[],"jnews_review":[],"enable_review":"","type":"","name":"","summary":"","brand":"","sku":"","good":[],"bad":[],"score_override":"","override_value":"","rating":[],"price":[],"footnotes":""},"categories":[54],"tags":[],"class_list":["post-25810","post","type-post","status-publish","format-standard","has-post-thumbnail","hentry","category-cotidiano"],"yoast_head":"<!-- This site is optimized with the Yoast SEO plugin v26.5 - https:\/\/yoast.com\/wordpress\/plugins\/seo\/ -->\n<title>Dia das Crian\u00e7as inesquec\u00edvel para Miguel - Agazeta.net<\/title>\n<meta name=\"robots\" content=\"index, follow, max-snippet:-1, max-image-preview:large, max-video-preview:-1\" \/>\n<link rel=\"canonical\" href=\"https:\/\/nk7-testes.com.br\/agazeta\/dia-das-criancas-inesquecivel-para-miguel\/\" \/>\n<meta property=\"og:locale\" content=\"pt_BR\" \/>\n<meta property=\"og:type\" content=\"article\" \/>\n<meta property=\"og:title\" content=\"Dia das Crian\u00e7as inesquec\u00edvel para Miguel - Agazeta.net\" \/>\n<meta property=\"og:description\" content=\"Ap\u00f3s reencontrar a m\u00e3e, realizou um sonho\" \/>\n<meta property=\"og:url\" content=\"https:\/\/nk7-testes.com.br\/agazeta\/dia-das-criancas-inesquecivel-para-miguel\/\" \/>\n<meta property=\"og:site_name\" content=\"Agazeta.net\" \/>\n<meta property=\"article:published_time\" content=\"2016-10-12T21:29:39+00:00\" \/>\n<meta property=\"og:image\" content=\"https:\/\/nk7-testes.com.br\/agazeta\/wp-content\/uploads\/2016\/10\/121016-cotidiano-meninoachado-cedida2.jpg\" \/>\n\t<meta property=\"og:image:width\" content=\"458\" \/>\n\t<meta property=\"og:image:height\" content=\"340\" \/>\n\t<meta property=\"og:image:type\" content=\"image\/jpeg\" \/>\n<meta name=\"author\" content=\"Agazeta.Net\" \/>\n<meta name=\"twitter:card\" content=\"summary_large_image\" \/>\n<meta name=\"twitter:label1\" content=\"Escrito por\" \/>\n\t<meta name=\"twitter:data1\" content=\"Agazeta.Net\" \/>\n\t<meta name=\"twitter:label2\" content=\"Est. tempo de leitura\" \/>\n\t<meta name=\"twitter:data2\" content=\"1 minuto\" \/>\n<script type=\"application\/ld+json\" class=\"yoast-schema-graph\">{\"@context\":\"https:\/\/schema.org\",\"@graph\":[{\"@type\":\"WebPage\",\"@id\":\"https:\/\/nk7-testes.com.br\/agazeta\/dia-das-criancas-inesquecivel-para-miguel\/\",\"url\":\"https:\/\/nk7-testes.com.br\/agazeta\/dia-das-criancas-inesquecivel-para-miguel\/\",\"name\":\"Dia das Crian\u00e7as inesquec\u00edvel para Miguel - Agazeta.net\",\"isPartOf\":{\"@id\":\"https:\/\/nk7-testes.com.br\/agazeta\/#website\"},\"primaryImageOfPage\":{\"@id\":\"https:\/\/nk7-testes.com.br\/agazeta\/dia-das-criancas-inesquecivel-para-miguel\/#primaryimage\"},\"image\":{\"@id\":\"https:\/\/nk7-testes.com.br\/agazeta\/dia-das-criancas-inesquecivel-para-miguel\/#primaryimage\"},\"thumbnailUrl\":\"https:\/\/nk7-testes.com.br\/agazeta\/wp-content\/uploads\/2016\/10\/121016-cotidiano-meninoachado-cedida2.jpg\",\"datePublished\":\"2016-10-12T21:29:39+00:00\",\"author\":{\"@id\":\"https:\/\/nk7-testes.com.br\/agazeta\/#\/schema\/person\/ff6b39d54d6973bfc57f4140f659b23f\"},\"breadcrumb\":{\"@id\":\"https:\/\/nk7-testes.com.br\/agazeta\/dia-das-criancas-inesquecivel-para-miguel\/#breadcrumb\"},\"inLanguage\":\"pt-BR\",\"potentialAction\":[{\"@type\":\"ReadAction\",\"target\":[\"https:\/\/nk7-testes.com.br\/agazeta\/dia-das-criancas-inesquecivel-para-miguel\/\"]}]},{\"@type\":\"ImageObject\",\"inLanguage\":\"pt-BR\",\"@id\":\"https:\/\/nk7-testes.com.br\/agazeta\/dia-das-criancas-inesquecivel-para-miguel\/#primaryimage\",\"url\":\"https:\/\/nk7-testes.com.br\/agazeta\/wp-content\/uploads\/2016\/10\/121016-cotidiano-meninoachado-cedida2.jpg\",\"contentUrl\":\"https:\/\/nk7-testes.com.br\/agazeta\/wp-content\/uploads\/2016\/10\/121016-cotidiano-meninoachado-cedida2.jpg\",\"width\":458,\"height\":340,\"caption\":\"121016-cotidiano-meninoachado-cedida2\"},{\"@type\":\"BreadcrumbList\",\"@id\":\"https:\/\/nk7-testes.com.br\/agazeta\/dia-das-criancas-inesquecivel-para-miguel\/#breadcrumb\",\"itemListElement\":[{\"@type\":\"ListItem\",\"position\":1,\"name\":\"In\u00edcio\",\"item\":\"https:\/\/nk7-testes.com.br\/agazeta\/\"},{\"@type\":\"ListItem\",\"position\":2,\"name\":\"Dia das Crian\u00e7as inesquec\u00edvel para Miguel\"}]},{\"@type\":\"WebSite\",\"@id\":\"https:\/\/nk7-testes.com.br\/agazeta\/#website\",\"url\":\"https:\/\/nk7-testes.com.br\/agazeta\/\",\"name\":\"Agazeta.net\",\"description\":\"Agazeta.net - Not\u00edcias de Rio Branco\/AC\",\"potentialAction\":[{\"@type\":\"SearchAction\",\"target\":{\"@type\":\"EntryPoint\",\"urlTemplate\":\"https:\/\/nk7-testes.com.br\/agazeta\/?s={search_term_string}\"},\"query-input\":{\"@type\":\"PropertyValueSpecification\",\"valueRequired\":true,\"valueName\":\"search_term_string\"}}],\"inLanguage\":\"pt-BR\"},{\"@type\":\"Person\",\"@id\":\"https:\/\/nk7-testes.com.br\/agazeta\/#\/schema\/person\/ff6b39d54d6973bfc57f4140f659b23f\",\"name\":\"Agazeta.Net\",\"url\":\"https:\/\/nk7-testes.com.br\/agazeta\/author\/agazeta\/\"}]}<\/script>\n<!-- \/ Yoast SEO plugin. -->","yoast_head_json":{"title":"Dia das Crian\u00e7as inesquec\u00edvel para Miguel - Agazeta.net","robots":{"index":"index","follow":"follow","max-snippet":"max-snippet:-1","max-image-preview":"max-image-preview:large","max-video-preview":"max-video-preview:-1"},"canonical":"https:\/\/nk7-testes.com.br\/agazeta\/dia-das-criancas-inesquecivel-para-miguel\/","og_locale":"pt_BR","og_type":"article","og_title":"Dia das Crian\u00e7as inesquec\u00edvel para Miguel - Agazeta.net","og_description":"Ap\u00f3s reencontrar a m\u00e3e, realizou um sonho","og_url":"https:\/\/nk7-testes.com.br\/agazeta\/dia-das-criancas-inesquecivel-para-miguel\/","og_site_name":"Agazeta.net","article_published_time":"2016-10-12T21:29:39+00:00","og_image":[{"width":458,"height":340,"url":"https:\/\/nk7-testes.com.br\/agazeta\/wp-content\/uploads\/2016\/10\/121016-cotidiano-meninoachado-cedida2.jpg","type":"image\/jpeg"}],"author":"Agazeta.Net","twitter_card":"summary_large_image","twitter_misc":{"Escrito por":"Agazeta.Net","Est. tempo de leitura":"1 minuto"},"schema":{"@context":"https:\/\/schema.org","@graph":[{"@type":"WebPage","@id":"https:\/\/nk7-testes.com.br\/agazeta\/dia-das-criancas-inesquecivel-para-miguel\/","url":"https:\/\/nk7-testes.com.br\/agazeta\/dia-das-criancas-inesquecivel-para-miguel\/","name":"Dia das Crian\u00e7as inesquec\u00edvel para Miguel - Agazeta.net","isPartOf":{"@id":"https:\/\/nk7-testes.com.br\/agazeta\/#website"},"primaryImageOfPage":{"@id":"https:\/\/nk7-testes.com.br\/agazeta\/dia-das-criancas-inesquecivel-para-miguel\/#primaryimage"},"image":{"@id":"https:\/\/nk7-testes.com.br\/agazeta\/dia-das-criancas-inesquecivel-para-miguel\/#primaryimage"},"thumbnailUrl":"https:\/\/nk7-testes.com.br\/agazeta\/wp-content\/uploads\/2016\/10\/121016-cotidiano-meninoachado-cedida2.jpg","datePublished":"2016-10-12T21:29:39+00:00","author":{"@id":"https:\/\/nk7-testes.com.br\/agazeta\/#\/schema\/person\/ff6b39d54d6973bfc57f4140f659b23f"},"breadcrumb":{"@id":"https:\/\/nk7-testes.com.br\/agazeta\/dia-das-criancas-inesquecivel-para-miguel\/#breadcrumb"},"inLanguage":"pt-BR","potentialAction":[{"@type":"ReadAction","target":["https:\/\/nk7-testes.com.br\/agazeta\/dia-das-criancas-inesquecivel-para-miguel\/"]}]},{"@type":"ImageObject","inLanguage":"pt-BR","@id":"https:\/\/nk7-testes.com.br\/agazeta\/dia-das-criancas-inesquecivel-para-miguel\/#primaryimage","url":"https:\/\/nk7-testes.com.br\/agazeta\/wp-content\/uploads\/2016\/10\/121016-cotidiano-meninoachado-cedida2.jpg","contentUrl":"https:\/\/nk7-testes.com.br\/agazeta\/wp-content\/uploads\/2016\/10\/121016-cotidiano-meninoachado-cedida2.jpg","width":458,"height":340,"caption":"121016-cotidiano-meninoachado-cedida2"},{"@type":"BreadcrumbList","@id":"https:\/\/nk7-testes.com.br\/agazeta\/dia-das-criancas-inesquecivel-para-miguel\/#breadcrumb","itemListElement":[{"@type":"ListItem","position":1,"name":"In\u00edcio","item":"https:\/\/nk7-testes.com.br\/agazeta\/"},{"@type":"ListItem","position":2,"name":"Dia das Crian\u00e7as inesquec\u00edvel para Miguel"}]},{"@type":"WebSite","@id":"https:\/\/nk7-testes.com.br\/agazeta\/#website","url":"https:\/\/nk7-testes.com.br\/agazeta\/","name":"Agazeta.net","description":"Agazeta.net - Not\u00edcias de Rio Branco\/AC","potentialAction":[{"@type":"SearchAction","target":{"@type":"EntryPoint","urlTemplate":"https:\/\/nk7-testes.com.br\/agazeta\/?s={search_term_string}"},"query-input":{"@type":"PropertyValueSpecification","valueRequired":true,"valueName":"search_term_string"}}],"inLanguage":"pt-BR"},{"@type":"Person","@id":"https:\/\/nk7-testes.com.br\/agazeta\/#\/schema\/person\/ff6b39d54d6973bfc57f4140f659b23f","name":"Agazeta.Net","url":"https:\/\/nk7-testes.com.br\/agazeta\/author\/agazeta\/"}]}},"_links":{"self":[{"href":"https:\/\/nk7-testes.com.br\/agazeta\/wp-json\/wp\/v2\/posts\/25810","targetHints":{"allow":["GET"]}}],"collection":[{"href":"https:\/\/nk7-testes.com.br\/agazeta\/wp-json\/wp\/v2\/posts"}],"about":[{"href":"https:\/\/nk7-testes.com.br\/agazeta\/wp-json\/wp\/v2\/types\/post"}],"author":[{"embeddable":true,"href":"https:\/\/nk7-testes.com.br\/agazeta\/wp-json\/wp\/v2\/users\/4"}],"replies":[{"embeddable":true,"href":"https:\/\/nk7-testes.com.br\/agazeta\/wp-json\/wp\/v2\/comments?post=25810"}],"version-history":[{"count":0,"href":"https:\/\/nk7-testes.com.br\/agazeta\/wp-json\/wp\/v2\/posts\/25810\/revisions"}],"wp:featuredmedia":[{"embeddable":true,"href":"https:\/\/nk7-testes.com.br\/agazeta\/wp-json\/wp\/v2\/media\/25809"}],"wp:attachment":[{"href":"https:\/\/nk7-testes.com.br\/agazeta\/wp-json\/wp\/v2\/media?parent=25810"}],"wp:term":[{"taxonomy":"category","embeddable":true,"href":"https:\/\/nk7-testes.com.br\/agazeta\/wp-json\/wp\/v2\/categories?post=25810"},{"taxonomy":"post_tag","embeddable":true,"href":"https:\/\/nk7-testes.com.br\/agazeta\/wp-json\/wp\/v2\/tags?post=25810"}],"curies":[{"name":"wp","href":"https:\/\/api.w.org\/{rel}","templated":true}]}}