{"id":25798,"date":"2016-10-12T14:25:18","date_gmt":"2016-10-12T14:25:18","guid":{"rendered":"https:\/\/abarevegan.com.br\/index.php\/2016\/10\/12\/vaqueiros-usam-argumento-cultura-em-protesto\/"},"modified":"2016-10-12T14:25:18","modified_gmt":"2016-10-12T14:25:18","slug":"vaqueiros-usam-argumento-cultura-em-protesto","status":"publish","type":"post","link":"https:\/\/nk7-testes.com.br\/agazeta\/vaqueiros-usam-argumento-cultura-em-protesto\/","title":{"rendered":"Vaqueiros usam argumento \u201ccultura\u201d em protesto"},"content":{"rendered":"<p style=\"text-align: justify;\">Mobiliza\u00e7\u00e3o aconteceu em v\u00e1rios lugares do pa\u00eds<\/p>\n<p style=\"text-align: justify;\">Como aconteceu em v\u00e1rios estados do pa\u00eds, no Acre tamb\u00e9m houve protesto a favor da vaquejada. Mas, a mobiliza\u00e7\u00e3o fracassou em p\u00fablico e organiza\u00e7\u00e3o. Sobre os argumentos de que os animais n\u00e3o s\u00e3o maltratados, o movimento n\u00e3o conseguiu falar a mesma l\u00edngua.<\/p>\n<p style=\"text-align: justify;\">O protesto em uma esp\u00e9cie de cavalgada tinha hor\u00e1rio previsto para come\u00e7ar \u00e0s 2 da tarde, mas j\u00e1 passava das 15:30 e o cortejo n\u00e3o estava organizado pra sair. Al\u00e9m do atraso, a coordena\u00e7\u00e3o pecou em escolher o per\u00edodo mais quente do dia, para expor os animais num protesto que tinha como objetivo demonstrar que a vaquejada n\u00e3o est\u00e1 ligada a maus tratos.<\/p>\n<p style=\"text-align: justify;\">Na semana passada o Supremo Tribunal Federal (STF) decidiu derrubar uma lei do Cear\u00e1 que regulamentava a vaquejada. O \u201cesporte\u201d com origem nordestina consiste numa corrida de dois vaqueiros a cavalo que t\u00eam de perseguir o boi at\u00e9 derrub\u00e1-lo pela cauda.<\/p>\n<p style=\"text-align: justify;\">Segundo o m\u00e9dico veterin\u00e1rio Carlos Henrique Amorim, a vaquejada tem sofrido adapta\u00e7\u00f5es para reduzir o sofrimento dos animais. \u201cO boi corre numa areia macia de mais ou menos 5 ou 6 cent\u00edmetros de profundidade e hoje se usa a cauda artificial justamente pra n\u00e3o prejudicar o boi. N\u00e3o \u00e9 arrancado o chifre, \u00e9 feito cirurgia. <br \/>Os animais s\u00e3o tratados com anti-inflamat\u00f3rio, com medicamentos. A vaquejada est\u00e1 evoluindo. O la\u00e7o tem protetor de chifre pra n\u00e3o machucar o chifre dos animais\u201d, explica.<\/p>\n<p style=\"text-align: justify;\">Durante o protesto os defensores da vaquejada enfatizaram o fator econ\u00f4mico apontando regi\u00f5es do pa\u00eds que dependem da atividade para subsistir. \u201cMostrar que nosso esporte \u00e9 de pessoas de bem, trabalhadoras, que n\u00e3o maltratam animais, que geram emprego, amizade\u201d, disse um dos organizadores da manifesta\u00e7\u00e3o, Jos\u00e9 Lins.<\/p>\n<p style=\"text-align: justify;\">Os manifestantes tamb\u00e9m insistiram em falar sobre o recurso que \u00e9 gasto com cavalos, alimenta\u00e7\u00e3o e tratadores, mas quem est\u00e1 envolvido com o esporte n\u00e3o consegue explicar o equil\u00edbrio entre o que \u00e9 ou n\u00e3o maus tratos.<\/p>\n<p style=\"text-align: justify;\">\u201cA gente n\u00e3o pode esconder que hoje numa vaquejada que corre mil bois tem uma porcentagem muito grande de \u201cquebra cauda\u201d, mas \u00e9 o qu\u00ea, s\u00f3 tirar a luva. Quem quebra cauda de boi \u00e9 a luva. O boi corre numa cama de areia forrada. Quem n\u00e3o souber o que \u00e9 vaquejada pega um v\u00eddeo e vai assistir pra ver o tanto de tombo que cavalo pega, vaqueiro pega e n\u00e3o morre\u201d, disse o produtor rural Jos\u00e9 Barnab\u00e9 Matos.<\/p>\n<p style=\"text-align: justify;\">Por 6 votos a 5 o STF entendeu que a vaquejada imp\u00f5e sofrimento aos animais e com isso, fere princ\u00edpios constitucionais de preserva\u00e7\u00e3o do meio ambiente. A presidente do STF, ministra Carmen L\u00facia destacou que &#8220;sempre haver\u00e1 quem defenda que vem de longo tempo, e que se encravou na cultura do povo. Mas, cultura se muda e muitas foram levadas nessa condi\u00e7\u00e3o at\u00e9 que se houvesse outro modo de ver a vida, n\u00e3o somente ao ser humano&#8221;.<\/p>\n","protected":false},"excerpt":{"rendered":"<p style=\"text-align: justify;\">Mobiliza\u00e7\u00e3o aconteceu em v\u00e1rios lugares do pa\u00eds<\/p>\n","protected":false},"author":4,"featured_media":25797,"comment_status":"open","ping_status":"open","sticky":false,"template":"","format":"standard","meta":{"jnews-multi-image_gallery":[],"jnews_single_post":[],"jnews_primary_category":[],"jnews_social_meta":[],"jnews_review":[],"enable_review":"","type":"","name":"","summary":"","brand":"","sku":"","good":[],"bad":[],"score_override":"","override_value":"","rating":[],"price":[],"footnotes":""},"categories":[54],"tags":[],"class_list":["post-25798","post","type-post","status-publish","format-standard","has-post-thumbnail","hentry","category-cotidiano"],"yoast_head":"<!-- This site is optimized with the Yoast SEO plugin v26.5 - https:\/\/yoast.com\/wordpress\/plugins\/seo\/ -->\n<title>Vaqueiros usam argumento \u201ccultura\u201d em protesto - Agazeta.net<\/title>\n<meta name=\"robots\" content=\"index, follow, max-snippet:-1, max-image-preview:large, max-video-preview:-1\" \/>\n<link rel=\"canonical\" href=\"https:\/\/nk7-testes.com.br\/agazeta\/vaqueiros-usam-argumento-cultura-em-protesto\/\" \/>\n<meta property=\"og:locale\" content=\"pt_BR\" \/>\n<meta property=\"og:type\" content=\"article\" \/>\n<meta property=\"og:title\" content=\"Vaqueiros usam argumento \u201ccultura\u201d em protesto - Agazeta.net\" \/>\n<meta property=\"og:description\" content=\"Mobiliza\u00e7\u00e3o aconteceu em v\u00e1rios lugares do pa\u00eds\" \/>\n<meta property=\"og:url\" content=\"https:\/\/nk7-testes.com.br\/agazeta\/vaqueiros-usam-argumento-cultura-em-protesto\/\" \/>\n<meta property=\"og:site_name\" content=\"Agazeta.net\" \/>\n<meta property=\"article:published_time\" content=\"2016-10-12T14:25:18+00:00\" \/>\n<meta property=\"og:image\" content=\"https:\/\/nk7-testes.com.br\/agazeta\/wp-content\/uploads\/2016\/10\/121016-cotidiano-vaquejadaprotesto-tvgazeta.jpg\" \/>\n\t<meta property=\"og:image:width\" content=\"458\" \/>\n\t<meta property=\"og:image:height\" content=\"340\" \/>\n\t<meta property=\"og:image:type\" content=\"image\/jpeg\" \/>\n<meta name=\"author\" content=\"Agazeta.Net\" \/>\n<meta name=\"twitter:card\" content=\"summary_large_image\" \/>\n<meta name=\"twitter:label1\" content=\"Escrito por\" \/>\n\t<meta name=\"twitter:data1\" content=\"Agazeta.Net\" \/>\n\t<meta name=\"twitter:label2\" content=\"Est. tempo de leitura\" \/>\n\t<meta name=\"twitter:data2\" content=\"3 minutos\" \/>\n<script type=\"application\/ld+json\" class=\"yoast-schema-graph\">{\"@context\":\"https:\/\/schema.org\",\"@graph\":[{\"@type\":\"WebPage\",\"@id\":\"https:\/\/nk7-testes.com.br\/agazeta\/vaqueiros-usam-argumento-cultura-em-protesto\/\",\"url\":\"https:\/\/nk7-testes.com.br\/agazeta\/vaqueiros-usam-argumento-cultura-em-protesto\/\",\"name\":\"Vaqueiros usam argumento \u201ccultura\u201d em protesto - Agazeta.net\",\"isPartOf\":{\"@id\":\"https:\/\/nk7-testes.com.br\/agazeta\/#website\"},\"primaryImageOfPage\":{\"@id\":\"https:\/\/nk7-testes.com.br\/agazeta\/vaqueiros-usam-argumento-cultura-em-protesto\/#primaryimage\"},\"image\":{\"@id\":\"https:\/\/nk7-testes.com.br\/agazeta\/vaqueiros-usam-argumento-cultura-em-protesto\/#primaryimage\"},\"thumbnailUrl\":\"https:\/\/nk7-testes.com.br\/agazeta\/wp-content\/uploads\/2016\/10\/121016-cotidiano-vaquejadaprotesto-tvgazeta.jpg\",\"datePublished\":\"2016-10-12T14:25:18+00:00\",\"author\":{\"@id\":\"https:\/\/nk7-testes.com.br\/agazeta\/#\/schema\/person\/ff6b39d54d6973bfc57f4140f659b23f\"},\"breadcrumb\":{\"@id\":\"https:\/\/nk7-testes.com.br\/agazeta\/vaqueiros-usam-argumento-cultura-em-protesto\/#breadcrumb\"},\"inLanguage\":\"pt-BR\",\"potentialAction\":[{\"@type\":\"ReadAction\",\"target\":[\"https:\/\/nk7-testes.com.br\/agazeta\/vaqueiros-usam-argumento-cultura-em-protesto\/\"]}]},{\"@type\":\"ImageObject\",\"inLanguage\":\"pt-BR\",\"@id\":\"https:\/\/nk7-testes.com.br\/agazeta\/vaqueiros-usam-argumento-cultura-em-protesto\/#primaryimage\",\"url\":\"https:\/\/nk7-testes.com.br\/agazeta\/wp-content\/uploads\/2016\/10\/121016-cotidiano-vaquejadaprotesto-tvgazeta.jpg\",\"contentUrl\":\"https:\/\/nk7-testes.com.br\/agazeta\/wp-content\/uploads\/2016\/10\/121016-cotidiano-vaquejadaprotesto-tvgazeta.jpg\",\"width\":458,\"height\":340,\"caption\":\"121016-cotidiano-vaquejadaprotesto-tvgazeta\"},{\"@type\":\"BreadcrumbList\",\"@id\":\"https:\/\/nk7-testes.com.br\/agazeta\/vaqueiros-usam-argumento-cultura-em-protesto\/#breadcrumb\",\"itemListElement\":[{\"@type\":\"ListItem\",\"position\":1,\"name\":\"In\u00edcio\",\"item\":\"https:\/\/nk7-testes.com.br\/agazeta\/\"},{\"@type\":\"ListItem\",\"position\":2,\"name\":\"Vaqueiros usam argumento \u201ccultura\u201d em protesto\"}]},{\"@type\":\"WebSite\",\"@id\":\"https:\/\/nk7-testes.com.br\/agazeta\/#website\",\"url\":\"https:\/\/nk7-testes.com.br\/agazeta\/\",\"name\":\"Agazeta.net\",\"description\":\"Agazeta.net - Not\u00edcias de Rio Branco\/AC\",\"potentialAction\":[{\"@type\":\"SearchAction\",\"target\":{\"@type\":\"EntryPoint\",\"urlTemplate\":\"https:\/\/nk7-testes.com.br\/agazeta\/?s={search_term_string}\"},\"query-input\":{\"@type\":\"PropertyValueSpecification\",\"valueRequired\":true,\"valueName\":\"search_term_string\"}}],\"inLanguage\":\"pt-BR\"},{\"@type\":\"Person\",\"@id\":\"https:\/\/nk7-testes.com.br\/agazeta\/#\/schema\/person\/ff6b39d54d6973bfc57f4140f659b23f\",\"name\":\"Agazeta.Net\",\"url\":\"https:\/\/nk7-testes.com.br\/agazeta\/author\/agazeta\/\"}]}<\/script>\n<!-- \/ Yoast SEO plugin. -->","yoast_head_json":{"title":"Vaqueiros usam argumento \u201ccultura\u201d em protesto - Agazeta.net","robots":{"index":"index","follow":"follow","max-snippet":"max-snippet:-1","max-image-preview":"max-image-preview:large","max-video-preview":"max-video-preview:-1"},"canonical":"https:\/\/nk7-testes.com.br\/agazeta\/vaqueiros-usam-argumento-cultura-em-protesto\/","og_locale":"pt_BR","og_type":"article","og_title":"Vaqueiros usam argumento \u201ccultura\u201d em protesto - Agazeta.net","og_description":"Mobiliza\u00e7\u00e3o aconteceu em v\u00e1rios lugares do pa\u00eds","og_url":"https:\/\/nk7-testes.com.br\/agazeta\/vaqueiros-usam-argumento-cultura-em-protesto\/","og_site_name":"Agazeta.net","article_published_time":"2016-10-12T14:25:18+00:00","og_image":[{"width":458,"height":340,"url":"https:\/\/nk7-testes.com.br\/agazeta\/wp-content\/uploads\/2016\/10\/121016-cotidiano-vaquejadaprotesto-tvgazeta.jpg","type":"image\/jpeg"}],"author":"Agazeta.Net","twitter_card":"summary_large_image","twitter_misc":{"Escrito por":"Agazeta.Net","Est. tempo de leitura":"3 minutos"},"schema":{"@context":"https:\/\/schema.org","@graph":[{"@type":"WebPage","@id":"https:\/\/nk7-testes.com.br\/agazeta\/vaqueiros-usam-argumento-cultura-em-protesto\/","url":"https:\/\/nk7-testes.com.br\/agazeta\/vaqueiros-usam-argumento-cultura-em-protesto\/","name":"Vaqueiros usam argumento \u201ccultura\u201d em protesto - Agazeta.net","isPartOf":{"@id":"https:\/\/nk7-testes.com.br\/agazeta\/#website"},"primaryImageOfPage":{"@id":"https:\/\/nk7-testes.com.br\/agazeta\/vaqueiros-usam-argumento-cultura-em-protesto\/#primaryimage"},"image":{"@id":"https:\/\/nk7-testes.com.br\/agazeta\/vaqueiros-usam-argumento-cultura-em-protesto\/#primaryimage"},"thumbnailUrl":"https:\/\/nk7-testes.com.br\/agazeta\/wp-content\/uploads\/2016\/10\/121016-cotidiano-vaquejadaprotesto-tvgazeta.jpg","datePublished":"2016-10-12T14:25:18+00:00","author":{"@id":"https:\/\/nk7-testes.com.br\/agazeta\/#\/schema\/person\/ff6b39d54d6973bfc57f4140f659b23f"},"breadcrumb":{"@id":"https:\/\/nk7-testes.com.br\/agazeta\/vaqueiros-usam-argumento-cultura-em-protesto\/#breadcrumb"},"inLanguage":"pt-BR","potentialAction":[{"@type":"ReadAction","target":["https:\/\/nk7-testes.com.br\/agazeta\/vaqueiros-usam-argumento-cultura-em-protesto\/"]}]},{"@type":"ImageObject","inLanguage":"pt-BR","@id":"https:\/\/nk7-testes.com.br\/agazeta\/vaqueiros-usam-argumento-cultura-em-protesto\/#primaryimage","url":"https:\/\/nk7-testes.com.br\/agazeta\/wp-content\/uploads\/2016\/10\/121016-cotidiano-vaquejadaprotesto-tvgazeta.jpg","contentUrl":"https:\/\/nk7-testes.com.br\/agazeta\/wp-content\/uploads\/2016\/10\/121016-cotidiano-vaquejadaprotesto-tvgazeta.jpg","width":458,"height":340,"caption":"121016-cotidiano-vaquejadaprotesto-tvgazeta"},{"@type":"BreadcrumbList","@id":"https:\/\/nk7-testes.com.br\/agazeta\/vaqueiros-usam-argumento-cultura-em-protesto\/#breadcrumb","itemListElement":[{"@type":"ListItem","position":1,"name":"In\u00edcio","item":"https:\/\/nk7-testes.com.br\/agazeta\/"},{"@type":"ListItem","position":2,"name":"Vaqueiros usam argumento \u201ccultura\u201d em protesto"}]},{"@type":"WebSite","@id":"https:\/\/nk7-testes.com.br\/agazeta\/#website","url":"https:\/\/nk7-testes.com.br\/agazeta\/","name":"Agazeta.net","description":"Agazeta.net - Not\u00edcias de Rio Branco\/AC","potentialAction":[{"@type":"SearchAction","target":{"@type":"EntryPoint","urlTemplate":"https:\/\/nk7-testes.com.br\/agazeta\/?s={search_term_string}"},"query-input":{"@type":"PropertyValueSpecification","valueRequired":true,"valueName":"search_term_string"}}],"inLanguage":"pt-BR"},{"@type":"Person","@id":"https:\/\/nk7-testes.com.br\/agazeta\/#\/schema\/person\/ff6b39d54d6973bfc57f4140f659b23f","name":"Agazeta.Net","url":"https:\/\/nk7-testes.com.br\/agazeta\/author\/agazeta\/"}]}},"_links":{"self":[{"href":"https:\/\/nk7-testes.com.br\/agazeta\/wp-json\/wp\/v2\/posts\/25798","targetHints":{"allow":["GET"]}}],"collection":[{"href":"https:\/\/nk7-testes.com.br\/agazeta\/wp-json\/wp\/v2\/posts"}],"about":[{"href":"https:\/\/nk7-testes.com.br\/agazeta\/wp-json\/wp\/v2\/types\/post"}],"author":[{"embeddable":true,"href":"https:\/\/nk7-testes.com.br\/agazeta\/wp-json\/wp\/v2\/users\/4"}],"replies":[{"embeddable":true,"href":"https:\/\/nk7-testes.com.br\/agazeta\/wp-json\/wp\/v2\/comments?post=25798"}],"version-history":[{"count":0,"href":"https:\/\/nk7-testes.com.br\/agazeta\/wp-json\/wp\/v2\/posts\/25798\/revisions"}],"wp:featuredmedia":[{"embeddable":true,"href":"https:\/\/nk7-testes.com.br\/agazeta\/wp-json\/wp\/v2\/media\/25797"}],"wp:attachment":[{"href":"https:\/\/nk7-testes.com.br\/agazeta\/wp-json\/wp\/v2\/media?parent=25798"}],"wp:term":[{"taxonomy":"category","embeddable":true,"href":"https:\/\/nk7-testes.com.br\/agazeta\/wp-json\/wp\/v2\/categories?post=25798"},{"taxonomy":"post_tag","embeddable":true,"href":"https:\/\/nk7-testes.com.br\/agazeta\/wp-json\/wp\/v2\/tags?post=25798"}],"curies":[{"name":"wp","href":"https:\/\/api.w.org\/{rel}","templated":true}]}}