{"id":25792,"date":"2016-10-11T22:45:41","date_gmt":"2016-10-11T22:45:41","guid":{"rendered":"https:\/\/abarevegan.com.br\/index.php\/2016\/10\/11\/fieis-catolicos-celebram-nossa-senhora-aparecida\/"},"modified":"2016-10-11T22:45:41","modified_gmt":"2016-10-11T22:45:41","slug":"fieis-catolicos-celebram-nossa-senhora-aparecida","status":"publish","type":"post","link":"https:\/\/nk7-testes.com.br\/agazeta\/fieis-catolicos-celebram-nossa-senhora-aparecida\/","title":{"rendered":"Fi\u00e9is cat\u00f3licos celebram Nossa Senhora Aparecida"},"content":{"rendered":"<p style=\"text-align: justify;\">Programa\u00e7\u00e3o come\u00e7a nesta quarta-feira<\/p>\n<p style=\"text-align: justify;\">Fi\u00e9is cat\u00f3licos de Rio Branco celebram nesta quarta-feira, 12, Nossa Senhora Aparecida, padroeira do Brasil. O ponto alto da festa ser\u00e1 a celebra\u00e7\u00e3o da Santa Missa, que ser\u00e1 realizada no Santu\u00e1rio de Nossa Senhora Aparecida, localizada no Residencial Iolanda, pr\u00f3ximo ao Supermercado Pague Pouco no Manoel Juli\u00e3o, est\u00e1 programada para 17 horas. Logo em seguida os devotos participam da grande Prociss\u00e3o.<\/p>\n<p style=\"text-align: justify;\">Durante todo o dia, os fi\u00e9is ter\u00e3o oportunidade de participar de momentos de ora\u00e7\u00f5es e adora\u00e7\u00f5es. A expectativa \u00e9 que mais de tr\u00eas mil pessoas participem dos festejos. S\u00e3o fi\u00e9is de Rio Branco, do interior do Estado e da Zona Rural que a cada ano participam das festividades para agradecer uma gra\u00e7a alcan\u00e7ada e pedir a prote\u00e7\u00e3o da M\u00e3e de Jesus.<\/p>\n<p style=\"text-align: justify;\">&#8220;Queremos convidar todos os cat\u00f3licos, devotos de Nossa Senhora Aparecida, para que participem desse momento de f\u00e9 e devo\u00e7\u00e3o. Estamos preparando a estrutura necess\u00e1ria para receber a popula\u00e7\u00e3o da melhor maneira poss\u00edvel. Durante todo o dia a Igreja estar\u00e1 aberta para que as pessoas possam fazer suas ora\u00e7\u00f5es\u201d, afirma Everton Silva de Brito, coordenador da Comunidade Nossa Senhora Aparecida.<\/p>\n<p style=\"text-align: justify;\">Al\u00e9m da celebra\u00e7\u00e3o da Santa Missa e da Prociss\u00e3o, acontecer\u00e1 a reza de mil ave-marias, com in\u00edcio \u00e0s 8 horas. A Comunidade realizar\u00e1 ainda uma programa\u00e7\u00e3o especial para as crian\u00e7as durante toda manh\u00e3.<\/p>\n","protected":false},"excerpt":{"rendered":"<p style=\"text-align: justify;\">Programa\u00e7\u00e3o come\u00e7a nesta quarta-feira<\/p>\n","protected":false},"author":4,"featured_media":25791,"comment_status":"open","ping_status":"open","sticky":false,"template":"","format":"standard","meta":{"jnews-multi-image_gallery":[],"jnews_single_post":[],"jnews_primary_category":[],"jnews_social_meta":[],"jnews_review":[],"enable_review":"","type":"","name":"","summary":"","brand":"","sku":"","good":[],"bad":[],"score_override":"","override_value":"","rating":[],"price":[],"footnotes":""},"categories":[54],"tags":[],"class_list":["post-25792","post","type-post","status-publish","format-standard","has-post-thumbnail","hentry","category-cotidiano"],"yoast_head":"<!-- This site is optimized with the Yoast SEO plugin v26.5 - https:\/\/yoast.com\/wordpress\/plugins\/seo\/ -->\n<title>Fi\u00e9is cat\u00f3licos celebram Nossa Senhora Aparecida - Agazeta.net<\/title>\n<meta name=\"robots\" content=\"index, follow, max-snippet:-1, max-image-preview:large, max-video-preview:-1\" \/>\n<link rel=\"canonical\" href=\"https:\/\/nk7-testes.com.br\/agazeta\/fieis-catolicos-celebram-nossa-senhora-aparecida\/\" \/>\n<meta property=\"og:locale\" content=\"pt_BR\" \/>\n<meta property=\"og:type\" content=\"article\" \/>\n<meta property=\"og:title\" content=\"Fi\u00e9is cat\u00f3licos celebram Nossa Senhora Aparecida - Agazeta.net\" \/>\n<meta property=\"og:description\" content=\"Programa\u00e7\u00e3o come\u00e7a nesta quarta-feira\" \/>\n<meta property=\"og:url\" content=\"https:\/\/nk7-testes.com.br\/agazeta\/fieis-catolicos-celebram-nossa-senhora-aparecida\/\" \/>\n<meta property=\"og:site_name\" content=\"Agazeta.net\" \/>\n<meta property=\"article:published_time\" content=\"2016-10-11T22:45:41+00:00\" \/>\n<meta property=\"og:image\" content=\"https:\/\/nk7-testes.com.br\/agazeta\/wp-content\/uploads\/2016\/10\/111016-cotidiano-aparecida-cedida.jpg\" \/>\n\t<meta property=\"og:image:width\" content=\"458\" \/>\n\t<meta property=\"og:image:height\" content=\"340\" \/>\n\t<meta property=\"og:image:type\" content=\"image\/jpeg\" \/>\n<meta name=\"author\" content=\"Agazeta.Net\" \/>\n<meta name=\"twitter:card\" content=\"summary_large_image\" \/>\n<meta name=\"twitter:label1\" content=\"Escrito por\" \/>\n\t<meta name=\"twitter:data1\" content=\"Agazeta.Net\" \/>\n\t<meta name=\"twitter:label2\" content=\"Est. tempo de leitura\" \/>\n\t<meta name=\"twitter:data2\" content=\"1 minuto\" \/>\n<script type=\"application\/ld+json\" class=\"yoast-schema-graph\">{\"@context\":\"https:\/\/schema.org\",\"@graph\":[{\"@type\":\"WebPage\",\"@id\":\"https:\/\/nk7-testes.com.br\/agazeta\/fieis-catolicos-celebram-nossa-senhora-aparecida\/\",\"url\":\"https:\/\/nk7-testes.com.br\/agazeta\/fieis-catolicos-celebram-nossa-senhora-aparecida\/\",\"name\":\"Fi\u00e9is cat\u00f3licos celebram Nossa Senhora Aparecida - Agazeta.net\",\"isPartOf\":{\"@id\":\"https:\/\/nk7-testes.com.br\/agazeta\/#website\"},\"primaryImageOfPage\":{\"@id\":\"https:\/\/nk7-testes.com.br\/agazeta\/fieis-catolicos-celebram-nossa-senhora-aparecida\/#primaryimage\"},\"image\":{\"@id\":\"https:\/\/nk7-testes.com.br\/agazeta\/fieis-catolicos-celebram-nossa-senhora-aparecida\/#primaryimage\"},\"thumbnailUrl\":\"https:\/\/nk7-testes.com.br\/agazeta\/wp-content\/uploads\/2016\/10\/111016-cotidiano-aparecida-cedida.jpg\",\"datePublished\":\"2016-10-11T22:45:41+00:00\",\"author\":{\"@id\":\"https:\/\/nk7-testes.com.br\/agazeta\/#\/schema\/person\/ff6b39d54d6973bfc57f4140f659b23f\"},\"breadcrumb\":{\"@id\":\"https:\/\/nk7-testes.com.br\/agazeta\/fieis-catolicos-celebram-nossa-senhora-aparecida\/#breadcrumb\"},\"inLanguage\":\"pt-BR\",\"potentialAction\":[{\"@type\":\"ReadAction\",\"target\":[\"https:\/\/nk7-testes.com.br\/agazeta\/fieis-catolicos-celebram-nossa-senhora-aparecida\/\"]}]},{\"@type\":\"ImageObject\",\"inLanguage\":\"pt-BR\",\"@id\":\"https:\/\/nk7-testes.com.br\/agazeta\/fieis-catolicos-celebram-nossa-senhora-aparecida\/#primaryimage\",\"url\":\"https:\/\/nk7-testes.com.br\/agazeta\/wp-content\/uploads\/2016\/10\/111016-cotidiano-aparecida-cedida.jpg\",\"contentUrl\":\"https:\/\/nk7-testes.com.br\/agazeta\/wp-content\/uploads\/2016\/10\/111016-cotidiano-aparecida-cedida.jpg\",\"width\":458,\"height\":340,\"caption\":\"111016-cotidiano-aparecida-cedida\"},{\"@type\":\"BreadcrumbList\",\"@id\":\"https:\/\/nk7-testes.com.br\/agazeta\/fieis-catolicos-celebram-nossa-senhora-aparecida\/#breadcrumb\",\"itemListElement\":[{\"@type\":\"ListItem\",\"position\":1,\"name\":\"In\u00edcio\",\"item\":\"https:\/\/nk7-testes.com.br\/agazeta\/\"},{\"@type\":\"ListItem\",\"position\":2,\"name\":\"Fi\u00e9is cat\u00f3licos celebram Nossa Senhora Aparecida\"}]},{\"@type\":\"WebSite\",\"@id\":\"https:\/\/nk7-testes.com.br\/agazeta\/#website\",\"url\":\"https:\/\/nk7-testes.com.br\/agazeta\/\",\"name\":\"Agazeta.net\",\"description\":\"Agazeta.net - Not\u00edcias de Rio Branco\/AC\",\"potentialAction\":[{\"@type\":\"SearchAction\",\"target\":{\"@type\":\"EntryPoint\",\"urlTemplate\":\"https:\/\/nk7-testes.com.br\/agazeta\/?s={search_term_string}\"},\"query-input\":{\"@type\":\"PropertyValueSpecification\",\"valueRequired\":true,\"valueName\":\"search_term_string\"}}],\"inLanguage\":\"pt-BR\"},{\"@type\":\"Person\",\"@id\":\"https:\/\/nk7-testes.com.br\/agazeta\/#\/schema\/person\/ff6b39d54d6973bfc57f4140f659b23f\",\"name\":\"Agazeta.Net\",\"url\":\"https:\/\/nk7-testes.com.br\/agazeta\/author\/agazeta\/\"}]}<\/script>\n<!-- \/ Yoast SEO plugin. -->","yoast_head_json":{"title":"Fi\u00e9is cat\u00f3licos celebram Nossa Senhora Aparecida - Agazeta.net","robots":{"index":"index","follow":"follow","max-snippet":"max-snippet:-1","max-image-preview":"max-image-preview:large","max-video-preview":"max-video-preview:-1"},"canonical":"https:\/\/nk7-testes.com.br\/agazeta\/fieis-catolicos-celebram-nossa-senhora-aparecida\/","og_locale":"pt_BR","og_type":"article","og_title":"Fi\u00e9is cat\u00f3licos celebram Nossa Senhora Aparecida - Agazeta.net","og_description":"Programa\u00e7\u00e3o come\u00e7a nesta quarta-feira","og_url":"https:\/\/nk7-testes.com.br\/agazeta\/fieis-catolicos-celebram-nossa-senhora-aparecida\/","og_site_name":"Agazeta.net","article_published_time":"2016-10-11T22:45:41+00:00","og_image":[{"width":458,"height":340,"url":"https:\/\/nk7-testes.com.br\/agazeta\/wp-content\/uploads\/2016\/10\/111016-cotidiano-aparecida-cedida.jpg","type":"image\/jpeg"}],"author":"Agazeta.Net","twitter_card":"summary_large_image","twitter_misc":{"Escrito por":"Agazeta.Net","Est. tempo de leitura":"1 minuto"},"schema":{"@context":"https:\/\/schema.org","@graph":[{"@type":"WebPage","@id":"https:\/\/nk7-testes.com.br\/agazeta\/fieis-catolicos-celebram-nossa-senhora-aparecida\/","url":"https:\/\/nk7-testes.com.br\/agazeta\/fieis-catolicos-celebram-nossa-senhora-aparecida\/","name":"Fi\u00e9is cat\u00f3licos celebram Nossa Senhora Aparecida - Agazeta.net","isPartOf":{"@id":"https:\/\/nk7-testes.com.br\/agazeta\/#website"},"primaryImageOfPage":{"@id":"https:\/\/nk7-testes.com.br\/agazeta\/fieis-catolicos-celebram-nossa-senhora-aparecida\/#primaryimage"},"image":{"@id":"https:\/\/nk7-testes.com.br\/agazeta\/fieis-catolicos-celebram-nossa-senhora-aparecida\/#primaryimage"},"thumbnailUrl":"https:\/\/nk7-testes.com.br\/agazeta\/wp-content\/uploads\/2016\/10\/111016-cotidiano-aparecida-cedida.jpg","datePublished":"2016-10-11T22:45:41+00:00","author":{"@id":"https:\/\/nk7-testes.com.br\/agazeta\/#\/schema\/person\/ff6b39d54d6973bfc57f4140f659b23f"},"breadcrumb":{"@id":"https:\/\/nk7-testes.com.br\/agazeta\/fieis-catolicos-celebram-nossa-senhora-aparecida\/#breadcrumb"},"inLanguage":"pt-BR","potentialAction":[{"@type":"ReadAction","target":["https:\/\/nk7-testes.com.br\/agazeta\/fieis-catolicos-celebram-nossa-senhora-aparecida\/"]}]},{"@type":"ImageObject","inLanguage":"pt-BR","@id":"https:\/\/nk7-testes.com.br\/agazeta\/fieis-catolicos-celebram-nossa-senhora-aparecida\/#primaryimage","url":"https:\/\/nk7-testes.com.br\/agazeta\/wp-content\/uploads\/2016\/10\/111016-cotidiano-aparecida-cedida.jpg","contentUrl":"https:\/\/nk7-testes.com.br\/agazeta\/wp-content\/uploads\/2016\/10\/111016-cotidiano-aparecida-cedida.jpg","width":458,"height":340,"caption":"111016-cotidiano-aparecida-cedida"},{"@type":"BreadcrumbList","@id":"https:\/\/nk7-testes.com.br\/agazeta\/fieis-catolicos-celebram-nossa-senhora-aparecida\/#breadcrumb","itemListElement":[{"@type":"ListItem","position":1,"name":"In\u00edcio","item":"https:\/\/nk7-testes.com.br\/agazeta\/"},{"@type":"ListItem","position":2,"name":"Fi\u00e9is cat\u00f3licos celebram Nossa Senhora Aparecida"}]},{"@type":"WebSite","@id":"https:\/\/nk7-testes.com.br\/agazeta\/#website","url":"https:\/\/nk7-testes.com.br\/agazeta\/","name":"Agazeta.net","description":"Agazeta.net - Not\u00edcias de Rio Branco\/AC","potentialAction":[{"@type":"SearchAction","target":{"@type":"EntryPoint","urlTemplate":"https:\/\/nk7-testes.com.br\/agazeta\/?s={search_term_string}"},"query-input":{"@type":"PropertyValueSpecification","valueRequired":true,"valueName":"search_term_string"}}],"inLanguage":"pt-BR"},{"@type":"Person","@id":"https:\/\/nk7-testes.com.br\/agazeta\/#\/schema\/person\/ff6b39d54d6973bfc57f4140f659b23f","name":"Agazeta.Net","url":"https:\/\/nk7-testes.com.br\/agazeta\/author\/agazeta\/"}]}},"_links":{"self":[{"href":"https:\/\/nk7-testes.com.br\/agazeta\/wp-json\/wp\/v2\/posts\/25792","targetHints":{"allow":["GET"]}}],"collection":[{"href":"https:\/\/nk7-testes.com.br\/agazeta\/wp-json\/wp\/v2\/posts"}],"about":[{"href":"https:\/\/nk7-testes.com.br\/agazeta\/wp-json\/wp\/v2\/types\/post"}],"author":[{"embeddable":true,"href":"https:\/\/nk7-testes.com.br\/agazeta\/wp-json\/wp\/v2\/users\/4"}],"replies":[{"embeddable":true,"href":"https:\/\/nk7-testes.com.br\/agazeta\/wp-json\/wp\/v2\/comments?post=25792"}],"version-history":[{"count":0,"href":"https:\/\/nk7-testes.com.br\/agazeta\/wp-json\/wp\/v2\/posts\/25792\/revisions"}],"wp:featuredmedia":[{"embeddable":true,"href":"https:\/\/nk7-testes.com.br\/agazeta\/wp-json\/wp\/v2\/media\/25791"}],"wp:attachment":[{"href":"https:\/\/nk7-testes.com.br\/agazeta\/wp-json\/wp\/v2\/media?parent=25792"}],"wp:term":[{"taxonomy":"category","embeddable":true,"href":"https:\/\/nk7-testes.com.br\/agazeta\/wp-json\/wp\/v2\/categories?post=25792"},{"taxonomy":"post_tag","embeddable":true,"href":"https:\/\/nk7-testes.com.br\/agazeta\/wp-json\/wp\/v2\/tags?post=25792"}],"curies":[{"name":"wp","href":"https:\/\/api.w.org\/{rel}","templated":true}]}}