{"id":25784,"date":"2016-10-11T19:09:47","date_gmt":"2016-10-11T19:09:47","guid":{"rendered":"https:\/\/abarevegan.com.br\/index.php\/2016\/10\/11\/policia-prende-suspeito-de-arrastoes-em-paradas-de-onibus\/"},"modified":"2016-10-11T19:09:47","modified_gmt":"2016-10-11T19:09:47","slug":"policia-prende-suspeito-de-arrastoes-em-paradas-de-onibus","status":"publish","type":"post","link":"https:\/\/nk7-testes.com.br\/agazeta\/policia-prende-suspeito-de-arrastoes-em-paradas-de-onibus\/","title":{"rendered":"Pol\u00edcia prende suspeito de arrast\u00f5es em paradas de \u00f4nibus"},"content":{"rendered":"<p style=\"text-align: justify;\">Thales foi preso em flagrante e reconhecido por outra v\u00edtima<\/p>\n<p style=\"text-align: justify;\">Na tarde desta segunda-feira (10) a Pol\u00edcia Civil prendeu em flagrante Thales Braga de Castro, 19 anos, suspeito de realizar arrast\u00f5es nas paradas de \u00f4nibus na regi\u00e3o do bairro Avi\u00e1rio. Ele foi apresentado na manh\u00e3 de hoje (11) a imprensa.<\/p>\n<p style=\"text-align: justify;\">Segundo a pol\u00edcia, Thales praticava um roubo numa parada de \u00f4nibus quando foi preso com ele foi encontrado um revolver calibre 357, municiado.<\/p>\n<p style=\"text-align: justify;\">De acordo com o delegado S\u00e9rgio Lopes, o jovem \u00e9 suspeito de realizar v\u00e1rios arrast\u00f5es no local, \u201csuspeita-se disso uma vez que n\u00f3s temos aqui outras noticias crimes de roubos que ocorreram na parada de \u00f4nibus, mas ontem uma equipe policial passava no local quando eles estavam praticando o roubo e houve a interven\u00e7\u00e3o policial. Ele efetuou disparos contra os policiais, mas foi preso em flagrante.\u201d<\/p>\n<p style=\"text-align: justify;\">Ainda na manh\u00e3 deste ter\u00e7a outra v\u00edtima foi \u00e0 delegacia e fez reconhecimento do suspeito. \u201cEle tamb\u00e9m foi flagrado por imagens de c\u00e2mera seguran\u00e7a nas proximidades de onde ele praticou esse roubo. Ent\u00e3o, s\u00f3 de ontem pra c\u00e1 j\u00e1 identificamos dois roubos praticados por esse individuo. N\u00f3s estamos aprofundando as investiga\u00e7\u00f5es no sentido de identificar outras praticas criminosas.\u201d Completou Lopes.<\/p>\n","protected":false},"excerpt":{"rendered":"<p style=\"text-align: justify;\">Thales foi preso em flagrante e reconhecido por outra v\u00edtima<\/p>\n","protected":false},"author":4,"featured_media":25783,"comment_status":"open","ping_status":"open","sticky":false,"template":"","format":"standard","meta":{"jnews-multi-image_gallery":[],"jnews_single_post":[],"jnews_primary_category":[],"jnews_social_meta":[],"jnews_review":[],"enable_review":"","type":"","name":"","summary":"","brand":"","sku":"","good":[],"bad":[],"score_override":"","override_value":"","rating":[],"price":[],"footnotes":""},"categories":[44],"tags":[],"class_list":["post-25784","post","type-post","status-publish","format-standard","has-post-thumbnail","hentry","category-policia"],"yoast_head":"<!-- This site is optimized with the Yoast SEO plugin v26.5 - https:\/\/yoast.com\/wordpress\/plugins\/seo\/ -->\n<title>Pol\u00edcia prende suspeito de arrast\u00f5es em paradas de \u00f4nibus - Agazeta.net<\/title>\n<meta name=\"robots\" content=\"index, follow, max-snippet:-1, max-image-preview:large, max-video-preview:-1\" \/>\n<link rel=\"canonical\" href=\"https:\/\/nk7-testes.com.br\/agazeta\/policia-prende-suspeito-de-arrastoes-em-paradas-de-onibus\/\" \/>\n<meta property=\"og:locale\" content=\"pt_BR\" \/>\n<meta property=\"og:type\" content=\"article\" \/>\n<meta property=\"og:title\" content=\"Pol\u00edcia prende suspeito de arrast\u00f5es em paradas de \u00f4nibus - Agazeta.net\" \/>\n<meta property=\"og:description\" content=\"Thales foi preso em flagrante e reconhecido por outra v\u00edtima\" \/>\n<meta property=\"og:url\" content=\"https:\/\/nk7-testes.com.br\/agazeta\/policia-prende-suspeito-de-arrastoes-em-paradas-de-onibus\/\" \/>\n<meta property=\"og:site_name\" content=\"Agazeta.net\" \/>\n<meta property=\"article:published_time\" content=\"2016-10-11T19:09:47+00:00\" \/>\n<meta property=\"og:image\" content=\"https:\/\/nk7-testes.com.br\/agazeta\/wp-content\/uploads\/2016\/10\/111016-policia-suspeito-arrastoes.jpg\" \/>\n\t<meta property=\"og:image:width\" content=\"458\" \/>\n\t<meta property=\"og:image:height\" content=\"340\" \/>\n\t<meta property=\"og:image:type\" content=\"image\/jpeg\" \/>\n<meta name=\"author\" content=\"Agazeta.Net\" \/>\n<meta name=\"twitter:card\" content=\"summary_large_image\" \/>\n<meta name=\"twitter:label1\" content=\"Escrito por\" \/>\n\t<meta name=\"twitter:data1\" content=\"Agazeta.Net\" \/>\n\t<meta name=\"twitter:label2\" content=\"Est. tempo de leitura\" \/>\n\t<meta name=\"twitter:data2\" content=\"1 minuto\" \/>\n<script type=\"application\/ld+json\" class=\"yoast-schema-graph\">{\"@context\":\"https:\/\/schema.org\",\"@graph\":[{\"@type\":\"WebPage\",\"@id\":\"https:\/\/nk7-testes.com.br\/agazeta\/policia-prende-suspeito-de-arrastoes-em-paradas-de-onibus\/\",\"url\":\"https:\/\/nk7-testes.com.br\/agazeta\/policia-prende-suspeito-de-arrastoes-em-paradas-de-onibus\/\",\"name\":\"Pol\u00edcia prende suspeito de arrast\u00f5es em paradas de \u00f4nibus - Agazeta.net\",\"isPartOf\":{\"@id\":\"https:\/\/nk7-testes.com.br\/agazeta\/#website\"},\"primaryImageOfPage\":{\"@id\":\"https:\/\/nk7-testes.com.br\/agazeta\/policia-prende-suspeito-de-arrastoes-em-paradas-de-onibus\/#primaryimage\"},\"image\":{\"@id\":\"https:\/\/nk7-testes.com.br\/agazeta\/policia-prende-suspeito-de-arrastoes-em-paradas-de-onibus\/#primaryimage\"},\"thumbnailUrl\":\"https:\/\/nk7-testes.com.br\/agazeta\/wp-content\/uploads\/2016\/10\/111016-policia-suspeito-arrastoes.jpg\",\"datePublished\":\"2016-10-11T19:09:47+00:00\",\"author\":{\"@id\":\"https:\/\/nk7-testes.com.br\/agazeta\/#\/schema\/person\/6d6e25cb0435eb4a02fd44d30b4e3020\"},\"breadcrumb\":{\"@id\":\"https:\/\/nk7-testes.com.br\/agazeta\/policia-prende-suspeito-de-arrastoes-em-paradas-de-onibus\/#breadcrumb\"},\"inLanguage\":\"pt-BR\",\"potentialAction\":[{\"@type\":\"ReadAction\",\"target\":[\"https:\/\/nk7-testes.com.br\/agazeta\/policia-prende-suspeito-de-arrastoes-em-paradas-de-onibus\/\"]}]},{\"@type\":\"ImageObject\",\"inLanguage\":\"pt-BR\",\"@id\":\"https:\/\/nk7-testes.com.br\/agazeta\/policia-prende-suspeito-de-arrastoes-em-paradas-de-onibus\/#primaryimage\",\"url\":\"https:\/\/nk7-testes.com.br\/agazeta\/wp-content\/uploads\/2016\/10\/111016-policia-suspeito-arrastoes.jpg\",\"contentUrl\":\"https:\/\/nk7-testes.com.br\/agazeta\/wp-content\/uploads\/2016\/10\/111016-policia-suspeito-arrastoes.jpg\",\"width\":458,\"height\":340,\"caption\":\"111016-policia-suspeito-arrastoes\"},{\"@type\":\"BreadcrumbList\",\"@id\":\"https:\/\/nk7-testes.com.br\/agazeta\/policia-prende-suspeito-de-arrastoes-em-paradas-de-onibus\/#breadcrumb\",\"itemListElement\":[{\"@type\":\"ListItem\",\"position\":1,\"name\":\"In\u00edcio\",\"item\":\"https:\/\/nk7-testes.com.br\/agazeta\/\"},{\"@type\":\"ListItem\",\"position\":2,\"name\":\"Pol\u00edcia prende suspeito de arrast\u00f5es em paradas de \u00f4nibus\"}]},{\"@type\":\"WebSite\",\"@id\":\"https:\/\/nk7-testes.com.br\/agazeta\/#website\",\"url\":\"https:\/\/nk7-testes.com.br\/agazeta\/\",\"name\":\"Agazeta.net\",\"description\":\"Agazeta.net - Not\u00edcias de Rio Branco\/AC\",\"potentialAction\":[{\"@type\":\"SearchAction\",\"target\":{\"@type\":\"EntryPoint\",\"urlTemplate\":\"https:\/\/nk7-testes.com.br\/agazeta\/?s={search_term_string}\"},\"query-input\":{\"@type\":\"PropertyValueSpecification\",\"valueRequired\":true,\"valueName\":\"search_term_string\"}}],\"inLanguage\":\"pt-BR\"},{\"@type\":\"Person\",\"@id\":\"https:\/\/nk7-testes.com.br\/agazeta\/#\/schema\/person\/6d6e25cb0435eb4a02fd44d30b4e3020\",\"name\":\"Agazeta.Net\",\"url\":\"https:\/\/nk7-testes.com.br\/agazeta\/author\/agazeta\/\"}]}<\/script>\n<!-- \/ Yoast SEO plugin. -->","yoast_head_json":{"title":"Pol\u00edcia prende suspeito de arrast\u00f5es em paradas de \u00f4nibus - Agazeta.net","robots":{"index":"index","follow":"follow","max-snippet":"max-snippet:-1","max-image-preview":"max-image-preview:large","max-video-preview":"max-video-preview:-1"},"canonical":"https:\/\/nk7-testes.com.br\/agazeta\/policia-prende-suspeito-de-arrastoes-em-paradas-de-onibus\/","og_locale":"pt_BR","og_type":"article","og_title":"Pol\u00edcia prende suspeito de arrast\u00f5es em paradas de \u00f4nibus - Agazeta.net","og_description":"Thales foi preso em flagrante e reconhecido por outra v\u00edtima","og_url":"https:\/\/nk7-testes.com.br\/agazeta\/policia-prende-suspeito-de-arrastoes-em-paradas-de-onibus\/","og_site_name":"Agazeta.net","article_published_time":"2016-10-11T19:09:47+00:00","og_image":[{"width":458,"height":340,"url":"https:\/\/nk7-testes.com.br\/agazeta\/wp-content\/uploads\/2016\/10\/111016-policia-suspeito-arrastoes.jpg","type":"image\/jpeg"}],"author":"Agazeta.Net","twitter_card":"summary_large_image","twitter_misc":{"Escrito por":"Agazeta.Net","Est. tempo de leitura":"1 minuto"},"schema":{"@context":"https:\/\/schema.org","@graph":[{"@type":"WebPage","@id":"https:\/\/nk7-testes.com.br\/agazeta\/policia-prende-suspeito-de-arrastoes-em-paradas-de-onibus\/","url":"https:\/\/nk7-testes.com.br\/agazeta\/policia-prende-suspeito-de-arrastoes-em-paradas-de-onibus\/","name":"Pol\u00edcia prende suspeito de arrast\u00f5es em paradas de \u00f4nibus - Agazeta.net","isPartOf":{"@id":"https:\/\/nk7-testes.com.br\/agazeta\/#website"},"primaryImageOfPage":{"@id":"https:\/\/nk7-testes.com.br\/agazeta\/policia-prende-suspeito-de-arrastoes-em-paradas-de-onibus\/#primaryimage"},"image":{"@id":"https:\/\/nk7-testes.com.br\/agazeta\/policia-prende-suspeito-de-arrastoes-em-paradas-de-onibus\/#primaryimage"},"thumbnailUrl":"https:\/\/nk7-testes.com.br\/agazeta\/wp-content\/uploads\/2016\/10\/111016-policia-suspeito-arrastoes.jpg","datePublished":"2016-10-11T19:09:47+00:00","author":{"@id":"https:\/\/nk7-testes.com.br\/agazeta\/#\/schema\/person\/6d6e25cb0435eb4a02fd44d30b4e3020"},"breadcrumb":{"@id":"https:\/\/nk7-testes.com.br\/agazeta\/policia-prende-suspeito-de-arrastoes-em-paradas-de-onibus\/#breadcrumb"},"inLanguage":"pt-BR","potentialAction":[{"@type":"ReadAction","target":["https:\/\/nk7-testes.com.br\/agazeta\/policia-prende-suspeito-de-arrastoes-em-paradas-de-onibus\/"]}]},{"@type":"ImageObject","inLanguage":"pt-BR","@id":"https:\/\/nk7-testes.com.br\/agazeta\/policia-prende-suspeito-de-arrastoes-em-paradas-de-onibus\/#primaryimage","url":"https:\/\/nk7-testes.com.br\/agazeta\/wp-content\/uploads\/2016\/10\/111016-policia-suspeito-arrastoes.jpg","contentUrl":"https:\/\/nk7-testes.com.br\/agazeta\/wp-content\/uploads\/2016\/10\/111016-policia-suspeito-arrastoes.jpg","width":458,"height":340,"caption":"111016-policia-suspeito-arrastoes"},{"@type":"BreadcrumbList","@id":"https:\/\/nk7-testes.com.br\/agazeta\/policia-prende-suspeito-de-arrastoes-em-paradas-de-onibus\/#breadcrumb","itemListElement":[{"@type":"ListItem","position":1,"name":"In\u00edcio","item":"https:\/\/nk7-testes.com.br\/agazeta\/"},{"@type":"ListItem","position":2,"name":"Pol\u00edcia prende suspeito de arrast\u00f5es em paradas de \u00f4nibus"}]},{"@type":"WebSite","@id":"https:\/\/nk7-testes.com.br\/agazeta\/#website","url":"https:\/\/nk7-testes.com.br\/agazeta\/","name":"Agazeta.net","description":"Agazeta.net - Not\u00edcias de Rio Branco\/AC","potentialAction":[{"@type":"SearchAction","target":{"@type":"EntryPoint","urlTemplate":"https:\/\/nk7-testes.com.br\/agazeta\/?s={search_term_string}"},"query-input":{"@type":"PropertyValueSpecification","valueRequired":true,"valueName":"search_term_string"}}],"inLanguage":"pt-BR"},{"@type":"Person","@id":"https:\/\/nk7-testes.com.br\/agazeta\/#\/schema\/person\/6d6e25cb0435eb4a02fd44d30b4e3020","name":"Agazeta.Net","url":"https:\/\/nk7-testes.com.br\/agazeta\/author\/agazeta\/"}]}},"_links":{"self":[{"href":"https:\/\/nk7-testes.com.br\/agazeta\/wp-json\/wp\/v2\/posts\/25784","targetHints":{"allow":["GET"]}}],"collection":[{"href":"https:\/\/nk7-testes.com.br\/agazeta\/wp-json\/wp\/v2\/posts"}],"about":[{"href":"https:\/\/nk7-testes.com.br\/agazeta\/wp-json\/wp\/v2\/types\/post"}],"author":[{"embeddable":true,"href":"https:\/\/nk7-testes.com.br\/agazeta\/wp-json\/wp\/v2\/users\/4"}],"replies":[{"embeddable":true,"href":"https:\/\/nk7-testes.com.br\/agazeta\/wp-json\/wp\/v2\/comments?post=25784"}],"version-history":[{"count":0,"href":"https:\/\/nk7-testes.com.br\/agazeta\/wp-json\/wp\/v2\/posts\/25784\/revisions"}],"wp:featuredmedia":[{"embeddable":true,"href":"https:\/\/nk7-testes.com.br\/agazeta\/wp-json\/wp\/v2\/media\/25783"}],"wp:attachment":[{"href":"https:\/\/nk7-testes.com.br\/agazeta\/wp-json\/wp\/v2\/media?parent=25784"}],"wp:term":[{"taxonomy":"category","embeddable":true,"href":"https:\/\/nk7-testes.com.br\/agazeta\/wp-json\/wp\/v2\/categories?post=25784"},{"taxonomy":"post_tag","embeddable":true,"href":"https:\/\/nk7-testes.com.br\/agazeta\/wp-json\/wp\/v2\/tags?post=25784"}],"curies":[{"name":"wp","href":"https:\/\/api.w.org\/{rel}","templated":true}]}}