{"id":25756,"date":"2016-10-10T20:41:38","date_gmt":"2016-10-10T20:41:38","guid":{"rendered":"https:\/\/abarevegan.com.br\/index.php\/2016\/10\/10\/guerra-entre-faccoes-continua-no-acre\/"},"modified":"2016-10-10T20:41:38","modified_gmt":"2016-10-10T20:41:38","slug":"guerra-entre-faccoes-continua-no-acre","status":"publish","type":"post","link":"https:\/\/nk7-testes.com.br\/agazeta\/guerra-entre-faccoes-continua-no-acre\/","title":{"rendered":"Guerra entre fac\u00e7\u00f5es continua no Acre"},"content":{"rendered":"<p style=\"text-align: justify;\">Dificuldades sobre autoria das execu\u00e7\u00f5es<\/p>\n<p style=\"text-align: justify;\">A morte de um jovem de 22 anos em Assis Brasil \u00e9 mais um sinal da guerra declarada entre as fac\u00e7\u00f5es criminosas no Acre. Alessandro Bastos da Silva, 22, tinha, no bra\u00e7o, uma tatuagem de um desses grupos e foi executado com quatro tiros de pistola.<\/p>\n<p style=\"text-align: justify;\">Os n\u00fameros n\u00e3o s\u00e3o precisos, mas, as \u00faltimas execu\u00e7\u00f5es indicam que os grupos criminosos est\u00e3o brigando por poder e espa\u00e7o no com\u00e9rcio de droga.<\/p>\n<p style=\"text-align: justify;\">Uma conversa telef\u00f4nica entre dois membros rivais, que foi parar nas redes sociais, mostra a animosidade. O \u00e1udio mostra um dos membros de uma das fac\u00e7\u00f5es reclamando da morte de um dos parceiros que teria sido assassinado por uma pessoa ligada ao grupo rival.<\/p>\n<p style=\"text-align: justify;\">Do outro lado da linha, o homem supostamente de uma das fac\u00e7\u00f5es alerta os conselheiros do outro grupo a evitar vingan\u00e7a. \u201cSe essa parada continuar, mano, nem Jesus Cristo descendo para a terra conseguir\u00e1 parar\u201d, alertou.<\/p>\n<p style=\"text-align: justify;\">A pol\u00edcia sabe que foi decretada a guerra entre as duas fac\u00e7\u00f5es. Os casos de execu\u00e7\u00f5es ficaram mais frequentes e mostra que a guerra silenciosa entre as fac\u00e7\u00f5es est\u00e1 em andamento.<\/p>\n<p style=\"text-align: justify;\">O secret\u00e1rio de Estado de Seguran\u00e7a, Emylson Farias, informou que todos os casos de homic\u00eddios est\u00e3o sendo apurados, mas n\u00e3o \u00e9 f\u00e1cil chegar aos autores quando se trata de execu\u00e7\u00e3o.<\/p>\n<p style=\"text-align: justify;\">Quanto ao confronta das fac\u00e7\u00f5es, disse que j\u00e1 \u00e9 o resultado do trabalho da pol\u00edcia que, nos \u00faltimos dias, prendeu 400 pessoas ligadas a esses grupos criminosos. \u201cOs l\u00edderes dessas fac\u00e7\u00f5es foram transferidos para outros estados, est\u00e3o isolados ou no regime diferenciado. N\u00e3o estamos dando tr\u00e9gua nem recuando\u201d, avisou.<\/p>\n<p style=\"text-align: justify;\">A pol\u00edcia est\u00e1 monitorando alguns membros das fac\u00e7\u00f5es, mas \u00e9 imposs\u00edvel evitar as ordens e os cumprimentos das execu\u00e7\u00f5es.<\/p>\n","protected":false},"excerpt":{"rendered":"<p style=\"text-align: justify;\">Dificuldades sobre autoria das execu\u00e7\u00f5es<\/p>\n","protected":false},"author":4,"featured_media":25755,"comment_status":"open","ping_status":"open","sticky":false,"template":"","format":"standard","meta":{"jnews-multi-image_gallery":[],"jnews_single_post":[],"jnews_primary_category":[],"jnews_social_meta":[],"jnews_review":[],"enable_review":"","type":"","name":"","summary":"","brand":"","sku":"","good":[],"bad":[],"score_override":"","override_value":"","rating":[],"price":[],"footnotes":""},"categories":[44],"tags":[],"class_list":["post-25756","post","type-post","status-publish","format-standard","has-post-thumbnail","hentry","category-policia"],"yoast_head":"<!-- This site is optimized with the Yoast SEO plugin v26.5 - https:\/\/yoast.com\/wordpress\/plugins\/seo\/ -->\n<title>Guerra entre fac\u00e7\u00f5es continua no Acre - Agazeta.net<\/title>\n<meta name=\"robots\" content=\"index, follow, max-snippet:-1, max-image-preview:large, max-video-preview:-1\" \/>\n<link rel=\"canonical\" href=\"https:\/\/nk7-testes.com.br\/agazeta\/guerra-entre-faccoes-continua-no-acre\/\" \/>\n<meta property=\"og:locale\" content=\"pt_BR\" \/>\n<meta property=\"og:type\" content=\"article\" \/>\n<meta property=\"og:title\" content=\"Guerra entre fac\u00e7\u00f5es continua no Acre - Agazeta.net\" \/>\n<meta property=\"og:description\" content=\"Dificuldades sobre autoria das execu\u00e7\u00f5es\" \/>\n<meta property=\"og:url\" content=\"https:\/\/nk7-testes.com.br\/agazeta\/guerra-entre-faccoes-continua-no-acre\/\" \/>\n<meta property=\"og:site_name\" content=\"Agazeta.net\" \/>\n<meta property=\"article:published_time\" content=\"2016-10-10T20:41:38+00:00\" \/>\n<meta property=\"og:image\" content=\"https:\/\/nk7-testes.com.br\/agazeta\/wp-content\/uploads\/2016\/10\/101016-policia-emylsonfarias-tvgazeta.jpg\" \/>\n\t<meta property=\"og:image:width\" content=\"458\" \/>\n\t<meta property=\"og:image:height\" content=\"340\" \/>\n\t<meta property=\"og:image:type\" content=\"image\/jpeg\" \/>\n<meta name=\"author\" content=\"Agazeta.Net\" \/>\n<meta name=\"twitter:card\" content=\"summary_large_image\" \/>\n<meta name=\"twitter:label1\" content=\"Escrito por\" \/>\n\t<meta name=\"twitter:data1\" content=\"Agazeta.Net\" \/>\n\t<meta name=\"twitter:label2\" content=\"Est. tempo de leitura\" \/>\n\t<meta name=\"twitter:data2\" content=\"2 minutos\" \/>\n<script type=\"application\/ld+json\" class=\"yoast-schema-graph\">{\"@context\":\"https:\/\/schema.org\",\"@graph\":[{\"@type\":\"WebPage\",\"@id\":\"https:\/\/nk7-testes.com.br\/agazeta\/guerra-entre-faccoes-continua-no-acre\/\",\"url\":\"https:\/\/nk7-testes.com.br\/agazeta\/guerra-entre-faccoes-continua-no-acre\/\",\"name\":\"Guerra entre fac\u00e7\u00f5es continua no Acre - Agazeta.net\",\"isPartOf\":{\"@id\":\"https:\/\/nk7-testes.com.br\/agazeta\/#website\"},\"primaryImageOfPage\":{\"@id\":\"https:\/\/nk7-testes.com.br\/agazeta\/guerra-entre-faccoes-continua-no-acre\/#primaryimage\"},\"image\":{\"@id\":\"https:\/\/nk7-testes.com.br\/agazeta\/guerra-entre-faccoes-continua-no-acre\/#primaryimage\"},\"thumbnailUrl\":\"https:\/\/nk7-testes.com.br\/agazeta\/wp-content\/uploads\/2016\/10\/101016-policia-emylsonfarias-tvgazeta.jpg\",\"datePublished\":\"2016-10-10T20:41:38+00:00\",\"author\":{\"@id\":\"https:\/\/nk7-testes.com.br\/agazeta\/#\/schema\/person\/6d6e25cb0435eb4a02fd44d30b4e3020\"},\"breadcrumb\":{\"@id\":\"https:\/\/nk7-testes.com.br\/agazeta\/guerra-entre-faccoes-continua-no-acre\/#breadcrumb\"},\"inLanguage\":\"pt-BR\",\"potentialAction\":[{\"@type\":\"ReadAction\",\"target\":[\"https:\/\/nk7-testes.com.br\/agazeta\/guerra-entre-faccoes-continua-no-acre\/\"]}]},{\"@type\":\"ImageObject\",\"inLanguage\":\"pt-BR\",\"@id\":\"https:\/\/nk7-testes.com.br\/agazeta\/guerra-entre-faccoes-continua-no-acre\/#primaryimage\",\"url\":\"https:\/\/nk7-testes.com.br\/agazeta\/wp-content\/uploads\/2016\/10\/101016-policia-emylsonfarias-tvgazeta.jpg\",\"contentUrl\":\"https:\/\/nk7-testes.com.br\/agazeta\/wp-content\/uploads\/2016\/10\/101016-policia-emylsonfarias-tvgazeta.jpg\",\"width\":458,\"height\":340,\"caption\":\"101016-policia-emylsonfarias-tvgazeta\"},{\"@type\":\"BreadcrumbList\",\"@id\":\"https:\/\/nk7-testes.com.br\/agazeta\/guerra-entre-faccoes-continua-no-acre\/#breadcrumb\",\"itemListElement\":[{\"@type\":\"ListItem\",\"position\":1,\"name\":\"In\u00edcio\",\"item\":\"https:\/\/nk7-testes.com.br\/agazeta\/\"},{\"@type\":\"ListItem\",\"position\":2,\"name\":\"Guerra entre fac\u00e7\u00f5es continua no Acre\"}]},{\"@type\":\"WebSite\",\"@id\":\"https:\/\/nk7-testes.com.br\/agazeta\/#website\",\"url\":\"https:\/\/nk7-testes.com.br\/agazeta\/\",\"name\":\"Agazeta.net\",\"description\":\"Agazeta.net - Not\u00edcias de Rio Branco\/AC\",\"potentialAction\":[{\"@type\":\"SearchAction\",\"target\":{\"@type\":\"EntryPoint\",\"urlTemplate\":\"https:\/\/nk7-testes.com.br\/agazeta\/?s={search_term_string}\"},\"query-input\":{\"@type\":\"PropertyValueSpecification\",\"valueRequired\":true,\"valueName\":\"search_term_string\"}}],\"inLanguage\":\"pt-BR\"},{\"@type\":\"Person\",\"@id\":\"https:\/\/nk7-testes.com.br\/agazeta\/#\/schema\/person\/6d6e25cb0435eb4a02fd44d30b4e3020\",\"name\":\"Agazeta.Net\",\"url\":\"https:\/\/nk7-testes.com.br\/agazeta\/author\/agazeta\/\"}]}<\/script>\n<!-- \/ Yoast SEO plugin. -->","yoast_head_json":{"title":"Guerra entre fac\u00e7\u00f5es continua no Acre - Agazeta.net","robots":{"index":"index","follow":"follow","max-snippet":"max-snippet:-1","max-image-preview":"max-image-preview:large","max-video-preview":"max-video-preview:-1"},"canonical":"https:\/\/nk7-testes.com.br\/agazeta\/guerra-entre-faccoes-continua-no-acre\/","og_locale":"pt_BR","og_type":"article","og_title":"Guerra entre fac\u00e7\u00f5es continua no Acre - Agazeta.net","og_description":"Dificuldades sobre autoria das execu\u00e7\u00f5es","og_url":"https:\/\/nk7-testes.com.br\/agazeta\/guerra-entre-faccoes-continua-no-acre\/","og_site_name":"Agazeta.net","article_published_time":"2016-10-10T20:41:38+00:00","og_image":[{"width":458,"height":340,"url":"https:\/\/nk7-testes.com.br\/agazeta\/wp-content\/uploads\/2016\/10\/101016-policia-emylsonfarias-tvgazeta.jpg","type":"image\/jpeg"}],"author":"Agazeta.Net","twitter_card":"summary_large_image","twitter_misc":{"Escrito por":"Agazeta.Net","Est. tempo de leitura":"2 minutos"},"schema":{"@context":"https:\/\/schema.org","@graph":[{"@type":"WebPage","@id":"https:\/\/nk7-testes.com.br\/agazeta\/guerra-entre-faccoes-continua-no-acre\/","url":"https:\/\/nk7-testes.com.br\/agazeta\/guerra-entre-faccoes-continua-no-acre\/","name":"Guerra entre fac\u00e7\u00f5es continua no Acre - Agazeta.net","isPartOf":{"@id":"https:\/\/nk7-testes.com.br\/agazeta\/#website"},"primaryImageOfPage":{"@id":"https:\/\/nk7-testes.com.br\/agazeta\/guerra-entre-faccoes-continua-no-acre\/#primaryimage"},"image":{"@id":"https:\/\/nk7-testes.com.br\/agazeta\/guerra-entre-faccoes-continua-no-acre\/#primaryimage"},"thumbnailUrl":"https:\/\/nk7-testes.com.br\/agazeta\/wp-content\/uploads\/2016\/10\/101016-policia-emylsonfarias-tvgazeta.jpg","datePublished":"2016-10-10T20:41:38+00:00","author":{"@id":"https:\/\/nk7-testes.com.br\/agazeta\/#\/schema\/person\/6d6e25cb0435eb4a02fd44d30b4e3020"},"breadcrumb":{"@id":"https:\/\/nk7-testes.com.br\/agazeta\/guerra-entre-faccoes-continua-no-acre\/#breadcrumb"},"inLanguage":"pt-BR","potentialAction":[{"@type":"ReadAction","target":["https:\/\/nk7-testes.com.br\/agazeta\/guerra-entre-faccoes-continua-no-acre\/"]}]},{"@type":"ImageObject","inLanguage":"pt-BR","@id":"https:\/\/nk7-testes.com.br\/agazeta\/guerra-entre-faccoes-continua-no-acre\/#primaryimage","url":"https:\/\/nk7-testes.com.br\/agazeta\/wp-content\/uploads\/2016\/10\/101016-policia-emylsonfarias-tvgazeta.jpg","contentUrl":"https:\/\/nk7-testes.com.br\/agazeta\/wp-content\/uploads\/2016\/10\/101016-policia-emylsonfarias-tvgazeta.jpg","width":458,"height":340,"caption":"101016-policia-emylsonfarias-tvgazeta"},{"@type":"BreadcrumbList","@id":"https:\/\/nk7-testes.com.br\/agazeta\/guerra-entre-faccoes-continua-no-acre\/#breadcrumb","itemListElement":[{"@type":"ListItem","position":1,"name":"In\u00edcio","item":"https:\/\/nk7-testes.com.br\/agazeta\/"},{"@type":"ListItem","position":2,"name":"Guerra entre fac\u00e7\u00f5es continua no Acre"}]},{"@type":"WebSite","@id":"https:\/\/nk7-testes.com.br\/agazeta\/#website","url":"https:\/\/nk7-testes.com.br\/agazeta\/","name":"Agazeta.net","description":"Agazeta.net - Not\u00edcias de Rio Branco\/AC","potentialAction":[{"@type":"SearchAction","target":{"@type":"EntryPoint","urlTemplate":"https:\/\/nk7-testes.com.br\/agazeta\/?s={search_term_string}"},"query-input":{"@type":"PropertyValueSpecification","valueRequired":true,"valueName":"search_term_string"}}],"inLanguage":"pt-BR"},{"@type":"Person","@id":"https:\/\/nk7-testes.com.br\/agazeta\/#\/schema\/person\/6d6e25cb0435eb4a02fd44d30b4e3020","name":"Agazeta.Net","url":"https:\/\/nk7-testes.com.br\/agazeta\/author\/agazeta\/"}]}},"_links":{"self":[{"href":"https:\/\/nk7-testes.com.br\/agazeta\/wp-json\/wp\/v2\/posts\/25756","targetHints":{"allow":["GET"]}}],"collection":[{"href":"https:\/\/nk7-testes.com.br\/agazeta\/wp-json\/wp\/v2\/posts"}],"about":[{"href":"https:\/\/nk7-testes.com.br\/agazeta\/wp-json\/wp\/v2\/types\/post"}],"author":[{"embeddable":true,"href":"https:\/\/nk7-testes.com.br\/agazeta\/wp-json\/wp\/v2\/users\/4"}],"replies":[{"embeddable":true,"href":"https:\/\/nk7-testes.com.br\/agazeta\/wp-json\/wp\/v2\/comments?post=25756"}],"version-history":[{"count":0,"href":"https:\/\/nk7-testes.com.br\/agazeta\/wp-json\/wp\/v2\/posts\/25756\/revisions"}],"wp:featuredmedia":[{"embeddable":true,"href":"https:\/\/nk7-testes.com.br\/agazeta\/wp-json\/wp\/v2\/media\/25755"}],"wp:attachment":[{"href":"https:\/\/nk7-testes.com.br\/agazeta\/wp-json\/wp\/v2\/media?parent=25756"}],"wp:term":[{"taxonomy":"category","embeddable":true,"href":"https:\/\/nk7-testes.com.br\/agazeta\/wp-json\/wp\/v2\/categories?post=25756"},{"taxonomy":"post_tag","embeddable":true,"href":"https:\/\/nk7-testes.com.br\/agazeta\/wp-json\/wp\/v2\/tags?post=25756"}],"curies":[{"name":"wp","href":"https:\/\/api.w.org\/{rel}","templated":true}]}}