{"id":25753,"date":"2016-10-10T20:01:24","date_gmt":"2016-10-10T20:01:24","guid":{"rendered":"https:\/\/abarevegan.com.br\/index.php\/2016\/10\/10\/governo-promete-capacitacao-de-produtor-de-acai\/"},"modified":"2016-10-10T20:01:24","modified_gmt":"2016-10-10T20:01:24","slug":"governo-promete-capacitacao-de-produtor-de-acai","status":"publish","type":"post","link":"https:\/\/nk7-testes.com.br\/agazeta\/governo-promete-capacitacao-de-produtor-de-acai\/","title":{"rendered":"Governo promete capacita\u00e7\u00e3o de produtor de a\u00e7a\u00ed"},"content":{"rendered":"<p style=\"text-align: justify;\">Ciclo de produ\u00e7\u00e3o est\u00e1 sem controle do poder p\u00fablico<\/p>\n<p style=\"text-align: justify;\">Depois de amostras comprovarem a exist\u00eancia do protozo\u00e1rio do Barbeiro no a\u00e7a\u00ed de Feij\u00f3, a Secretaria de Estado de Sa\u00fade e Secretaria de Produ\u00e7\u00e3o Familiar v\u00e3o enviar t\u00e9cnicos ao munic\u00edpio para programas de capacita\u00e7\u00e3o dos produtores que vivem da atividade.<\/p>\n<p style=\"text-align: justify;\">Eles v\u00e3o exigir a higieniza\u00e7\u00e3o dos frutos com choque t\u00e9rmico, assim v\u00e3o conseguir evitar que as fezes do Barbeiro transmita a Doen\u00e7a de Chagas, que pode levar a pessoa \u00e0 morte.<\/p>\n<p style=\"text-align: justify;\">A luz vermelha desse problema foi acessa no dia 18 de julho, em Feij\u00f3, quando 13 membros da mesma fam\u00edlia estavam com a Doen\u00e7a de Chagas. Eles consumiram a\u00e7a\u00ed contaminado: o Barbeiro possivelmente tinha depositado fezes nos gr\u00e3os.<\/p>\n<p style=\"text-align: justify;\">Aproveitando que Feij\u00f3 realizava o Festival do A\u00e7a\u00ed, entre os dias 12 e 14 de agosto, a Secretaria de Estado de Sa\u00fade coletou cinco amostras do produto vendido durante a festa. Na semana passada, chegou o resultado dos exames: em todas as amostras havia a contamina\u00e7\u00e3o do vetor transmitido pelo Barbeiro, o protozo\u00e1rio Trypanosoma cruzi.<\/p>\n<p style=\"text-align: justify;\">Antes de o governo divulgar os resultados, o laudo foi parar nas redes sociais, criando um clima de preocupa\u00e7\u00e3o para os consumidores e para quem vive da atividade.<\/p>\n<p style=\"text-align: justify;\">Nessa segunda-feira, a secretaria de Estado de Sa\u00fade veio a p\u00fablico para falar dos exames e quais medidas ser\u00e3o tomadas. De acordo com o secret\u00e1rio Gemil J\u00fanior, o problema \u00e9 que os produtores n\u00e3o est\u00e3o limpando corretamente o a\u00e7a\u00ed na hora de processar.<\/p>\n<p style=\"text-align: justify;\">Ainda nessa quarta-feira, equipes da sa\u00fade e da secretaria de produ\u00e7\u00e3o v\u00e3o at\u00e9 o munic\u00edpio para capacitar os produtores quanto ao manuseio do produto. \u201cEstamos fazendo esse trabalho porque existe uma cadeia produtiva em extens\u00e3o e uma grande comercializa\u00e7\u00e3o, porque quem deveria fiscalizar era o Minist\u00e9rio da Agricultura\u201d, reclamou.<\/p>\n<p style=\"text-align: justify;\">O secret\u00e1rio Gemil explicou que a t\u00e9cnica de higieniza\u00e7\u00e3o \u00e9 simples: o produtor deve pegar as frutas e colocar em \u00e1gua quente, em torno de 80 graus. 15 minutos depois, troca por \u00e1gua gelada. O choque t\u00e9rmico mata o protozo\u00e1rio causador da doen\u00e7a de chagas.<\/p>\n<p style=\"text-align: justify;\">Foi dito ainda que o Governo do Acre quer come\u00e7ar um programa de pasteuriza\u00e7\u00e3o do a\u00e7a\u00ed para acabar com todo tipo de contamina\u00e7\u00e3o.<\/p>\n<p style=\"text-align: justify;\">O governo quer evitar o desaceleramento do com\u00e9rcio do a\u00e7a\u00ed, que, al\u00e9m do grande consumo interno, tamb\u00e9m abastece mercado de outros estados. S\u00f3 em Feij\u00f3, 250 produtores vivem dessa atividade e a contamina\u00e7\u00e3o pode ter ocorrido em casos isolados. Por isso, todos que trabalham no manuseio do produto v\u00e3o ter que se reciclar.<\/p>\n","protected":false},"excerpt":{"rendered":"<p style=\"text-align: justify;\">Ciclo de produ\u00e7\u00e3o est\u00e1 sem controle do poder p\u00fablico<\/p>\n","protected":false},"author":4,"featured_media":25752,"comment_status":"open","ping_status":"open","sticky":false,"template":"","format":"standard","meta":{"jnews-multi-image_gallery":[],"jnews_single_post":[],"jnews_primary_category":[],"jnews_social_meta":[],"jnews_review":[],"enable_review":"","type":"","name":"","summary":"","brand":"","sku":"","good":[],"bad":[],"score_override":"","override_value":"","rating":[],"price":[],"footnotes":""},"categories":[54],"tags":[],"class_list":["post-25753","post","type-post","status-publish","format-standard","has-post-thumbnail","hentry","category-cotidiano"],"yoast_head":"<!-- This site is optimized with the Yoast SEO plugin v26.5 - https:\/\/yoast.com\/wordpress\/plugins\/seo\/ -->\n<title>Governo promete capacita\u00e7\u00e3o de produtor de a\u00e7a\u00ed - Agazeta.net<\/title>\n<meta name=\"robots\" content=\"index, follow, max-snippet:-1, max-image-preview:large, max-video-preview:-1\" \/>\n<link rel=\"canonical\" href=\"https:\/\/nk7-testes.com.br\/agazeta\/governo-promete-capacitacao-de-produtor-de-acai\/\" \/>\n<meta property=\"og:locale\" content=\"pt_BR\" \/>\n<meta property=\"og:type\" content=\"article\" \/>\n<meta property=\"og:title\" content=\"Governo promete capacita\u00e7\u00e3o de produtor de a\u00e7a\u00ed - Agazeta.net\" \/>\n<meta property=\"og:description\" content=\"Ciclo de produ\u00e7\u00e3o est\u00e1 sem controle do poder p\u00fablico\" \/>\n<meta property=\"og:url\" content=\"https:\/\/nk7-testes.com.br\/agazeta\/governo-promete-capacitacao-de-produtor-de-acai\/\" \/>\n<meta property=\"og:site_name\" content=\"Agazeta.net\" \/>\n<meta property=\"article:published_time\" content=\"2016-10-10T20:01:24+00:00\" \/>\n<meta property=\"og:image\" content=\"https:\/\/nk7-testes.com.br\/agazeta\/wp-content\/uploads\/2016\/10\/101016-cotidiano-acai-gleilsonmiranda.jpg\" \/>\n\t<meta property=\"og:image:width\" content=\"458\" \/>\n\t<meta property=\"og:image:height\" content=\"340\" \/>\n\t<meta property=\"og:image:type\" content=\"image\/jpeg\" \/>\n<meta name=\"author\" content=\"Agazeta.Net\" \/>\n<meta name=\"twitter:card\" content=\"summary_large_image\" \/>\n<meta name=\"twitter:label1\" content=\"Escrito por\" \/>\n\t<meta name=\"twitter:data1\" content=\"Agazeta.Net\" \/>\n\t<meta name=\"twitter:label2\" content=\"Est. tempo de leitura\" \/>\n\t<meta name=\"twitter:data2\" content=\"2 minutos\" \/>\n<script type=\"application\/ld+json\" class=\"yoast-schema-graph\">{\"@context\":\"https:\/\/schema.org\",\"@graph\":[{\"@type\":\"WebPage\",\"@id\":\"https:\/\/nk7-testes.com.br\/agazeta\/governo-promete-capacitacao-de-produtor-de-acai\/\",\"url\":\"https:\/\/nk7-testes.com.br\/agazeta\/governo-promete-capacitacao-de-produtor-de-acai\/\",\"name\":\"Governo promete capacita\u00e7\u00e3o de produtor de a\u00e7a\u00ed - Agazeta.net\",\"isPartOf\":{\"@id\":\"https:\/\/nk7-testes.com.br\/agazeta\/#website\"},\"primaryImageOfPage\":{\"@id\":\"https:\/\/nk7-testes.com.br\/agazeta\/governo-promete-capacitacao-de-produtor-de-acai\/#primaryimage\"},\"image\":{\"@id\":\"https:\/\/nk7-testes.com.br\/agazeta\/governo-promete-capacitacao-de-produtor-de-acai\/#primaryimage\"},\"thumbnailUrl\":\"https:\/\/nk7-testes.com.br\/agazeta\/wp-content\/uploads\/2016\/10\/101016-cotidiano-acai-gleilsonmiranda.jpg\",\"datePublished\":\"2016-10-10T20:01:24+00:00\",\"author\":{\"@id\":\"https:\/\/nk7-testes.com.br\/agazeta\/#\/schema\/person\/ff6b39d54d6973bfc57f4140f659b23f\"},\"breadcrumb\":{\"@id\":\"https:\/\/nk7-testes.com.br\/agazeta\/governo-promete-capacitacao-de-produtor-de-acai\/#breadcrumb\"},\"inLanguage\":\"pt-BR\",\"potentialAction\":[{\"@type\":\"ReadAction\",\"target\":[\"https:\/\/nk7-testes.com.br\/agazeta\/governo-promete-capacitacao-de-produtor-de-acai\/\"]}]},{\"@type\":\"ImageObject\",\"inLanguage\":\"pt-BR\",\"@id\":\"https:\/\/nk7-testes.com.br\/agazeta\/governo-promete-capacitacao-de-produtor-de-acai\/#primaryimage\",\"url\":\"https:\/\/nk7-testes.com.br\/agazeta\/wp-content\/uploads\/2016\/10\/101016-cotidiano-acai-gleilsonmiranda.jpg\",\"contentUrl\":\"https:\/\/nk7-testes.com.br\/agazeta\/wp-content\/uploads\/2016\/10\/101016-cotidiano-acai-gleilsonmiranda.jpg\",\"width\":458,\"height\":340,\"caption\":\"101016-cotidiano-acai-gleilsonmiranda\"},{\"@type\":\"BreadcrumbList\",\"@id\":\"https:\/\/nk7-testes.com.br\/agazeta\/governo-promete-capacitacao-de-produtor-de-acai\/#breadcrumb\",\"itemListElement\":[{\"@type\":\"ListItem\",\"position\":1,\"name\":\"In\u00edcio\",\"item\":\"https:\/\/nk7-testes.com.br\/agazeta\/\"},{\"@type\":\"ListItem\",\"position\":2,\"name\":\"Governo promete capacita\u00e7\u00e3o de produtor de a\u00e7a\u00ed\"}]},{\"@type\":\"WebSite\",\"@id\":\"https:\/\/nk7-testes.com.br\/agazeta\/#website\",\"url\":\"https:\/\/nk7-testes.com.br\/agazeta\/\",\"name\":\"Agazeta.net\",\"description\":\"Agazeta.net - Not\u00edcias de Rio Branco\/AC\",\"potentialAction\":[{\"@type\":\"SearchAction\",\"target\":{\"@type\":\"EntryPoint\",\"urlTemplate\":\"https:\/\/nk7-testes.com.br\/agazeta\/?s={search_term_string}\"},\"query-input\":{\"@type\":\"PropertyValueSpecification\",\"valueRequired\":true,\"valueName\":\"search_term_string\"}}],\"inLanguage\":\"pt-BR\"},{\"@type\":\"Person\",\"@id\":\"https:\/\/nk7-testes.com.br\/agazeta\/#\/schema\/person\/ff6b39d54d6973bfc57f4140f659b23f\",\"name\":\"Agazeta.Net\",\"url\":\"https:\/\/nk7-testes.com.br\/agazeta\/author\/agazeta\/\"}]}<\/script>\n<!-- \/ Yoast SEO plugin. -->","yoast_head_json":{"title":"Governo promete capacita\u00e7\u00e3o de produtor de a\u00e7a\u00ed - Agazeta.net","robots":{"index":"index","follow":"follow","max-snippet":"max-snippet:-1","max-image-preview":"max-image-preview:large","max-video-preview":"max-video-preview:-1"},"canonical":"https:\/\/nk7-testes.com.br\/agazeta\/governo-promete-capacitacao-de-produtor-de-acai\/","og_locale":"pt_BR","og_type":"article","og_title":"Governo promete capacita\u00e7\u00e3o de produtor de a\u00e7a\u00ed - Agazeta.net","og_description":"Ciclo de produ\u00e7\u00e3o est\u00e1 sem controle do poder p\u00fablico","og_url":"https:\/\/nk7-testes.com.br\/agazeta\/governo-promete-capacitacao-de-produtor-de-acai\/","og_site_name":"Agazeta.net","article_published_time":"2016-10-10T20:01:24+00:00","og_image":[{"width":458,"height":340,"url":"https:\/\/nk7-testes.com.br\/agazeta\/wp-content\/uploads\/2016\/10\/101016-cotidiano-acai-gleilsonmiranda.jpg","type":"image\/jpeg"}],"author":"Agazeta.Net","twitter_card":"summary_large_image","twitter_misc":{"Escrito por":"Agazeta.Net","Est. tempo de leitura":"2 minutos"},"schema":{"@context":"https:\/\/schema.org","@graph":[{"@type":"WebPage","@id":"https:\/\/nk7-testes.com.br\/agazeta\/governo-promete-capacitacao-de-produtor-de-acai\/","url":"https:\/\/nk7-testes.com.br\/agazeta\/governo-promete-capacitacao-de-produtor-de-acai\/","name":"Governo promete capacita\u00e7\u00e3o de produtor de a\u00e7a\u00ed - Agazeta.net","isPartOf":{"@id":"https:\/\/nk7-testes.com.br\/agazeta\/#website"},"primaryImageOfPage":{"@id":"https:\/\/nk7-testes.com.br\/agazeta\/governo-promete-capacitacao-de-produtor-de-acai\/#primaryimage"},"image":{"@id":"https:\/\/nk7-testes.com.br\/agazeta\/governo-promete-capacitacao-de-produtor-de-acai\/#primaryimage"},"thumbnailUrl":"https:\/\/nk7-testes.com.br\/agazeta\/wp-content\/uploads\/2016\/10\/101016-cotidiano-acai-gleilsonmiranda.jpg","datePublished":"2016-10-10T20:01:24+00:00","author":{"@id":"https:\/\/nk7-testes.com.br\/agazeta\/#\/schema\/person\/ff6b39d54d6973bfc57f4140f659b23f"},"breadcrumb":{"@id":"https:\/\/nk7-testes.com.br\/agazeta\/governo-promete-capacitacao-de-produtor-de-acai\/#breadcrumb"},"inLanguage":"pt-BR","potentialAction":[{"@type":"ReadAction","target":["https:\/\/nk7-testes.com.br\/agazeta\/governo-promete-capacitacao-de-produtor-de-acai\/"]}]},{"@type":"ImageObject","inLanguage":"pt-BR","@id":"https:\/\/nk7-testes.com.br\/agazeta\/governo-promete-capacitacao-de-produtor-de-acai\/#primaryimage","url":"https:\/\/nk7-testes.com.br\/agazeta\/wp-content\/uploads\/2016\/10\/101016-cotidiano-acai-gleilsonmiranda.jpg","contentUrl":"https:\/\/nk7-testes.com.br\/agazeta\/wp-content\/uploads\/2016\/10\/101016-cotidiano-acai-gleilsonmiranda.jpg","width":458,"height":340,"caption":"101016-cotidiano-acai-gleilsonmiranda"},{"@type":"BreadcrumbList","@id":"https:\/\/nk7-testes.com.br\/agazeta\/governo-promete-capacitacao-de-produtor-de-acai\/#breadcrumb","itemListElement":[{"@type":"ListItem","position":1,"name":"In\u00edcio","item":"https:\/\/nk7-testes.com.br\/agazeta\/"},{"@type":"ListItem","position":2,"name":"Governo promete capacita\u00e7\u00e3o de produtor de a\u00e7a\u00ed"}]},{"@type":"WebSite","@id":"https:\/\/nk7-testes.com.br\/agazeta\/#website","url":"https:\/\/nk7-testes.com.br\/agazeta\/","name":"Agazeta.net","description":"Agazeta.net - Not\u00edcias de Rio Branco\/AC","potentialAction":[{"@type":"SearchAction","target":{"@type":"EntryPoint","urlTemplate":"https:\/\/nk7-testes.com.br\/agazeta\/?s={search_term_string}"},"query-input":{"@type":"PropertyValueSpecification","valueRequired":true,"valueName":"search_term_string"}}],"inLanguage":"pt-BR"},{"@type":"Person","@id":"https:\/\/nk7-testes.com.br\/agazeta\/#\/schema\/person\/ff6b39d54d6973bfc57f4140f659b23f","name":"Agazeta.Net","url":"https:\/\/nk7-testes.com.br\/agazeta\/author\/agazeta\/"}]}},"_links":{"self":[{"href":"https:\/\/nk7-testes.com.br\/agazeta\/wp-json\/wp\/v2\/posts\/25753","targetHints":{"allow":["GET"]}}],"collection":[{"href":"https:\/\/nk7-testes.com.br\/agazeta\/wp-json\/wp\/v2\/posts"}],"about":[{"href":"https:\/\/nk7-testes.com.br\/agazeta\/wp-json\/wp\/v2\/types\/post"}],"author":[{"embeddable":true,"href":"https:\/\/nk7-testes.com.br\/agazeta\/wp-json\/wp\/v2\/users\/4"}],"replies":[{"embeddable":true,"href":"https:\/\/nk7-testes.com.br\/agazeta\/wp-json\/wp\/v2\/comments?post=25753"}],"version-history":[{"count":0,"href":"https:\/\/nk7-testes.com.br\/agazeta\/wp-json\/wp\/v2\/posts\/25753\/revisions"}],"wp:featuredmedia":[{"embeddable":true,"href":"https:\/\/nk7-testes.com.br\/agazeta\/wp-json\/wp\/v2\/media\/25752"}],"wp:attachment":[{"href":"https:\/\/nk7-testes.com.br\/agazeta\/wp-json\/wp\/v2\/media?parent=25753"}],"wp:term":[{"taxonomy":"category","embeddable":true,"href":"https:\/\/nk7-testes.com.br\/agazeta\/wp-json\/wp\/v2\/categories?post=25753"},{"taxonomy":"post_tag","embeddable":true,"href":"https:\/\/nk7-testes.com.br\/agazeta\/wp-json\/wp\/v2\/tags?post=25753"}],"curies":[{"name":"wp","href":"https:\/\/api.w.org\/{rel}","templated":true}]}}