{"id":25742,"date":"2016-10-10T14:04:54","date_gmt":"2016-10-10T14:04:54","guid":{"rendered":"https:\/\/abarevegan.com.br\/index.php\/2016\/10\/10\/instituto-adolfo-lutz-confirma-trypanosoma-em-acai\/"},"modified":"2016-10-10T14:04:54","modified_gmt":"2016-10-10T14:04:54","slug":"instituto-adolfo-lutz-confirma-trypanosoma-em-acai","status":"publish","type":"post","link":"https:\/\/nk7-testes.com.br\/agazeta\/instituto-adolfo-lutz-confirma-trypanosoma-em-acai\/","title":{"rendered":"Instituto Adolfo Lutz confirma Trypanosoma em a\u00e7a\u00ed"},"content":{"rendered":"<p style=\"text-align: justify;\">Pasteuriza\u00e7\u00e3o e higiene no manejo evitariam vetor<\/p>\n<p>&nbsp;O Instituto Adolfo Lutz (IAL) confirmou a presen\u00e7a do vetor causador da Doen\u00e7a de Chagas (<strong><em>Trypanosoma cruzi<\/em><\/strong>) no a\u00e7a\u00ed produzido no Acre. As amostras foram enviadas em julho deste ano para S\u00e3o Paulo, onde fica a sede do instituto. O resultado chegou.<\/p>\n<p style=\"text-align: justify;\">\u201cAs amostras encaminhadas registraram a presen\u00e7a do agente causador da Doen\u00e7a de Chagas\u201d, admitiu o secret\u00e1rio de Estado de Sa\u00fade, Gemil J\u00fanior, em \u201cnota de esclarecimento\u201d divulgada neste domingo. \u201cDiante disso, a Sesacre, por meio do Departamento de Vigil\u00e2ncia Entomol\u00f3gica e Epidemiol\u00f3gica, iniciou um trabalho de a\u00e7\u00e3o estrat\u00e9gica\u201d.<\/p>\n<p style=\"text-align: justify;\">Na nota, o secret\u00e1rio n\u00e3o detalha quais seriam as \u201ca\u00e7\u00f5es estrat\u00e9gicas\u201d em execu\u00e7\u00e3o. H\u00e1 uma sugest\u00e3o de que a implanta\u00e7\u00e3o do processo de pasteuriza\u00e7\u00e3o possa ser uma alternativa para acabar com o vetor da doen\u00e7a. Mas, n\u00e3o h\u00e1 especifica\u00e7\u00e3o de como isso seria colocado em pr\u00e1tica.<\/p>\n<p style=\"text-align: justify;\"><strong>NOTA DE ESCLARECIMENTO<\/strong><\/p>\n<p style=\"text-align: justify;\">A Secretaria de Sa\u00fade do Acre colheu, em julho deste ano, amostras de suco de&nbsp;a\u00e7a\u00ed no Estado e encaminhou ao Instituto Adolfo Lutz (IAL), em S\u00e3o Paulo, para que<br \/>fossem analisadas.&nbsp;O laborat\u00f3rio \u00e9 refer\u00eancia em exames para identifica\u00e7\u00e3o do DNA <strong><em>Trypanosoma&nbsp;cruzi<\/em><\/strong>, agente causador da Doen\u00e7a de Chagas, em amostras alimentares.<\/p>\n<p style=\"text-align: justify;\">As amostras encaminhadas registraram a presen\u00e7a do agente causador da&nbsp;Doen\u00e7a de Chagas. Diante disso, a Sesacre, por meio do Departamento de Vigil\u00e2ncia&nbsp;Entomol\u00f3gica e Epidemiol\u00f3gica, iniciou um trabalho de a\u00e7\u00e3o estrat\u00e9gica.&nbsp;A Secretaria de Estado de Sa\u00fade ressalta que esse \u00e9 um tema debatido, h\u00e1&nbsp;muito tempo, inclusive no Congresso Nacional.<\/p>\n<p style=\"text-align: justify;\">Ainda como senador da Rep\u00fablica, o governador Ti\u00e3o Viana apresentou projeto&nbsp;de lei para que os produtores de a\u00e7a\u00ed fizessem investimentos no processo de&nbsp;pasteuriza\u00e7\u00e3o do suco da fruta, m\u00e9todo que assegura a esteriliza\u00e7\u00e3o e a qualidade do produto, permitindo assim, o consumo seguro, sem riscos \u00e0 sa\u00fade.&nbsp;A Secretaria de Estado de Sa\u00fade recha\u00e7a boatos maldosos e reafirma o seu&nbsp;compromisso com a sa\u00fade da popula\u00e7\u00e3o acreana.<\/p>\n<p style=\"text-align: justify;\">Rio Branco, Acre, 9 de outubro de 2016.<\/p>\n<p style=\"text-align: justify;\">Gemil Salim de Abreu J\u00fanior<\/p>\n<p style=\"text-align: justify;\"><strong>Secret\u00e1rio de Sa\u00fade do Estado do Acre<\/strong><\/p>\n","protected":false},"excerpt":{"rendered":"<p style=\"text-align: justify;\">Pasteuriza\u00e7\u00e3o e higiene no manejo evitariam vetor<\/p>\n","protected":false},"author":4,"featured_media":13996,"comment_status":"open","ping_status":"open","sticky":false,"template":"","format":"standard","meta":{"jnews-multi-image_gallery":[],"jnews_single_post":[],"jnews_primary_category":[],"jnews_social_meta":[],"jnews_review":[],"enable_review":"","type":"","name":"","summary":"","brand":"","sku":"","good":[],"bad":[],"score_override":"","override_value":"","rating":[],"price":[],"footnotes":""},"categories":[54],"tags":[],"class_list":["post-25742","post","type-post","status-publish","format-standard","has-post-thumbnail","hentry","category-cotidiano"],"yoast_head":"<!-- This site is optimized with the Yoast SEO plugin v26.5 - https:\/\/yoast.com\/wordpress\/plugins\/seo\/ -->\n<title>Instituto Adolfo Lutz confirma Trypanosoma em a\u00e7a\u00ed - Agazeta.net<\/title>\n<meta name=\"robots\" content=\"index, follow, max-snippet:-1, max-image-preview:large, max-video-preview:-1\" \/>\n<link rel=\"canonical\" href=\"https:\/\/nk7-testes.com.br\/agazeta\/instituto-adolfo-lutz-confirma-trypanosoma-em-acai\/\" \/>\n<meta property=\"og:locale\" content=\"pt_BR\" \/>\n<meta property=\"og:type\" content=\"article\" \/>\n<meta property=\"og:title\" content=\"Instituto Adolfo Lutz confirma Trypanosoma em a\u00e7a\u00ed - Agazeta.net\" \/>\n<meta property=\"og:description\" content=\"Pasteuriza\u00e7\u00e3o e higiene no manejo evitariam vetor\" \/>\n<meta property=\"og:url\" content=\"https:\/\/nk7-testes.com.br\/agazeta\/instituto-adolfo-lutz-confirma-trypanosoma-em-acai\/\" \/>\n<meta property=\"og:site_name\" content=\"Agazeta.net\" \/>\n<meta property=\"article:published_time\" content=\"2016-10-10T14:04:54+00:00\" \/>\n<meta property=\"og:image\" content=\"https:\/\/nk7-testes.com.br\/agazeta\/wp-content\/uploads\/2015\/03\/120315-politica-acaiminikalzone.jpg\" \/>\n\t<meta property=\"og:image:width\" content=\"458\" \/>\n\t<meta property=\"og:image:height\" content=\"340\" \/>\n\t<meta property=\"og:image:type\" content=\"image\/jpeg\" \/>\n<meta name=\"author\" content=\"Agazeta.Net\" \/>\n<meta name=\"twitter:card\" content=\"summary_large_image\" \/>\n<meta name=\"twitter:label1\" content=\"Escrito por\" \/>\n\t<meta name=\"twitter:data1\" content=\"Agazeta.Net\" \/>\n\t<meta name=\"twitter:label2\" content=\"Est. tempo de leitura\" \/>\n\t<meta name=\"twitter:data2\" content=\"2 minutos\" \/>\n<script type=\"application\/ld+json\" class=\"yoast-schema-graph\">{\"@context\":\"https:\/\/schema.org\",\"@graph\":[{\"@type\":\"WebPage\",\"@id\":\"https:\/\/nk7-testes.com.br\/agazeta\/instituto-adolfo-lutz-confirma-trypanosoma-em-acai\/\",\"url\":\"https:\/\/nk7-testes.com.br\/agazeta\/instituto-adolfo-lutz-confirma-trypanosoma-em-acai\/\",\"name\":\"Instituto Adolfo Lutz confirma Trypanosoma em a\u00e7a\u00ed - Agazeta.net\",\"isPartOf\":{\"@id\":\"https:\/\/nk7-testes.com.br\/agazeta\/#website\"},\"primaryImageOfPage\":{\"@id\":\"https:\/\/nk7-testes.com.br\/agazeta\/instituto-adolfo-lutz-confirma-trypanosoma-em-acai\/#primaryimage\"},\"image\":{\"@id\":\"https:\/\/nk7-testes.com.br\/agazeta\/instituto-adolfo-lutz-confirma-trypanosoma-em-acai\/#primaryimage\"},\"thumbnailUrl\":\"https:\/\/nk7-testes.com.br\/agazeta\/wp-content\/uploads\/2015\/03\/120315-politica-acaiminikalzone.jpg\",\"datePublished\":\"2016-10-10T14:04:54+00:00\",\"author\":{\"@id\":\"https:\/\/nk7-testes.com.br\/agazeta\/#\/schema\/person\/ff6b39d54d6973bfc57f4140f659b23f\"},\"breadcrumb\":{\"@id\":\"https:\/\/nk7-testes.com.br\/agazeta\/instituto-adolfo-lutz-confirma-trypanosoma-em-acai\/#breadcrumb\"},\"inLanguage\":\"pt-BR\",\"potentialAction\":[{\"@type\":\"ReadAction\",\"target\":[\"https:\/\/nk7-testes.com.br\/agazeta\/instituto-adolfo-lutz-confirma-trypanosoma-em-acai\/\"]}]},{\"@type\":\"ImageObject\",\"inLanguage\":\"pt-BR\",\"@id\":\"https:\/\/nk7-testes.com.br\/agazeta\/instituto-adolfo-lutz-confirma-trypanosoma-em-acai\/#primaryimage\",\"url\":\"https:\/\/nk7-testes.com.br\/agazeta\/wp-content\/uploads\/2015\/03\/120315-politica-acaiminikalzone.jpg\",\"contentUrl\":\"https:\/\/nk7-testes.com.br\/agazeta\/wp-content\/uploads\/2015\/03\/120315-politica-acaiminikalzone.jpg\",\"width\":458,\"height\":340,\"caption\":\"120315-politica-acaiminikalzone\"},{\"@type\":\"BreadcrumbList\",\"@id\":\"https:\/\/nk7-testes.com.br\/agazeta\/instituto-adolfo-lutz-confirma-trypanosoma-em-acai\/#breadcrumb\",\"itemListElement\":[{\"@type\":\"ListItem\",\"position\":1,\"name\":\"In\u00edcio\",\"item\":\"https:\/\/nk7-testes.com.br\/agazeta\/\"},{\"@type\":\"ListItem\",\"position\":2,\"name\":\"Instituto Adolfo Lutz confirma Trypanosoma em a\u00e7a\u00ed\"}]},{\"@type\":\"WebSite\",\"@id\":\"https:\/\/nk7-testes.com.br\/agazeta\/#website\",\"url\":\"https:\/\/nk7-testes.com.br\/agazeta\/\",\"name\":\"Agazeta.net\",\"description\":\"Agazeta.net - Not\u00edcias de Rio Branco\/AC\",\"potentialAction\":[{\"@type\":\"SearchAction\",\"target\":{\"@type\":\"EntryPoint\",\"urlTemplate\":\"https:\/\/nk7-testes.com.br\/agazeta\/?s={search_term_string}\"},\"query-input\":{\"@type\":\"PropertyValueSpecification\",\"valueRequired\":true,\"valueName\":\"search_term_string\"}}],\"inLanguage\":\"pt-BR\"},{\"@type\":\"Person\",\"@id\":\"https:\/\/nk7-testes.com.br\/agazeta\/#\/schema\/person\/ff6b39d54d6973bfc57f4140f659b23f\",\"name\":\"Agazeta.Net\",\"url\":\"https:\/\/nk7-testes.com.br\/agazeta\/author\/agazeta\/\"}]}<\/script>\n<!-- \/ Yoast SEO plugin. -->","yoast_head_json":{"title":"Instituto Adolfo Lutz confirma Trypanosoma em a\u00e7a\u00ed - Agazeta.net","robots":{"index":"index","follow":"follow","max-snippet":"max-snippet:-1","max-image-preview":"max-image-preview:large","max-video-preview":"max-video-preview:-1"},"canonical":"https:\/\/nk7-testes.com.br\/agazeta\/instituto-adolfo-lutz-confirma-trypanosoma-em-acai\/","og_locale":"pt_BR","og_type":"article","og_title":"Instituto Adolfo Lutz confirma Trypanosoma em a\u00e7a\u00ed - Agazeta.net","og_description":"Pasteuriza\u00e7\u00e3o e higiene no manejo evitariam vetor","og_url":"https:\/\/nk7-testes.com.br\/agazeta\/instituto-adolfo-lutz-confirma-trypanosoma-em-acai\/","og_site_name":"Agazeta.net","article_published_time":"2016-10-10T14:04:54+00:00","og_image":[{"width":458,"height":340,"url":"https:\/\/nk7-testes.com.br\/agazeta\/wp-content\/uploads\/2015\/03\/120315-politica-acaiminikalzone.jpg","type":"image\/jpeg"}],"author":"Agazeta.Net","twitter_card":"summary_large_image","twitter_misc":{"Escrito por":"Agazeta.Net","Est. tempo de leitura":"2 minutos"},"schema":{"@context":"https:\/\/schema.org","@graph":[{"@type":"WebPage","@id":"https:\/\/nk7-testes.com.br\/agazeta\/instituto-adolfo-lutz-confirma-trypanosoma-em-acai\/","url":"https:\/\/nk7-testes.com.br\/agazeta\/instituto-adolfo-lutz-confirma-trypanosoma-em-acai\/","name":"Instituto Adolfo Lutz confirma Trypanosoma em a\u00e7a\u00ed - Agazeta.net","isPartOf":{"@id":"https:\/\/nk7-testes.com.br\/agazeta\/#website"},"primaryImageOfPage":{"@id":"https:\/\/nk7-testes.com.br\/agazeta\/instituto-adolfo-lutz-confirma-trypanosoma-em-acai\/#primaryimage"},"image":{"@id":"https:\/\/nk7-testes.com.br\/agazeta\/instituto-adolfo-lutz-confirma-trypanosoma-em-acai\/#primaryimage"},"thumbnailUrl":"https:\/\/nk7-testes.com.br\/agazeta\/wp-content\/uploads\/2015\/03\/120315-politica-acaiminikalzone.jpg","datePublished":"2016-10-10T14:04:54+00:00","author":{"@id":"https:\/\/nk7-testes.com.br\/agazeta\/#\/schema\/person\/ff6b39d54d6973bfc57f4140f659b23f"},"breadcrumb":{"@id":"https:\/\/nk7-testes.com.br\/agazeta\/instituto-adolfo-lutz-confirma-trypanosoma-em-acai\/#breadcrumb"},"inLanguage":"pt-BR","potentialAction":[{"@type":"ReadAction","target":["https:\/\/nk7-testes.com.br\/agazeta\/instituto-adolfo-lutz-confirma-trypanosoma-em-acai\/"]}]},{"@type":"ImageObject","inLanguage":"pt-BR","@id":"https:\/\/nk7-testes.com.br\/agazeta\/instituto-adolfo-lutz-confirma-trypanosoma-em-acai\/#primaryimage","url":"https:\/\/nk7-testes.com.br\/agazeta\/wp-content\/uploads\/2015\/03\/120315-politica-acaiminikalzone.jpg","contentUrl":"https:\/\/nk7-testes.com.br\/agazeta\/wp-content\/uploads\/2015\/03\/120315-politica-acaiminikalzone.jpg","width":458,"height":340,"caption":"120315-politica-acaiminikalzone"},{"@type":"BreadcrumbList","@id":"https:\/\/nk7-testes.com.br\/agazeta\/instituto-adolfo-lutz-confirma-trypanosoma-em-acai\/#breadcrumb","itemListElement":[{"@type":"ListItem","position":1,"name":"In\u00edcio","item":"https:\/\/nk7-testes.com.br\/agazeta\/"},{"@type":"ListItem","position":2,"name":"Instituto Adolfo Lutz confirma Trypanosoma em a\u00e7a\u00ed"}]},{"@type":"WebSite","@id":"https:\/\/nk7-testes.com.br\/agazeta\/#website","url":"https:\/\/nk7-testes.com.br\/agazeta\/","name":"Agazeta.net","description":"Agazeta.net - Not\u00edcias de Rio Branco\/AC","potentialAction":[{"@type":"SearchAction","target":{"@type":"EntryPoint","urlTemplate":"https:\/\/nk7-testes.com.br\/agazeta\/?s={search_term_string}"},"query-input":{"@type":"PropertyValueSpecification","valueRequired":true,"valueName":"search_term_string"}}],"inLanguage":"pt-BR"},{"@type":"Person","@id":"https:\/\/nk7-testes.com.br\/agazeta\/#\/schema\/person\/ff6b39d54d6973bfc57f4140f659b23f","name":"Agazeta.Net","url":"https:\/\/nk7-testes.com.br\/agazeta\/author\/agazeta\/"}]}},"_links":{"self":[{"href":"https:\/\/nk7-testes.com.br\/agazeta\/wp-json\/wp\/v2\/posts\/25742","targetHints":{"allow":["GET"]}}],"collection":[{"href":"https:\/\/nk7-testes.com.br\/agazeta\/wp-json\/wp\/v2\/posts"}],"about":[{"href":"https:\/\/nk7-testes.com.br\/agazeta\/wp-json\/wp\/v2\/types\/post"}],"author":[{"embeddable":true,"href":"https:\/\/nk7-testes.com.br\/agazeta\/wp-json\/wp\/v2\/users\/4"}],"replies":[{"embeddable":true,"href":"https:\/\/nk7-testes.com.br\/agazeta\/wp-json\/wp\/v2\/comments?post=25742"}],"version-history":[{"count":0,"href":"https:\/\/nk7-testes.com.br\/agazeta\/wp-json\/wp\/v2\/posts\/25742\/revisions"}],"wp:featuredmedia":[{"embeddable":true,"href":"https:\/\/nk7-testes.com.br\/agazeta\/wp-json\/wp\/v2\/media\/13996"}],"wp:attachment":[{"href":"https:\/\/nk7-testes.com.br\/agazeta\/wp-json\/wp\/v2\/media?parent=25742"}],"wp:term":[{"taxonomy":"category","embeddable":true,"href":"https:\/\/nk7-testes.com.br\/agazeta\/wp-json\/wp\/v2\/categories?post=25742"},{"taxonomy":"post_tag","embeddable":true,"href":"https:\/\/nk7-testes.com.br\/agazeta\/wp-json\/wp\/v2\/tags?post=25742"}],"curies":[{"name":"wp","href":"https:\/\/api.w.org\/{rel}","templated":true}]}}