{"id":25718,"date":"2016-10-07T19:56:23","date_gmt":"2016-10-07T19:56:23","guid":{"rendered":"https:\/\/abarevegan.com.br\/index.php\/2016\/10\/07\/caso-joao-vitor-policia-prende-mais-um-envolvido-no-crime\/"},"modified":"2016-10-07T19:56:23","modified_gmt":"2016-10-07T19:56:23","slug":"caso-joao-vitor-policia-prende-mais-um-envolvido-no-crime","status":"publish","type":"post","link":"https:\/\/nk7-testes.com.br\/agazeta\/caso-joao-vitor-policia-prende-mais-um-envolvido-no-crime\/","title":{"rendered":"Caso Jo\u00e3o V\u00edtor: Pol\u00edcia prende mais um envolvido no crime"},"content":{"rendered":"<p style=\"text-align: justify;\">Jeferson seria o mandante da morte do adolescente<\/p>\n<p style=\"text-align: justify;\">A morte do garoto Jo\u00e3o Vitor de Oliveira da Silva, 13 anos, caminha para a total elucida\u00e7\u00e3o. Nesta quinta-feira, 6, policiais civis de Sena Madureira ligados ao setor de investiga\u00e7\u00e3o conseguiram prender Jeferson Lino de Lima, apontado como o mandante do homic\u00eddio.<\/p>\n<p>Ap\u00f3s a pris\u00e3o, ele foi encaminhado para a unidade de seguran\u00e7a p\u00fablica e posteriormente levado para o pres\u00eddio Evaristo de Moraes.<\/p>\n<p>Dessa forma, subiu para 9 o n\u00famero de presos envolvidos na morte do menor. Em datas anteriores, a Pol\u00edcia Civil havia capturado outras oito pessoas, todas elas, segundo as investiga\u00e7\u00f5es, com participa\u00e7\u00e3o direta no crime.<\/p>\n<p style=\"text-align: justify;\">A morte de Jo\u00e3o Vitor aconteceu h\u00e1 cerca de dois meses em Sena Madureira. Seu corpo foi encontrado \u00e0s margens do rio Iaco, pr\u00f3ximo \u00e0 ponte met\u00e1lica Jos\u00e9 Nogueira Sobrinho, apresentando ferimentos a bala e a faca.<\/p>\n","protected":false},"excerpt":{"rendered":"<p style=\"text-align: justify;\">Jeferson seria o mandante da morte do adolescente<\/p>\n","protected":false},"author":4,"featured_media":25717,"comment_status":"open","ping_status":"open","sticky":false,"template":"","format":"standard","meta":{"jnews-multi-image_gallery":[],"jnews_single_post":[],"jnews_primary_category":[],"jnews_social_meta":[],"jnews_review":[],"enable_review":"","type":"","name":"","summary":"","brand":"","sku":"","good":[],"bad":[],"score_override":"","override_value":"","rating":[],"price":[],"footnotes":""},"categories":[44],"tags":[],"class_list":["post-25718","post","type-post","status-publish","format-standard","has-post-thumbnail","hentry","category-policia"],"yoast_head":"<!-- This site is optimized with the Yoast SEO plugin v26.5 - https:\/\/yoast.com\/wordpress\/plugins\/seo\/ -->\n<title>Caso Jo\u00e3o V\u00edtor: Pol\u00edcia prende mais um envolvido no crime - Agazeta.net<\/title>\n<meta name=\"robots\" content=\"index, follow, max-snippet:-1, max-image-preview:large, max-video-preview:-1\" \/>\n<link rel=\"canonical\" href=\"https:\/\/nk7-testes.com.br\/agazeta\/caso-joao-vitor-policia-prende-mais-um-envolvido-no-crime\/\" \/>\n<meta property=\"og:locale\" content=\"pt_BR\" \/>\n<meta property=\"og:type\" content=\"article\" \/>\n<meta property=\"og:title\" content=\"Caso Jo\u00e3o V\u00edtor: Pol\u00edcia prende mais um envolvido no crime - Agazeta.net\" \/>\n<meta property=\"og:description\" content=\"Jeferson seria o mandante da morte do adolescente\" \/>\n<meta property=\"og:url\" content=\"https:\/\/nk7-testes.com.br\/agazeta\/caso-joao-vitor-policia-prende-mais-um-envolvido-no-crime\/\" \/>\n<meta property=\"og:site_name\" content=\"Agazeta.net\" \/>\n<meta property=\"article:published_time\" content=\"2016-10-07T19:56:23+00:00\" \/>\n<meta property=\"og:image\" content=\"https:\/\/nk7-testes.com.br\/agazeta\/wp-content\/uploads\/2016\/10\/071016-policia-casojoaovitor.jpg\" \/>\n\t<meta property=\"og:image:width\" content=\"458\" \/>\n\t<meta property=\"og:image:height\" content=\"340\" \/>\n\t<meta property=\"og:image:type\" content=\"image\/jpeg\" \/>\n<meta name=\"author\" content=\"Agazeta.Net\" \/>\n<meta name=\"twitter:card\" content=\"summary_large_image\" \/>\n<meta name=\"twitter:label1\" content=\"Escrito por\" \/>\n\t<meta name=\"twitter:data1\" content=\"Agazeta.Net\" \/>\n\t<meta name=\"twitter:label2\" content=\"Est. tempo de leitura\" \/>\n\t<meta name=\"twitter:data2\" content=\"1 minuto\" \/>\n<script type=\"application\/ld+json\" class=\"yoast-schema-graph\">{\"@context\":\"https:\/\/schema.org\",\"@graph\":[{\"@type\":\"WebPage\",\"@id\":\"https:\/\/nk7-testes.com.br\/agazeta\/caso-joao-vitor-policia-prende-mais-um-envolvido-no-crime\/\",\"url\":\"https:\/\/nk7-testes.com.br\/agazeta\/caso-joao-vitor-policia-prende-mais-um-envolvido-no-crime\/\",\"name\":\"Caso Jo\u00e3o V\u00edtor: Pol\u00edcia prende mais um envolvido no crime - Agazeta.net\",\"isPartOf\":{\"@id\":\"https:\/\/nk7-testes.com.br\/agazeta\/#website\"},\"primaryImageOfPage\":{\"@id\":\"https:\/\/nk7-testes.com.br\/agazeta\/caso-joao-vitor-policia-prende-mais-um-envolvido-no-crime\/#primaryimage\"},\"image\":{\"@id\":\"https:\/\/nk7-testes.com.br\/agazeta\/caso-joao-vitor-policia-prende-mais-um-envolvido-no-crime\/#primaryimage\"},\"thumbnailUrl\":\"https:\/\/nk7-testes.com.br\/agazeta\/wp-content\/uploads\/2016\/10\/071016-policia-casojoaovitor.jpg\",\"datePublished\":\"2016-10-07T19:56:23+00:00\",\"author\":{\"@id\":\"https:\/\/nk7-testes.com.br\/agazeta\/#\/schema\/person\/6d6e25cb0435eb4a02fd44d30b4e3020\"},\"breadcrumb\":{\"@id\":\"https:\/\/nk7-testes.com.br\/agazeta\/caso-joao-vitor-policia-prende-mais-um-envolvido-no-crime\/#breadcrumb\"},\"inLanguage\":\"pt-BR\",\"potentialAction\":[{\"@type\":\"ReadAction\",\"target\":[\"https:\/\/nk7-testes.com.br\/agazeta\/caso-joao-vitor-policia-prende-mais-um-envolvido-no-crime\/\"]}]},{\"@type\":\"ImageObject\",\"inLanguage\":\"pt-BR\",\"@id\":\"https:\/\/nk7-testes.com.br\/agazeta\/caso-joao-vitor-policia-prende-mais-um-envolvido-no-crime\/#primaryimage\",\"url\":\"https:\/\/nk7-testes.com.br\/agazeta\/wp-content\/uploads\/2016\/10\/071016-policia-casojoaovitor.jpg\",\"contentUrl\":\"https:\/\/nk7-testes.com.br\/agazeta\/wp-content\/uploads\/2016\/10\/071016-policia-casojoaovitor.jpg\",\"width\":458,\"height\":340,\"caption\":\"071016-policia-casojoaovitor\"},{\"@type\":\"BreadcrumbList\",\"@id\":\"https:\/\/nk7-testes.com.br\/agazeta\/caso-joao-vitor-policia-prende-mais-um-envolvido-no-crime\/#breadcrumb\",\"itemListElement\":[{\"@type\":\"ListItem\",\"position\":1,\"name\":\"In\u00edcio\",\"item\":\"https:\/\/nk7-testes.com.br\/agazeta\/\"},{\"@type\":\"ListItem\",\"position\":2,\"name\":\"Caso Jo\u00e3o V\u00edtor: Pol\u00edcia prende mais um envolvido no crime\"}]},{\"@type\":\"WebSite\",\"@id\":\"https:\/\/nk7-testes.com.br\/agazeta\/#website\",\"url\":\"https:\/\/nk7-testes.com.br\/agazeta\/\",\"name\":\"Agazeta.net\",\"description\":\"Agazeta.net - Not\u00edcias de Rio Branco\/AC\",\"potentialAction\":[{\"@type\":\"SearchAction\",\"target\":{\"@type\":\"EntryPoint\",\"urlTemplate\":\"https:\/\/nk7-testes.com.br\/agazeta\/?s={search_term_string}\"},\"query-input\":{\"@type\":\"PropertyValueSpecification\",\"valueRequired\":true,\"valueName\":\"search_term_string\"}}],\"inLanguage\":\"pt-BR\"},{\"@type\":\"Person\",\"@id\":\"https:\/\/nk7-testes.com.br\/agazeta\/#\/schema\/person\/6d6e25cb0435eb4a02fd44d30b4e3020\",\"name\":\"Agazeta.Net\",\"url\":\"https:\/\/nk7-testes.com.br\/agazeta\/author\/agazeta\/\"}]}<\/script>\n<!-- \/ Yoast SEO plugin. -->","yoast_head_json":{"title":"Caso Jo\u00e3o V\u00edtor: Pol\u00edcia prende mais um envolvido no crime - Agazeta.net","robots":{"index":"index","follow":"follow","max-snippet":"max-snippet:-1","max-image-preview":"max-image-preview:large","max-video-preview":"max-video-preview:-1"},"canonical":"https:\/\/nk7-testes.com.br\/agazeta\/caso-joao-vitor-policia-prende-mais-um-envolvido-no-crime\/","og_locale":"pt_BR","og_type":"article","og_title":"Caso Jo\u00e3o V\u00edtor: Pol\u00edcia prende mais um envolvido no crime - Agazeta.net","og_description":"Jeferson seria o mandante da morte do adolescente","og_url":"https:\/\/nk7-testes.com.br\/agazeta\/caso-joao-vitor-policia-prende-mais-um-envolvido-no-crime\/","og_site_name":"Agazeta.net","article_published_time":"2016-10-07T19:56:23+00:00","og_image":[{"width":458,"height":340,"url":"https:\/\/nk7-testes.com.br\/agazeta\/wp-content\/uploads\/2016\/10\/071016-policia-casojoaovitor.jpg","type":"image\/jpeg"}],"author":"Agazeta.Net","twitter_card":"summary_large_image","twitter_misc":{"Escrito por":"Agazeta.Net","Est. tempo de leitura":"1 minuto"},"schema":{"@context":"https:\/\/schema.org","@graph":[{"@type":"WebPage","@id":"https:\/\/nk7-testes.com.br\/agazeta\/caso-joao-vitor-policia-prende-mais-um-envolvido-no-crime\/","url":"https:\/\/nk7-testes.com.br\/agazeta\/caso-joao-vitor-policia-prende-mais-um-envolvido-no-crime\/","name":"Caso Jo\u00e3o V\u00edtor: Pol\u00edcia prende mais um envolvido no crime - Agazeta.net","isPartOf":{"@id":"https:\/\/nk7-testes.com.br\/agazeta\/#website"},"primaryImageOfPage":{"@id":"https:\/\/nk7-testes.com.br\/agazeta\/caso-joao-vitor-policia-prende-mais-um-envolvido-no-crime\/#primaryimage"},"image":{"@id":"https:\/\/nk7-testes.com.br\/agazeta\/caso-joao-vitor-policia-prende-mais-um-envolvido-no-crime\/#primaryimage"},"thumbnailUrl":"https:\/\/nk7-testes.com.br\/agazeta\/wp-content\/uploads\/2016\/10\/071016-policia-casojoaovitor.jpg","datePublished":"2016-10-07T19:56:23+00:00","author":{"@id":"https:\/\/nk7-testes.com.br\/agazeta\/#\/schema\/person\/6d6e25cb0435eb4a02fd44d30b4e3020"},"breadcrumb":{"@id":"https:\/\/nk7-testes.com.br\/agazeta\/caso-joao-vitor-policia-prende-mais-um-envolvido-no-crime\/#breadcrumb"},"inLanguage":"pt-BR","potentialAction":[{"@type":"ReadAction","target":["https:\/\/nk7-testes.com.br\/agazeta\/caso-joao-vitor-policia-prende-mais-um-envolvido-no-crime\/"]}]},{"@type":"ImageObject","inLanguage":"pt-BR","@id":"https:\/\/nk7-testes.com.br\/agazeta\/caso-joao-vitor-policia-prende-mais-um-envolvido-no-crime\/#primaryimage","url":"https:\/\/nk7-testes.com.br\/agazeta\/wp-content\/uploads\/2016\/10\/071016-policia-casojoaovitor.jpg","contentUrl":"https:\/\/nk7-testes.com.br\/agazeta\/wp-content\/uploads\/2016\/10\/071016-policia-casojoaovitor.jpg","width":458,"height":340,"caption":"071016-policia-casojoaovitor"},{"@type":"BreadcrumbList","@id":"https:\/\/nk7-testes.com.br\/agazeta\/caso-joao-vitor-policia-prende-mais-um-envolvido-no-crime\/#breadcrumb","itemListElement":[{"@type":"ListItem","position":1,"name":"In\u00edcio","item":"https:\/\/nk7-testes.com.br\/agazeta\/"},{"@type":"ListItem","position":2,"name":"Caso Jo\u00e3o V\u00edtor: Pol\u00edcia prende mais um envolvido no crime"}]},{"@type":"WebSite","@id":"https:\/\/nk7-testes.com.br\/agazeta\/#website","url":"https:\/\/nk7-testes.com.br\/agazeta\/","name":"Agazeta.net","description":"Agazeta.net - Not\u00edcias de Rio Branco\/AC","potentialAction":[{"@type":"SearchAction","target":{"@type":"EntryPoint","urlTemplate":"https:\/\/nk7-testes.com.br\/agazeta\/?s={search_term_string}"},"query-input":{"@type":"PropertyValueSpecification","valueRequired":true,"valueName":"search_term_string"}}],"inLanguage":"pt-BR"},{"@type":"Person","@id":"https:\/\/nk7-testes.com.br\/agazeta\/#\/schema\/person\/6d6e25cb0435eb4a02fd44d30b4e3020","name":"Agazeta.Net","url":"https:\/\/nk7-testes.com.br\/agazeta\/author\/agazeta\/"}]}},"_links":{"self":[{"href":"https:\/\/nk7-testes.com.br\/agazeta\/wp-json\/wp\/v2\/posts\/25718","targetHints":{"allow":["GET"]}}],"collection":[{"href":"https:\/\/nk7-testes.com.br\/agazeta\/wp-json\/wp\/v2\/posts"}],"about":[{"href":"https:\/\/nk7-testes.com.br\/agazeta\/wp-json\/wp\/v2\/types\/post"}],"author":[{"embeddable":true,"href":"https:\/\/nk7-testes.com.br\/agazeta\/wp-json\/wp\/v2\/users\/4"}],"replies":[{"embeddable":true,"href":"https:\/\/nk7-testes.com.br\/agazeta\/wp-json\/wp\/v2\/comments?post=25718"}],"version-history":[{"count":0,"href":"https:\/\/nk7-testes.com.br\/agazeta\/wp-json\/wp\/v2\/posts\/25718\/revisions"}],"wp:featuredmedia":[{"embeddable":true,"href":"https:\/\/nk7-testes.com.br\/agazeta\/wp-json\/wp\/v2\/media\/25717"}],"wp:attachment":[{"href":"https:\/\/nk7-testes.com.br\/agazeta\/wp-json\/wp\/v2\/media?parent=25718"}],"wp:term":[{"taxonomy":"category","embeddable":true,"href":"https:\/\/nk7-testes.com.br\/agazeta\/wp-json\/wp\/v2\/categories?post=25718"},{"taxonomy":"post_tag","embeddable":true,"href":"https:\/\/nk7-testes.com.br\/agazeta\/wp-json\/wp\/v2\/tags?post=25718"}],"curies":[{"name":"wp","href":"https:\/\/api.w.org\/{rel}","templated":true}]}}