{"id":25712,"date":"2016-10-07T15:51:57","date_gmt":"2016-10-07T15:51:57","guid":{"rendered":"https:\/\/abarevegan.com.br\/index.php\/2016\/10\/07\/feminicidio-rende-27-anos-e-seis-meses-de-condenacao\/"},"modified":"2016-10-07T15:51:57","modified_gmt":"2016-10-07T15:51:57","slug":"feminicidio-rende-27-anos-e-seis-meses-de-condenacao","status":"publish","type":"post","link":"https:\/\/nk7-testes.com.br\/agazeta\/feminicidio-rende-27-anos-e-seis-meses-de-condenacao\/","title":{"rendered":"Feminic\u00eddio rende 27 anos e seis meses de condena\u00e7\u00e3o"},"content":{"rendered":"<p style=\"text-align: justify;\">Adj\u00fanior alegou aos jurados que matou por ci\u00fames<\/p>\n<p style=\"text-align: justify;\">Um crime b\u00e1rbaro e que abalou a sociedade. As \u00faltimas imagens em vida de Keyla Viviane dos Santos Nascimento registradas por uma c\u00e2mera de vigil\u00e2ncia mostram a v\u00edtima nas m\u00e3os do assassino.<\/p>\n<p style=\"text-align: justify;\">Adj\u00fanior dos Santos Sena foi preso em flagrante, poucos minutos depois de matar a vendedora e m\u00e3e de duas filhas. A arma do crime, uma faca de a\u00e7ougueiro tamb\u00e9m foi levada para a delegacia.<\/p>\n<p style=\"text-align: justify;\">O primeiro julgamento de feminic\u00eddio do Acre durou cerca de 6 horas, mas foi tempo suficiente para o j\u00fari compreender a gravidade e a responsabilidade do r\u00e9u nos fatos.<\/p>\n<p style=\"text-align: justify;\">Adj\u00fanior alegou aos jurados que matou por ci\u00fames numa tentativa de justificar o crime, mas entrou em contradi\u00e7\u00e3o por que aqui mesmo no plen\u00e1rio chegou a dizer enquanto era interrogado que n\u00e3o amava a v\u00edtima. Os jurados conclu\u00edram que o r\u00e9u matou por motivo torpe. Ele foi condenado a 27 anos e 6 meses de pris\u00e3o em regime fechado.<\/p>\n<p style=\"text-align: justify;\">Por maioria de votos, o j\u00fari entendeu que Adj\u00fanior usou de dissimula\u00e7\u00e3o e com isso a v\u00edtima foi surpreendida e n\u00e3o conseguiu reagir. No quesito da qualificadora de feminic\u00eddio, os jurados tamb\u00e9m decidiram que Adj\u00fanior praticou o crime por raz\u00f5es da condi\u00e7\u00e3o de sexo feminino.<\/p>\n<p style=\"text-align: justify;\">A ju\u00edza que presidiu o julgamento negou ao sentenciado o direito de recorrer em liberdade.<\/p>\n<p style=\"text-align: justify;\">&#8220;Em raz\u00e3o da ordem p\u00fablica e garantia da lei e usei como mesmos fundamentos a decis\u00e3o que decretou a pris\u00e3o preventiva dele. Um crime que trouxe uma perturba\u00e7\u00e3o, um abalo social muito grande e a pena tamb\u00e9m \u00e9 grande. Ele recorreu com fundamento na pena. O recurso \u00e9 pra diminuir a pena&#8221;, explicou a ju\u00edza Ana Paula Saboya.<\/p>\n<p style=\"text-align: justify;\">O primeiro julgamento de feminic\u00eddio do Acre, segundo a magistrada n\u00e3o deve servir apenas para entrar na hist\u00f3ria da justi\u00e7a, mas para alertar \u00e0 sociedade de que a mulher tem direito \u00e0 prote\u00e7\u00e3o.<\/p>\n<p style=\"text-align: justify;\">&#8220;Deus criou a mulher mais fr\u00e1gil fisicamente n\u00e3o foi pra que ela seja submissa, pra que seja submissa, agredida ou considerada objeto. Deus criou a mulher com essa sensibilidade pra que possa acalentar um filho, carreg\u00e1-lo no ventre, pra que possa ajudar as pessoas. A delicadeza da mulher \u00e9 muito importante pra sociedade e ela n\u00e3o pode servir de arma contra essa mulher&#8221;, disse.<\/p>\n","protected":false},"excerpt":{"rendered":"<p style=\"text-align: justify;\">Adj\u00fanior alegou aos jurados que matou por ci\u00fames<\/p>\n","protected":false},"author":4,"featured_media":21353,"comment_status":"open","ping_status":"open","sticky":false,"template":"","format":"standard","meta":{"jnews-multi-image_gallery":[],"jnews_single_post":[],"jnews_primary_category":[],"jnews_social_meta":[],"jnews_review":[],"enable_review":"","type":"","name":"","summary":"","brand":"","sku":"","good":[],"bad":[],"score_override":"","override_value":"","rating":[],"price":[],"footnotes":""},"categories":[44],"tags":[],"class_list":["post-25712","post","type-post","status-publish","format-standard","has-post-thumbnail","hentry","category-policia"],"yoast_head":"<!-- This site is optimized with the Yoast SEO plugin v26.5 - https:\/\/yoast.com\/wordpress\/plugins\/seo\/ -->\n<title>Feminic\u00eddio rende 27 anos e seis meses de condena\u00e7\u00e3o - Agazeta.net<\/title>\n<meta name=\"robots\" content=\"index, follow, max-snippet:-1, max-image-preview:large, max-video-preview:-1\" \/>\n<link rel=\"canonical\" href=\"https:\/\/nk7-testes.com.br\/agazeta\/feminicidio-rende-27-anos-e-seis-meses-de-condenacao\/\" \/>\n<meta property=\"og:locale\" content=\"pt_BR\" \/>\n<meta property=\"og:type\" content=\"article\" \/>\n<meta property=\"og:title\" content=\"Feminic\u00eddio rende 27 anos e seis meses de condena\u00e7\u00e3o - Agazeta.net\" \/>\n<meta property=\"og:description\" content=\"Adj\u00fanior alegou aos jurados que matou por ci\u00fames\" \/>\n<meta property=\"og:url\" content=\"https:\/\/nk7-testes.com.br\/agazeta\/feminicidio-rende-27-anos-e-seis-meses-de-condenacao\/\" \/>\n<meta property=\"og:site_name\" content=\"Agazeta.net\" \/>\n<meta property=\"article:published_time\" content=\"2016-10-07T15:51:57+00:00\" \/>\n<meta property=\"og:image\" content=\"https:\/\/nk7-testes.com.br\/agazeta\/wp-content\/uploads\/2016\/03\/010316-policia-assassinoflagranteado-cleriston.jpg\" \/>\n\t<meta property=\"og:image:width\" content=\"458\" \/>\n\t<meta property=\"og:image:height\" content=\"340\" \/>\n\t<meta property=\"og:image:type\" content=\"image\/jpeg\" \/>\n<meta name=\"author\" content=\"Agazeta.Net\" \/>\n<meta name=\"twitter:card\" content=\"summary_large_image\" \/>\n<meta name=\"twitter:label1\" content=\"Escrito por\" \/>\n\t<meta name=\"twitter:data1\" content=\"Agazeta.Net\" \/>\n\t<meta name=\"twitter:label2\" content=\"Est. tempo de leitura\" \/>\n\t<meta name=\"twitter:data2\" content=\"2 minutos\" \/>\n<script type=\"application\/ld+json\" class=\"yoast-schema-graph\">{\"@context\":\"https:\/\/schema.org\",\"@graph\":[{\"@type\":\"WebPage\",\"@id\":\"https:\/\/nk7-testes.com.br\/agazeta\/feminicidio-rende-27-anos-e-seis-meses-de-condenacao\/\",\"url\":\"https:\/\/nk7-testes.com.br\/agazeta\/feminicidio-rende-27-anos-e-seis-meses-de-condenacao\/\",\"name\":\"Feminic\u00eddio rende 27 anos e seis meses de condena\u00e7\u00e3o - Agazeta.net\",\"isPartOf\":{\"@id\":\"https:\/\/nk7-testes.com.br\/agazeta\/#website\"},\"primaryImageOfPage\":{\"@id\":\"https:\/\/nk7-testes.com.br\/agazeta\/feminicidio-rende-27-anos-e-seis-meses-de-condenacao\/#primaryimage\"},\"image\":{\"@id\":\"https:\/\/nk7-testes.com.br\/agazeta\/feminicidio-rende-27-anos-e-seis-meses-de-condenacao\/#primaryimage\"},\"thumbnailUrl\":\"https:\/\/nk7-testes.com.br\/agazeta\/wp-content\/uploads\/2016\/03\/010316-policia-assassinoflagranteado-cleriston.jpg\",\"datePublished\":\"2016-10-07T15:51:57+00:00\",\"author\":{\"@id\":\"https:\/\/nk7-testes.com.br\/agazeta\/#\/schema\/person\/6d6e25cb0435eb4a02fd44d30b4e3020\"},\"breadcrumb\":{\"@id\":\"https:\/\/nk7-testes.com.br\/agazeta\/feminicidio-rende-27-anos-e-seis-meses-de-condenacao\/#breadcrumb\"},\"inLanguage\":\"pt-BR\",\"potentialAction\":[{\"@type\":\"ReadAction\",\"target\":[\"https:\/\/nk7-testes.com.br\/agazeta\/feminicidio-rende-27-anos-e-seis-meses-de-condenacao\/\"]}]},{\"@type\":\"ImageObject\",\"inLanguage\":\"pt-BR\",\"@id\":\"https:\/\/nk7-testes.com.br\/agazeta\/feminicidio-rende-27-anos-e-seis-meses-de-condenacao\/#primaryimage\",\"url\":\"https:\/\/nk7-testes.com.br\/agazeta\/wp-content\/uploads\/2016\/03\/010316-policia-assassinoflagranteado-cleriston.jpg\",\"contentUrl\":\"https:\/\/nk7-testes.com.br\/agazeta\/wp-content\/uploads\/2016\/03\/010316-policia-assassinoflagranteado-cleriston.jpg\",\"width\":458,\"height\":340,\"caption\":\"010316-policia-assassinoflagranteado-cleriston\"},{\"@type\":\"BreadcrumbList\",\"@id\":\"https:\/\/nk7-testes.com.br\/agazeta\/feminicidio-rende-27-anos-e-seis-meses-de-condenacao\/#breadcrumb\",\"itemListElement\":[{\"@type\":\"ListItem\",\"position\":1,\"name\":\"In\u00edcio\",\"item\":\"https:\/\/nk7-testes.com.br\/agazeta\/\"},{\"@type\":\"ListItem\",\"position\":2,\"name\":\"Feminic\u00eddio rende 27 anos e seis meses de condena\u00e7\u00e3o\"}]},{\"@type\":\"WebSite\",\"@id\":\"https:\/\/nk7-testes.com.br\/agazeta\/#website\",\"url\":\"https:\/\/nk7-testes.com.br\/agazeta\/\",\"name\":\"Agazeta.net\",\"description\":\"Agazeta.net - Not\u00edcias de Rio Branco\/AC\",\"potentialAction\":[{\"@type\":\"SearchAction\",\"target\":{\"@type\":\"EntryPoint\",\"urlTemplate\":\"https:\/\/nk7-testes.com.br\/agazeta\/?s={search_term_string}\"},\"query-input\":{\"@type\":\"PropertyValueSpecification\",\"valueRequired\":true,\"valueName\":\"search_term_string\"}}],\"inLanguage\":\"pt-BR\"},{\"@type\":\"Person\",\"@id\":\"https:\/\/nk7-testes.com.br\/agazeta\/#\/schema\/person\/6d6e25cb0435eb4a02fd44d30b4e3020\",\"name\":\"Agazeta.Net\",\"url\":\"https:\/\/nk7-testes.com.br\/agazeta\/author\/agazeta\/\"}]}<\/script>\n<!-- \/ Yoast SEO plugin. -->","yoast_head_json":{"title":"Feminic\u00eddio rende 27 anos e seis meses de condena\u00e7\u00e3o - Agazeta.net","robots":{"index":"index","follow":"follow","max-snippet":"max-snippet:-1","max-image-preview":"max-image-preview:large","max-video-preview":"max-video-preview:-1"},"canonical":"https:\/\/nk7-testes.com.br\/agazeta\/feminicidio-rende-27-anos-e-seis-meses-de-condenacao\/","og_locale":"pt_BR","og_type":"article","og_title":"Feminic\u00eddio rende 27 anos e seis meses de condena\u00e7\u00e3o - Agazeta.net","og_description":"Adj\u00fanior alegou aos jurados que matou por ci\u00fames","og_url":"https:\/\/nk7-testes.com.br\/agazeta\/feminicidio-rende-27-anos-e-seis-meses-de-condenacao\/","og_site_name":"Agazeta.net","article_published_time":"2016-10-07T15:51:57+00:00","og_image":[{"width":458,"height":340,"url":"https:\/\/nk7-testes.com.br\/agazeta\/wp-content\/uploads\/2016\/03\/010316-policia-assassinoflagranteado-cleriston.jpg","type":"image\/jpeg"}],"author":"Agazeta.Net","twitter_card":"summary_large_image","twitter_misc":{"Escrito por":"Agazeta.Net","Est. tempo de leitura":"2 minutos"},"schema":{"@context":"https:\/\/schema.org","@graph":[{"@type":"WebPage","@id":"https:\/\/nk7-testes.com.br\/agazeta\/feminicidio-rende-27-anos-e-seis-meses-de-condenacao\/","url":"https:\/\/nk7-testes.com.br\/agazeta\/feminicidio-rende-27-anos-e-seis-meses-de-condenacao\/","name":"Feminic\u00eddio rende 27 anos e seis meses de condena\u00e7\u00e3o - Agazeta.net","isPartOf":{"@id":"https:\/\/nk7-testes.com.br\/agazeta\/#website"},"primaryImageOfPage":{"@id":"https:\/\/nk7-testes.com.br\/agazeta\/feminicidio-rende-27-anos-e-seis-meses-de-condenacao\/#primaryimage"},"image":{"@id":"https:\/\/nk7-testes.com.br\/agazeta\/feminicidio-rende-27-anos-e-seis-meses-de-condenacao\/#primaryimage"},"thumbnailUrl":"https:\/\/nk7-testes.com.br\/agazeta\/wp-content\/uploads\/2016\/03\/010316-policia-assassinoflagranteado-cleriston.jpg","datePublished":"2016-10-07T15:51:57+00:00","author":{"@id":"https:\/\/nk7-testes.com.br\/agazeta\/#\/schema\/person\/6d6e25cb0435eb4a02fd44d30b4e3020"},"breadcrumb":{"@id":"https:\/\/nk7-testes.com.br\/agazeta\/feminicidio-rende-27-anos-e-seis-meses-de-condenacao\/#breadcrumb"},"inLanguage":"pt-BR","potentialAction":[{"@type":"ReadAction","target":["https:\/\/nk7-testes.com.br\/agazeta\/feminicidio-rende-27-anos-e-seis-meses-de-condenacao\/"]}]},{"@type":"ImageObject","inLanguage":"pt-BR","@id":"https:\/\/nk7-testes.com.br\/agazeta\/feminicidio-rende-27-anos-e-seis-meses-de-condenacao\/#primaryimage","url":"https:\/\/nk7-testes.com.br\/agazeta\/wp-content\/uploads\/2016\/03\/010316-policia-assassinoflagranteado-cleriston.jpg","contentUrl":"https:\/\/nk7-testes.com.br\/agazeta\/wp-content\/uploads\/2016\/03\/010316-policia-assassinoflagranteado-cleriston.jpg","width":458,"height":340,"caption":"010316-policia-assassinoflagranteado-cleriston"},{"@type":"BreadcrumbList","@id":"https:\/\/nk7-testes.com.br\/agazeta\/feminicidio-rende-27-anos-e-seis-meses-de-condenacao\/#breadcrumb","itemListElement":[{"@type":"ListItem","position":1,"name":"In\u00edcio","item":"https:\/\/nk7-testes.com.br\/agazeta\/"},{"@type":"ListItem","position":2,"name":"Feminic\u00eddio rende 27 anos e seis meses de condena\u00e7\u00e3o"}]},{"@type":"WebSite","@id":"https:\/\/nk7-testes.com.br\/agazeta\/#website","url":"https:\/\/nk7-testes.com.br\/agazeta\/","name":"Agazeta.net","description":"Agazeta.net - Not\u00edcias de Rio Branco\/AC","potentialAction":[{"@type":"SearchAction","target":{"@type":"EntryPoint","urlTemplate":"https:\/\/nk7-testes.com.br\/agazeta\/?s={search_term_string}"},"query-input":{"@type":"PropertyValueSpecification","valueRequired":true,"valueName":"search_term_string"}}],"inLanguage":"pt-BR"},{"@type":"Person","@id":"https:\/\/nk7-testes.com.br\/agazeta\/#\/schema\/person\/6d6e25cb0435eb4a02fd44d30b4e3020","name":"Agazeta.Net","url":"https:\/\/nk7-testes.com.br\/agazeta\/author\/agazeta\/"}]}},"_links":{"self":[{"href":"https:\/\/nk7-testes.com.br\/agazeta\/wp-json\/wp\/v2\/posts\/25712","targetHints":{"allow":["GET"]}}],"collection":[{"href":"https:\/\/nk7-testes.com.br\/agazeta\/wp-json\/wp\/v2\/posts"}],"about":[{"href":"https:\/\/nk7-testes.com.br\/agazeta\/wp-json\/wp\/v2\/types\/post"}],"author":[{"embeddable":true,"href":"https:\/\/nk7-testes.com.br\/agazeta\/wp-json\/wp\/v2\/users\/4"}],"replies":[{"embeddable":true,"href":"https:\/\/nk7-testes.com.br\/agazeta\/wp-json\/wp\/v2\/comments?post=25712"}],"version-history":[{"count":0,"href":"https:\/\/nk7-testes.com.br\/agazeta\/wp-json\/wp\/v2\/posts\/25712\/revisions"}],"wp:featuredmedia":[{"embeddable":true,"href":"https:\/\/nk7-testes.com.br\/agazeta\/wp-json\/wp\/v2\/media\/21353"}],"wp:attachment":[{"href":"https:\/\/nk7-testes.com.br\/agazeta\/wp-json\/wp\/v2\/media?parent=25712"}],"wp:term":[{"taxonomy":"category","embeddable":true,"href":"https:\/\/nk7-testes.com.br\/agazeta\/wp-json\/wp\/v2\/categories?post=25712"},{"taxonomy":"post_tag","embeddable":true,"href":"https:\/\/nk7-testes.com.br\/agazeta\/wp-json\/wp\/v2\/tags?post=25712"}],"curies":[{"name":"wp","href":"https:\/\/api.w.org\/{rel}","templated":true}]}}