{"id":25709,"date":"2016-10-07T15:30:17","date_gmt":"2016-10-07T15:30:17","guid":{"rendered":"https:\/\/abarevegan.com.br\/index.php\/2016\/10\/07\/policia-prende-dois-jovens-com-moto-roubada-no-joao-eduardo\/"},"modified":"2016-10-07T15:30:17","modified_gmt":"2016-10-07T15:30:17","slug":"policia-prende-dois-jovens-com-moto-roubada-no-joao-eduardo","status":"publish","type":"post","link":"https:\/\/nk7-testes.com.br\/agazeta\/policia-prende-dois-jovens-com-moto-roubada-no-joao-eduardo\/","title":{"rendered":"Pol\u00edcia prende dois jovens com moto roubada no Jo\u00e3o Eduardo"},"content":{"rendered":"<p style=\"text-align: justify;\">Tentaram fugir ap\u00f3s manter fam\u00edlia ref\u00e9m<\/p>\n<p style=\"text-align: justify;\">Na noite desta quinta feira (6), policiais do \u201cGiro\u201d do 4\u00ba Batalh\u00e3o estavam fazendo uma ronda pela BR-364, pr\u00f3ximo \u00e0 entrada da Papudinha onde os presos do regime semiaberto v\u00e3o para dormir.<\/p>\n<p style=\"text-align: justify;\">Foi quando os policias foram fazer uma abordagem em dois homens que estavam em uma moto. Segundo os policiais, ao abordar os acusados, a pol\u00edcia descobriu que a moto seria produto de roubo.<\/p>\n<p style=\"text-align: justify;\">Foi dada voz de pris\u00e3o aos dois jovens. O condutor da moto, Paulo Ricardo Silva de Lima, 22, e Leonardo de Nazar\u00e9 Costa, 20 (que est\u00e1 no regime semiaberto). Os dois foram presos e levados para a delegacia Central de Flagrantes.<\/p>\n<p style=\"text-align: justify;\">Segundo a pol\u00edcia, a moto Fan 160 de cor vermelha foi roubada durante um assalto que teria acontecido no \u00faltimo dia (23), no bairro Jo\u00e3o Eduardo 1. Os jovens armados teriam invadido uma casa na madrugada e rendido v\u00e1rias pessoas.<\/p>\n<p style=\"text-align: justify;\">Na fuga, tentaram levar o carro da fam\u00edlia. S\u00f3 n\u00e3o conseguiram porque os acusados bateram no muro de uma casa que fica na frente. Mas, conseguiram levar a moto.<\/p>\n","protected":false},"excerpt":{"rendered":"<p style=\"text-align: justify;\">Tentaram fugir ap\u00f3s manter fam\u00edlia ref\u00e9m<\/p>\n","protected":false},"author":4,"featured_media":25708,"comment_status":"open","ping_status":"open","sticky":false,"template":"","format":"standard","meta":{"jnews-multi-image_gallery":[],"jnews_single_post":[],"jnews_primary_category":[],"jnews_social_meta":[],"jnews_review":[],"enable_review":"","type":"","name":"","summary":"","brand":"","sku":"","good":[],"bad":[],"score_override":"","override_value":"","rating":[],"price":[],"footnotes":""},"categories":[44],"tags":[],"class_list":["post-25709","post","type-post","status-publish","format-standard","has-post-thumbnail","hentry","category-policia"],"yoast_head":"<!-- This site is optimized with the Yoast SEO plugin v26.5 - https:\/\/yoast.com\/wordpress\/plugins\/seo\/ -->\n<title>Pol\u00edcia prende dois jovens com moto roubada no Jo\u00e3o Eduardo - Agazeta.net<\/title>\n<meta name=\"robots\" content=\"index, follow, max-snippet:-1, max-image-preview:large, max-video-preview:-1\" \/>\n<link rel=\"canonical\" href=\"https:\/\/nk7-testes.com.br\/agazeta\/policia-prende-dois-jovens-com-moto-roubada-no-joao-eduardo\/\" \/>\n<meta property=\"og:locale\" content=\"pt_BR\" \/>\n<meta property=\"og:type\" content=\"article\" \/>\n<meta property=\"og:title\" content=\"Pol\u00edcia prende dois jovens com moto roubada no Jo\u00e3o Eduardo - Agazeta.net\" \/>\n<meta property=\"og:description\" content=\"Tentaram fugir ap\u00f3s manter fam\u00edlia ref\u00e9m\" \/>\n<meta property=\"og:url\" content=\"https:\/\/nk7-testes.com.br\/agazeta\/policia-prende-dois-jovens-com-moto-roubada-no-joao-eduardo\/\" \/>\n<meta property=\"og:site_name\" content=\"Agazeta.net\" \/>\n<meta property=\"article:published_time\" content=\"2016-10-07T15:30:17+00:00\" \/>\n<meta property=\"og:image\" content=\"https:\/\/nk7-testes.com.br\/agazeta\/wp-content\/uploads\/2016\/10\/071016-policia-acusadomotoroubada-cleriston.jpg\" \/>\n\t<meta property=\"og:image:width\" content=\"458\" \/>\n\t<meta property=\"og:image:height\" content=\"340\" \/>\n\t<meta property=\"og:image:type\" content=\"image\/jpeg\" \/>\n<meta name=\"author\" content=\"Agazeta.Net\" \/>\n<meta name=\"twitter:card\" content=\"summary_large_image\" \/>\n<meta name=\"twitter:label1\" content=\"Escrito por\" \/>\n\t<meta name=\"twitter:data1\" content=\"Agazeta.Net\" \/>\n\t<meta name=\"twitter:label2\" content=\"Est. tempo de leitura\" \/>\n\t<meta name=\"twitter:data2\" content=\"1 minuto\" \/>\n<script type=\"application\/ld+json\" class=\"yoast-schema-graph\">{\"@context\":\"https:\/\/schema.org\",\"@graph\":[{\"@type\":\"WebPage\",\"@id\":\"https:\/\/nk7-testes.com.br\/agazeta\/policia-prende-dois-jovens-com-moto-roubada-no-joao-eduardo\/\",\"url\":\"https:\/\/nk7-testes.com.br\/agazeta\/policia-prende-dois-jovens-com-moto-roubada-no-joao-eduardo\/\",\"name\":\"Pol\u00edcia prende dois jovens com moto roubada no Jo\u00e3o Eduardo - Agazeta.net\",\"isPartOf\":{\"@id\":\"https:\/\/nk7-testes.com.br\/agazeta\/#website\"},\"primaryImageOfPage\":{\"@id\":\"https:\/\/nk7-testes.com.br\/agazeta\/policia-prende-dois-jovens-com-moto-roubada-no-joao-eduardo\/#primaryimage\"},\"image\":{\"@id\":\"https:\/\/nk7-testes.com.br\/agazeta\/policia-prende-dois-jovens-com-moto-roubada-no-joao-eduardo\/#primaryimage\"},\"thumbnailUrl\":\"https:\/\/nk7-testes.com.br\/agazeta\/wp-content\/uploads\/2016\/10\/071016-policia-acusadomotoroubada-cleriston.jpg\",\"datePublished\":\"2016-10-07T15:30:17+00:00\",\"author\":{\"@id\":\"https:\/\/nk7-testes.com.br\/agazeta\/#\/schema\/person\/6d6e25cb0435eb4a02fd44d30b4e3020\"},\"breadcrumb\":{\"@id\":\"https:\/\/nk7-testes.com.br\/agazeta\/policia-prende-dois-jovens-com-moto-roubada-no-joao-eduardo\/#breadcrumb\"},\"inLanguage\":\"pt-BR\",\"potentialAction\":[{\"@type\":\"ReadAction\",\"target\":[\"https:\/\/nk7-testes.com.br\/agazeta\/policia-prende-dois-jovens-com-moto-roubada-no-joao-eduardo\/\"]}]},{\"@type\":\"ImageObject\",\"inLanguage\":\"pt-BR\",\"@id\":\"https:\/\/nk7-testes.com.br\/agazeta\/policia-prende-dois-jovens-com-moto-roubada-no-joao-eduardo\/#primaryimage\",\"url\":\"https:\/\/nk7-testes.com.br\/agazeta\/wp-content\/uploads\/2016\/10\/071016-policia-acusadomotoroubada-cleriston.jpg\",\"contentUrl\":\"https:\/\/nk7-testes.com.br\/agazeta\/wp-content\/uploads\/2016\/10\/071016-policia-acusadomotoroubada-cleriston.jpg\",\"width\":458,\"height\":340,\"caption\":\"071016-policia-acusadomotoroubada-cleriston\"},{\"@type\":\"BreadcrumbList\",\"@id\":\"https:\/\/nk7-testes.com.br\/agazeta\/policia-prende-dois-jovens-com-moto-roubada-no-joao-eduardo\/#breadcrumb\",\"itemListElement\":[{\"@type\":\"ListItem\",\"position\":1,\"name\":\"In\u00edcio\",\"item\":\"https:\/\/nk7-testes.com.br\/agazeta\/\"},{\"@type\":\"ListItem\",\"position\":2,\"name\":\"Pol\u00edcia prende dois jovens com moto roubada no Jo\u00e3o Eduardo\"}]},{\"@type\":\"WebSite\",\"@id\":\"https:\/\/nk7-testes.com.br\/agazeta\/#website\",\"url\":\"https:\/\/nk7-testes.com.br\/agazeta\/\",\"name\":\"Agazeta.net\",\"description\":\"Agazeta.net - Not\u00edcias de Rio Branco\/AC\",\"potentialAction\":[{\"@type\":\"SearchAction\",\"target\":{\"@type\":\"EntryPoint\",\"urlTemplate\":\"https:\/\/nk7-testes.com.br\/agazeta\/?s={search_term_string}\"},\"query-input\":{\"@type\":\"PropertyValueSpecification\",\"valueRequired\":true,\"valueName\":\"search_term_string\"}}],\"inLanguage\":\"pt-BR\"},{\"@type\":\"Person\",\"@id\":\"https:\/\/nk7-testes.com.br\/agazeta\/#\/schema\/person\/6d6e25cb0435eb4a02fd44d30b4e3020\",\"name\":\"Agazeta.Net\",\"url\":\"https:\/\/nk7-testes.com.br\/agazeta\/author\/agazeta\/\"}]}<\/script>\n<!-- \/ Yoast SEO plugin. -->","yoast_head_json":{"title":"Pol\u00edcia prende dois jovens com moto roubada no Jo\u00e3o Eduardo - Agazeta.net","robots":{"index":"index","follow":"follow","max-snippet":"max-snippet:-1","max-image-preview":"max-image-preview:large","max-video-preview":"max-video-preview:-1"},"canonical":"https:\/\/nk7-testes.com.br\/agazeta\/policia-prende-dois-jovens-com-moto-roubada-no-joao-eduardo\/","og_locale":"pt_BR","og_type":"article","og_title":"Pol\u00edcia prende dois jovens com moto roubada no Jo\u00e3o Eduardo - Agazeta.net","og_description":"Tentaram fugir ap\u00f3s manter fam\u00edlia ref\u00e9m","og_url":"https:\/\/nk7-testes.com.br\/agazeta\/policia-prende-dois-jovens-com-moto-roubada-no-joao-eduardo\/","og_site_name":"Agazeta.net","article_published_time":"2016-10-07T15:30:17+00:00","og_image":[{"width":458,"height":340,"url":"https:\/\/nk7-testes.com.br\/agazeta\/wp-content\/uploads\/2016\/10\/071016-policia-acusadomotoroubada-cleriston.jpg","type":"image\/jpeg"}],"author":"Agazeta.Net","twitter_card":"summary_large_image","twitter_misc":{"Escrito por":"Agazeta.Net","Est. tempo de leitura":"1 minuto"},"schema":{"@context":"https:\/\/schema.org","@graph":[{"@type":"WebPage","@id":"https:\/\/nk7-testes.com.br\/agazeta\/policia-prende-dois-jovens-com-moto-roubada-no-joao-eduardo\/","url":"https:\/\/nk7-testes.com.br\/agazeta\/policia-prende-dois-jovens-com-moto-roubada-no-joao-eduardo\/","name":"Pol\u00edcia prende dois jovens com moto roubada no Jo\u00e3o Eduardo - Agazeta.net","isPartOf":{"@id":"https:\/\/nk7-testes.com.br\/agazeta\/#website"},"primaryImageOfPage":{"@id":"https:\/\/nk7-testes.com.br\/agazeta\/policia-prende-dois-jovens-com-moto-roubada-no-joao-eduardo\/#primaryimage"},"image":{"@id":"https:\/\/nk7-testes.com.br\/agazeta\/policia-prende-dois-jovens-com-moto-roubada-no-joao-eduardo\/#primaryimage"},"thumbnailUrl":"https:\/\/nk7-testes.com.br\/agazeta\/wp-content\/uploads\/2016\/10\/071016-policia-acusadomotoroubada-cleriston.jpg","datePublished":"2016-10-07T15:30:17+00:00","author":{"@id":"https:\/\/nk7-testes.com.br\/agazeta\/#\/schema\/person\/6d6e25cb0435eb4a02fd44d30b4e3020"},"breadcrumb":{"@id":"https:\/\/nk7-testes.com.br\/agazeta\/policia-prende-dois-jovens-com-moto-roubada-no-joao-eduardo\/#breadcrumb"},"inLanguage":"pt-BR","potentialAction":[{"@type":"ReadAction","target":["https:\/\/nk7-testes.com.br\/agazeta\/policia-prende-dois-jovens-com-moto-roubada-no-joao-eduardo\/"]}]},{"@type":"ImageObject","inLanguage":"pt-BR","@id":"https:\/\/nk7-testes.com.br\/agazeta\/policia-prende-dois-jovens-com-moto-roubada-no-joao-eduardo\/#primaryimage","url":"https:\/\/nk7-testes.com.br\/agazeta\/wp-content\/uploads\/2016\/10\/071016-policia-acusadomotoroubada-cleriston.jpg","contentUrl":"https:\/\/nk7-testes.com.br\/agazeta\/wp-content\/uploads\/2016\/10\/071016-policia-acusadomotoroubada-cleriston.jpg","width":458,"height":340,"caption":"071016-policia-acusadomotoroubada-cleriston"},{"@type":"BreadcrumbList","@id":"https:\/\/nk7-testes.com.br\/agazeta\/policia-prende-dois-jovens-com-moto-roubada-no-joao-eduardo\/#breadcrumb","itemListElement":[{"@type":"ListItem","position":1,"name":"In\u00edcio","item":"https:\/\/nk7-testes.com.br\/agazeta\/"},{"@type":"ListItem","position":2,"name":"Pol\u00edcia prende dois jovens com moto roubada no Jo\u00e3o Eduardo"}]},{"@type":"WebSite","@id":"https:\/\/nk7-testes.com.br\/agazeta\/#website","url":"https:\/\/nk7-testes.com.br\/agazeta\/","name":"Agazeta.net","description":"Agazeta.net - Not\u00edcias de Rio Branco\/AC","potentialAction":[{"@type":"SearchAction","target":{"@type":"EntryPoint","urlTemplate":"https:\/\/nk7-testes.com.br\/agazeta\/?s={search_term_string}"},"query-input":{"@type":"PropertyValueSpecification","valueRequired":true,"valueName":"search_term_string"}}],"inLanguage":"pt-BR"},{"@type":"Person","@id":"https:\/\/nk7-testes.com.br\/agazeta\/#\/schema\/person\/6d6e25cb0435eb4a02fd44d30b4e3020","name":"Agazeta.Net","url":"https:\/\/nk7-testes.com.br\/agazeta\/author\/agazeta\/"}]}},"_links":{"self":[{"href":"https:\/\/nk7-testes.com.br\/agazeta\/wp-json\/wp\/v2\/posts\/25709","targetHints":{"allow":["GET"]}}],"collection":[{"href":"https:\/\/nk7-testes.com.br\/agazeta\/wp-json\/wp\/v2\/posts"}],"about":[{"href":"https:\/\/nk7-testes.com.br\/agazeta\/wp-json\/wp\/v2\/types\/post"}],"author":[{"embeddable":true,"href":"https:\/\/nk7-testes.com.br\/agazeta\/wp-json\/wp\/v2\/users\/4"}],"replies":[{"embeddable":true,"href":"https:\/\/nk7-testes.com.br\/agazeta\/wp-json\/wp\/v2\/comments?post=25709"}],"version-history":[{"count":0,"href":"https:\/\/nk7-testes.com.br\/agazeta\/wp-json\/wp\/v2\/posts\/25709\/revisions"}],"wp:featuredmedia":[{"embeddable":true,"href":"https:\/\/nk7-testes.com.br\/agazeta\/wp-json\/wp\/v2\/media\/25708"}],"wp:attachment":[{"href":"https:\/\/nk7-testes.com.br\/agazeta\/wp-json\/wp\/v2\/media?parent=25709"}],"wp:term":[{"taxonomy":"category","embeddable":true,"href":"https:\/\/nk7-testes.com.br\/agazeta\/wp-json\/wp\/v2\/categories?post=25709"},{"taxonomy":"post_tag","embeddable":true,"href":"https:\/\/nk7-testes.com.br\/agazeta\/wp-json\/wp\/v2\/tags?post=25709"}],"curies":[{"name":"wp","href":"https:\/\/api.w.org\/{rel}","templated":true}]}}