{"id":25701,"date":"2016-10-06T21:03:32","date_gmt":"2016-10-06T21:03:32","guid":{"rendered":"https:\/\/abarevegan.com.br\/index.php\/2016\/10\/06\/policia-prende-mandante-da-morte-de-candidato\/"},"modified":"2016-10-06T21:03:32","modified_gmt":"2016-10-06T21:03:32","slug":"policia-prende-mandante-da-morte-de-candidato","status":"publish","type":"post","link":"https:\/\/nk7-testes.com.br\/agazeta\/policia-prende-mandante-da-morte-de-candidato\/","title":{"rendered":"Pol\u00edcia prende mandante da morte de candidato"},"content":{"rendered":"<p style=\"text-align: justify;\">Crime aconteceu em Porto Acre em agosto deste ano<\/p>\n<p style=\"text-align: justify;\">A Pol\u00edcia Civil prendeu nessa quarta-feira em Porto Acre, o homem acusado de ser o mandante do assassinato do candidato a vereador Elivaldo Santana, crime ocorrido em 24 de agosto desse ano.<\/p>\n<p style=\"text-align: justify;\">Elivaldo foi morto com v\u00e1rios tiros na porteira da fazenda onde morava, no Ramal do A\u00e7a\u00ed na vila do V, em Porto Acre.<\/p>\n<p style=\"text-align: justify;\">Desde o dia do assassinato, o principal suspeito era Valdir Val\u00e9rio do Nascimento. Ele era o ex-marido da companheira de Elivaldo. Al\u00e9m de perder a mulher, Elivaldo se tornou desafeto depois quer foi morar na fazenda e movimentar a venda de gado de Valdir.<\/p>\n<p style=\"text-align: justify;\">A v\u00edtima tinha sido amea\u00e7ada pelo acusado durante uma audi\u00eancia na Justi\u00e7a cinco dias antes da morte.<\/p>\n<p style=\"text-align: justify;\">De acordo com a pol\u00edcia, Valdir Val\u00e9rio contratou por R$ 25 mil o matador de aluguel Jocir Bezerra de Freitas, que j\u00e1 tinha sido preso pela pol\u00edcia no in\u00edcio do m\u00eas de setembro.<\/p>\n<p style=\"text-align: justify;\">A policia descobriu que os dois mantinham liga\u00e7\u00f5es, ambos trabalharam com contrabando de cigarros da Bol\u00edvia. Dessa amizade pode ter nascido a negocia\u00e7\u00e3o para matar Elivaldo, que recebeu v\u00e1rios tiros quando saia da porteira da fazenda. O acusado negou que mandou matar ou mesmo que tivesse alguma rixa com a v\u00edtima.<\/p>\n","protected":false},"excerpt":{"rendered":"<p style=\"text-align: justify;\">Crime aconteceu em Porto Acre em agosto deste ano<\/p>\n","protected":false},"author":4,"featured_media":25700,"comment_status":"open","ping_status":"open","sticky":false,"template":"","format":"standard","meta":{"jnews-multi-image_gallery":[],"jnews_single_post":[],"jnews_primary_category":[],"jnews_social_meta":[],"jnews_review":[],"enable_review":"","type":"","name":"","summary":"","brand":"","sku":"","good":[],"bad":[],"score_override":"","override_value":"","rating":[],"price":[],"footnotes":""},"categories":[44],"tags":[],"class_list":["post-25701","post","type-post","status-publish","format-standard","has-post-thumbnail","hentry","category-policia"],"yoast_head":"<!-- This site is optimized with the Yoast SEO plugin v26.5 - https:\/\/yoast.com\/wordpress\/plugins\/seo\/ -->\n<title>Pol\u00edcia prende mandante da morte de candidato - Agazeta.net<\/title>\n<meta name=\"robots\" content=\"index, follow, max-snippet:-1, max-image-preview:large, max-video-preview:-1\" \/>\n<link rel=\"canonical\" href=\"https:\/\/nk7-testes.com.br\/agazeta\/policia-prende-mandante-da-morte-de-candidato\/\" \/>\n<meta property=\"og:locale\" content=\"pt_BR\" \/>\n<meta property=\"og:type\" content=\"article\" \/>\n<meta property=\"og:title\" content=\"Pol\u00edcia prende mandante da morte de candidato - Agazeta.net\" \/>\n<meta property=\"og:description\" content=\"Crime aconteceu em Porto Acre em agosto deste ano\" \/>\n<meta property=\"og:url\" content=\"https:\/\/nk7-testes.com.br\/agazeta\/policia-prende-mandante-da-morte-de-candidato\/\" \/>\n<meta property=\"og:site_name\" content=\"Agazeta.net\" \/>\n<meta property=\"article:published_time\" content=\"2016-10-06T21:03:32+00:00\" \/>\n<meta property=\"og:image\" content=\"https:\/\/nk7-testes.com.br\/agazeta\/wp-content\/uploads\/2016\/10\/061016-policia-acusadoassassinato-tvgazeta.jpg\" \/>\n\t<meta property=\"og:image:width\" content=\"458\" \/>\n\t<meta property=\"og:image:height\" content=\"340\" \/>\n\t<meta property=\"og:image:type\" content=\"image\/jpeg\" \/>\n<meta name=\"author\" content=\"Agazeta.Net\" \/>\n<meta name=\"twitter:card\" content=\"summary_large_image\" \/>\n<meta name=\"twitter:label1\" content=\"Escrito por\" \/>\n\t<meta name=\"twitter:data1\" content=\"Agazeta.Net\" \/>\n\t<meta name=\"twitter:label2\" content=\"Est. tempo de leitura\" \/>\n\t<meta name=\"twitter:data2\" content=\"1 minuto\" \/>\n<script type=\"application\/ld+json\" class=\"yoast-schema-graph\">{\"@context\":\"https:\/\/schema.org\",\"@graph\":[{\"@type\":\"WebPage\",\"@id\":\"https:\/\/nk7-testes.com.br\/agazeta\/policia-prende-mandante-da-morte-de-candidato\/\",\"url\":\"https:\/\/nk7-testes.com.br\/agazeta\/policia-prende-mandante-da-morte-de-candidato\/\",\"name\":\"Pol\u00edcia prende mandante da morte de candidato - Agazeta.net\",\"isPartOf\":{\"@id\":\"https:\/\/nk7-testes.com.br\/agazeta\/#website\"},\"primaryImageOfPage\":{\"@id\":\"https:\/\/nk7-testes.com.br\/agazeta\/policia-prende-mandante-da-morte-de-candidato\/#primaryimage\"},\"image\":{\"@id\":\"https:\/\/nk7-testes.com.br\/agazeta\/policia-prende-mandante-da-morte-de-candidato\/#primaryimage\"},\"thumbnailUrl\":\"https:\/\/nk7-testes.com.br\/agazeta\/wp-content\/uploads\/2016\/10\/061016-policia-acusadoassassinato-tvgazeta.jpg\",\"datePublished\":\"2016-10-06T21:03:32+00:00\",\"author\":{\"@id\":\"https:\/\/nk7-testes.com.br\/agazeta\/#\/schema\/person\/6d6e25cb0435eb4a02fd44d30b4e3020\"},\"breadcrumb\":{\"@id\":\"https:\/\/nk7-testes.com.br\/agazeta\/policia-prende-mandante-da-morte-de-candidato\/#breadcrumb\"},\"inLanguage\":\"pt-BR\",\"potentialAction\":[{\"@type\":\"ReadAction\",\"target\":[\"https:\/\/nk7-testes.com.br\/agazeta\/policia-prende-mandante-da-morte-de-candidato\/\"]}]},{\"@type\":\"ImageObject\",\"inLanguage\":\"pt-BR\",\"@id\":\"https:\/\/nk7-testes.com.br\/agazeta\/policia-prende-mandante-da-morte-de-candidato\/#primaryimage\",\"url\":\"https:\/\/nk7-testes.com.br\/agazeta\/wp-content\/uploads\/2016\/10\/061016-policia-acusadoassassinato-tvgazeta.jpg\",\"contentUrl\":\"https:\/\/nk7-testes.com.br\/agazeta\/wp-content\/uploads\/2016\/10\/061016-policia-acusadoassassinato-tvgazeta.jpg\",\"width\":458,\"height\":340,\"caption\":\"061016-policia-acusadoassassinato-tvgazeta\"},{\"@type\":\"BreadcrumbList\",\"@id\":\"https:\/\/nk7-testes.com.br\/agazeta\/policia-prende-mandante-da-morte-de-candidato\/#breadcrumb\",\"itemListElement\":[{\"@type\":\"ListItem\",\"position\":1,\"name\":\"In\u00edcio\",\"item\":\"https:\/\/nk7-testes.com.br\/agazeta\/\"},{\"@type\":\"ListItem\",\"position\":2,\"name\":\"Pol\u00edcia prende mandante da morte de candidato\"}]},{\"@type\":\"WebSite\",\"@id\":\"https:\/\/nk7-testes.com.br\/agazeta\/#website\",\"url\":\"https:\/\/nk7-testes.com.br\/agazeta\/\",\"name\":\"Agazeta.net\",\"description\":\"Agazeta.net - Not\u00edcias de Rio Branco\/AC\",\"potentialAction\":[{\"@type\":\"SearchAction\",\"target\":{\"@type\":\"EntryPoint\",\"urlTemplate\":\"https:\/\/nk7-testes.com.br\/agazeta\/?s={search_term_string}\"},\"query-input\":{\"@type\":\"PropertyValueSpecification\",\"valueRequired\":true,\"valueName\":\"search_term_string\"}}],\"inLanguage\":\"pt-BR\"},{\"@type\":\"Person\",\"@id\":\"https:\/\/nk7-testes.com.br\/agazeta\/#\/schema\/person\/6d6e25cb0435eb4a02fd44d30b4e3020\",\"name\":\"Agazeta.Net\",\"url\":\"https:\/\/nk7-testes.com.br\/agazeta\/author\/agazeta\/\"}]}<\/script>\n<!-- \/ Yoast SEO plugin. -->","yoast_head_json":{"title":"Pol\u00edcia prende mandante da morte de candidato - Agazeta.net","robots":{"index":"index","follow":"follow","max-snippet":"max-snippet:-1","max-image-preview":"max-image-preview:large","max-video-preview":"max-video-preview:-1"},"canonical":"https:\/\/nk7-testes.com.br\/agazeta\/policia-prende-mandante-da-morte-de-candidato\/","og_locale":"pt_BR","og_type":"article","og_title":"Pol\u00edcia prende mandante da morte de candidato - Agazeta.net","og_description":"Crime aconteceu em Porto Acre em agosto deste ano","og_url":"https:\/\/nk7-testes.com.br\/agazeta\/policia-prende-mandante-da-morte-de-candidato\/","og_site_name":"Agazeta.net","article_published_time":"2016-10-06T21:03:32+00:00","og_image":[{"width":458,"height":340,"url":"https:\/\/nk7-testes.com.br\/agazeta\/wp-content\/uploads\/2016\/10\/061016-policia-acusadoassassinato-tvgazeta.jpg","type":"image\/jpeg"}],"author":"Agazeta.Net","twitter_card":"summary_large_image","twitter_misc":{"Escrito por":"Agazeta.Net","Est. tempo de leitura":"1 minuto"},"schema":{"@context":"https:\/\/schema.org","@graph":[{"@type":"WebPage","@id":"https:\/\/nk7-testes.com.br\/agazeta\/policia-prende-mandante-da-morte-de-candidato\/","url":"https:\/\/nk7-testes.com.br\/agazeta\/policia-prende-mandante-da-morte-de-candidato\/","name":"Pol\u00edcia prende mandante da morte de candidato - Agazeta.net","isPartOf":{"@id":"https:\/\/nk7-testes.com.br\/agazeta\/#website"},"primaryImageOfPage":{"@id":"https:\/\/nk7-testes.com.br\/agazeta\/policia-prende-mandante-da-morte-de-candidato\/#primaryimage"},"image":{"@id":"https:\/\/nk7-testes.com.br\/agazeta\/policia-prende-mandante-da-morte-de-candidato\/#primaryimage"},"thumbnailUrl":"https:\/\/nk7-testes.com.br\/agazeta\/wp-content\/uploads\/2016\/10\/061016-policia-acusadoassassinato-tvgazeta.jpg","datePublished":"2016-10-06T21:03:32+00:00","author":{"@id":"https:\/\/nk7-testes.com.br\/agazeta\/#\/schema\/person\/6d6e25cb0435eb4a02fd44d30b4e3020"},"breadcrumb":{"@id":"https:\/\/nk7-testes.com.br\/agazeta\/policia-prende-mandante-da-morte-de-candidato\/#breadcrumb"},"inLanguage":"pt-BR","potentialAction":[{"@type":"ReadAction","target":["https:\/\/nk7-testes.com.br\/agazeta\/policia-prende-mandante-da-morte-de-candidato\/"]}]},{"@type":"ImageObject","inLanguage":"pt-BR","@id":"https:\/\/nk7-testes.com.br\/agazeta\/policia-prende-mandante-da-morte-de-candidato\/#primaryimage","url":"https:\/\/nk7-testes.com.br\/agazeta\/wp-content\/uploads\/2016\/10\/061016-policia-acusadoassassinato-tvgazeta.jpg","contentUrl":"https:\/\/nk7-testes.com.br\/agazeta\/wp-content\/uploads\/2016\/10\/061016-policia-acusadoassassinato-tvgazeta.jpg","width":458,"height":340,"caption":"061016-policia-acusadoassassinato-tvgazeta"},{"@type":"BreadcrumbList","@id":"https:\/\/nk7-testes.com.br\/agazeta\/policia-prende-mandante-da-morte-de-candidato\/#breadcrumb","itemListElement":[{"@type":"ListItem","position":1,"name":"In\u00edcio","item":"https:\/\/nk7-testes.com.br\/agazeta\/"},{"@type":"ListItem","position":2,"name":"Pol\u00edcia prende mandante da morte de candidato"}]},{"@type":"WebSite","@id":"https:\/\/nk7-testes.com.br\/agazeta\/#website","url":"https:\/\/nk7-testes.com.br\/agazeta\/","name":"Agazeta.net","description":"Agazeta.net - Not\u00edcias de Rio Branco\/AC","potentialAction":[{"@type":"SearchAction","target":{"@type":"EntryPoint","urlTemplate":"https:\/\/nk7-testes.com.br\/agazeta\/?s={search_term_string}"},"query-input":{"@type":"PropertyValueSpecification","valueRequired":true,"valueName":"search_term_string"}}],"inLanguage":"pt-BR"},{"@type":"Person","@id":"https:\/\/nk7-testes.com.br\/agazeta\/#\/schema\/person\/6d6e25cb0435eb4a02fd44d30b4e3020","name":"Agazeta.Net","url":"https:\/\/nk7-testes.com.br\/agazeta\/author\/agazeta\/"}]}},"_links":{"self":[{"href":"https:\/\/nk7-testes.com.br\/agazeta\/wp-json\/wp\/v2\/posts\/25701","targetHints":{"allow":["GET"]}}],"collection":[{"href":"https:\/\/nk7-testes.com.br\/agazeta\/wp-json\/wp\/v2\/posts"}],"about":[{"href":"https:\/\/nk7-testes.com.br\/agazeta\/wp-json\/wp\/v2\/types\/post"}],"author":[{"embeddable":true,"href":"https:\/\/nk7-testes.com.br\/agazeta\/wp-json\/wp\/v2\/users\/4"}],"replies":[{"embeddable":true,"href":"https:\/\/nk7-testes.com.br\/agazeta\/wp-json\/wp\/v2\/comments?post=25701"}],"version-history":[{"count":0,"href":"https:\/\/nk7-testes.com.br\/agazeta\/wp-json\/wp\/v2\/posts\/25701\/revisions"}],"wp:featuredmedia":[{"embeddable":true,"href":"https:\/\/nk7-testes.com.br\/agazeta\/wp-json\/wp\/v2\/media\/25700"}],"wp:attachment":[{"href":"https:\/\/nk7-testes.com.br\/agazeta\/wp-json\/wp\/v2\/media?parent=25701"}],"wp:term":[{"taxonomy":"category","embeddable":true,"href":"https:\/\/nk7-testes.com.br\/agazeta\/wp-json\/wp\/v2\/categories?post=25701"},{"taxonomy":"post_tag","embeddable":true,"href":"https:\/\/nk7-testes.com.br\/agazeta\/wp-json\/wp\/v2\/tags?post=25701"}],"curies":[{"name":"wp","href":"https:\/\/api.w.org\/{rel}","templated":true}]}}