{"id":25699,"date":"2016-10-06T20:21:37","date_gmt":"2016-10-06T20:21:37","guid":{"rendered":"https:\/\/abarevegan.com.br\/index.php\/2016\/10\/06\/mp-vai-contestar-beneficio-do-semiaberto-a-hildebrando\/"},"modified":"2016-10-06T20:21:37","modified_gmt":"2016-10-06T20:21:37","slug":"mp-vai-contestar-beneficio-do-semiaberto-a-hildebrando","status":"publish","type":"post","link":"https:\/\/nk7-testes.com.br\/agazeta\/mp-vai-contestar-beneficio-do-semiaberto-a-hildebrando\/","title":{"rendered":"MP vai contestar benef\u00edcio do semiaberto a Hildebrando"},"content":{"rendered":"<p style=\"text-align: justify;\">Promotoria ainda n\u00e3o tem data para contestar decis\u00e3o<\/p>\n<p style=\"text-align: justify;\">O Minist\u00e9rio P\u00fablico do Acre vai recorrer, pela segunda vez, da decis\u00e3o da ju\u00edza da Vara de Execu\u00e7\u00f5es Penais, Luana Campos, que formalizou a progress\u00e3o da pena de Hildebrando Paschoal para o regime semiaberto. A decis\u00e3o foi anunciada na manh\u00e3 desta quinta-feira (6).<\/p>\n<p style=\"text-align: justify;\">A promotora de Justi\u00e7a do Gaeco (Grupo de Atua\u00e7\u00e3o Especial Contra o Crime Organizado) que cuida do caso de Hildebrando, Marcela Oz\u00f3rio, foi informada da decis\u00e3o da vara de Execu\u00e7\u00f5es Penais e j\u00e1 adianta, via assessoria, que vai recorrer. \u201cN\u00f3s vamos contestar, s\u00f3 n\u00e3o h\u00e1, ainda, uma data definida para isso\u201d, assegurou.<\/p>\n<p style=\"text-align: justify;\">Um exame criminol\u00f3gico realizado por psic\u00f3logos e assistentes sociais apontou que Hildebrando Pascoal n\u00e3o oferece riscos \u00e0 sociedade ao sair da cadeia. O laudo era o que faltava para a ju\u00edza da Vara de execu\u00e7\u00f5es penais, Luana Campos, conceder progress\u00e3o de regime a Hildebrando que j\u00e1 cumpriu 15 dos 88 anos de condena\u00e7\u00e3o.<\/p>\n<p style=\"text-align: justify;\">A magistrada informou que em 24 horas o detento deve ser notificado da decis\u00e3o, que permite, durante o dia, que Hildebrando fique fora do pres\u00eddio, retornando apenas no per\u00edodo noturno. No regime semiaberto, ele vai ter direito a quatro sa\u00eddas tempor\u00e1rias durante o ano e ficar os domingos com a fam\u00edlia.<\/p>\n<p style=\"text-align: justify;\">Como est\u00e1 internado, a ju\u00edza j\u00e1 determinou a primeira sa\u00edda tempor\u00e1ria de 7 dias. \u201cEssa decis\u00e3o ainda cabe recursos do Minist\u00e9rio P\u00fablico que j\u00e1 tinha decido n\u00e3o aceitar o exame criminol\u00f3gico. Estou fazendo agora o que determina a lei que \u00e9 conceder o benef\u00edcio no qual o apenado tem direito\u201d, explicou.<\/p>\n<p style=\"text-align: justify;\">Assim que sair da interna\u00e7\u00e3o do hospital, a ju\u00edza vai determinar onde Hildebrando vai passar a noite para cumprir a pena.<\/p>\n<p style=\"text-align: justify;\">Ao mesmo tempo, Hildebrando Pascoal est\u00e1 fazendo uma bateria de exames para conseguir o direito de pris\u00e3o domiciliar. O laudo do cardiologista est\u00e1 pronto, falta apenas o exame do ortopedista.<\/p>\n<p style=\"text-align: justify;\">O problema enfrentado pela magistrada \u00e9 a falta de m\u00e9dicos para fazer os exames. \u201cOs m\u00e9dicos se diziam suspeitos. N\u00e3o foi f\u00e1cil conseguir algu\u00e9m que n\u00e3o tivesse liga\u00e7\u00e3o com a fam\u00edlia Pascoal. Agora parece que vai dar certo\u201d, revelou.<\/p>\n","protected":false},"excerpt":{"rendered":"<p style=\"text-align: justify;\">Promotoria ainda n\u00e3o tem data para contestar decis\u00e3o<\/p>\n","protected":false},"author":4,"featured_media":25698,"comment_status":"open","ping_status":"open","sticky":false,"template":"","format":"standard","meta":{"jnews-multi-image_gallery":[],"jnews_single_post":[],"jnews_primary_category":[],"jnews_social_meta":[],"jnews_review":[],"enable_review":"","type":"","name":"","summary":"","brand":"","sku":"","good":[],"bad":[],"score_override":"","override_value":"","rating":[],"price":[],"footnotes":""},"categories":[44],"tags":[],"class_list":["post-25699","post","type-post","status-publish","format-standard","has-post-thumbnail","hentry","category-policia"],"yoast_head":"<!-- This site is optimized with the Yoast SEO plugin v26.5 - https:\/\/yoast.com\/wordpress\/plugins\/seo\/ -->\n<title>MP vai contestar benef\u00edcio do semiaberto a Hildebrando - Agazeta.net<\/title>\n<meta name=\"robots\" content=\"index, follow, max-snippet:-1, max-image-preview:large, max-video-preview:-1\" \/>\n<link rel=\"canonical\" href=\"https:\/\/nk7-testes.com.br\/agazeta\/mp-vai-contestar-beneficio-do-semiaberto-a-hildebrando\/\" \/>\n<meta property=\"og:locale\" content=\"pt_BR\" \/>\n<meta property=\"og:type\" content=\"article\" \/>\n<meta property=\"og:title\" content=\"MP vai contestar benef\u00edcio do semiaberto a Hildebrando - Agazeta.net\" \/>\n<meta property=\"og:description\" content=\"Promotoria ainda n\u00e3o tem data para contestar decis\u00e3o\" \/>\n<meta property=\"og:url\" content=\"https:\/\/nk7-testes.com.br\/agazeta\/mp-vai-contestar-beneficio-do-semiaberto-a-hildebrando\/\" \/>\n<meta property=\"og:site_name\" content=\"Agazeta.net\" \/>\n<meta property=\"article:published_time\" content=\"2016-10-06T20:21:37+00:00\" \/>\n<meta property=\"og:image\" content=\"https:\/\/nk7-testes.com.br\/agazeta\/wp-content\/uploads\/2016\/10\/061016-policia-marcelaozorio-agenciamp.jpg\" \/>\n\t<meta property=\"og:image:width\" content=\"458\" \/>\n\t<meta property=\"og:image:height\" content=\"340\" \/>\n\t<meta property=\"og:image:type\" content=\"image\/jpeg\" \/>\n<meta name=\"author\" content=\"Agazeta.Net\" \/>\n<meta name=\"twitter:card\" content=\"summary_large_image\" \/>\n<meta name=\"twitter:label1\" content=\"Escrito por\" \/>\n\t<meta name=\"twitter:data1\" content=\"Agazeta.Net\" \/>\n\t<meta name=\"twitter:label2\" content=\"Est. tempo de leitura\" \/>\n\t<meta name=\"twitter:data2\" content=\"2 minutos\" \/>\n<script type=\"application\/ld+json\" class=\"yoast-schema-graph\">{\"@context\":\"https:\/\/schema.org\",\"@graph\":[{\"@type\":\"WebPage\",\"@id\":\"https:\/\/nk7-testes.com.br\/agazeta\/mp-vai-contestar-beneficio-do-semiaberto-a-hildebrando\/\",\"url\":\"https:\/\/nk7-testes.com.br\/agazeta\/mp-vai-contestar-beneficio-do-semiaberto-a-hildebrando\/\",\"name\":\"MP vai contestar benef\u00edcio do semiaberto a Hildebrando - Agazeta.net\",\"isPartOf\":{\"@id\":\"https:\/\/nk7-testes.com.br\/agazeta\/#website\"},\"primaryImageOfPage\":{\"@id\":\"https:\/\/nk7-testes.com.br\/agazeta\/mp-vai-contestar-beneficio-do-semiaberto-a-hildebrando\/#primaryimage\"},\"image\":{\"@id\":\"https:\/\/nk7-testes.com.br\/agazeta\/mp-vai-contestar-beneficio-do-semiaberto-a-hildebrando\/#primaryimage\"},\"thumbnailUrl\":\"https:\/\/nk7-testes.com.br\/agazeta\/wp-content\/uploads\/2016\/10\/061016-policia-marcelaozorio-agenciamp.jpg\",\"datePublished\":\"2016-10-06T20:21:37+00:00\",\"author\":{\"@id\":\"https:\/\/nk7-testes.com.br\/agazeta\/#\/schema\/person\/6d6e25cb0435eb4a02fd44d30b4e3020\"},\"breadcrumb\":{\"@id\":\"https:\/\/nk7-testes.com.br\/agazeta\/mp-vai-contestar-beneficio-do-semiaberto-a-hildebrando\/#breadcrumb\"},\"inLanguage\":\"pt-BR\",\"potentialAction\":[{\"@type\":\"ReadAction\",\"target\":[\"https:\/\/nk7-testes.com.br\/agazeta\/mp-vai-contestar-beneficio-do-semiaberto-a-hildebrando\/\"]}]},{\"@type\":\"ImageObject\",\"inLanguage\":\"pt-BR\",\"@id\":\"https:\/\/nk7-testes.com.br\/agazeta\/mp-vai-contestar-beneficio-do-semiaberto-a-hildebrando\/#primaryimage\",\"url\":\"https:\/\/nk7-testes.com.br\/agazeta\/wp-content\/uploads\/2016\/10\/061016-policia-marcelaozorio-agenciamp.jpg\",\"contentUrl\":\"https:\/\/nk7-testes.com.br\/agazeta\/wp-content\/uploads\/2016\/10\/061016-policia-marcelaozorio-agenciamp.jpg\",\"width\":458,\"height\":340,\"caption\":\"061016-policia-marcelaozorio-agenciamp\"},{\"@type\":\"BreadcrumbList\",\"@id\":\"https:\/\/nk7-testes.com.br\/agazeta\/mp-vai-contestar-beneficio-do-semiaberto-a-hildebrando\/#breadcrumb\",\"itemListElement\":[{\"@type\":\"ListItem\",\"position\":1,\"name\":\"In\u00edcio\",\"item\":\"https:\/\/nk7-testes.com.br\/agazeta\/\"},{\"@type\":\"ListItem\",\"position\":2,\"name\":\"MP vai contestar benef\u00edcio do semiaberto a Hildebrando\"}]},{\"@type\":\"WebSite\",\"@id\":\"https:\/\/nk7-testes.com.br\/agazeta\/#website\",\"url\":\"https:\/\/nk7-testes.com.br\/agazeta\/\",\"name\":\"Agazeta.net\",\"description\":\"Agazeta.net - Not\u00edcias de Rio Branco\/AC\",\"potentialAction\":[{\"@type\":\"SearchAction\",\"target\":{\"@type\":\"EntryPoint\",\"urlTemplate\":\"https:\/\/nk7-testes.com.br\/agazeta\/?s={search_term_string}\"},\"query-input\":{\"@type\":\"PropertyValueSpecification\",\"valueRequired\":true,\"valueName\":\"search_term_string\"}}],\"inLanguage\":\"pt-BR\"},{\"@type\":\"Person\",\"@id\":\"https:\/\/nk7-testes.com.br\/agazeta\/#\/schema\/person\/6d6e25cb0435eb4a02fd44d30b4e3020\",\"name\":\"Agazeta.Net\",\"url\":\"https:\/\/nk7-testes.com.br\/agazeta\/author\/agazeta\/\"}]}<\/script>\n<!-- \/ Yoast SEO plugin. -->","yoast_head_json":{"title":"MP vai contestar benef\u00edcio do semiaberto a Hildebrando - Agazeta.net","robots":{"index":"index","follow":"follow","max-snippet":"max-snippet:-1","max-image-preview":"max-image-preview:large","max-video-preview":"max-video-preview:-1"},"canonical":"https:\/\/nk7-testes.com.br\/agazeta\/mp-vai-contestar-beneficio-do-semiaberto-a-hildebrando\/","og_locale":"pt_BR","og_type":"article","og_title":"MP vai contestar benef\u00edcio do semiaberto a Hildebrando - Agazeta.net","og_description":"Promotoria ainda n\u00e3o tem data para contestar decis\u00e3o","og_url":"https:\/\/nk7-testes.com.br\/agazeta\/mp-vai-contestar-beneficio-do-semiaberto-a-hildebrando\/","og_site_name":"Agazeta.net","article_published_time":"2016-10-06T20:21:37+00:00","og_image":[{"width":458,"height":340,"url":"https:\/\/nk7-testes.com.br\/agazeta\/wp-content\/uploads\/2016\/10\/061016-policia-marcelaozorio-agenciamp.jpg","type":"image\/jpeg"}],"author":"Agazeta.Net","twitter_card":"summary_large_image","twitter_misc":{"Escrito por":"Agazeta.Net","Est. tempo de leitura":"2 minutos"},"schema":{"@context":"https:\/\/schema.org","@graph":[{"@type":"WebPage","@id":"https:\/\/nk7-testes.com.br\/agazeta\/mp-vai-contestar-beneficio-do-semiaberto-a-hildebrando\/","url":"https:\/\/nk7-testes.com.br\/agazeta\/mp-vai-contestar-beneficio-do-semiaberto-a-hildebrando\/","name":"MP vai contestar benef\u00edcio do semiaberto a Hildebrando - Agazeta.net","isPartOf":{"@id":"https:\/\/nk7-testes.com.br\/agazeta\/#website"},"primaryImageOfPage":{"@id":"https:\/\/nk7-testes.com.br\/agazeta\/mp-vai-contestar-beneficio-do-semiaberto-a-hildebrando\/#primaryimage"},"image":{"@id":"https:\/\/nk7-testes.com.br\/agazeta\/mp-vai-contestar-beneficio-do-semiaberto-a-hildebrando\/#primaryimage"},"thumbnailUrl":"https:\/\/nk7-testes.com.br\/agazeta\/wp-content\/uploads\/2016\/10\/061016-policia-marcelaozorio-agenciamp.jpg","datePublished":"2016-10-06T20:21:37+00:00","author":{"@id":"https:\/\/nk7-testes.com.br\/agazeta\/#\/schema\/person\/6d6e25cb0435eb4a02fd44d30b4e3020"},"breadcrumb":{"@id":"https:\/\/nk7-testes.com.br\/agazeta\/mp-vai-contestar-beneficio-do-semiaberto-a-hildebrando\/#breadcrumb"},"inLanguage":"pt-BR","potentialAction":[{"@type":"ReadAction","target":["https:\/\/nk7-testes.com.br\/agazeta\/mp-vai-contestar-beneficio-do-semiaberto-a-hildebrando\/"]}]},{"@type":"ImageObject","inLanguage":"pt-BR","@id":"https:\/\/nk7-testes.com.br\/agazeta\/mp-vai-contestar-beneficio-do-semiaberto-a-hildebrando\/#primaryimage","url":"https:\/\/nk7-testes.com.br\/agazeta\/wp-content\/uploads\/2016\/10\/061016-policia-marcelaozorio-agenciamp.jpg","contentUrl":"https:\/\/nk7-testes.com.br\/agazeta\/wp-content\/uploads\/2016\/10\/061016-policia-marcelaozorio-agenciamp.jpg","width":458,"height":340,"caption":"061016-policia-marcelaozorio-agenciamp"},{"@type":"BreadcrumbList","@id":"https:\/\/nk7-testes.com.br\/agazeta\/mp-vai-contestar-beneficio-do-semiaberto-a-hildebrando\/#breadcrumb","itemListElement":[{"@type":"ListItem","position":1,"name":"In\u00edcio","item":"https:\/\/nk7-testes.com.br\/agazeta\/"},{"@type":"ListItem","position":2,"name":"MP vai contestar benef\u00edcio do semiaberto a Hildebrando"}]},{"@type":"WebSite","@id":"https:\/\/nk7-testes.com.br\/agazeta\/#website","url":"https:\/\/nk7-testes.com.br\/agazeta\/","name":"Agazeta.net","description":"Agazeta.net - Not\u00edcias de Rio Branco\/AC","potentialAction":[{"@type":"SearchAction","target":{"@type":"EntryPoint","urlTemplate":"https:\/\/nk7-testes.com.br\/agazeta\/?s={search_term_string}"},"query-input":{"@type":"PropertyValueSpecification","valueRequired":true,"valueName":"search_term_string"}}],"inLanguage":"pt-BR"},{"@type":"Person","@id":"https:\/\/nk7-testes.com.br\/agazeta\/#\/schema\/person\/6d6e25cb0435eb4a02fd44d30b4e3020","name":"Agazeta.Net","url":"https:\/\/nk7-testes.com.br\/agazeta\/author\/agazeta\/"}]}},"_links":{"self":[{"href":"https:\/\/nk7-testes.com.br\/agazeta\/wp-json\/wp\/v2\/posts\/25699","targetHints":{"allow":["GET"]}}],"collection":[{"href":"https:\/\/nk7-testes.com.br\/agazeta\/wp-json\/wp\/v2\/posts"}],"about":[{"href":"https:\/\/nk7-testes.com.br\/agazeta\/wp-json\/wp\/v2\/types\/post"}],"author":[{"embeddable":true,"href":"https:\/\/nk7-testes.com.br\/agazeta\/wp-json\/wp\/v2\/users\/4"}],"replies":[{"embeddable":true,"href":"https:\/\/nk7-testes.com.br\/agazeta\/wp-json\/wp\/v2\/comments?post=25699"}],"version-history":[{"count":0,"href":"https:\/\/nk7-testes.com.br\/agazeta\/wp-json\/wp\/v2\/posts\/25699\/revisions"}],"wp:featuredmedia":[{"embeddable":true,"href":"https:\/\/nk7-testes.com.br\/agazeta\/wp-json\/wp\/v2\/media\/25698"}],"wp:attachment":[{"href":"https:\/\/nk7-testes.com.br\/agazeta\/wp-json\/wp\/v2\/media?parent=25699"}],"wp:term":[{"taxonomy":"category","embeddable":true,"href":"https:\/\/nk7-testes.com.br\/agazeta\/wp-json\/wp\/v2\/categories?post=25699"},{"taxonomy":"post_tag","embeddable":true,"href":"https:\/\/nk7-testes.com.br\/agazeta\/wp-json\/wp\/v2\/tags?post=25699"}],"curies":[{"name":"wp","href":"https:\/\/api.w.org\/{rel}","templated":true}]}}