{"id":25695,"date":"2016-10-06T19:26:53","date_gmt":"2016-10-06T19:26:53","guid":{"rendered":"https:\/\/abarevegan.com.br\/index.php\/2016\/10\/06\/policia-prende-acusados-de-morte-de-adolescente-em-sena\/"},"modified":"2016-10-06T19:26:53","modified_gmt":"2016-10-06T19:26:53","slug":"policia-prende-acusados-de-morte-de-adolescente-em-sena","status":"publish","type":"post","link":"https:\/\/nk7-testes.com.br\/agazeta\/policia-prende-acusados-de-morte-de-adolescente-em-sena\/","title":{"rendered":"Pol\u00edcia prende acusados de morte de menor em Sena Madureira"},"content":{"rendered":"<p style=\"text-align: justify;\">8 pessoas foram presas e mandante est\u00e1 foragido<\/p>\n<p style=\"text-align: justify;\">Ap\u00f3s investiga\u00e7\u00e3o a Pol\u00edcia Civil de Sena Madureira conseguiu elucidar o assassinato do garoto Jo\u00e3o Vitor de Oliveira da Silva, 13 anos. Na manh\u00e3 desta quinta-feira (6), foram apresentadas na Delegacia Geral de Pol\u00edcia do munic\u00edpio oito pessoas que estariam ligadas diretamente \u00e0 morte do menor.<\/p>\n<p>Wendson Mendon\u00e7a Silva Areal, 20 anos, Jones Ferreira da Silva, 19, Evilano Mota da Silva, 26, Marcos Nascimento da Silva, 19, Gerlian Lima Rocha, 25, Altevir Lopes da Silva, Dejair Nogueira Cidr\u00e3o e Jo\u00e3o Batista Ar\u00e9vola foram presos. A Pol\u00edcia Civil, atrav\u00e9s de seu n\u00facleo de intelig\u00eancia, tamb\u00e9m j\u00e1 identificou o mandante do crime que no momento encontra-se foragido.<\/p>\n<p>De acordo com as investiga\u00e7\u00f5es, Jo\u00e3o Batista teria atra\u00eddo o menor at\u00e9 o porto do rio Iaco na conhecida \u201cBaixada da Galinha\u201d. Ele convidou Jo\u00e3o Vitor para furtar um motor. Esse, no entanto, foi apenas um pretexto para levar o jovem a uma emboscada.<\/p>\n<p>A pol\u00edcia confirmou que ao chegar ao porto da \u201cBaixada da Galinha\u201d, o menor foi surpreendido por outras oito pessoas que estavam dentro de uma embarca\u00e7\u00e3o para executar o plano criminoso. Jo\u00e3o Vitor foi morto com tiros na cabe\u00e7a e ainda foi ferido com diversas facadas nas costas.<\/p>\n<p>O corpo do adolescente foi encontrado \u00e0s margens do rio Iaco, pr\u00f3ximo \u00e0 ponte met\u00e1lica Jos\u00e9 Nogueira Sobrinho, em estado de decomposi\u00e7\u00e3o. A apura\u00e7\u00e3o do caso aponta como motivo do crime brigas entre fac\u00e7\u00f5es.<\/p>\n<p>Todos os envolvidos j\u00e1 se encontram no pres\u00eddio Evaristo de Moraes aguardando julgamento.<\/p>\n","protected":false},"excerpt":{"rendered":"<p style=\"text-align: justify;\">8 pessoas foram presas e mandante est\u00e1 foragido<\/p>\n","protected":false},"author":4,"featured_media":25694,"comment_status":"open","ping_status":"open","sticky":false,"template":"","format":"standard","meta":{"jnews-multi-image_gallery":[],"jnews_single_post":[],"jnews_primary_category":[],"jnews_social_meta":[],"jnews_review":[],"enable_review":"","type":"","name":"","summary":"","brand":"","sku":"","good":[],"bad":[],"score_override":"","override_value":"","rating":[],"price":[],"footnotes":""},"categories":[44],"tags":[],"class_list":["post-25695","post","type-post","status-publish","format-standard","has-post-thumbnail","hentry","category-policia"],"yoast_head":"<!-- This site is optimized with the Yoast SEO plugin v26.5 - https:\/\/yoast.com\/wordpress\/plugins\/seo\/ -->\n<title>Pol\u00edcia prende acusados de morte de menor em Sena Madureira - Agazeta.net<\/title>\n<meta name=\"robots\" content=\"index, follow, max-snippet:-1, max-image-preview:large, max-video-preview:-1\" \/>\n<link rel=\"canonical\" href=\"https:\/\/nk7-testes.com.br\/agazeta\/policia-prende-acusados-de-morte-de-adolescente-em-sena\/\" \/>\n<meta property=\"og:locale\" content=\"pt_BR\" \/>\n<meta property=\"og:type\" content=\"article\" \/>\n<meta property=\"og:title\" content=\"Pol\u00edcia prende acusados de morte de menor em Sena Madureira - Agazeta.net\" \/>\n<meta property=\"og:description\" content=\"8 pessoas foram presas e mandante est\u00e1 foragido\" \/>\n<meta property=\"og:url\" content=\"https:\/\/nk7-testes.com.br\/agazeta\/policia-prende-acusados-de-morte-de-adolescente-em-sena\/\" \/>\n<meta property=\"og:site_name\" content=\"Agazeta.net\" \/>\n<meta property=\"article:published_time\" content=\"2016-10-06T19:26:53+00:00\" \/>\n<meta property=\"og:image\" content=\"https:\/\/nk7-testes.com.br\/agazeta\/wp-content\/uploads\/2016\/10\/061016-policia-presos-morteadolescente.jpg\" \/>\n\t<meta property=\"og:image:width\" content=\"458\" \/>\n\t<meta property=\"og:image:height\" content=\"340\" \/>\n\t<meta property=\"og:image:type\" content=\"image\/jpeg\" \/>\n<meta name=\"author\" content=\"Agazeta.Net\" \/>\n<meta name=\"twitter:card\" content=\"summary_large_image\" \/>\n<meta name=\"twitter:label1\" content=\"Escrito por\" \/>\n\t<meta name=\"twitter:data1\" content=\"Agazeta.Net\" \/>\n\t<meta name=\"twitter:label2\" content=\"Est. tempo de leitura\" \/>\n\t<meta name=\"twitter:data2\" content=\"1 minuto\" \/>\n<script type=\"application\/ld+json\" class=\"yoast-schema-graph\">{\"@context\":\"https:\/\/schema.org\",\"@graph\":[{\"@type\":\"WebPage\",\"@id\":\"https:\/\/nk7-testes.com.br\/agazeta\/policia-prende-acusados-de-morte-de-adolescente-em-sena\/\",\"url\":\"https:\/\/nk7-testes.com.br\/agazeta\/policia-prende-acusados-de-morte-de-adolescente-em-sena\/\",\"name\":\"Pol\u00edcia prende acusados de morte de menor em Sena Madureira - Agazeta.net\",\"isPartOf\":{\"@id\":\"https:\/\/nk7-testes.com.br\/agazeta\/#website\"},\"primaryImageOfPage\":{\"@id\":\"https:\/\/nk7-testes.com.br\/agazeta\/policia-prende-acusados-de-morte-de-adolescente-em-sena\/#primaryimage\"},\"image\":{\"@id\":\"https:\/\/nk7-testes.com.br\/agazeta\/policia-prende-acusados-de-morte-de-adolescente-em-sena\/#primaryimage\"},\"thumbnailUrl\":\"https:\/\/nk7-testes.com.br\/agazeta\/wp-content\/uploads\/2016\/10\/061016-policia-presos-morteadolescente.jpg\",\"datePublished\":\"2016-10-06T19:26:53+00:00\",\"author\":{\"@id\":\"https:\/\/nk7-testes.com.br\/agazeta\/#\/schema\/person\/6d6e25cb0435eb4a02fd44d30b4e3020\"},\"breadcrumb\":{\"@id\":\"https:\/\/nk7-testes.com.br\/agazeta\/policia-prende-acusados-de-morte-de-adolescente-em-sena\/#breadcrumb\"},\"inLanguage\":\"pt-BR\",\"potentialAction\":[{\"@type\":\"ReadAction\",\"target\":[\"https:\/\/nk7-testes.com.br\/agazeta\/policia-prende-acusados-de-morte-de-adolescente-em-sena\/\"]}]},{\"@type\":\"ImageObject\",\"inLanguage\":\"pt-BR\",\"@id\":\"https:\/\/nk7-testes.com.br\/agazeta\/policia-prende-acusados-de-morte-de-adolescente-em-sena\/#primaryimage\",\"url\":\"https:\/\/nk7-testes.com.br\/agazeta\/wp-content\/uploads\/2016\/10\/061016-policia-presos-morteadolescente.jpg\",\"contentUrl\":\"https:\/\/nk7-testes.com.br\/agazeta\/wp-content\/uploads\/2016\/10\/061016-policia-presos-morteadolescente.jpg\",\"width\":458,\"height\":340,\"caption\":\"061016-policia-presos-morteadolescente\"},{\"@type\":\"BreadcrumbList\",\"@id\":\"https:\/\/nk7-testes.com.br\/agazeta\/policia-prende-acusados-de-morte-de-adolescente-em-sena\/#breadcrumb\",\"itemListElement\":[{\"@type\":\"ListItem\",\"position\":1,\"name\":\"In\u00edcio\",\"item\":\"https:\/\/nk7-testes.com.br\/agazeta\/\"},{\"@type\":\"ListItem\",\"position\":2,\"name\":\"Pol\u00edcia prende acusados de morte de menor em Sena Madureira\"}]},{\"@type\":\"WebSite\",\"@id\":\"https:\/\/nk7-testes.com.br\/agazeta\/#website\",\"url\":\"https:\/\/nk7-testes.com.br\/agazeta\/\",\"name\":\"Agazeta.net\",\"description\":\"Agazeta.net - Not\u00edcias de Rio Branco\/AC\",\"potentialAction\":[{\"@type\":\"SearchAction\",\"target\":{\"@type\":\"EntryPoint\",\"urlTemplate\":\"https:\/\/nk7-testes.com.br\/agazeta\/?s={search_term_string}\"},\"query-input\":{\"@type\":\"PropertyValueSpecification\",\"valueRequired\":true,\"valueName\":\"search_term_string\"}}],\"inLanguage\":\"pt-BR\"},{\"@type\":\"Person\",\"@id\":\"https:\/\/nk7-testes.com.br\/agazeta\/#\/schema\/person\/6d6e25cb0435eb4a02fd44d30b4e3020\",\"name\":\"Agazeta.Net\",\"url\":\"https:\/\/nk7-testes.com.br\/agazeta\/author\/agazeta\/\"}]}<\/script>\n<!-- \/ Yoast SEO plugin. -->","yoast_head_json":{"title":"Pol\u00edcia prende acusados de morte de menor em Sena Madureira - Agazeta.net","robots":{"index":"index","follow":"follow","max-snippet":"max-snippet:-1","max-image-preview":"max-image-preview:large","max-video-preview":"max-video-preview:-1"},"canonical":"https:\/\/nk7-testes.com.br\/agazeta\/policia-prende-acusados-de-morte-de-adolescente-em-sena\/","og_locale":"pt_BR","og_type":"article","og_title":"Pol\u00edcia prende acusados de morte de menor em Sena Madureira - Agazeta.net","og_description":"8 pessoas foram presas e mandante est\u00e1 foragido","og_url":"https:\/\/nk7-testes.com.br\/agazeta\/policia-prende-acusados-de-morte-de-adolescente-em-sena\/","og_site_name":"Agazeta.net","article_published_time":"2016-10-06T19:26:53+00:00","og_image":[{"width":458,"height":340,"url":"https:\/\/nk7-testes.com.br\/agazeta\/wp-content\/uploads\/2016\/10\/061016-policia-presos-morteadolescente.jpg","type":"image\/jpeg"}],"author":"Agazeta.Net","twitter_card":"summary_large_image","twitter_misc":{"Escrito por":"Agazeta.Net","Est. tempo de leitura":"1 minuto"},"schema":{"@context":"https:\/\/schema.org","@graph":[{"@type":"WebPage","@id":"https:\/\/nk7-testes.com.br\/agazeta\/policia-prende-acusados-de-morte-de-adolescente-em-sena\/","url":"https:\/\/nk7-testes.com.br\/agazeta\/policia-prende-acusados-de-morte-de-adolescente-em-sena\/","name":"Pol\u00edcia prende acusados de morte de menor em Sena Madureira - Agazeta.net","isPartOf":{"@id":"https:\/\/nk7-testes.com.br\/agazeta\/#website"},"primaryImageOfPage":{"@id":"https:\/\/nk7-testes.com.br\/agazeta\/policia-prende-acusados-de-morte-de-adolescente-em-sena\/#primaryimage"},"image":{"@id":"https:\/\/nk7-testes.com.br\/agazeta\/policia-prende-acusados-de-morte-de-adolescente-em-sena\/#primaryimage"},"thumbnailUrl":"https:\/\/nk7-testes.com.br\/agazeta\/wp-content\/uploads\/2016\/10\/061016-policia-presos-morteadolescente.jpg","datePublished":"2016-10-06T19:26:53+00:00","author":{"@id":"https:\/\/nk7-testes.com.br\/agazeta\/#\/schema\/person\/6d6e25cb0435eb4a02fd44d30b4e3020"},"breadcrumb":{"@id":"https:\/\/nk7-testes.com.br\/agazeta\/policia-prende-acusados-de-morte-de-adolescente-em-sena\/#breadcrumb"},"inLanguage":"pt-BR","potentialAction":[{"@type":"ReadAction","target":["https:\/\/nk7-testes.com.br\/agazeta\/policia-prende-acusados-de-morte-de-adolescente-em-sena\/"]}]},{"@type":"ImageObject","inLanguage":"pt-BR","@id":"https:\/\/nk7-testes.com.br\/agazeta\/policia-prende-acusados-de-morte-de-adolescente-em-sena\/#primaryimage","url":"https:\/\/nk7-testes.com.br\/agazeta\/wp-content\/uploads\/2016\/10\/061016-policia-presos-morteadolescente.jpg","contentUrl":"https:\/\/nk7-testes.com.br\/agazeta\/wp-content\/uploads\/2016\/10\/061016-policia-presos-morteadolescente.jpg","width":458,"height":340,"caption":"061016-policia-presos-morteadolescente"},{"@type":"BreadcrumbList","@id":"https:\/\/nk7-testes.com.br\/agazeta\/policia-prende-acusados-de-morte-de-adolescente-em-sena\/#breadcrumb","itemListElement":[{"@type":"ListItem","position":1,"name":"In\u00edcio","item":"https:\/\/nk7-testes.com.br\/agazeta\/"},{"@type":"ListItem","position":2,"name":"Pol\u00edcia prende acusados de morte de menor em Sena Madureira"}]},{"@type":"WebSite","@id":"https:\/\/nk7-testes.com.br\/agazeta\/#website","url":"https:\/\/nk7-testes.com.br\/agazeta\/","name":"Agazeta.net","description":"Agazeta.net - Not\u00edcias de Rio Branco\/AC","potentialAction":[{"@type":"SearchAction","target":{"@type":"EntryPoint","urlTemplate":"https:\/\/nk7-testes.com.br\/agazeta\/?s={search_term_string}"},"query-input":{"@type":"PropertyValueSpecification","valueRequired":true,"valueName":"search_term_string"}}],"inLanguage":"pt-BR"},{"@type":"Person","@id":"https:\/\/nk7-testes.com.br\/agazeta\/#\/schema\/person\/6d6e25cb0435eb4a02fd44d30b4e3020","name":"Agazeta.Net","url":"https:\/\/nk7-testes.com.br\/agazeta\/author\/agazeta\/"}]}},"_links":{"self":[{"href":"https:\/\/nk7-testes.com.br\/agazeta\/wp-json\/wp\/v2\/posts\/25695","targetHints":{"allow":["GET"]}}],"collection":[{"href":"https:\/\/nk7-testes.com.br\/agazeta\/wp-json\/wp\/v2\/posts"}],"about":[{"href":"https:\/\/nk7-testes.com.br\/agazeta\/wp-json\/wp\/v2\/types\/post"}],"author":[{"embeddable":true,"href":"https:\/\/nk7-testes.com.br\/agazeta\/wp-json\/wp\/v2\/users\/4"}],"replies":[{"embeddable":true,"href":"https:\/\/nk7-testes.com.br\/agazeta\/wp-json\/wp\/v2\/comments?post=25695"}],"version-history":[{"count":0,"href":"https:\/\/nk7-testes.com.br\/agazeta\/wp-json\/wp\/v2\/posts\/25695\/revisions"}],"wp:featuredmedia":[{"embeddable":true,"href":"https:\/\/nk7-testes.com.br\/agazeta\/wp-json\/wp\/v2\/media\/25694"}],"wp:attachment":[{"href":"https:\/\/nk7-testes.com.br\/agazeta\/wp-json\/wp\/v2\/media?parent=25695"}],"wp:term":[{"taxonomy":"category","embeddable":true,"href":"https:\/\/nk7-testes.com.br\/agazeta\/wp-json\/wp\/v2\/categories?post=25695"},{"taxonomy":"post_tag","embeddable":true,"href":"https:\/\/nk7-testes.com.br\/agazeta\/wp-json\/wp\/v2\/tags?post=25695"}],"curies":[{"name":"wp","href":"https:\/\/api.w.org\/{rel}","templated":true}]}}