{"id":25693,"date":"2016-10-06T18:57:47","date_gmt":"2016-10-06T18:57:47","guid":{"rendered":"https:\/\/abarevegan.com.br\/index.php\/2016\/10\/06\/apos-um-ano-cena-se-repete-com-novos-ataques-na-capital\/"},"modified":"2016-10-06T18:57:47","modified_gmt":"2016-10-06T18:57:47","slug":"apos-um-ano-cena-se-repete-com-novos-ataques-na-capital","status":"publish","type":"post","link":"https:\/\/nk7-testes.com.br\/agazeta\/apos-um-ano-cena-se-repete-com-novos-ataques-na-capital\/","title":{"rendered":"5 de outubro: um ano do crime que motivou atentados no Acre"},"content":{"rendered":"<p style=\"text-align: justify;\">Morte de criminosos ligados a fac\u00e7\u00f5es gerou ataques<\/p>\n<p style=\"text-align: justify;\">H\u00e1 um ano iniciou na capital uma s\u00e9rie de ataques, desencadeados por fac\u00e7\u00f5es criminosas. Tiros e inc\u00eandios em pr\u00e9dios p\u00fablicos, casas e carros, foram registrados em v\u00e1rias partes da cidade e no interior do estado. O problema foi contornado ap\u00f3s alguns dias, mas voltou a ocorrer, em menor propor\u00e7\u00e3o em agosto deste ano. A ordem para os ataques partiu dos pres\u00eddios do estado. A Secretaria de Seguran\u00e7a P\u00fablica relembra os casos e fala sobre a necessidade de implantar bloqueadores de celulares nas unidades penitenci\u00e1rias.<\/p>\n<p style=\"text-align: justify;\">Os ataques iniciaram na madrugada do dia 6 de outubro de 2015. A ousadia foi tanta que at\u00e9 o quartel da Pol\u00edcia Militar foi alvo de disparos de arma de fogo. A porta de vidro de uma das delegacias da capital ficou destru\u00edda. Foram ouvidos pelo menos quatro tiros contra o pr\u00e9dio.<\/p>\n<p style=\"text-align: justify;\">No intervalo de dois dias, pelo menos 15 ve\u00edculos foram incendiados na capital e no interior do estado. Com medo de novos ataques motoristas e cobradores pararam e alguns s\u00f3 sa\u00edam do Terminal Urbano, escoltados pela pol\u00edcia.<\/p>\n<p style=\"text-align: justify;\">O outubro do terror tamb\u00e9m foi marcado por inc\u00eandios criminosos em casas e pr\u00e9dios p\u00fablicos. Agentes penitenci\u00e1rios ficaram na mira dos ataques.<\/p>\n<p style=\"text-align: justify;\">O in\u00edcio<\/p>\n<p style=\"text-align: justify;\">Tudo come\u00e7ou com a morte de dois criminosos, que faziam parte de fac\u00e7\u00f5es e as ordens dos ataques partiram dos l\u00edderes que estavam recolhidos nos pres\u00eddios do estado.<\/p>\n<p style=\"text-align: justify;\">Por volta das 16 horas da tarde do dia 5 de outubro do ano passado, dois assaltantes invadiram uma cl\u00ednica na Avenida Get\u00falio Vargas e renderam pacientes e funcion\u00e1rios. Enquanto um deles exigia o dinheiro do caixa, o outro recolhia pertences dos clientes que aguardavam atendimento.<\/p>\n<p style=\"text-align: justify;\">Segundo testemunhas, o clima era de terror, os bandidos faziam amea\u00e7as e chegaram a apontar arma na cabe\u00e7a de pacientes. Ap\u00f3s fazer o arrast\u00e3o, a dupla saiu, mas entre os clientes estava um policial militar a paisana. Ele reagiu e houve troca de tiros do lado de fora da cl\u00ednica. Os disparos do policial foram certeiros e a dupla foi ferida.<\/p>\n<p style=\"text-align: justify;\">Pessoas que passavam pelo local fizeram v\u00eddeos dos assaltantes agonizando. Um morreu antes mesmo de receber atendimento m\u00e9dico e o outro foi para o Pronto-socorro, mas n\u00e3o sobreviveu. Mais tarde, dois suspeitos de dar cobertura no assalto foram presos.<\/p>\n<p style=\"text-align: justify;\">Na ficha policial dos criminosos que foram baleados, havia v\u00e1rias passagens por roubo \u00e0 m\u00e3o armada.<\/p>\n<p style=\"text-align: justify;\">Resultado<\/p>\n<p style=\"text-align: justify;\">Um verdadeiro cen\u00e1rio de guerra foi montado pelas for\u00e7as de seguran\u00e7a para conter a onda de ataques. Pol\u00edcias Militar, Civil e Federal, al\u00e9m do Ex\u00e9rcito e For\u00e7a Nacional trabalharam nas ruas com objetivo de prender envolvidos. Entre as medidas, foram transferidos para outros estados, presos perigosos e\/ou l\u00edderes das fac\u00e7\u00f5es.<\/p>\n<p style=\"text-align: justify;\">\u201cO desafio era a partir do olhar da intelig\u00eancia e da investiga\u00e7\u00e3o sufocar as pessoas que estavam recebendo comandos aqui fora, do meio interno para o externo, coloc\u00e1-las atr\u00e1s das grades. Foram mais de 50 presas no meio externo e 25 pessoas na \u00e9poca, foram encaminhadas pra fora do estado\u201d, relembra o secret\u00e1rio de Seguran\u00e7a P\u00fablica, Emylson Farias.<\/p>\n<p style=\"text-align: justify;\">Para romper, mesmo que temporariamente a comunica\u00e7\u00e3o de presos, uma varredura foi promovida nas celas dos pres\u00eddios de onde foram retirados celulares e chips telef\u00f4nicos, al\u00e9m de drogas e outros materiais perfurantes.<\/p>\n<p style=\"text-align: justify;\">Tudo de novo<\/p>\n<p style=\"text-align: justify;\">Dez meses depois, novos ataques foram registrados na capital. O hist\u00f3rico foi semelhante: um assaltante, membro de fac\u00e7\u00e3o, morto pela pol\u00edcia.<\/p>\n<p style=\"text-align: justify;\">Os criminosos atearam fogo no arquivo do patrim\u00f4nio hist\u00f3rico da Funda\u00e7\u00e3o Garibaldi Brasil, localizado no parque Capit\u00e3o Cir\u00edaco. No primeiro dia foram contabilizados 11 ataques. Coquet\u00e9is molotov foram jogados no p\u00e1tio da delegacia da 5\u00aa regional, onde ve\u00edculos apreendidos foram consumidos pelo fogo.<\/p>\n<p style=\"text-align: justify;\">Outros pr\u00e9dios da Pol\u00edcia Civil tamb\u00e9m foram atingidos. Tiros e inc\u00eandios atingiram a casas de policiais e agentes penitenci\u00e1rios.<\/p>\n<p style=\"text-align: justify;\">Mais uma vez a seguran\u00e7a p\u00fablica teve que reagir. \u201cAs medidas necess\u00e1rias para que o estado se [precaveja] de situa\u00e7\u00f5es como essa sejam tomadas. A exemplo da extra\u00e7\u00e3o foi uma medida acertada, mas tamb\u00e9m o fortalecimento da seguran\u00e7a no pres\u00eddio com medidas como o RDD, o Regime Disciplinar Diferenciado, onde presos isolados, de maior periculosidade tem algumas regalias retiradas, como visita \u00edntima, banho de sol de apenas 1 hora, televis\u00e3o dentro da cela\u201d, explicou.<\/p>\n<p style=\"text-align: justify;\">Segundo o secret\u00e1rio, n\u00e3o h\u00e1 como garantir a sociedade que ataques criminosos n\u00e3o voltem a acontecer, contudo ele explica que o canal de comunica\u00e7\u00e3o entre o interior do pres\u00eddio e o mundo externo deve cessar. Mas antes de implantar bloqueadores de celular ser\u00e1 preciso ter o controle total do pres\u00eddio. Ele exemplifica citando a contrata\u00e7\u00e3o recente de 200 novos agentes penitenci\u00e1rios, e que entre eles est\u00e3o policiais da reserva.<\/p>\n<p style=\"text-align: justify;\">\u201cEssas pessoas que entram pra dentro do pres\u00eddio, passam a ter um controle maior da seguran\u00e7a. A medida que passemos a anunciar outras medidas que possam ter efeito mais incisivo dentro do pres\u00eddio, precisamos estar com a seguran\u00e7a l\u00e1 dentro segura e tranquila para que n\u00e3o tenhamos nenhum incidente quando anunciarmos medida mais severa pra que cessemos de uma vez a comunica\u00e7\u00e3o do meio interno com o externo\u201d, concluiu.<\/p>\n","protected":false},"excerpt":{"rendered":"<p style=\"text-align: justify;\">Morte de criminosos ligados a fac\u00e7\u00f5es gerou ataques<\/p>\n","protected":false},"author":4,"featured_media":25692,"comment_status":"open","ping_status":"open","sticky":false,"template":"","format":"standard","meta":{"jnews-multi-image_gallery":[],"jnews_single_post":[],"jnews_primary_category":[],"jnews_social_meta":[],"jnews_review":[],"enable_review":"","type":"","name":"","summary":"","brand":"","sku":"","good":[],"bad":[],"score_override":"","override_value":"","rating":[],"price":[],"footnotes":""},"categories":[44],"tags":[],"class_list":["post-25693","post","type-post","status-publish","format-standard","has-post-thumbnail","hentry","category-policia"],"yoast_head":"<!-- This site is optimized with the Yoast SEO plugin v26.5 - https:\/\/yoast.com\/wordpress\/plugins\/seo\/ -->\n<title>5 de outubro: um ano do crime que motivou atentados no Acre - Agazeta.net<\/title>\n<meta name=\"robots\" content=\"index, follow, max-snippet:-1, max-image-preview:large, max-video-preview:-1\" \/>\n<link rel=\"canonical\" href=\"https:\/\/nk7-testes.com.br\/agazeta\/apos-um-ano-cena-se-repete-com-novos-ataques-na-capital\/\" \/>\n<meta property=\"og:locale\" content=\"pt_BR\" \/>\n<meta property=\"og:type\" content=\"article\" \/>\n<meta property=\"og:title\" content=\"5 de outubro: um ano do crime que motivou atentados no Acre - Agazeta.net\" \/>\n<meta property=\"og:description\" content=\"Morte de criminosos ligados a fac\u00e7\u00f5es gerou ataques\" \/>\n<meta property=\"og:url\" content=\"https:\/\/nk7-testes.com.br\/agazeta\/apos-um-ano-cena-se-repete-com-novos-ataques-na-capital\/\" \/>\n<meta property=\"og:site_name\" content=\"Agazeta.net\" \/>\n<meta property=\"article:published_time\" content=\"2016-10-06T18:57:47+00:00\" \/>\n<meta property=\"og:image\" content=\"https:\/\/nk7-testes.com.br\/agazeta\/wp-content\/uploads\/2016\/10\/051015-policia-assaltoclinicasantalucia-cleriston_410_305.jpg\" \/>\n\t<meta property=\"og:image:width\" content=\"410\" \/>\n\t<meta property=\"og:image:height\" content=\"305\" \/>\n\t<meta property=\"og:image:type\" content=\"image\/jpeg\" \/>\n<meta name=\"author\" content=\"Agazeta.Net\" \/>\n<meta name=\"twitter:card\" content=\"summary_large_image\" \/>\n<meta name=\"twitter:label1\" content=\"Escrito por\" \/>\n\t<meta name=\"twitter:data1\" content=\"Agazeta.Net\" \/>\n\t<meta name=\"twitter:label2\" content=\"Est. tempo de leitura\" \/>\n\t<meta name=\"twitter:data2\" content=\"5 minutos\" \/>\n<script type=\"application\/ld+json\" class=\"yoast-schema-graph\">{\"@context\":\"https:\/\/schema.org\",\"@graph\":[{\"@type\":\"WebPage\",\"@id\":\"https:\/\/nk7-testes.com.br\/agazeta\/apos-um-ano-cena-se-repete-com-novos-ataques-na-capital\/\",\"url\":\"https:\/\/nk7-testes.com.br\/agazeta\/apos-um-ano-cena-se-repete-com-novos-ataques-na-capital\/\",\"name\":\"5 de outubro: um ano do crime que motivou atentados no Acre - Agazeta.net\",\"isPartOf\":{\"@id\":\"https:\/\/nk7-testes.com.br\/agazeta\/#website\"},\"primaryImageOfPage\":{\"@id\":\"https:\/\/nk7-testes.com.br\/agazeta\/apos-um-ano-cena-se-repete-com-novos-ataques-na-capital\/#primaryimage\"},\"image\":{\"@id\":\"https:\/\/nk7-testes.com.br\/agazeta\/apos-um-ano-cena-se-repete-com-novos-ataques-na-capital\/#primaryimage\"},\"thumbnailUrl\":\"https:\/\/nk7-testes.com.br\/agazeta\/wp-content\/uploads\/2016\/10\/051015-policia-assaltoclinicasantalucia-cleriston_410_305.jpg\",\"datePublished\":\"2016-10-06T18:57:47+00:00\",\"author\":{\"@id\":\"https:\/\/nk7-testes.com.br\/agazeta\/#\/schema\/person\/6d6e25cb0435eb4a02fd44d30b4e3020\"},\"breadcrumb\":{\"@id\":\"https:\/\/nk7-testes.com.br\/agazeta\/apos-um-ano-cena-se-repete-com-novos-ataques-na-capital\/#breadcrumb\"},\"inLanguage\":\"pt-BR\",\"potentialAction\":[{\"@type\":\"ReadAction\",\"target\":[\"https:\/\/nk7-testes.com.br\/agazeta\/apos-um-ano-cena-se-repete-com-novos-ataques-na-capital\/\"]}]},{\"@type\":\"ImageObject\",\"inLanguage\":\"pt-BR\",\"@id\":\"https:\/\/nk7-testes.com.br\/agazeta\/apos-um-ano-cena-se-repete-com-novos-ataques-na-capital\/#primaryimage\",\"url\":\"https:\/\/nk7-testes.com.br\/agazeta\/wp-content\/uploads\/2016\/10\/051015-policia-assaltoclinicasantalucia-cleriston_410_305.jpg\",\"contentUrl\":\"https:\/\/nk7-testes.com.br\/agazeta\/wp-content\/uploads\/2016\/10\/051015-policia-assaltoclinicasantalucia-cleriston_410_305.jpg\",\"width\":410,\"height\":305,\"caption\":\"051015-policia-assaltoclinicasantalucia-cleriston 410 305\"},{\"@type\":\"BreadcrumbList\",\"@id\":\"https:\/\/nk7-testes.com.br\/agazeta\/apos-um-ano-cena-se-repete-com-novos-ataques-na-capital\/#breadcrumb\",\"itemListElement\":[{\"@type\":\"ListItem\",\"position\":1,\"name\":\"In\u00edcio\",\"item\":\"https:\/\/nk7-testes.com.br\/agazeta\/\"},{\"@type\":\"ListItem\",\"position\":2,\"name\":\"5 de outubro: um ano do crime que motivou atentados no Acre\"}]},{\"@type\":\"WebSite\",\"@id\":\"https:\/\/nk7-testes.com.br\/agazeta\/#website\",\"url\":\"https:\/\/nk7-testes.com.br\/agazeta\/\",\"name\":\"Agazeta.net\",\"description\":\"Agazeta.net - Not\u00edcias de Rio Branco\/AC\",\"potentialAction\":[{\"@type\":\"SearchAction\",\"target\":{\"@type\":\"EntryPoint\",\"urlTemplate\":\"https:\/\/nk7-testes.com.br\/agazeta\/?s={search_term_string}\"},\"query-input\":{\"@type\":\"PropertyValueSpecification\",\"valueRequired\":true,\"valueName\":\"search_term_string\"}}],\"inLanguage\":\"pt-BR\"},{\"@type\":\"Person\",\"@id\":\"https:\/\/nk7-testes.com.br\/agazeta\/#\/schema\/person\/6d6e25cb0435eb4a02fd44d30b4e3020\",\"name\":\"Agazeta.Net\",\"url\":\"https:\/\/nk7-testes.com.br\/agazeta\/author\/agazeta\/\"}]}<\/script>\n<!-- \/ Yoast SEO plugin. -->","yoast_head_json":{"title":"5 de outubro: um ano do crime que motivou atentados no Acre - Agazeta.net","robots":{"index":"index","follow":"follow","max-snippet":"max-snippet:-1","max-image-preview":"max-image-preview:large","max-video-preview":"max-video-preview:-1"},"canonical":"https:\/\/nk7-testes.com.br\/agazeta\/apos-um-ano-cena-se-repete-com-novos-ataques-na-capital\/","og_locale":"pt_BR","og_type":"article","og_title":"5 de outubro: um ano do crime que motivou atentados no Acre - Agazeta.net","og_description":"Morte de criminosos ligados a fac\u00e7\u00f5es gerou ataques","og_url":"https:\/\/nk7-testes.com.br\/agazeta\/apos-um-ano-cena-se-repete-com-novos-ataques-na-capital\/","og_site_name":"Agazeta.net","article_published_time":"2016-10-06T18:57:47+00:00","og_image":[{"width":410,"height":305,"url":"https:\/\/nk7-testes.com.br\/agazeta\/wp-content\/uploads\/2016\/10\/051015-policia-assaltoclinicasantalucia-cleriston_410_305.jpg","type":"image\/jpeg"}],"author":"Agazeta.Net","twitter_card":"summary_large_image","twitter_misc":{"Escrito por":"Agazeta.Net","Est. tempo de leitura":"5 minutos"},"schema":{"@context":"https:\/\/schema.org","@graph":[{"@type":"WebPage","@id":"https:\/\/nk7-testes.com.br\/agazeta\/apos-um-ano-cena-se-repete-com-novos-ataques-na-capital\/","url":"https:\/\/nk7-testes.com.br\/agazeta\/apos-um-ano-cena-se-repete-com-novos-ataques-na-capital\/","name":"5 de outubro: um ano do crime que motivou atentados no Acre - Agazeta.net","isPartOf":{"@id":"https:\/\/nk7-testes.com.br\/agazeta\/#website"},"primaryImageOfPage":{"@id":"https:\/\/nk7-testes.com.br\/agazeta\/apos-um-ano-cena-se-repete-com-novos-ataques-na-capital\/#primaryimage"},"image":{"@id":"https:\/\/nk7-testes.com.br\/agazeta\/apos-um-ano-cena-se-repete-com-novos-ataques-na-capital\/#primaryimage"},"thumbnailUrl":"https:\/\/nk7-testes.com.br\/agazeta\/wp-content\/uploads\/2016\/10\/051015-policia-assaltoclinicasantalucia-cleriston_410_305.jpg","datePublished":"2016-10-06T18:57:47+00:00","author":{"@id":"https:\/\/nk7-testes.com.br\/agazeta\/#\/schema\/person\/6d6e25cb0435eb4a02fd44d30b4e3020"},"breadcrumb":{"@id":"https:\/\/nk7-testes.com.br\/agazeta\/apos-um-ano-cena-se-repete-com-novos-ataques-na-capital\/#breadcrumb"},"inLanguage":"pt-BR","potentialAction":[{"@type":"ReadAction","target":["https:\/\/nk7-testes.com.br\/agazeta\/apos-um-ano-cena-se-repete-com-novos-ataques-na-capital\/"]}]},{"@type":"ImageObject","inLanguage":"pt-BR","@id":"https:\/\/nk7-testes.com.br\/agazeta\/apos-um-ano-cena-se-repete-com-novos-ataques-na-capital\/#primaryimage","url":"https:\/\/nk7-testes.com.br\/agazeta\/wp-content\/uploads\/2016\/10\/051015-policia-assaltoclinicasantalucia-cleriston_410_305.jpg","contentUrl":"https:\/\/nk7-testes.com.br\/agazeta\/wp-content\/uploads\/2016\/10\/051015-policia-assaltoclinicasantalucia-cleriston_410_305.jpg","width":410,"height":305,"caption":"051015-policia-assaltoclinicasantalucia-cleriston 410 305"},{"@type":"BreadcrumbList","@id":"https:\/\/nk7-testes.com.br\/agazeta\/apos-um-ano-cena-se-repete-com-novos-ataques-na-capital\/#breadcrumb","itemListElement":[{"@type":"ListItem","position":1,"name":"In\u00edcio","item":"https:\/\/nk7-testes.com.br\/agazeta\/"},{"@type":"ListItem","position":2,"name":"5 de outubro: um ano do crime que motivou atentados no Acre"}]},{"@type":"WebSite","@id":"https:\/\/nk7-testes.com.br\/agazeta\/#website","url":"https:\/\/nk7-testes.com.br\/agazeta\/","name":"Agazeta.net","description":"Agazeta.net - Not\u00edcias de Rio Branco\/AC","potentialAction":[{"@type":"SearchAction","target":{"@type":"EntryPoint","urlTemplate":"https:\/\/nk7-testes.com.br\/agazeta\/?s={search_term_string}"},"query-input":{"@type":"PropertyValueSpecification","valueRequired":true,"valueName":"search_term_string"}}],"inLanguage":"pt-BR"},{"@type":"Person","@id":"https:\/\/nk7-testes.com.br\/agazeta\/#\/schema\/person\/6d6e25cb0435eb4a02fd44d30b4e3020","name":"Agazeta.Net","url":"https:\/\/nk7-testes.com.br\/agazeta\/author\/agazeta\/"}]}},"_links":{"self":[{"href":"https:\/\/nk7-testes.com.br\/agazeta\/wp-json\/wp\/v2\/posts\/25693","targetHints":{"allow":["GET"]}}],"collection":[{"href":"https:\/\/nk7-testes.com.br\/agazeta\/wp-json\/wp\/v2\/posts"}],"about":[{"href":"https:\/\/nk7-testes.com.br\/agazeta\/wp-json\/wp\/v2\/types\/post"}],"author":[{"embeddable":true,"href":"https:\/\/nk7-testes.com.br\/agazeta\/wp-json\/wp\/v2\/users\/4"}],"replies":[{"embeddable":true,"href":"https:\/\/nk7-testes.com.br\/agazeta\/wp-json\/wp\/v2\/comments?post=25693"}],"version-history":[{"count":0,"href":"https:\/\/nk7-testes.com.br\/agazeta\/wp-json\/wp\/v2\/posts\/25693\/revisions"}],"wp:featuredmedia":[{"embeddable":true,"href":"https:\/\/nk7-testes.com.br\/agazeta\/wp-json\/wp\/v2\/media\/25692"}],"wp:attachment":[{"href":"https:\/\/nk7-testes.com.br\/agazeta\/wp-json\/wp\/v2\/media?parent=25693"}],"wp:term":[{"taxonomy":"category","embeddable":true,"href":"https:\/\/nk7-testes.com.br\/agazeta\/wp-json\/wp\/v2\/categories?post=25693"},{"taxonomy":"post_tag","embeddable":true,"href":"https:\/\/nk7-testes.com.br\/agazeta\/wp-json\/wp\/v2\/tags?post=25693"}],"curies":[{"name":"wp","href":"https:\/\/api.w.org\/{rel}","templated":true}]}}