{"id":25691,"date":"2016-10-06T17:31:35","date_gmt":"2016-10-06T17:31:35","guid":{"rendered":"https:\/\/abarevegan.com.br\/index.php\/2016\/10\/06\/juiza-concede-progressao-de-regime-semiaberto-a-hildebrando\/"},"modified":"2016-10-06T17:31:35","modified_gmt":"2016-10-06T17:31:35","slug":"juiza-concede-progressao-de-regime-semiaberto-a-hildebrando","status":"publish","type":"post","link":"https:\/\/nk7-testes.com.br\/agazeta\/juiza-concede-progressao-de-regime-semiaberto-a-hildebrando\/","title":{"rendered":"Ju\u00edza concede progress\u00e3o de regime semiaberto a Hildebrando"},"content":{"rendered":"<p style=\"text-align: justify;\"><span style=\"font-size: 13.2px;\">Decis\u00e3o eve ser cumprida em no m\u00e1ximo 24 horas<\/span><\/p>\n<p>Na manh\u00e3 desta quinta-feira (6) a ju\u00edza Luana Campos assinou a decis\u00e3o concedendo progress\u00e3o de pena para o regime semiaberto ao ex-coronel da Pol\u00edcia Militar.<\/p>\n<p>A Vara de Execu\u00e7\u00f5es Penais (VEP) da Comarca de Rio Branco concedeu progress\u00e3o para o regime semiaberto ao r\u00e9u Hildebrando Pascoal Nogueira Neto. De car\u00e1ter t\u00e9cnico, a decis\u00e3o \u00e9 assinada pela ju\u00edza de Direito Luana Campos, titular da unidade judici\u00e1ria, e n\u00e3o significa que o reeducando v\u00e1 gozar de liberdade, mas sim mudar de regime prisional, que antes era o fechado.<\/p>\n<p>Na mesma decis\u00e3o, a magistrada concedeu a Hildebrando Pascoal o benef\u00edcio da sa\u00edda tempor\u00e1ria. Nesse caso, esse direito est\u00e1 previsto nos artigos 122 a 125 da Lei n\u00ba 7210\/84, podendo ser deferido quando o condenado estiver cumprindo pena em regime semiaberto, para fins de visita \u00e0 fam\u00edlia, desde que tenha comportamento adequado, cumprido o m\u00ednimo de um sexto da pena, se for prim\u00e1rio, e um quarto se reincidente, e o benef\u00edcio seja compat\u00edvel com os objetivos da pena.<\/p>\n<p>\u201cO sentenciado progrediu de regime nesta data. O comportamento foi analisado e j\u00e1 atingiu o requisito objetivo. H\u00e1 compatibilidade do benef\u00edcio com a finalidade da pena, pois a assist\u00eancia familiar, o conv\u00edvio com a fam\u00edlia \u00e9 de substancial import\u00e2ncia para o reeducando reintegrar-se no meio social\u201d, assinala a decis\u00e3o.<\/p>\n<p>A concess\u00e3o da sa\u00edda tempor\u00e1ria ser\u00e1 pelo prazo de sete dias, devendo o apenado, durante o referido per\u00edodo, obedecer \u00e0s seguintes determina\u00e7\u00f5es:<\/p>\n<p>1) permanecer em seu domic\u00edlio das 19h \u00e0s 6h, dele n\u00e3o podendo sair sob hip\u00f3tese nenhuma;<\/p>\n<p>2) n\u00e3o frequentar bares, boates, botequins, festas ou estabelecimento de reputa\u00e7\u00e3o duvidosa;<\/p>\n<p>3) n\u00e3o ingerir bebida alco\u00f3lica ou fazer uso de subst\u00e2ncia entorpecente ou que cause depend\u00eancia f\u00edsica ou ps\u00edquica;<\/p>\n<p>4) n\u00e3o portar armas;<\/p>\n<p>5) n\u00e3o se meter em brigas e tumultos, bem como n\u00e3o provoc\u00e1-los;<\/p>\n<p>6) n\u00e3o cometer crimes;<\/p>\n<p>7) receber os agentes da fiscaliza\u00e7\u00e3o.<\/p>\n<p>Luana Campos pondera que o Ju\u00edzo \u00e9 conhecedor de que o apenado encontra-se internado, de modo que \u201ca sa\u00edda poder\u00e1 ser usufru\u00edda no pr\u00f3prio hospital onde o reeducando ficar\u00e1, sem escolta penitenci\u00e1ria\u201d.<\/p>\n<p>Dentro do per\u00edodo de usufruto da sa\u00edda tempor\u00e1ria, dever\u00e1 a defesa informar \u00e0 VEP, atrav\u00e9s de laudo m\u00e9dico, se h\u00e1 necessidade de perman\u00eancia do apenado no hospital em que se encontra, para fins de an\u00e1lise de sua transfer\u00eancia para uma das unidades de regime semiaberto.<\/p>\n<p>A unidade prisional j\u00e1 foi cientificada que dever\u00e1 dar cumprimento \u00e0 decis\u00e3o no prazo m\u00e1ximo de 24 horas.<\/p>\n","protected":false},"excerpt":{"rendered":"<p style=\"text-align: justify;\"><span style=\"font-size: 13.2px;\">Decis\u00e3o eve ser cumprida em no m\u00e1ximo 24 horas<\/span><\/p>\n","protected":false},"author":4,"featured_media":19935,"comment_status":"open","ping_status":"open","sticky":false,"template":"","format":"standard","meta":{"jnews-multi-image_gallery":[],"jnews_single_post":[],"jnews_primary_category":[],"jnews_social_meta":[],"jnews_review":[],"enable_review":"","type":"","name":"","summary":"","brand":"","sku":"","good":[],"bad":[],"score_override":"","override_value":"","rating":[],"price":[],"footnotes":""},"categories":[44],"tags":[],"class_list":["post-25691","post","type-post","status-publish","format-standard","has-post-thumbnail","hentry","category-policia"],"yoast_head":"<!-- This site is optimized with the Yoast SEO plugin v26.5 - https:\/\/yoast.com\/wordpress\/plugins\/seo\/ -->\n<title>Ju\u00edza concede progress\u00e3o de regime semiaberto a Hildebrando - Agazeta.net<\/title>\n<meta name=\"robots\" content=\"index, follow, max-snippet:-1, max-image-preview:large, max-video-preview:-1\" \/>\n<link rel=\"canonical\" href=\"https:\/\/nk7-testes.com.br\/agazeta\/juiza-concede-progressao-de-regime-semiaberto-a-hildebrando\/\" \/>\n<meta property=\"og:locale\" content=\"pt_BR\" \/>\n<meta property=\"og:type\" content=\"article\" \/>\n<meta property=\"og:title\" content=\"Ju\u00edza concede progress\u00e3o de regime semiaberto a Hildebrando - Agazeta.net\" \/>\n<meta property=\"og:description\" content=\"Decis\u00e3o eve ser cumprida em no m\u00e1ximo 24 horas\" \/>\n<meta property=\"og:url\" content=\"https:\/\/nk7-testes.com.br\/agazeta\/juiza-concede-progressao-de-regime-semiaberto-a-hildebrando\/\" \/>\n<meta property=\"og:site_name\" content=\"Agazeta.net\" \/>\n<meta property=\"article:published_time\" content=\"2016-10-06T17:31:35+00:00\" \/>\n<meta property=\"og:image\" content=\"https:\/\/nk7-testes.com.br\/agazeta\/wp-content\/uploads\/2015\/12\/090915-policia-hildebrandopascoal-tvgazeta_410_305.jpg\" \/>\n\t<meta property=\"og:image:width\" content=\"410\" \/>\n\t<meta property=\"og:image:height\" content=\"305\" \/>\n\t<meta property=\"og:image:type\" content=\"image\/jpeg\" \/>\n<meta name=\"author\" content=\"Agazeta.Net\" \/>\n<meta name=\"twitter:card\" content=\"summary_large_image\" \/>\n<meta name=\"twitter:label1\" content=\"Escrito por\" \/>\n\t<meta name=\"twitter:data1\" content=\"Agazeta.Net\" \/>\n\t<meta name=\"twitter:label2\" content=\"Est. tempo de leitura\" \/>\n\t<meta name=\"twitter:data2\" content=\"2 minutos\" \/>\n<script type=\"application\/ld+json\" class=\"yoast-schema-graph\">{\"@context\":\"https:\/\/schema.org\",\"@graph\":[{\"@type\":\"WebPage\",\"@id\":\"https:\/\/nk7-testes.com.br\/agazeta\/juiza-concede-progressao-de-regime-semiaberto-a-hildebrando\/\",\"url\":\"https:\/\/nk7-testes.com.br\/agazeta\/juiza-concede-progressao-de-regime-semiaberto-a-hildebrando\/\",\"name\":\"Ju\u00edza concede progress\u00e3o de regime semiaberto a Hildebrando - Agazeta.net\",\"isPartOf\":{\"@id\":\"https:\/\/nk7-testes.com.br\/agazeta\/#website\"},\"primaryImageOfPage\":{\"@id\":\"https:\/\/nk7-testes.com.br\/agazeta\/juiza-concede-progressao-de-regime-semiaberto-a-hildebrando\/#primaryimage\"},\"image\":{\"@id\":\"https:\/\/nk7-testes.com.br\/agazeta\/juiza-concede-progressao-de-regime-semiaberto-a-hildebrando\/#primaryimage\"},\"thumbnailUrl\":\"https:\/\/nk7-testes.com.br\/agazeta\/wp-content\/uploads\/2015\/12\/090915-policia-hildebrandopascoal-tvgazeta_410_305.jpg\",\"datePublished\":\"2016-10-06T17:31:35+00:00\",\"author\":{\"@id\":\"https:\/\/nk7-testes.com.br\/agazeta\/#\/schema\/person\/6d6e25cb0435eb4a02fd44d30b4e3020\"},\"breadcrumb\":{\"@id\":\"https:\/\/nk7-testes.com.br\/agazeta\/juiza-concede-progressao-de-regime-semiaberto-a-hildebrando\/#breadcrumb\"},\"inLanguage\":\"pt-BR\",\"potentialAction\":[{\"@type\":\"ReadAction\",\"target\":[\"https:\/\/nk7-testes.com.br\/agazeta\/juiza-concede-progressao-de-regime-semiaberto-a-hildebrando\/\"]}]},{\"@type\":\"ImageObject\",\"inLanguage\":\"pt-BR\",\"@id\":\"https:\/\/nk7-testes.com.br\/agazeta\/juiza-concede-progressao-de-regime-semiaberto-a-hildebrando\/#primaryimage\",\"url\":\"https:\/\/nk7-testes.com.br\/agazeta\/wp-content\/uploads\/2015\/12\/090915-policia-hildebrandopascoal-tvgazeta_410_305.jpg\",\"contentUrl\":\"https:\/\/nk7-testes.com.br\/agazeta\/wp-content\/uploads\/2015\/12\/090915-policia-hildebrandopascoal-tvgazeta_410_305.jpg\",\"width\":410,\"height\":305,\"caption\":\"090915-policia-hildebrandopascoal-tvgazeta 410 305\"},{\"@type\":\"BreadcrumbList\",\"@id\":\"https:\/\/nk7-testes.com.br\/agazeta\/juiza-concede-progressao-de-regime-semiaberto-a-hildebrando\/#breadcrumb\",\"itemListElement\":[{\"@type\":\"ListItem\",\"position\":1,\"name\":\"In\u00edcio\",\"item\":\"https:\/\/nk7-testes.com.br\/agazeta\/\"},{\"@type\":\"ListItem\",\"position\":2,\"name\":\"Ju\u00edza concede progress\u00e3o de regime semiaberto a Hildebrando\"}]},{\"@type\":\"WebSite\",\"@id\":\"https:\/\/nk7-testes.com.br\/agazeta\/#website\",\"url\":\"https:\/\/nk7-testes.com.br\/agazeta\/\",\"name\":\"Agazeta.net\",\"description\":\"Agazeta.net - Not\u00edcias de Rio Branco\/AC\",\"potentialAction\":[{\"@type\":\"SearchAction\",\"target\":{\"@type\":\"EntryPoint\",\"urlTemplate\":\"https:\/\/nk7-testes.com.br\/agazeta\/?s={search_term_string}\"},\"query-input\":{\"@type\":\"PropertyValueSpecification\",\"valueRequired\":true,\"valueName\":\"search_term_string\"}}],\"inLanguage\":\"pt-BR\"},{\"@type\":\"Person\",\"@id\":\"https:\/\/nk7-testes.com.br\/agazeta\/#\/schema\/person\/6d6e25cb0435eb4a02fd44d30b4e3020\",\"name\":\"Agazeta.Net\",\"url\":\"https:\/\/nk7-testes.com.br\/agazeta\/author\/agazeta\/\"}]}<\/script>\n<!-- \/ Yoast SEO plugin. -->","yoast_head_json":{"title":"Ju\u00edza concede progress\u00e3o de regime semiaberto a Hildebrando - Agazeta.net","robots":{"index":"index","follow":"follow","max-snippet":"max-snippet:-1","max-image-preview":"max-image-preview:large","max-video-preview":"max-video-preview:-1"},"canonical":"https:\/\/nk7-testes.com.br\/agazeta\/juiza-concede-progressao-de-regime-semiaberto-a-hildebrando\/","og_locale":"pt_BR","og_type":"article","og_title":"Ju\u00edza concede progress\u00e3o de regime semiaberto a Hildebrando - Agazeta.net","og_description":"Decis\u00e3o eve ser cumprida em no m\u00e1ximo 24 horas","og_url":"https:\/\/nk7-testes.com.br\/agazeta\/juiza-concede-progressao-de-regime-semiaberto-a-hildebrando\/","og_site_name":"Agazeta.net","article_published_time":"2016-10-06T17:31:35+00:00","og_image":[{"width":410,"height":305,"url":"https:\/\/nk7-testes.com.br\/agazeta\/wp-content\/uploads\/2015\/12\/090915-policia-hildebrandopascoal-tvgazeta_410_305.jpg","type":"image\/jpeg"}],"author":"Agazeta.Net","twitter_card":"summary_large_image","twitter_misc":{"Escrito por":"Agazeta.Net","Est. tempo de leitura":"2 minutos"},"schema":{"@context":"https:\/\/schema.org","@graph":[{"@type":"WebPage","@id":"https:\/\/nk7-testes.com.br\/agazeta\/juiza-concede-progressao-de-regime-semiaberto-a-hildebrando\/","url":"https:\/\/nk7-testes.com.br\/agazeta\/juiza-concede-progressao-de-regime-semiaberto-a-hildebrando\/","name":"Ju\u00edza concede progress\u00e3o de regime semiaberto a Hildebrando - Agazeta.net","isPartOf":{"@id":"https:\/\/nk7-testes.com.br\/agazeta\/#website"},"primaryImageOfPage":{"@id":"https:\/\/nk7-testes.com.br\/agazeta\/juiza-concede-progressao-de-regime-semiaberto-a-hildebrando\/#primaryimage"},"image":{"@id":"https:\/\/nk7-testes.com.br\/agazeta\/juiza-concede-progressao-de-regime-semiaberto-a-hildebrando\/#primaryimage"},"thumbnailUrl":"https:\/\/nk7-testes.com.br\/agazeta\/wp-content\/uploads\/2015\/12\/090915-policia-hildebrandopascoal-tvgazeta_410_305.jpg","datePublished":"2016-10-06T17:31:35+00:00","author":{"@id":"https:\/\/nk7-testes.com.br\/agazeta\/#\/schema\/person\/6d6e25cb0435eb4a02fd44d30b4e3020"},"breadcrumb":{"@id":"https:\/\/nk7-testes.com.br\/agazeta\/juiza-concede-progressao-de-regime-semiaberto-a-hildebrando\/#breadcrumb"},"inLanguage":"pt-BR","potentialAction":[{"@type":"ReadAction","target":["https:\/\/nk7-testes.com.br\/agazeta\/juiza-concede-progressao-de-regime-semiaberto-a-hildebrando\/"]}]},{"@type":"ImageObject","inLanguage":"pt-BR","@id":"https:\/\/nk7-testes.com.br\/agazeta\/juiza-concede-progressao-de-regime-semiaberto-a-hildebrando\/#primaryimage","url":"https:\/\/nk7-testes.com.br\/agazeta\/wp-content\/uploads\/2015\/12\/090915-policia-hildebrandopascoal-tvgazeta_410_305.jpg","contentUrl":"https:\/\/nk7-testes.com.br\/agazeta\/wp-content\/uploads\/2015\/12\/090915-policia-hildebrandopascoal-tvgazeta_410_305.jpg","width":410,"height":305,"caption":"090915-policia-hildebrandopascoal-tvgazeta 410 305"},{"@type":"BreadcrumbList","@id":"https:\/\/nk7-testes.com.br\/agazeta\/juiza-concede-progressao-de-regime-semiaberto-a-hildebrando\/#breadcrumb","itemListElement":[{"@type":"ListItem","position":1,"name":"In\u00edcio","item":"https:\/\/nk7-testes.com.br\/agazeta\/"},{"@type":"ListItem","position":2,"name":"Ju\u00edza concede progress\u00e3o de regime semiaberto a Hildebrando"}]},{"@type":"WebSite","@id":"https:\/\/nk7-testes.com.br\/agazeta\/#website","url":"https:\/\/nk7-testes.com.br\/agazeta\/","name":"Agazeta.net","description":"Agazeta.net - Not\u00edcias de Rio Branco\/AC","potentialAction":[{"@type":"SearchAction","target":{"@type":"EntryPoint","urlTemplate":"https:\/\/nk7-testes.com.br\/agazeta\/?s={search_term_string}"},"query-input":{"@type":"PropertyValueSpecification","valueRequired":true,"valueName":"search_term_string"}}],"inLanguage":"pt-BR"},{"@type":"Person","@id":"https:\/\/nk7-testes.com.br\/agazeta\/#\/schema\/person\/6d6e25cb0435eb4a02fd44d30b4e3020","name":"Agazeta.Net","url":"https:\/\/nk7-testes.com.br\/agazeta\/author\/agazeta\/"}]}},"_links":{"self":[{"href":"https:\/\/nk7-testes.com.br\/agazeta\/wp-json\/wp\/v2\/posts\/25691","targetHints":{"allow":["GET"]}}],"collection":[{"href":"https:\/\/nk7-testes.com.br\/agazeta\/wp-json\/wp\/v2\/posts"}],"about":[{"href":"https:\/\/nk7-testes.com.br\/agazeta\/wp-json\/wp\/v2\/types\/post"}],"author":[{"embeddable":true,"href":"https:\/\/nk7-testes.com.br\/agazeta\/wp-json\/wp\/v2\/users\/4"}],"replies":[{"embeddable":true,"href":"https:\/\/nk7-testes.com.br\/agazeta\/wp-json\/wp\/v2\/comments?post=25691"}],"version-history":[{"count":0,"href":"https:\/\/nk7-testes.com.br\/agazeta\/wp-json\/wp\/v2\/posts\/25691\/revisions"}],"wp:featuredmedia":[{"embeddable":true,"href":"https:\/\/nk7-testes.com.br\/agazeta\/wp-json\/wp\/v2\/media\/19935"}],"wp:attachment":[{"href":"https:\/\/nk7-testes.com.br\/agazeta\/wp-json\/wp\/v2\/media?parent=25691"}],"wp:term":[{"taxonomy":"category","embeddable":true,"href":"https:\/\/nk7-testes.com.br\/agazeta\/wp-json\/wp\/v2\/categories?post=25691"},{"taxonomy":"post_tag","embeddable":true,"href":"https:\/\/nk7-testes.com.br\/agazeta\/wp-json\/wp\/v2\/tags?post=25691"}],"curies":[{"name":"wp","href":"https:\/\/api.w.org\/{rel}","templated":true}]}}