{"id":25690,"date":"2016-10-06T16:35:22","date_gmt":"2016-10-06T16:35:22","guid":{"rendered":"https:\/\/abarevegan.com.br\/index.php\/2016\/10\/06\/homem-mata-companheira-a-facadas-em-goiania\/"},"modified":"2016-10-06T16:35:22","modified_gmt":"2016-10-06T16:35:22","slug":"homem-mata-companheira-a-facadas-em-goiania","status":"publish","type":"post","link":"https:\/\/nk7-testes.com.br\/agazeta\/homem-mata-companheira-a-facadas-em-goiania\/","title":{"rendered":"Homem mata companheira a facadas em Goi\u00e2nia"},"content":{"rendered":"<p style=\"text-align: justify;\">Acriana morava com o namorado h\u00e1 duas semanas<\/p>\n<p style=\"text-align: justify;\">A jovem acriana Saionara Santiago Rocha, de 24 anos, foi assassinada na ultima segunda-feira (3) no apartamento do casal no Residencial Moinho dos Ventos, em Goi\u00e2nia-Goi\u00e1s. O principal suspeito \u00e9 o estudante de direito Pedro Frederico Andrade Salgado, 23 anos.<\/p>\n<p style=\"text-align: justify;\">O jovem estudante de direito afirmou durante sua apresenta\u00e7\u00e3o para a imprensa nesta quarta-feira (5), na Delegacia Estadual de Investiga\u00e7\u00e3o de Homic\u00eddios (DIH), que matou a namorada, porque ela teria feito &#8220;chacota&#8221; com ele. \u201cSai para fazer algumas coisas na rua. Quando cheguei, ela me chamou para dormir. Esperei ela tomar um banho, peguei uma faca e a executei com golpes na parte do t\u00f3rax. O principal motivo foi por ela ter feito chacota comigo a respeito de relacionamento. Na hora tamb\u00e9m estava sob efeito de \u00e1lcool. Estou arrependido\u201d, afirmou.<\/p>\n<p style=\"text-align: justify;\">Ap\u00f3s esfaquear a v\u00edtima, Pedro viajou para Brit\u00e2nia, regi\u00e3o noroeste de Goi\u00e1s, e retornou no dia seguinte. Quando entrou no im\u00f3vel, ligou para a pol\u00edcia alegando que algu\u00e9m havia matado sua namorada. No entanto, quando foi interpelado pelos policiais, acabou admitindo ser o autor.<\/p>\n<p style=\"text-align: justify;\">Investiga\u00e7\u00e3o<\/p>\n<p style=\"text-align: justify;\">De acordo com o delegado Matheus Costa Melo, respons\u00e1vel pelo caso, a mulher alegou recentemente ao namorado que estaria gr\u00e1vida. No entanto, exames feitos ap\u00f3s a morte descartaram essa hip\u00f3tese. A investiga\u00e7\u00e3o no local do crime conseguiu desconstruir a primeira vers\u00e3o do suspeito, deque algu\u00e9m teria invadido o apartamento e assassinado a jovem.<\/p>\n<p style=\"text-align: justify;\">\u201cDescobrimos que o carro dele estava na garagem e a chave em seu bolso. Quando verificamos, encontramos a faca com vest\u00edgios de sangue escondida atr\u00e1s do banco. Com o luminol, identificamos sangue no banheiro, nos cal\u00e7ados e no cinto dele. Com todos esses elementos, o entrevistamos e ele confessou\u201d, destaca.<\/p>\n<p style=\"text-align: justify;\">Ainda conforme Melo, o suspeito estava tranquilo e chegou a deitar-se no sof\u00e1 enquanto a per\u00edcia era realizada. Ele alegou que Saionara estava descontente com a vida e pediu que o namorado a matasse. A pol\u00edcia, entretanto, discorda desta vers\u00e3o.<\/p>\n<p style=\"text-align: justify;\">\u201cTodas as evid\u00eancia indicam que ela lutou bravamente pela vida, sobretudo porque o bra\u00e7o, a m\u00e3o e o rosto dela estavam cortados, indicando les\u00f5es de defesa\u201d, explica.<\/p>\n<p style=\"text-align: justify;\">O corpo da v\u00edtima segue no Instituto M\u00e9dico Legal (IML) de Goi\u00e2nia a espera de algum parente para fazer a libera\u00e7\u00e3o.<\/p>\n<p style=\"text-align: justify;\">O estudante j\u00e1 tem passagens por les\u00e3o corporal, embriaguez ao volante e dano ao patrim\u00f4nio. Ele agora ser\u00e1 indiciado por homic\u00eddio. Se condenado, pode pegar at\u00e9 30 anos de pris\u00e3o.<\/p>\n","protected":false},"excerpt":{"rendered":"<p style=\"text-align: justify;\">Acriana morava com o namorado h\u00e1 duas semanas<\/p>\n","protected":false},"author":4,"featured_media":25689,"comment_status":"open","ping_status":"open","sticky":false,"template":"","format":"standard","meta":{"jnews-multi-image_gallery":[],"jnews_single_post":[],"jnews_primary_category":[],"jnews_social_meta":[],"jnews_review":[],"enable_review":"","type":"","name":"","summary":"","brand":"","sku":"","good":[],"bad":[],"score_override":"","override_value":"","rating":[],"price":[],"footnotes":""},"categories":[44],"tags":[],"class_list":["post-25690","post","type-post","status-publish","format-standard","has-post-thumbnail","hentry","category-policia"],"yoast_head":"<!-- This site is optimized with the Yoast SEO plugin v26.5 - https:\/\/yoast.com\/wordpress\/plugins\/seo\/ -->\n<title>Homem mata companheira a facadas em Goi\u00e2nia - Agazeta.net<\/title>\n<meta name=\"robots\" content=\"index, follow, max-snippet:-1, max-image-preview:large, max-video-preview:-1\" \/>\n<link rel=\"canonical\" href=\"https:\/\/nk7-testes.com.br\/agazeta\/homem-mata-companheira-a-facadas-em-goiania\/\" \/>\n<meta property=\"og:locale\" content=\"pt_BR\" \/>\n<meta property=\"og:type\" content=\"article\" \/>\n<meta property=\"og:title\" content=\"Homem mata companheira a facadas em Goi\u00e2nia - Agazeta.net\" \/>\n<meta property=\"og:description\" content=\"Acriana morava com o namorado h\u00e1 duas semanas\" \/>\n<meta property=\"og:url\" content=\"https:\/\/nk7-testes.com.br\/agazeta\/homem-mata-companheira-a-facadas-em-goiania\/\" \/>\n<meta property=\"og:site_name\" content=\"Agazeta.net\" \/>\n<meta property=\"article:published_time\" content=\"2016-10-06T16:35:22+00:00\" \/>\n<meta property=\"og:image\" content=\"https:\/\/nk7-testes.com.br\/agazeta\/wp-content\/uploads\/2016\/10\/062016-policia-jovemmorta-emgoiania.jpg\" \/>\n\t<meta property=\"og:image:width\" content=\"458\" \/>\n\t<meta property=\"og:image:height\" content=\"340\" \/>\n\t<meta property=\"og:image:type\" content=\"image\/jpeg\" \/>\n<meta name=\"author\" content=\"Agazeta.Net\" \/>\n<meta name=\"twitter:card\" content=\"summary_large_image\" \/>\n<meta name=\"twitter:label1\" content=\"Escrito por\" \/>\n\t<meta name=\"twitter:data1\" content=\"Agazeta.Net\" \/>\n\t<meta name=\"twitter:label2\" content=\"Est. tempo de leitura\" \/>\n\t<meta name=\"twitter:data2\" content=\"2 minutos\" \/>\n<script type=\"application\/ld+json\" class=\"yoast-schema-graph\">{\"@context\":\"https:\/\/schema.org\",\"@graph\":[{\"@type\":\"WebPage\",\"@id\":\"https:\/\/nk7-testes.com.br\/agazeta\/homem-mata-companheira-a-facadas-em-goiania\/\",\"url\":\"https:\/\/nk7-testes.com.br\/agazeta\/homem-mata-companheira-a-facadas-em-goiania\/\",\"name\":\"Homem mata companheira a facadas em Goi\u00e2nia - Agazeta.net\",\"isPartOf\":{\"@id\":\"https:\/\/nk7-testes.com.br\/agazeta\/#website\"},\"primaryImageOfPage\":{\"@id\":\"https:\/\/nk7-testes.com.br\/agazeta\/homem-mata-companheira-a-facadas-em-goiania\/#primaryimage\"},\"image\":{\"@id\":\"https:\/\/nk7-testes.com.br\/agazeta\/homem-mata-companheira-a-facadas-em-goiania\/#primaryimage\"},\"thumbnailUrl\":\"https:\/\/nk7-testes.com.br\/agazeta\/wp-content\/uploads\/2016\/10\/062016-policia-jovemmorta-emgoiania.jpg\",\"datePublished\":\"2016-10-06T16:35:22+00:00\",\"author\":{\"@id\":\"https:\/\/nk7-testes.com.br\/agazeta\/#\/schema\/person\/6d6e25cb0435eb4a02fd44d30b4e3020\"},\"breadcrumb\":{\"@id\":\"https:\/\/nk7-testes.com.br\/agazeta\/homem-mata-companheira-a-facadas-em-goiania\/#breadcrumb\"},\"inLanguage\":\"pt-BR\",\"potentialAction\":[{\"@type\":\"ReadAction\",\"target\":[\"https:\/\/nk7-testes.com.br\/agazeta\/homem-mata-companheira-a-facadas-em-goiania\/\"]}]},{\"@type\":\"ImageObject\",\"inLanguage\":\"pt-BR\",\"@id\":\"https:\/\/nk7-testes.com.br\/agazeta\/homem-mata-companheira-a-facadas-em-goiania\/#primaryimage\",\"url\":\"https:\/\/nk7-testes.com.br\/agazeta\/wp-content\/uploads\/2016\/10\/062016-policia-jovemmorta-emgoiania.jpg\",\"contentUrl\":\"https:\/\/nk7-testes.com.br\/agazeta\/wp-content\/uploads\/2016\/10\/062016-policia-jovemmorta-emgoiania.jpg\",\"width\":458,\"height\":340,\"caption\":\"062016-policia-jovemmorta-emgoiania\"},{\"@type\":\"BreadcrumbList\",\"@id\":\"https:\/\/nk7-testes.com.br\/agazeta\/homem-mata-companheira-a-facadas-em-goiania\/#breadcrumb\",\"itemListElement\":[{\"@type\":\"ListItem\",\"position\":1,\"name\":\"In\u00edcio\",\"item\":\"https:\/\/nk7-testes.com.br\/agazeta\/\"},{\"@type\":\"ListItem\",\"position\":2,\"name\":\"Homem mata companheira a facadas em Goi\u00e2nia\"}]},{\"@type\":\"WebSite\",\"@id\":\"https:\/\/nk7-testes.com.br\/agazeta\/#website\",\"url\":\"https:\/\/nk7-testes.com.br\/agazeta\/\",\"name\":\"Agazeta.net\",\"description\":\"Agazeta.net - Not\u00edcias de Rio Branco\/AC\",\"potentialAction\":[{\"@type\":\"SearchAction\",\"target\":{\"@type\":\"EntryPoint\",\"urlTemplate\":\"https:\/\/nk7-testes.com.br\/agazeta\/?s={search_term_string}\"},\"query-input\":{\"@type\":\"PropertyValueSpecification\",\"valueRequired\":true,\"valueName\":\"search_term_string\"}}],\"inLanguage\":\"pt-BR\"},{\"@type\":\"Person\",\"@id\":\"https:\/\/nk7-testes.com.br\/agazeta\/#\/schema\/person\/6d6e25cb0435eb4a02fd44d30b4e3020\",\"name\":\"Agazeta.Net\",\"url\":\"https:\/\/nk7-testes.com.br\/agazeta\/author\/agazeta\/\"}]}<\/script>\n<!-- \/ Yoast SEO plugin. -->","yoast_head_json":{"title":"Homem mata companheira a facadas em Goi\u00e2nia - Agazeta.net","robots":{"index":"index","follow":"follow","max-snippet":"max-snippet:-1","max-image-preview":"max-image-preview:large","max-video-preview":"max-video-preview:-1"},"canonical":"https:\/\/nk7-testes.com.br\/agazeta\/homem-mata-companheira-a-facadas-em-goiania\/","og_locale":"pt_BR","og_type":"article","og_title":"Homem mata companheira a facadas em Goi\u00e2nia - Agazeta.net","og_description":"Acriana morava com o namorado h\u00e1 duas semanas","og_url":"https:\/\/nk7-testes.com.br\/agazeta\/homem-mata-companheira-a-facadas-em-goiania\/","og_site_name":"Agazeta.net","article_published_time":"2016-10-06T16:35:22+00:00","og_image":[{"width":458,"height":340,"url":"https:\/\/nk7-testes.com.br\/agazeta\/wp-content\/uploads\/2016\/10\/062016-policia-jovemmorta-emgoiania.jpg","type":"image\/jpeg"}],"author":"Agazeta.Net","twitter_card":"summary_large_image","twitter_misc":{"Escrito por":"Agazeta.Net","Est. tempo de leitura":"2 minutos"},"schema":{"@context":"https:\/\/schema.org","@graph":[{"@type":"WebPage","@id":"https:\/\/nk7-testes.com.br\/agazeta\/homem-mata-companheira-a-facadas-em-goiania\/","url":"https:\/\/nk7-testes.com.br\/agazeta\/homem-mata-companheira-a-facadas-em-goiania\/","name":"Homem mata companheira a facadas em Goi\u00e2nia - Agazeta.net","isPartOf":{"@id":"https:\/\/nk7-testes.com.br\/agazeta\/#website"},"primaryImageOfPage":{"@id":"https:\/\/nk7-testes.com.br\/agazeta\/homem-mata-companheira-a-facadas-em-goiania\/#primaryimage"},"image":{"@id":"https:\/\/nk7-testes.com.br\/agazeta\/homem-mata-companheira-a-facadas-em-goiania\/#primaryimage"},"thumbnailUrl":"https:\/\/nk7-testes.com.br\/agazeta\/wp-content\/uploads\/2016\/10\/062016-policia-jovemmorta-emgoiania.jpg","datePublished":"2016-10-06T16:35:22+00:00","author":{"@id":"https:\/\/nk7-testes.com.br\/agazeta\/#\/schema\/person\/6d6e25cb0435eb4a02fd44d30b4e3020"},"breadcrumb":{"@id":"https:\/\/nk7-testes.com.br\/agazeta\/homem-mata-companheira-a-facadas-em-goiania\/#breadcrumb"},"inLanguage":"pt-BR","potentialAction":[{"@type":"ReadAction","target":["https:\/\/nk7-testes.com.br\/agazeta\/homem-mata-companheira-a-facadas-em-goiania\/"]}]},{"@type":"ImageObject","inLanguage":"pt-BR","@id":"https:\/\/nk7-testes.com.br\/agazeta\/homem-mata-companheira-a-facadas-em-goiania\/#primaryimage","url":"https:\/\/nk7-testes.com.br\/agazeta\/wp-content\/uploads\/2016\/10\/062016-policia-jovemmorta-emgoiania.jpg","contentUrl":"https:\/\/nk7-testes.com.br\/agazeta\/wp-content\/uploads\/2016\/10\/062016-policia-jovemmorta-emgoiania.jpg","width":458,"height":340,"caption":"062016-policia-jovemmorta-emgoiania"},{"@type":"BreadcrumbList","@id":"https:\/\/nk7-testes.com.br\/agazeta\/homem-mata-companheira-a-facadas-em-goiania\/#breadcrumb","itemListElement":[{"@type":"ListItem","position":1,"name":"In\u00edcio","item":"https:\/\/nk7-testes.com.br\/agazeta\/"},{"@type":"ListItem","position":2,"name":"Homem mata companheira a facadas em Goi\u00e2nia"}]},{"@type":"WebSite","@id":"https:\/\/nk7-testes.com.br\/agazeta\/#website","url":"https:\/\/nk7-testes.com.br\/agazeta\/","name":"Agazeta.net","description":"Agazeta.net - Not\u00edcias de Rio Branco\/AC","potentialAction":[{"@type":"SearchAction","target":{"@type":"EntryPoint","urlTemplate":"https:\/\/nk7-testes.com.br\/agazeta\/?s={search_term_string}"},"query-input":{"@type":"PropertyValueSpecification","valueRequired":true,"valueName":"search_term_string"}}],"inLanguage":"pt-BR"},{"@type":"Person","@id":"https:\/\/nk7-testes.com.br\/agazeta\/#\/schema\/person\/6d6e25cb0435eb4a02fd44d30b4e3020","name":"Agazeta.Net","url":"https:\/\/nk7-testes.com.br\/agazeta\/author\/agazeta\/"}]}},"_links":{"self":[{"href":"https:\/\/nk7-testes.com.br\/agazeta\/wp-json\/wp\/v2\/posts\/25690","targetHints":{"allow":["GET"]}}],"collection":[{"href":"https:\/\/nk7-testes.com.br\/agazeta\/wp-json\/wp\/v2\/posts"}],"about":[{"href":"https:\/\/nk7-testes.com.br\/agazeta\/wp-json\/wp\/v2\/types\/post"}],"author":[{"embeddable":true,"href":"https:\/\/nk7-testes.com.br\/agazeta\/wp-json\/wp\/v2\/users\/4"}],"replies":[{"embeddable":true,"href":"https:\/\/nk7-testes.com.br\/agazeta\/wp-json\/wp\/v2\/comments?post=25690"}],"version-history":[{"count":0,"href":"https:\/\/nk7-testes.com.br\/agazeta\/wp-json\/wp\/v2\/posts\/25690\/revisions"}],"wp:featuredmedia":[{"embeddable":true,"href":"https:\/\/nk7-testes.com.br\/agazeta\/wp-json\/wp\/v2\/media\/25689"}],"wp:attachment":[{"href":"https:\/\/nk7-testes.com.br\/agazeta\/wp-json\/wp\/v2\/media?parent=25690"}],"wp:term":[{"taxonomy":"category","embeddable":true,"href":"https:\/\/nk7-testes.com.br\/agazeta\/wp-json\/wp\/v2\/categories?post=25690"},{"taxonomy":"post_tag","embeddable":true,"href":"https:\/\/nk7-testes.com.br\/agazeta\/wp-json\/wp\/v2\/tags?post=25690"}],"curies":[{"name":"wp","href":"https:\/\/api.w.org\/{rel}","templated":true}]}}