{"id":25677,"date":"2016-10-05T22:17:52","date_gmt":"2016-10-05T22:17:52","guid":{"rendered":"https:\/\/abarevegan.com.br\/index.php\/2016\/10\/05\/clinica-oncologica-do-jurua-fecha-apos-um-ano\/"},"modified":"2016-10-05T22:17:52","modified_gmt":"2016-10-05T22:17:52","slug":"clinica-oncologica-do-jurua-fecha-apos-um-ano","status":"publish","type":"post","link":"https:\/\/nk7-testes.com.br\/agazeta\/clinica-oncologica-do-jurua-fecha-apos-um-ano\/","title":{"rendered":"Cl\u00ednica oncol\u00f3gica do Juru\u00e1 fecha ap\u00f3s um ano"},"content":{"rendered":"<p style=\"text-align: justify;\">Unidade deveria funcionar em PPP, mas \u201cfaltou apoio\u201d<\/p>\n<p style=\"text-align: justify;\">A cl\u00ednica oncol\u00f3gica Onco Juru\u00e1, inaugurada em 2 de outubro do ano passado, foi oficialmente fechada nesta quarta-feira (5). Ap\u00f3s um ano de inaugura\u00e7\u00e3o, a cl\u00ednica n\u00e3o teria feito um atendimento sequer.<\/p>\n<p style=\"text-align: justify;\">O hospital deveria funcionar com a Parceria P\u00fablico Privado (PPP). Mas, de acordo com o dono da cl\u00ednica, faltou o apoio do governo para garantir o atendimento \u00e0 popula\u00e7\u00e3o.<\/p>\n<p style=\"text-align: justify;\">Com todo o aparato e capacidade de atendimento de at\u00e9 400 pacientes por m\u00eas, o hospital deveria atender em m\u00e9dia 40% da demanda do Juru\u00e1: pessoas que deixariam de vir a Rio Branco em busca de tratamento.<\/p>\n<p style=\"text-align: justify;\">O m\u00e9dico idealizador do projeto, Ant\u00f4nio Vendette, j\u00e1 desocupou o pr\u00e9dio que era alugado. Segundo ele, a medida foi tomada porque o governo n\u00e3o cumpriu com o apoio prometido e o hospital n\u00e3o tinha m\u00e9dicos para atuar no local.<\/p>\n<p style=\"text-align: justify;\"><strong>Na inaugura\u00e7\u00e3o_<\/strong> &#8220;Com equipamentos modernos, o novo centro de sa\u00fade vai oferecer tratamento para c\u00e2nceres de mama, pulm\u00e3o, est\u00f4mago e ov\u00e1rios, linfomas e algumas leucemias, por exemplo. Ter\u00e1 atendimento ambulatorial com avalia\u00e7\u00e3o, acompanhamento, tratamento e medica\u00e7\u00e3o por meio de quimioterapia, hormonioterapia e imunoterapia&#8221;, comemorava a ag\u00eancia de not\u00edcias estatal h\u00e1 um ano, dois dias antes da inaugura\u00e7\u00e3o da cl\u00ednica.<\/p>\n<p style=\"text-align: justify;\">A comemora\u00e7\u00e3o da ag\u00eancia de not\u00edcias estatal \u00e0 \u00e9poca contrasta com o argumento usado nesta ter\u00e7a-feira para explicar a fal\u00eancia do projeto: para o Governo, a cl\u00ednica n\u00e3o atendeu aos crit\u00e9rios exigidos pelo Sistema \u00danico de Sa\u00fade.<\/p>\n<p style=\"text-align: justify;\"><strong>NOTA DA SECRETARIA DE ESTADO DE SA\u00daDE<\/strong><\/p>\n<p style=\"text-align: justify;\">&#8220;A Secretaria de Sa\u00fade do Acre (Sesacre) esclarece que a Onco Juru\u00e1 n\u00e3o faz parte dos \u00f3rg\u00e3os administrados pelo Estado.<\/p>\n<p style=\"text-align: justify;\">O governo do Acre faria uma parceria com a empresa para presta\u00e7\u00e3o de servi\u00e7os oncol\u00f3gicos na regi\u00e3o do Juru\u00e1 desde que a cl\u00ednica atendesse \u00e0s exig\u00eancias feitas pelo Sistema \u00danico de Sa\u00fade (SUS), entre elas, estar habilitada para realizar radioterapia e quimioterapia, habilita\u00e7\u00e3o dada pelo Minist\u00e9rio de Minas e Energia.<\/p>\n<p style=\"text-align: justify;\">Contudo, a empresa n\u00e3o apresentou os requisitos necess\u00e1rios, impossibilitando qualquer contrata\u00e7\u00e3o de servi\u00e7os&#8221;.<\/p>\n<p style=\"text-align: justify;\">&nbsp;<\/p>\n","protected":false},"excerpt":{"rendered":"<p style=\"text-align: justify;\">Unidade deveria funcionar em PPP, mas \u201cfaltou apoio\u201d<\/p>\n","protected":false},"author":4,"featured_media":25676,"comment_status":"open","ping_status":"open","sticky":false,"template":"","format":"standard","meta":{"jnews-multi-image_gallery":[],"jnews_single_post":[],"jnews_primary_category":[],"jnews_social_meta":[],"jnews_review":[],"enable_review":"","type":"","name":"","summary":"","brand":"","sku":"","good":[],"bad":[],"score_override":"","override_value":"","rating":[],"price":[],"footnotes":""},"categories":[54],"tags":[],"class_list":["post-25677","post","type-post","status-publish","format-standard","has-post-thumbnail","hentry","category-cotidiano"],"yoast_head":"<!-- This site is optimized with the Yoast SEO plugin v26.5 - https:\/\/yoast.com\/wordpress\/plugins\/seo\/ -->\n<title>Cl\u00ednica oncol\u00f3gica do Juru\u00e1 fecha ap\u00f3s um ano - Agazeta.net<\/title>\n<meta name=\"robots\" content=\"index, follow, max-snippet:-1, max-image-preview:large, max-video-preview:-1\" \/>\n<link rel=\"canonical\" href=\"https:\/\/nk7-testes.com.br\/agazeta\/clinica-oncologica-do-jurua-fecha-apos-um-ano\/\" \/>\n<meta property=\"og:locale\" content=\"pt_BR\" \/>\n<meta property=\"og:type\" content=\"article\" \/>\n<meta property=\"og:title\" content=\"Cl\u00ednica oncol\u00f3gica do Juru\u00e1 fecha ap\u00f3s um ano - Agazeta.net\" \/>\n<meta property=\"og:description\" content=\"Unidade deveria funcionar em PPP, mas \u201cfaltou apoio\u201d\" \/>\n<meta property=\"og:url\" content=\"https:\/\/nk7-testes.com.br\/agazeta\/clinica-oncologica-do-jurua-fecha-apos-um-ano\/\" \/>\n<meta property=\"og:site_name\" content=\"Agazeta.net\" \/>\n<meta property=\"article:published_time\" content=\"2016-10-05T22:17:52+00:00\" \/>\n<meta property=\"og:image\" content=\"https:\/\/nk7-testes.com.br\/agazeta\/wp-content\/uploads\/2016\/10\/051016-cotidiano-inauguracaooncologia-agenciadenoticiasdoacre.jpg\" \/>\n\t<meta property=\"og:image:width\" content=\"458\" \/>\n\t<meta property=\"og:image:height\" content=\"340\" \/>\n\t<meta property=\"og:image:type\" content=\"image\/jpeg\" \/>\n<meta name=\"author\" content=\"Agazeta.Net\" \/>\n<meta name=\"twitter:card\" content=\"summary_large_image\" \/>\n<meta name=\"twitter:label1\" content=\"Escrito por\" \/>\n\t<meta name=\"twitter:data1\" content=\"Agazeta.Net\" \/>\n\t<meta name=\"twitter:label2\" content=\"Est. tempo de leitura\" \/>\n\t<meta name=\"twitter:data2\" content=\"2 minutos\" \/>\n<script type=\"application\/ld+json\" class=\"yoast-schema-graph\">{\"@context\":\"https:\/\/schema.org\",\"@graph\":[{\"@type\":\"WebPage\",\"@id\":\"https:\/\/nk7-testes.com.br\/agazeta\/clinica-oncologica-do-jurua-fecha-apos-um-ano\/\",\"url\":\"https:\/\/nk7-testes.com.br\/agazeta\/clinica-oncologica-do-jurua-fecha-apos-um-ano\/\",\"name\":\"Cl\u00ednica oncol\u00f3gica do Juru\u00e1 fecha ap\u00f3s um ano - Agazeta.net\",\"isPartOf\":{\"@id\":\"https:\/\/nk7-testes.com.br\/agazeta\/#website\"},\"primaryImageOfPage\":{\"@id\":\"https:\/\/nk7-testes.com.br\/agazeta\/clinica-oncologica-do-jurua-fecha-apos-um-ano\/#primaryimage\"},\"image\":{\"@id\":\"https:\/\/nk7-testes.com.br\/agazeta\/clinica-oncologica-do-jurua-fecha-apos-um-ano\/#primaryimage\"},\"thumbnailUrl\":\"https:\/\/nk7-testes.com.br\/agazeta\/wp-content\/uploads\/2016\/10\/051016-cotidiano-inauguracaooncologia-agenciadenoticiasdoacre.jpg\",\"datePublished\":\"2016-10-05T22:17:52+00:00\",\"author\":{\"@id\":\"https:\/\/nk7-testes.com.br\/agazeta\/#\/schema\/person\/ff6b39d54d6973bfc57f4140f659b23f\"},\"breadcrumb\":{\"@id\":\"https:\/\/nk7-testes.com.br\/agazeta\/clinica-oncologica-do-jurua-fecha-apos-um-ano\/#breadcrumb\"},\"inLanguage\":\"pt-BR\",\"potentialAction\":[{\"@type\":\"ReadAction\",\"target\":[\"https:\/\/nk7-testes.com.br\/agazeta\/clinica-oncologica-do-jurua-fecha-apos-um-ano\/\"]}]},{\"@type\":\"ImageObject\",\"inLanguage\":\"pt-BR\",\"@id\":\"https:\/\/nk7-testes.com.br\/agazeta\/clinica-oncologica-do-jurua-fecha-apos-um-ano\/#primaryimage\",\"url\":\"https:\/\/nk7-testes.com.br\/agazeta\/wp-content\/uploads\/2016\/10\/051016-cotidiano-inauguracaooncologia-agenciadenoticiasdoacre.jpg\",\"contentUrl\":\"https:\/\/nk7-testes.com.br\/agazeta\/wp-content\/uploads\/2016\/10\/051016-cotidiano-inauguracaooncologia-agenciadenoticiasdoacre.jpg\",\"width\":458,\"height\":340,\"caption\":\"051016-cotidiano-inauguracaooncologia-agenciadenoticiasdoacre\"},{\"@type\":\"BreadcrumbList\",\"@id\":\"https:\/\/nk7-testes.com.br\/agazeta\/clinica-oncologica-do-jurua-fecha-apos-um-ano\/#breadcrumb\",\"itemListElement\":[{\"@type\":\"ListItem\",\"position\":1,\"name\":\"In\u00edcio\",\"item\":\"https:\/\/nk7-testes.com.br\/agazeta\/\"},{\"@type\":\"ListItem\",\"position\":2,\"name\":\"Cl\u00ednica oncol\u00f3gica do Juru\u00e1 fecha ap\u00f3s um ano\"}]},{\"@type\":\"WebSite\",\"@id\":\"https:\/\/nk7-testes.com.br\/agazeta\/#website\",\"url\":\"https:\/\/nk7-testes.com.br\/agazeta\/\",\"name\":\"Agazeta.net\",\"description\":\"Agazeta.net - Not\u00edcias de Rio Branco\/AC\",\"potentialAction\":[{\"@type\":\"SearchAction\",\"target\":{\"@type\":\"EntryPoint\",\"urlTemplate\":\"https:\/\/nk7-testes.com.br\/agazeta\/?s={search_term_string}\"},\"query-input\":{\"@type\":\"PropertyValueSpecification\",\"valueRequired\":true,\"valueName\":\"search_term_string\"}}],\"inLanguage\":\"pt-BR\"},{\"@type\":\"Person\",\"@id\":\"https:\/\/nk7-testes.com.br\/agazeta\/#\/schema\/person\/ff6b39d54d6973bfc57f4140f659b23f\",\"name\":\"Agazeta.Net\",\"url\":\"https:\/\/nk7-testes.com.br\/agazeta\/author\/agazeta\/\"}]}<\/script>\n<!-- \/ Yoast SEO plugin. -->","yoast_head_json":{"title":"Cl\u00ednica oncol\u00f3gica do Juru\u00e1 fecha ap\u00f3s um ano - Agazeta.net","robots":{"index":"index","follow":"follow","max-snippet":"max-snippet:-1","max-image-preview":"max-image-preview:large","max-video-preview":"max-video-preview:-1"},"canonical":"https:\/\/nk7-testes.com.br\/agazeta\/clinica-oncologica-do-jurua-fecha-apos-um-ano\/","og_locale":"pt_BR","og_type":"article","og_title":"Cl\u00ednica oncol\u00f3gica do Juru\u00e1 fecha ap\u00f3s um ano - Agazeta.net","og_description":"Unidade deveria funcionar em PPP, mas \u201cfaltou apoio\u201d","og_url":"https:\/\/nk7-testes.com.br\/agazeta\/clinica-oncologica-do-jurua-fecha-apos-um-ano\/","og_site_name":"Agazeta.net","article_published_time":"2016-10-05T22:17:52+00:00","og_image":[{"width":458,"height":340,"url":"https:\/\/nk7-testes.com.br\/agazeta\/wp-content\/uploads\/2016\/10\/051016-cotidiano-inauguracaooncologia-agenciadenoticiasdoacre.jpg","type":"image\/jpeg"}],"author":"Agazeta.Net","twitter_card":"summary_large_image","twitter_misc":{"Escrito por":"Agazeta.Net","Est. tempo de leitura":"2 minutos"},"schema":{"@context":"https:\/\/schema.org","@graph":[{"@type":"WebPage","@id":"https:\/\/nk7-testes.com.br\/agazeta\/clinica-oncologica-do-jurua-fecha-apos-um-ano\/","url":"https:\/\/nk7-testes.com.br\/agazeta\/clinica-oncologica-do-jurua-fecha-apos-um-ano\/","name":"Cl\u00ednica oncol\u00f3gica do Juru\u00e1 fecha ap\u00f3s um ano - Agazeta.net","isPartOf":{"@id":"https:\/\/nk7-testes.com.br\/agazeta\/#website"},"primaryImageOfPage":{"@id":"https:\/\/nk7-testes.com.br\/agazeta\/clinica-oncologica-do-jurua-fecha-apos-um-ano\/#primaryimage"},"image":{"@id":"https:\/\/nk7-testes.com.br\/agazeta\/clinica-oncologica-do-jurua-fecha-apos-um-ano\/#primaryimage"},"thumbnailUrl":"https:\/\/nk7-testes.com.br\/agazeta\/wp-content\/uploads\/2016\/10\/051016-cotidiano-inauguracaooncologia-agenciadenoticiasdoacre.jpg","datePublished":"2016-10-05T22:17:52+00:00","author":{"@id":"https:\/\/nk7-testes.com.br\/agazeta\/#\/schema\/person\/ff6b39d54d6973bfc57f4140f659b23f"},"breadcrumb":{"@id":"https:\/\/nk7-testes.com.br\/agazeta\/clinica-oncologica-do-jurua-fecha-apos-um-ano\/#breadcrumb"},"inLanguage":"pt-BR","potentialAction":[{"@type":"ReadAction","target":["https:\/\/nk7-testes.com.br\/agazeta\/clinica-oncologica-do-jurua-fecha-apos-um-ano\/"]}]},{"@type":"ImageObject","inLanguage":"pt-BR","@id":"https:\/\/nk7-testes.com.br\/agazeta\/clinica-oncologica-do-jurua-fecha-apos-um-ano\/#primaryimage","url":"https:\/\/nk7-testes.com.br\/agazeta\/wp-content\/uploads\/2016\/10\/051016-cotidiano-inauguracaooncologia-agenciadenoticiasdoacre.jpg","contentUrl":"https:\/\/nk7-testes.com.br\/agazeta\/wp-content\/uploads\/2016\/10\/051016-cotidiano-inauguracaooncologia-agenciadenoticiasdoacre.jpg","width":458,"height":340,"caption":"051016-cotidiano-inauguracaooncologia-agenciadenoticiasdoacre"},{"@type":"BreadcrumbList","@id":"https:\/\/nk7-testes.com.br\/agazeta\/clinica-oncologica-do-jurua-fecha-apos-um-ano\/#breadcrumb","itemListElement":[{"@type":"ListItem","position":1,"name":"In\u00edcio","item":"https:\/\/nk7-testes.com.br\/agazeta\/"},{"@type":"ListItem","position":2,"name":"Cl\u00ednica oncol\u00f3gica do Juru\u00e1 fecha ap\u00f3s um ano"}]},{"@type":"WebSite","@id":"https:\/\/nk7-testes.com.br\/agazeta\/#website","url":"https:\/\/nk7-testes.com.br\/agazeta\/","name":"Agazeta.net","description":"Agazeta.net - Not\u00edcias de Rio Branco\/AC","potentialAction":[{"@type":"SearchAction","target":{"@type":"EntryPoint","urlTemplate":"https:\/\/nk7-testes.com.br\/agazeta\/?s={search_term_string}"},"query-input":{"@type":"PropertyValueSpecification","valueRequired":true,"valueName":"search_term_string"}}],"inLanguage":"pt-BR"},{"@type":"Person","@id":"https:\/\/nk7-testes.com.br\/agazeta\/#\/schema\/person\/ff6b39d54d6973bfc57f4140f659b23f","name":"Agazeta.Net","url":"https:\/\/nk7-testes.com.br\/agazeta\/author\/agazeta\/"}]}},"_links":{"self":[{"href":"https:\/\/nk7-testes.com.br\/agazeta\/wp-json\/wp\/v2\/posts\/25677","targetHints":{"allow":["GET"]}}],"collection":[{"href":"https:\/\/nk7-testes.com.br\/agazeta\/wp-json\/wp\/v2\/posts"}],"about":[{"href":"https:\/\/nk7-testes.com.br\/agazeta\/wp-json\/wp\/v2\/types\/post"}],"author":[{"embeddable":true,"href":"https:\/\/nk7-testes.com.br\/agazeta\/wp-json\/wp\/v2\/users\/4"}],"replies":[{"embeddable":true,"href":"https:\/\/nk7-testes.com.br\/agazeta\/wp-json\/wp\/v2\/comments?post=25677"}],"version-history":[{"count":0,"href":"https:\/\/nk7-testes.com.br\/agazeta\/wp-json\/wp\/v2\/posts\/25677\/revisions"}],"wp:featuredmedia":[{"embeddable":true,"href":"https:\/\/nk7-testes.com.br\/agazeta\/wp-json\/wp\/v2\/media\/25676"}],"wp:attachment":[{"href":"https:\/\/nk7-testes.com.br\/agazeta\/wp-json\/wp\/v2\/media?parent=25677"}],"wp:term":[{"taxonomy":"category","embeddable":true,"href":"https:\/\/nk7-testes.com.br\/agazeta\/wp-json\/wp\/v2\/categories?post=25677"},{"taxonomy":"post_tag","embeddable":true,"href":"https:\/\/nk7-testes.com.br\/agazeta\/wp-json\/wp\/v2\/tags?post=25677"}],"curies":[{"name":"wp","href":"https:\/\/api.w.org\/{rel}","templated":true}]}}