{"id":25673,"date":"2016-10-05T20:54:12","date_gmt":"2016-10-05T20:54:12","guid":{"rendered":"https:\/\/abarevegan.com.br\/index.php\/2016\/10\/05\/merenda-escolar-no-acre-republica-das-rosquinhas\/"},"modified":"2016-10-05T20:54:12","modified_gmt":"2016-10-05T20:54:12","slug":"merenda-escolar-no-acre-republica-das-rosquinhas","status":"publish","type":"post","link":"https:\/\/nk7-testes.com.br\/agazeta\/merenda-escolar-no-acre-republica-das-rosquinhas\/","title":{"rendered":"Merenda escolar no Acre: Rep\u00fablica das Rosquinhas"},"content":{"rendered":"<p style=\"text-align: justify;\">Relat\u00f3rio do TCU aponta irregularidades na gest\u00e3o<\/p>\n<p style=\"text-align: justify;\">Uma auditoria da Controladoria Geral da Uni\u00e3o trouxe \u00e0 tona irregularidades na merenda escolar fornecida pelo Governo do Estado que podem estar prejudicando diretamente a aprendizagem e o crescimento dos estudantes.<\/p>\n<p style=\"text-align: justify;\">Os recursos repassados pelo FNDE (Fundo Nacional de Desenvolvimento da Educa\u00e7\u00e3o) n\u00e3o est\u00e3o sendo aplicados corretamente. Os auditores descobriram que em 2015 a Secretaria de Estado de Educa\u00e7\u00e3o gastou R$ 7.914.107,00. <span style=\"font-size: 13.1999998092651px; line-height: 21.1199989318848px; text-align: justify;\">Isso equivale a 27,08% dos gastos com a merenda escolar daquele ano.<\/span>&nbsp;Entre outros produtos, o recurso garantiu a compra de 1.100 quilos de rosquinhas para os estudantes.<\/p>\n<p style=\"text-align: justify;\">O FNDE n\u00e3o impede a compra de bolachas, mas, indica na rela\u00e7\u00e3o: biscoitos de polvilho, maizena e cracker e, em nenhum ponto, cita as rosquinhas, que n\u00e3o oferecem a cobertura nutricional que est\u00e1 na resolu\u00e7\u00e3o 26 do FNDE.<\/p>\n<p style=\"text-align: justify;\">As necessidades nutricionais dos estudantes n\u00e3o est\u00e3o sendo atendidas porque a Secretaria de Estado de Educa\u00e7\u00e3o decidiu colocar como alimento principal as famosas rosquinhas. O relat\u00f3rio exp\u00f5e que, em algumas escolas, elas s\u00e3o servidas at\u00e9 tr\u00eas vezes por semana.<\/p>\n<p style=\"text-align: justify;\">O FNDE exige uma cobertura nutricional de no m\u00ednimo 20% das necessidades di\u00e1rias do aluno, s\u00f3 que rosquinhas n\u00e3o chegam perto do c\u00e1lculo cal\u00f3rico e proteico exigido pele Governo Federal.<\/p>\n<p style=\"text-align: justify;\">A nutricionista K\u00e1tia Regina Reche explica que o governo at\u00e9 pode alimentar a crian\u00e7a com rosquinhas, mas esse estudante n\u00e3o estar\u00e1 nutrido. \u201cRosquinhas t\u00eam apenas carboidrato. Isso far\u00e1 com que esse estudante esteja acima do peso, mas n\u00e3o com nutrientes suficientes de quem \u00e9 saud\u00e1vel. Voc\u00ea pode at\u00e9 servir biscoitos, entretanto deve ser intercalado com outros alimentos. S\u00f3 rosquinhas n\u00e3o d\u00e1\u201d, reclamou.<\/p>\n<p style=\"text-align: justify;\">Das escolas visitadas pela CGU apenas uma estava servindo, naquele dia, o que constava no card\u00e1pio. Os auditores conversaram com alunos e merendeiras e todos confirmaram que os card\u00e1pios preparados por nutricionistas n\u00e3o s\u00e3o seguidos por v\u00e1rios motivos, um deles: atrasos na entrega dos alimentos.<\/p>\n<p style=\"text-align: justify;\">\u201cUma crian\u00e7a que n\u00e3o se alimenta corretamente tem dificuldade de concentra\u00e7\u00e3o, de entender o que est\u00e1 sendo repassado, fica sempre inquieta\u201d, lamentou.<\/p>\n<p style=\"text-align: justify;\">No mesmo item \u201crosquinhas\u201d, a CGU descobriu que as licita\u00e7\u00f5es foram direcionadas \u00e0 f\u00e1brica Miragina, que fica em Rio Branco. Na hora de buscar os pre\u00e7os, a secretaria colocava na planilha os dizeres \u201cprodutos da regi\u00e3o\u201d, como rosquinhas sabor castanha, por exemplo. Como s\u00f3 a Miragina tem esse produto, a secretaria restringia a competitividade.<\/p>\n<p style=\"text-align: justify;\">Al\u00e9m disso, os \u201cprodutos da regi\u00e3o\u201d, citados pelo Governo Federal, servem de argumento para incentivar a agricultura familiar.<\/p>\n<p style=\"text-align: justify;\">Para piorar a situa\u00e7\u00e3o, os t\u00e9cnicos da CGU encontraram outros produtos vencidos nos estoques das escolas como mostram fotos que est\u00e3o no relat\u00f3rio. Os auditores investigaram apenas 12 escolas de Rio Branco.<\/p>\n<p style=\"text-align: justify;\">No entanto, foram suficientes para mostrar as irregularidades. Em quase todas foram encontradas garrafas de \u00f3leo de soja com a data de validade vencida. Na lista, entraram ainda: suco concentrado e farinha de mandioca.<\/p>\n<p style=\"text-align: justify;\">Em seis escolas, sendo quatro da \u00e1rea urbana e duas rurais, foram encontrados alimentos contaminados por gorgulhos, que s\u00e3o pequenos besouros. Eles estavam no arroz estocado na escola Armando Nogueira. O gorgulho estava tamb\u00e9m no milho para canjica, macarr\u00e3o e farinha de tapioca.<\/p>\n<p style=\"text-align: justify;\">Os t\u00e9cnicos fizeram a seguinte avalia\u00e7\u00e3o: se em 6 das 12 escolas visitadas encontraram alimentos contaminados, isso pode indicar que a metade das escolas do Estado passa pelo mesmo problema.<\/p>\n<p style=\"text-align: justify;\">Outra falha grave que at\u00e9 poderia evitar essas irregularidade \u00e9 a falta da atua\u00e7\u00e3o do Conselho de Alimenta\u00e7\u00e3o Escolar, que n\u00e3o faz o acompanhamento dos card\u00e1pios, do que \u00e9 servido nas escolas e nem as licita\u00e7\u00f5es.<\/p>\n<p style=\"text-align: justify;\">No caso da Escola Armando Nogueira, os alunos foram flagrados fazendo a alimenta\u00e7\u00e3o em p\u00e9 porque faltam mesas e cadeiras. Foram encontrados canos de esgotos obstru\u00eddos ao lado dos refeit\u00f3rios das escolas.<\/p>\n<p style=\"text-align: justify;\">O chefe do n\u00facleo da CGU em Rio Branco, Isl\u00e2ndio Monteiro, informou que foi respeitado o direito e o prazo para a Secretaria de Estado de Educa\u00e7\u00e3o fazer a defesa, mas o gestor n\u00e3o apontou sa\u00eddas para esses problemas e todas as informa\u00e7\u00f5es foram repassadas ao Minist\u00e9rio da Educa\u00e7\u00e3o para que possa tomar as provid\u00eancias cab\u00edveis.<\/p>\n<p style=\"text-align: justify;\">\u201cNossa parte j\u00e1 fizemos, agora cabe ao minist\u00e9rio respons\u00e1vel pelo repasse do recurso tomar as medidas que achar necess\u00e1rias\u201d, concluiu.<\/p>\n<p style=\"text-align: justify;\"><strong><span style=\"font-size: 13.1999998092651px; line-height: 21.1199989318848px; text-align: justify;\">&#8220;Se n\u00f3s ganhamos a licita\u00e7\u00e3o \u00e9 porque n\u00f3s temos pre\u00e7o&#8221;, diz empres\u00e1rio<\/span><\/strong><\/p>\n<p style=\"text-align: justify;\">A empresa Miragina foi ouvida pelo site AGazeta.Net. Por telefone, o empres\u00e1rio Jos\u00e9 Luiz Fel\u00edcio negou qualquer possibilidade de &nbsp;direcionamento nas licita\u00e7\u00f5es \u00e0s quais a empresa participa. &#8220;N\u00f3s participamos junto com todas as outras empresas. Se n\u00f3s ganhamos a licita\u00e7\u00e3o \u00e9 porque n\u00f3s temos pre\u00e7o. Todo mundo tem chance e participa. Se perdeu \u00e9 porque n\u00e3o tem pre\u00e7o&#8221;, defende.<\/p>\n<p style=\"text-align: justify;\">Outro argumento usado pelo empres\u00e1rio guarda rela\u00e7\u00e3o com o apoio dado pelo Governo do Estado \u00e0s empresas regionais. Fel\u00edcio saca o argumento da Lei 2.548, de fevereiro de 2012, que trata das Compras Governamentais. &#8216;Essa lei foi muito acertada. \u00c9 uma forma de incentivo para quem gera emprego e renda aqui. Eu n\u00e3o posso ficar me preocupando com o trabalho de pasteiros que perdem uma licita\u00e7\u00e3o&#8221;.<\/p>\n<p style=\"text-align: justify;\"><strong>NOTA DE ESCLARECIMENTO DA SECRETARIA DE ESTADO DE EDUCA\u00c7\u00c3O<\/strong><\/p>\n<p style=\"text-align: justify;\">A Secretaria de Estado de Educa\u00e7\u00e3o e Esporte do Acre, SEE, informa que respondeu a todos os questionamentos do relat\u00f3rio da Controladoria Geral da Uni\u00e3o, (CGU), como solicitado pelo \u00f3rg\u00e3o.<\/p>\n<p style=\"text-align: justify;\">Na resposta ao relat\u00f3rio Preliminar Relativo \u00e0 Avalia\u00e7\u00e3o do Programa Nacional de Alimenta\u00e7\u00e3o Escolar (PNE\/Acre), a SEE j\u00e1 havia informado que n\u00e3o houve direcionamento na compra da merenda escolar para a empresa Miragina, vencedora do processo licitat\u00f3rio, e sim a escolha da Miragina pelo crit\u00e9rio de menor pre\u00e7o em rela\u00e7\u00e3o \u00e0s demais firmas que concorreram.<\/p>\n<p style=\"text-align: justify;\">N\u00e3o h\u00e1 malversa\u00e7\u00e3o de recursos, muito menos v\u00edcios no processo de licita\u00e7\u00e3o, uma vez que as empresas Bauducco, Marilan e Piraqu\u00ea, My Bit, Estrela, Tostines, Belma e outras apresentaram pre\u00e7os maiores.<\/p>\n<p style=\"text-align: justify;\">Al\u00e9m disso, a Lei 11.947\/2009, regulamentada pela Resolu\u00e7\u00e3o\/CD\/FNDE n\u00ba 26 de 17 de junho de 2013, que disp\u00f5e sobre o atendimento da alimenta\u00e7\u00e3o escolar prev\u00ea no Cap\u00edtulo I, Art. 2\u00ba que s\u00e3o diretrizes da Alimenta\u00e7\u00e3o Escolar o \u201capoio ao desenvolvimento sustent\u00e1vel, com incentivos para a aquisi\u00e7\u00e3o de g\u00eaneros aliment\u00edcios diversificados, produzidos em \u00e2mbito local (&#8230;)\u201d.<\/p>\n<p style=\"text-align: justify;\">Ou seja, a produ\u00e7\u00e3o local est\u00e1 sendo valorizada, al\u00e9m do que os produtos s\u00e3o de alta aceitabilidade, fazendo parte do card\u00e1pio do acreano, n\u00e3o s\u00f3 pelos h\u00e1bitos alimentares adquiridos ao longo destes anos, como tamb\u00e9m porque n\u00e3o h\u00e1 a mesma aceita\u00e7\u00e3o por outras marcas.<\/p>\n<p style=\"text-align: justify;\">A Secretaria de Educa\u00e7\u00e3o afirma que segue a todas as orienta\u00e7\u00f5es da CGU e que est\u00e1 \u00e0 disposi\u00e7\u00e3o para quaisquer esclarecimentos futuros solicitados por esta conceituada emissora.<\/p>\n<p style=\"text-align: justify;\">Atenciosamente,<\/p>\n<p style=\"text-align: justify;\"><strong>Divis\u00e3o de Comunica\u00e7\u00e3o da Secretaria de Estado de Educa\u00e7\u00e3o e Esporte<\/strong><\/p>\n","protected":false},"excerpt":{"rendered":"<p style=\"text-align: justify;\">Relat\u00f3rio do TCU aponta irregularidades na gest\u00e3o<\/p>\n","protected":false},"author":4,"featured_media":25672,"comment_status":"open","ping_status":"open","sticky":false,"template":"","format":"standard","meta":{"jnews-multi-image_gallery":[],"jnews_single_post":[],"jnews_primary_category":[],"jnews_social_meta":[],"jnews_review":[],"enable_review":"","type":"","name":"","summary":"","brand":"","sku":"","good":[],"bad":[],"score_override":"","override_value":"","rating":[],"price":[],"footnotes":""},"categories":[54],"tags":[],"class_list":["post-25673","post","type-post","status-publish","format-standard","has-post-thumbnail","hentry","category-cotidiano"],"yoast_head":"<!-- This site is optimized with the Yoast SEO plugin v26.5 - https:\/\/yoast.com\/wordpress\/plugins\/seo\/ -->\n<title>Merenda escolar no Acre: Rep\u00fablica das Rosquinhas - Agazeta.net<\/title>\n<meta name=\"robots\" content=\"index, follow, max-snippet:-1, max-image-preview:large, max-video-preview:-1\" \/>\n<link rel=\"canonical\" href=\"https:\/\/nk7-testes.com.br\/agazeta\/merenda-escolar-no-acre-republica-das-rosquinhas\/\" \/>\n<meta property=\"og:locale\" content=\"pt_BR\" \/>\n<meta property=\"og:type\" content=\"article\" \/>\n<meta property=\"og:title\" content=\"Merenda escolar no Acre: Rep\u00fablica das Rosquinhas - Agazeta.net\" \/>\n<meta property=\"og:description\" content=\"Relat\u00f3rio do TCU aponta irregularidades na gest\u00e3o\" \/>\n<meta property=\"og:url\" content=\"https:\/\/nk7-testes.com.br\/agazeta\/merenda-escolar-no-acre-republica-das-rosquinhas\/\" \/>\n<meta property=\"og:site_name\" content=\"Agazeta.net\" \/>\n<meta property=\"article:published_time\" content=\"2016-10-05T20:54:12+00:00\" \/>\n<meta property=\"og:image\" content=\"https:\/\/nk7-testes.com.br\/agazeta\/wp-content\/uploads\/2016\/10\/051016-cotidiano-rosquinhasmiragina-tvgazeta.jpg\" \/>\n\t<meta property=\"og:image:width\" content=\"458\" \/>\n\t<meta property=\"og:image:height\" content=\"340\" \/>\n\t<meta property=\"og:image:type\" content=\"image\/jpeg\" \/>\n<meta name=\"author\" content=\"Agazeta.Net\" \/>\n<meta name=\"twitter:card\" content=\"summary_large_image\" \/>\n<meta name=\"twitter:label1\" content=\"Escrito por\" \/>\n\t<meta name=\"twitter:data1\" content=\"Agazeta.Net\" \/>\n\t<meta name=\"twitter:label2\" content=\"Est. tempo de leitura\" \/>\n\t<meta name=\"twitter:data2\" content=\"6 minutos\" \/>\n<script type=\"application\/ld+json\" class=\"yoast-schema-graph\">{\"@context\":\"https:\/\/schema.org\",\"@graph\":[{\"@type\":\"WebPage\",\"@id\":\"https:\/\/nk7-testes.com.br\/agazeta\/merenda-escolar-no-acre-republica-das-rosquinhas\/\",\"url\":\"https:\/\/nk7-testes.com.br\/agazeta\/merenda-escolar-no-acre-republica-das-rosquinhas\/\",\"name\":\"Merenda escolar no Acre: Rep\u00fablica das Rosquinhas - Agazeta.net\",\"isPartOf\":{\"@id\":\"https:\/\/nk7-testes.com.br\/agazeta\/#website\"},\"primaryImageOfPage\":{\"@id\":\"https:\/\/nk7-testes.com.br\/agazeta\/merenda-escolar-no-acre-republica-das-rosquinhas\/#primaryimage\"},\"image\":{\"@id\":\"https:\/\/nk7-testes.com.br\/agazeta\/merenda-escolar-no-acre-republica-das-rosquinhas\/#primaryimage\"},\"thumbnailUrl\":\"https:\/\/nk7-testes.com.br\/agazeta\/wp-content\/uploads\/2016\/10\/051016-cotidiano-rosquinhasmiragina-tvgazeta.jpg\",\"datePublished\":\"2016-10-05T20:54:12+00:00\",\"author\":{\"@id\":\"https:\/\/nk7-testes.com.br\/agazeta\/#\/schema\/person\/ff6b39d54d6973bfc57f4140f659b23f\"},\"breadcrumb\":{\"@id\":\"https:\/\/nk7-testes.com.br\/agazeta\/merenda-escolar-no-acre-republica-das-rosquinhas\/#breadcrumb\"},\"inLanguage\":\"pt-BR\",\"potentialAction\":[{\"@type\":\"ReadAction\",\"target\":[\"https:\/\/nk7-testes.com.br\/agazeta\/merenda-escolar-no-acre-republica-das-rosquinhas\/\"]}]},{\"@type\":\"ImageObject\",\"inLanguage\":\"pt-BR\",\"@id\":\"https:\/\/nk7-testes.com.br\/agazeta\/merenda-escolar-no-acre-republica-das-rosquinhas\/#primaryimage\",\"url\":\"https:\/\/nk7-testes.com.br\/agazeta\/wp-content\/uploads\/2016\/10\/051016-cotidiano-rosquinhasmiragina-tvgazeta.jpg\",\"contentUrl\":\"https:\/\/nk7-testes.com.br\/agazeta\/wp-content\/uploads\/2016\/10\/051016-cotidiano-rosquinhasmiragina-tvgazeta.jpg\",\"width\":458,\"height\":340,\"caption\":\"051016-cotidiano-rosquinhasmiragina-tvgazeta\"},{\"@type\":\"BreadcrumbList\",\"@id\":\"https:\/\/nk7-testes.com.br\/agazeta\/merenda-escolar-no-acre-republica-das-rosquinhas\/#breadcrumb\",\"itemListElement\":[{\"@type\":\"ListItem\",\"position\":1,\"name\":\"In\u00edcio\",\"item\":\"https:\/\/nk7-testes.com.br\/agazeta\/\"},{\"@type\":\"ListItem\",\"position\":2,\"name\":\"Merenda escolar no Acre: Rep\u00fablica das Rosquinhas\"}]},{\"@type\":\"WebSite\",\"@id\":\"https:\/\/nk7-testes.com.br\/agazeta\/#website\",\"url\":\"https:\/\/nk7-testes.com.br\/agazeta\/\",\"name\":\"Agazeta.net\",\"description\":\"Agazeta.net - Not\u00edcias de Rio Branco\/AC\",\"potentialAction\":[{\"@type\":\"SearchAction\",\"target\":{\"@type\":\"EntryPoint\",\"urlTemplate\":\"https:\/\/nk7-testes.com.br\/agazeta\/?s={search_term_string}\"},\"query-input\":{\"@type\":\"PropertyValueSpecification\",\"valueRequired\":true,\"valueName\":\"search_term_string\"}}],\"inLanguage\":\"pt-BR\"},{\"@type\":\"Person\",\"@id\":\"https:\/\/nk7-testes.com.br\/agazeta\/#\/schema\/person\/ff6b39d54d6973bfc57f4140f659b23f\",\"name\":\"Agazeta.Net\",\"url\":\"https:\/\/nk7-testes.com.br\/agazeta\/author\/agazeta\/\"}]}<\/script>\n<!-- \/ Yoast SEO plugin. -->","yoast_head_json":{"title":"Merenda escolar no Acre: Rep\u00fablica das Rosquinhas - Agazeta.net","robots":{"index":"index","follow":"follow","max-snippet":"max-snippet:-1","max-image-preview":"max-image-preview:large","max-video-preview":"max-video-preview:-1"},"canonical":"https:\/\/nk7-testes.com.br\/agazeta\/merenda-escolar-no-acre-republica-das-rosquinhas\/","og_locale":"pt_BR","og_type":"article","og_title":"Merenda escolar no Acre: Rep\u00fablica das Rosquinhas - Agazeta.net","og_description":"Relat\u00f3rio do TCU aponta irregularidades na gest\u00e3o","og_url":"https:\/\/nk7-testes.com.br\/agazeta\/merenda-escolar-no-acre-republica-das-rosquinhas\/","og_site_name":"Agazeta.net","article_published_time":"2016-10-05T20:54:12+00:00","og_image":[{"width":458,"height":340,"url":"https:\/\/nk7-testes.com.br\/agazeta\/wp-content\/uploads\/2016\/10\/051016-cotidiano-rosquinhasmiragina-tvgazeta.jpg","type":"image\/jpeg"}],"author":"Agazeta.Net","twitter_card":"summary_large_image","twitter_misc":{"Escrito por":"Agazeta.Net","Est. tempo de leitura":"6 minutos"},"schema":{"@context":"https:\/\/schema.org","@graph":[{"@type":"WebPage","@id":"https:\/\/nk7-testes.com.br\/agazeta\/merenda-escolar-no-acre-republica-das-rosquinhas\/","url":"https:\/\/nk7-testes.com.br\/agazeta\/merenda-escolar-no-acre-republica-das-rosquinhas\/","name":"Merenda escolar no Acre: Rep\u00fablica das Rosquinhas - Agazeta.net","isPartOf":{"@id":"https:\/\/nk7-testes.com.br\/agazeta\/#website"},"primaryImageOfPage":{"@id":"https:\/\/nk7-testes.com.br\/agazeta\/merenda-escolar-no-acre-republica-das-rosquinhas\/#primaryimage"},"image":{"@id":"https:\/\/nk7-testes.com.br\/agazeta\/merenda-escolar-no-acre-republica-das-rosquinhas\/#primaryimage"},"thumbnailUrl":"https:\/\/nk7-testes.com.br\/agazeta\/wp-content\/uploads\/2016\/10\/051016-cotidiano-rosquinhasmiragina-tvgazeta.jpg","datePublished":"2016-10-05T20:54:12+00:00","author":{"@id":"https:\/\/nk7-testes.com.br\/agazeta\/#\/schema\/person\/ff6b39d54d6973bfc57f4140f659b23f"},"breadcrumb":{"@id":"https:\/\/nk7-testes.com.br\/agazeta\/merenda-escolar-no-acre-republica-das-rosquinhas\/#breadcrumb"},"inLanguage":"pt-BR","potentialAction":[{"@type":"ReadAction","target":["https:\/\/nk7-testes.com.br\/agazeta\/merenda-escolar-no-acre-republica-das-rosquinhas\/"]}]},{"@type":"ImageObject","inLanguage":"pt-BR","@id":"https:\/\/nk7-testes.com.br\/agazeta\/merenda-escolar-no-acre-republica-das-rosquinhas\/#primaryimage","url":"https:\/\/nk7-testes.com.br\/agazeta\/wp-content\/uploads\/2016\/10\/051016-cotidiano-rosquinhasmiragina-tvgazeta.jpg","contentUrl":"https:\/\/nk7-testes.com.br\/agazeta\/wp-content\/uploads\/2016\/10\/051016-cotidiano-rosquinhasmiragina-tvgazeta.jpg","width":458,"height":340,"caption":"051016-cotidiano-rosquinhasmiragina-tvgazeta"},{"@type":"BreadcrumbList","@id":"https:\/\/nk7-testes.com.br\/agazeta\/merenda-escolar-no-acre-republica-das-rosquinhas\/#breadcrumb","itemListElement":[{"@type":"ListItem","position":1,"name":"In\u00edcio","item":"https:\/\/nk7-testes.com.br\/agazeta\/"},{"@type":"ListItem","position":2,"name":"Merenda escolar no Acre: Rep\u00fablica das Rosquinhas"}]},{"@type":"WebSite","@id":"https:\/\/nk7-testes.com.br\/agazeta\/#website","url":"https:\/\/nk7-testes.com.br\/agazeta\/","name":"Agazeta.net","description":"Agazeta.net - Not\u00edcias de Rio Branco\/AC","potentialAction":[{"@type":"SearchAction","target":{"@type":"EntryPoint","urlTemplate":"https:\/\/nk7-testes.com.br\/agazeta\/?s={search_term_string}"},"query-input":{"@type":"PropertyValueSpecification","valueRequired":true,"valueName":"search_term_string"}}],"inLanguage":"pt-BR"},{"@type":"Person","@id":"https:\/\/nk7-testes.com.br\/agazeta\/#\/schema\/person\/ff6b39d54d6973bfc57f4140f659b23f","name":"Agazeta.Net","url":"https:\/\/nk7-testes.com.br\/agazeta\/author\/agazeta\/"}]}},"_links":{"self":[{"href":"https:\/\/nk7-testes.com.br\/agazeta\/wp-json\/wp\/v2\/posts\/25673","targetHints":{"allow":["GET"]}}],"collection":[{"href":"https:\/\/nk7-testes.com.br\/agazeta\/wp-json\/wp\/v2\/posts"}],"about":[{"href":"https:\/\/nk7-testes.com.br\/agazeta\/wp-json\/wp\/v2\/types\/post"}],"author":[{"embeddable":true,"href":"https:\/\/nk7-testes.com.br\/agazeta\/wp-json\/wp\/v2\/users\/4"}],"replies":[{"embeddable":true,"href":"https:\/\/nk7-testes.com.br\/agazeta\/wp-json\/wp\/v2\/comments?post=25673"}],"version-history":[{"count":0,"href":"https:\/\/nk7-testes.com.br\/agazeta\/wp-json\/wp\/v2\/posts\/25673\/revisions"}],"wp:featuredmedia":[{"embeddable":true,"href":"https:\/\/nk7-testes.com.br\/agazeta\/wp-json\/wp\/v2\/media\/25672"}],"wp:attachment":[{"href":"https:\/\/nk7-testes.com.br\/agazeta\/wp-json\/wp\/v2\/media?parent=25673"}],"wp:term":[{"taxonomy":"category","embeddable":true,"href":"https:\/\/nk7-testes.com.br\/agazeta\/wp-json\/wp\/v2\/categories?post=25673"},{"taxonomy":"post_tag","embeddable":true,"href":"https:\/\/nk7-testes.com.br\/agazeta\/wp-json\/wp\/v2\/tags?post=25673"}],"curies":[{"name":"wp","href":"https:\/\/api.w.org\/{rel}","templated":true}]}}