{"id":25657,"date":"2016-10-05T16:16:24","date_gmt":"2016-10-05T16:16:24","guid":{"rendered":"https:\/\/abarevegan.com.br\/index.php\/2016\/10\/05\/comecam-inscricoes-para-leilao-publico-de-veiculos\/"},"modified":"2016-10-05T16:16:24","modified_gmt":"2016-10-05T16:16:24","slug":"comecam-inscricoes-para-leilao-publico-de-veiculos","status":"publish","type":"post","link":"https:\/\/nk7-testes.com.br\/agazeta\/comecam-inscricoes-para-leilao-publico-de-veiculos\/","title":{"rendered":"Come\u00e7am inscri\u00e7\u00f5es para leil\u00e3o p\u00fablico de ve\u00edculos"},"content":{"rendered":"<p style=\"text-align: justify;\">Carros e motos apreendidos em Rio Branco<\/p>\n<p style=\"text-align: justify;\">O leil\u00e3o p\u00fablico de ve\u00edculos apreendidos em Rio Branco realizado pelo Departamento Estadual de Tr\u00e2nsito do Acre (Detran\/AC), que ser\u00e1 realizado no dia 14 de outubro, est\u00e1 com inscri\u00e7\u00f5es abertas a partir desta ter\u00e7a-feira, 4, e segue at\u00e9 o dia 13.<br \/>O leil\u00e3o ser\u00e1 a partir das 15 horas, nas depend\u00eancias do Parque de Exposi\u00e7\u00f5es Marechal Castelo Branco, localizado na Rodovia AC-40, bairro Vila Acre.<\/p>\n<p style=\"text-align: justify;\">De acordo com a presidente da comiss\u00e3o permanente de leil\u00f5es, Ana Ta\u00eds Mello, os <br \/>interessados em participar do certame devem realizar o cadastramento no site da Leiloeira Oficial.<\/p>\n<p style=\"text-align: justify;\">\u201c\u00c9 importante destacar que o cadastro no site \u00e9 a primeira etapa da inscri\u00e7\u00e3o. Depois \u00e9 necess\u00e1rio realizar a visita\u00e7\u00e3o dos ve\u00edculos que ir\u00e3o a leil\u00e3o, para que a inscri\u00e7\u00e3o seja efetivada. Durante a visita, o participante n\u00e3o pode manusear os ve\u00edculos, \u00e9 apenas uma inspe\u00e7\u00e3o visual\u201d, esclarece Ana Ta\u00eds.<\/p>\n<p style=\"text-align: justify;\">Os lotes estar\u00e3o expostos para visita\u00e7\u00e3o no P\u00e1tio de Ve\u00edculos Apreendidos do Detran, situado na BR- 364, Km 8, n\u00ba 7.770, Distrito Industrial, nos dias 10, 11 e 13 deste m\u00eas, das 8 \u00e0s 12 e das 14 \u00e0s 16 horas.<\/p>\n<p style=\"text-align: justify;\">Ao todo, est\u00e3o dispon\u00edveis 774 lotes de ve\u00edculos em estado conservado aptos a circula\u00e7\u00e3o e 12 lotes de sucata. Os bens ser\u00e3o vendidos \u00e0 vista, no estado de conserva\u00e7\u00e3o em que se encontram a quem oferecer o maior lance. Qualquer pessoa, f\u00edsica ou jur\u00eddica, pode participar. O edital pode ser acessado no site do Detran.<\/p>\n","protected":false},"excerpt":{"rendered":"<p style=\"text-align: justify;\">Carros e motos apreendidos em Rio Branco<\/p>\n","protected":false},"author":4,"featured_media":25656,"comment_status":"open","ping_status":"open","sticky":false,"template":"","format":"standard","meta":{"jnews-multi-image_gallery":[],"jnews_single_post":[],"jnews_primary_category":[],"jnews_social_meta":[],"jnews_review":[],"enable_review":"","type":"","name":"","summary":"","brand":"","sku":"","good":[],"bad":[],"score_override":"","override_value":"","rating":[],"price":[],"footnotes":""},"categories":[54],"tags":[],"class_list":["post-25657","post","type-post","status-publish","format-standard","has-post-thumbnail","hentry","category-cotidiano"],"yoast_head":"<!-- This site is optimized with the Yoast SEO plugin v26.5 - https:\/\/yoast.com\/wordpress\/plugins\/seo\/ -->\n<title>Come\u00e7am inscri\u00e7\u00f5es para leil\u00e3o p\u00fablico de ve\u00edculos - Agazeta.net<\/title>\n<meta name=\"robots\" content=\"index, follow, max-snippet:-1, max-image-preview:large, max-video-preview:-1\" \/>\n<link rel=\"canonical\" href=\"https:\/\/nk7-testes.com.br\/agazeta\/comecam-inscricoes-para-leilao-publico-de-veiculos\/\" \/>\n<meta property=\"og:locale\" content=\"pt_BR\" \/>\n<meta property=\"og:type\" content=\"article\" \/>\n<meta property=\"og:title\" content=\"Come\u00e7am inscri\u00e7\u00f5es para leil\u00e3o p\u00fablico de ve\u00edculos - Agazeta.net\" \/>\n<meta property=\"og:description\" content=\"Carros e motos apreendidos em Rio Branco\" \/>\n<meta property=\"og:url\" content=\"https:\/\/nk7-testes.com.br\/agazeta\/comecam-inscricoes-para-leilao-publico-de-veiculos\/\" \/>\n<meta property=\"og:site_name\" content=\"Agazeta.net\" \/>\n<meta property=\"article:published_time\" content=\"2016-10-05T16:16:24+00:00\" \/>\n<meta property=\"og:image\" content=\"https:\/\/nk7-testes.com.br\/agazeta\/wp-content\/uploads\/2016\/10\/051016-cotidiano-carrosmotosleilao-pamelaalmeida.jpg\" \/>\n\t<meta property=\"og:image:width\" content=\"458\" \/>\n\t<meta property=\"og:image:height\" content=\"340\" \/>\n\t<meta property=\"og:image:type\" content=\"image\/jpeg\" \/>\n<meta name=\"author\" content=\"Agazeta.Net\" \/>\n<meta name=\"twitter:card\" content=\"summary_large_image\" \/>\n<meta name=\"twitter:label1\" content=\"Escrito por\" \/>\n\t<meta name=\"twitter:data1\" content=\"Agazeta.Net\" \/>\n\t<meta name=\"twitter:label2\" content=\"Est. tempo de leitura\" \/>\n\t<meta name=\"twitter:data2\" content=\"1 minuto\" \/>\n<script type=\"application\/ld+json\" class=\"yoast-schema-graph\">{\"@context\":\"https:\/\/schema.org\",\"@graph\":[{\"@type\":\"WebPage\",\"@id\":\"https:\/\/nk7-testes.com.br\/agazeta\/comecam-inscricoes-para-leilao-publico-de-veiculos\/\",\"url\":\"https:\/\/nk7-testes.com.br\/agazeta\/comecam-inscricoes-para-leilao-publico-de-veiculos\/\",\"name\":\"Come\u00e7am inscri\u00e7\u00f5es para leil\u00e3o p\u00fablico de ve\u00edculos - Agazeta.net\",\"isPartOf\":{\"@id\":\"https:\/\/nk7-testes.com.br\/agazeta\/#website\"},\"primaryImageOfPage\":{\"@id\":\"https:\/\/nk7-testes.com.br\/agazeta\/comecam-inscricoes-para-leilao-publico-de-veiculos\/#primaryimage\"},\"image\":{\"@id\":\"https:\/\/nk7-testes.com.br\/agazeta\/comecam-inscricoes-para-leilao-publico-de-veiculos\/#primaryimage\"},\"thumbnailUrl\":\"https:\/\/nk7-testes.com.br\/agazeta\/wp-content\/uploads\/2016\/10\/051016-cotidiano-carrosmotosleilao-pamelaalmeida.jpg\",\"datePublished\":\"2016-10-05T16:16:24+00:00\",\"author\":{\"@id\":\"https:\/\/nk7-testes.com.br\/agazeta\/#\/schema\/person\/ff6b39d54d6973bfc57f4140f659b23f\"},\"breadcrumb\":{\"@id\":\"https:\/\/nk7-testes.com.br\/agazeta\/comecam-inscricoes-para-leilao-publico-de-veiculos\/#breadcrumb\"},\"inLanguage\":\"pt-BR\",\"potentialAction\":[{\"@type\":\"ReadAction\",\"target\":[\"https:\/\/nk7-testes.com.br\/agazeta\/comecam-inscricoes-para-leilao-publico-de-veiculos\/\"]}]},{\"@type\":\"ImageObject\",\"inLanguage\":\"pt-BR\",\"@id\":\"https:\/\/nk7-testes.com.br\/agazeta\/comecam-inscricoes-para-leilao-publico-de-veiculos\/#primaryimage\",\"url\":\"https:\/\/nk7-testes.com.br\/agazeta\/wp-content\/uploads\/2016\/10\/051016-cotidiano-carrosmotosleilao-pamelaalmeida.jpg\",\"contentUrl\":\"https:\/\/nk7-testes.com.br\/agazeta\/wp-content\/uploads\/2016\/10\/051016-cotidiano-carrosmotosleilao-pamelaalmeida.jpg\",\"width\":458,\"height\":340,\"caption\":\"051016-cotidiano-carrosmotosleilao-pamelaalmeida\"},{\"@type\":\"BreadcrumbList\",\"@id\":\"https:\/\/nk7-testes.com.br\/agazeta\/comecam-inscricoes-para-leilao-publico-de-veiculos\/#breadcrumb\",\"itemListElement\":[{\"@type\":\"ListItem\",\"position\":1,\"name\":\"In\u00edcio\",\"item\":\"https:\/\/nk7-testes.com.br\/agazeta\/\"},{\"@type\":\"ListItem\",\"position\":2,\"name\":\"Come\u00e7am inscri\u00e7\u00f5es para leil\u00e3o p\u00fablico de ve\u00edculos\"}]},{\"@type\":\"WebSite\",\"@id\":\"https:\/\/nk7-testes.com.br\/agazeta\/#website\",\"url\":\"https:\/\/nk7-testes.com.br\/agazeta\/\",\"name\":\"Agazeta.net\",\"description\":\"Agazeta.net - Not\u00edcias de Rio Branco\/AC\",\"potentialAction\":[{\"@type\":\"SearchAction\",\"target\":{\"@type\":\"EntryPoint\",\"urlTemplate\":\"https:\/\/nk7-testes.com.br\/agazeta\/?s={search_term_string}\"},\"query-input\":{\"@type\":\"PropertyValueSpecification\",\"valueRequired\":true,\"valueName\":\"search_term_string\"}}],\"inLanguage\":\"pt-BR\"},{\"@type\":\"Person\",\"@id\":\"https:\/\/nk7-testes.com.br\/agazeta\/#\/schema\/person\/ff6b39d54d6973bfc57f4140f659b23f\",\"name\":\"Agazeta.Net\",\"url\":\"https:\/\/nk7-testes.com.br\/agazeta\/author\/agazeta\/\"}]}<\/script>\n<!-- \/ Yoast SEO plugin. -->","yoast_head_json":{"title":"Come\u00e7am inscri\u00e7\u00f5es para leil\u00e3o p\u00fablico de ve\u00edculos - Agazeta.net","robots":{"index":"index","follow":"follow","max-snippet":"max-snippet:-1","max-image-preview":"max-image-preview:large","max-video-preview":"max-video-preview:-1"},"canonical":"https:\/\/nk7-testes.com.br\/agazeta\/comecam-inscricoes-para-leilao-publico-de-veiculos\/","og_locale":"pt_BR","og_type":"article","og_title":"Come\u00e7am inscri\u00e7\u00f5es para leil\u00e3o p\u00fablico de ve\u00edculos - Agazeta.net","og_description":"Carros e motos apreendidos em Rio Branco","og_url":"https:\/\/nk7-testes.com.br\/agazeta\/comecam-inscricoes-para-leilao-publico-de-veiculos\/","og_site_name":"Agazeta.net","article_published_time":"2016-10-05T16:16:24+00:00","og_image":[{"width":458,"height":340,"url":"https:\/\/nk7-testes.com.br\/agazeta\/wp-content\/uploads\/2016\/10\/051016-cotidiano-carrosmotosleilao-pamelaalmeida.jpg","type":"image\/jpeg"}],"author":"Agazeta.Net","twitter_card":"summary_large_image","twitter_misc":{"Escrito por":"Agazeta.Net","Est. tempo de leitura":"1 minuto"},"schema":{"@context":"https:\/\/schema.org","@graph":[{"@type":"WebPage","@id":"https:\/\/nk7-testes.com.br\/agazeta\/comecam-inscricoes-para-leilao-publico-de-veiculos\/","url":"https:\/\/nk7-testes.com.br\/agazeta\/comecam-inscricoes-para-leilao-publico-de-veiculos\/","name":"Come\u00e7am inscri\u00e7\u00f5es para leil\u00e3o p\u00fablico de ve\u00edculos - Agazeta.net","isPartOf":{"@id":"https:\/\/nk7-testes.com.br\/agazeta\/#website"},"primaryImageOfPage":{"@id":"https:\/\/nk7-testes.com.br\/agazeta\/comecam-inscricoes-para-leilao-publico-de-veiculos\/#primaryimage"},"image":{"@id":"https:\/\/nk7-testes.com.br\/agazeta\/comecam-inscricoes-para-leilao-publico-de-veiculos\/#primaryimage"},"thumbnailUrl":"https:\/\/nk7-testes.com.br\/agazeta\/wp-content\/uploads\/2016\/10\/051016-cotidiano-carrosmotosleilao-pamelaalmeida.jpg","datePublished":"2016-10-05T16:16:24+00:00","author":{"@id":"https:\/\/nk7-testes.com.br\/agazeta\/#\/schema\/person\/ff6b39d54d6973bfc57f4140f659b23f"},"breadcrumb":{"@id":"https:\/\/nk7-testes.com.br\/agazeta\/comecam-inscricoes-para-leilao-publico-de-veiculos\/#breadcrumb"},"inLanguage":"pt-BR","potentialAction":[{"@type":"ReadAction","target":["https:\/\/nk7-testes.com.br\/agazeta\/comecam-inscricoes-para-leilao-publico-de-veiculos\/"]}]},{"@type":"ImageObject","inLanguage":"pt-BR","@id":"https:\/\/nk7-testes.com.br\/agazeta\/comecam-inscricoes-para-leilao-publico-de-veiculos\/#primaryimage","url":"https:\/\/nk7-testes.com.br\/agazeta\/wp-content\/uploads\/2016\/10\/051016-cotidiano-carrosmotosleilao-pamelaalmeida.jpg","contentUrl":"https:\/\/nk7-testes.com.br\/agazeta\/wp-content\/uploads\/2016\/10\/051016-cotidiano-carrosmotosleilao-pamelaalmeida.jpg","width":458,"height":340,"caption":"051016-cotidiano-carrosmotosleilao-pamelaalmeida"},{"@type":"BreadcrumbList","@id":"https:\/\/nk7-testes.com.br\/agazeta\/comecam-inscricoes-para-leilao-publico-de-veiculos\/#breadcrumb","itemListElement":[{"@type":"ListItem","position":1,"name":"In\u00edcio","item":"https:\/\/nk7-testes.com.br\/agazeta\/"},{"@type":"ListItem","position":2,"name":"Come\u00e7am inscri\u00e7\u00f5es para leil\u00e3o p\u00fablico de ve\u00edculos"}]},{"@type":"WebSite","@id":"https:\/\/nk7-testes.com.br\/agazeta\/#website","url":"https:\/\/nk7-testes.com.br\/agazeta\/","name":"Agazeta.net","description":"Agazeta.net - Not\u00edcias de Rio Branco\/AC","potentialAction":[{"@type":"SearchAction","target":{"@type":"EntryPoint","urlTemplate":"https:\/\/nk7-testes.com.br\/agazeta\/?s={search_term_string}"},"query-input":{"@type":"PropertyValueSpecification","valueRequired":true,"valueName":"search_term_string"}}],"inLanguage":"pt-BR"},{"@type":"Person","@id":"https:\/\/nk7-testes.com.br\/agazeta\/#\/schema\/person\/ff6b39d54d6973bfc57f4140f659b23f","name":"Agazeta.Net","url":"https:\/\/nk7-testes.com.br\/agazeta\/author\/agazeta\/"}]}},"_links":{"self":[{"href":"https:\/\/nk7-testes.com.br\/agazeta\/wp-json\/wp\/v2\/posts\/25657","targetHints":{"allow":["GET"]}}],"collection":[{"href":"https:\/\/nk7-testes.com.br\/agazeta\/wp-json\/wp\/v2\/posts"}],"about":[{"href":"https:\/\/nk7-testes.com.br\/agazeta\/wp-json\/wp\/v2\/types\/post"}],"author":[{"embeddable":true,"href":"https:\/\/nk7-testes.com.br\/agazeta\/wp-json\/wp\/v2\/users\/4"}],"replies":[{"embeddable":true,"href":"https:\/\/nk7-testes.com.br\/agazeta\/wp-json\/wp\/v2\/comments?post=25657"}],"version-history":[{"count":0,"href":"https:\/\/nk7-testes.com.br\/agazeta\/wp-json\/wp\/v2\/posts\/25657\/revisions"}],"wp:featuredmedia":[{"embeddable":true,"href":"https:\/\/nk7-testes.com.br\/agazeta\/wp-json\/wp\/v2\/media\/25656"}],"wp:attachment":[{"href":"https:\/\/nk7-testes.com.br\/agazeta\/wp-json\/wp\/v2\/media?parent=25657"}],"wp:term":[{"taxonomy":"category","embeddable":true,"href":"https:\/\/nk7-testes.com.br\/agazeta\/wp-json\/wp\/v2\/categories?post=25657"},{"taxonomy":"post_tag","embeddable":true,"href":"https:\/\/nk7-testes.com.br\/agazeta\/wp-json\/wp\/v2\/tags?post=25657"}],"curies":[{"name":"wp","href":"https:\/\/api.w.org\/{rel}","templated":true}]}}