{"id":25653,"date":"2016-10-05T15:20:31","date_gmt":"2016-10-05T15:20:31","guid":{"rendered":"https:\/\/abarevegan.com.br\/index.php\/2016\/10\/05\/instituto-sao-jose-e-a-primeira-escola-estadual-do-enem\/"},"modified":"2016-10-05T15:20:31","modified_gmt":"2016-10-05T15:20:31","slug":"instituto-sao-jose-e-a-primeira-escola-estadual-do-enem","status":"publish","type":"post","link":"https:\/\/nk7-testes.com.br\/agazeta\/instituto-sao-jose-e-a-primeira-escola-estadual-do-enem\/","title":{"rendered":"Instituto S\u00e3o Jos\u00e9 \u00e9 a primeira escola estadual do Enem"},"content":{"rendered":"<p style=\"text-align: justify;\">Rela\u00e7\u00e3o \u00e9 apenas um ranking socioecon\u00f4mico<\/p>\n<p style=\"text-align: justify;\">O Instituto S\u00e3o Jos\u00e9 foi a primeira colocada entre as escolas estaduais do Acre, seguida da Escola Estadual Jos\u00e9 Rodrigues Leite. Quando se inclui as institui\u00e7\u00f5es federais entre as \u201cescolas p\u00fablicas\u201d, o S\u00e3o Jos\u00e9 perde a dianteira para o Col\u00e9gio de Aplica\u00e7\u00e3o, vinculado \u00e0 Universidade Federal do Acre. O Col\u00e9gio de Aplica\u00e7\u00e3o tirou nota 520,60 e ocupa a 8\u00aa coloca\u00e7\u00e3o estadual e a 5530\u00aa nacional.<\/p>\n<p style=\"text-align: justify;\">As escolas privadas tiveram desempenho melhor: oito entre as 10 primeiras colocadas s\u00e3o escolas particulares. O destaque vai para o col\u00e9gio Sigma (de rede privada), que com a m\u00e9dia 602,64 nas provas objetivas, alcan\u00e7a o primeiro lugar do Estado e \u00e9 a \u00fanica institui\u00e7\u00e3o do Acre entre as mil melhores avaliadas do pa\u00eds, na 976\u00aa posi\u00e7\u00e3o a n\u00edvel nacional.<\/p>\n<p style=\"text-align: justify;\">A l\u00f3gica da performance das escolas acrianas \u00e9 a mesma do restante do pa\u00eds: a rela\u00e7\u00e3o do Enem espelha um ranking socioecon\u00f4mico e n\u00e3o necessariamente a avalia\u00e7\u00e3o da qualidade do Ensino aplicado em cada unidade escolar.<\/p>\n","protected":false},"excerpt":{"rendered":"<p style=\"text-align: justify;\">Rela\u00e7\u00e3o \u00e9 apenas um ranking socioecon\u00f4mico<\/p>\n","protected":false},"author":4,"featured_media":25652,"comment_status":"open","ping_status":"open","sticky":false,"template":"","format":"standard","meta":{"jnews-multi-image_gallery":[],"jnews_single_post":[],"jnews_primary_category":[],"jnews_social_meta":[],"jnews_review":[],"enable_review":"","type":"","name":"","summary":"","brand":"","sku":"","good":[],"bad":[],"score_override":"","override_value":"","rating":[],"price":[],"footnotes":""},"categories":[54],"tags":[],"class_list":["post-25653","post","type-post","status-publish","format-standard","has-post-thumbnail","hentry","category-cotidiano"],"yoast_head":"<!-- This site is optimized with the Yoast SEO plugin v26.5 - https:\/\/yoast.com\/wordpress\/plugins\/seo\/ -->\n<title>Instituto S\u00e3o Jos\u00e9 \u00e9 a primeira escola estadual do Enem - Agazeta.net<\/title>\n<meta name=\"robots\" content=\"index, follow, max-snippet:-1, max-image-preview:large, max-video-preview:-1\" \/>\n<link rel=\"canonical\" href=\"https:\/\/nk7-testes.com.br\/agazeta\/instituto-sao-jose-e-a-primeira-escola-estadual-do-enem\/\" \/>\n<meta property=\"og:locale\" content=\"pt_BR\" \/>\n<meta property=\"og:type\" content=\"article\" \/>\n<meta property=\"og:title\" content=\"Instituto S\u00e3o Jos\u00e9 \u00e9 a primeira escola estadual do Enem - Agazeta.net\" \/>\n<meta property=\"og:description\" content=\"Rela\u00e7\u00e3o \u00e9 apenas um ranking socioecon\u00f4mico\" \/>\n<meta property=\"og:url\" content=\"https:\/\/nk7-testes.com.br\/agazeta\/instituto-sao-jose-e-a-primeira-escola-estadual-do-enem\/\" \/>\n<meta property=\"og:site_name\" content=\"Agazeta.net\" \/>\n<meta property=\"article:published_time\" content=\"2016-10-05T15:20:31+00:00\" \/>\n<meta property=\"og:image\" content=\"https:\/\/nk7-testes.com.br\/agazeta\/wp-content\/uploads\/2016\/10\/051016-cotidiano-ensinomedio-cedida.jpg\" \/>\n\t<meta property=\"og:image:width\" content=\"458\" \/>\n\t<meta property=\"og:image:height\" content=\"340\" \/>\n\t<meta property=\"og:image:type\" content=\"image\/jpeg\" \/>\n<meta name=\"author\" content=\"Agazeta.Net\" \/>\n<meta name=\"twitter:card\" content=\"summary_large_image\" \/>\n<meta name=\"twitter:label1\" content=\"Escrito por\" \/>\n\t<meta name=\"twitter:data1\" content=\"Agazeta.Net\" \/>\n\t<meta name=\"twitter:label2\" content=\"Est. tempo de leitura\" \/>\n\t<meta name=\"twitter:data2\" content=\"1 minuto\" \/>\n<script type=\"application\/ld+json\" class=\"yoast-schema-graph\">{\"@context\":\"https:\/\/schema.org\",\"@graph\":[{\"@type\":\"WebPage\",\"@id\":\"https:\/\/nk7-testes.com.br\/agazeta\/instituto-sao-jose-e-a-primeira-escola-estadual-do-enem\/\",\"url\":\"https:\/\/nk7-testes.com.br\/agazeta\/instituto-sao-jose-e-a-primeira-escola-estadual-do-enem\/\",\"name\":\"Instituto S\u00e3o Jos\u00e9 \u00e9 a primeira escola estadual do Enem - Agazeta.net\",\"isPartOf\":{\"@id\":\"https:\/\/nk7-testes.com.br\/agazeta\/#website\"},\"primaryImageOfPage\":{\"@id\":\"https:\/\/nk7-testes.com.br\/agazeta\/instituto-sao-jose-e-a-primeira-escola-estadual-do-enem\/#primaryimage\"},\"image\":{\"@id\":\"https:\/\/nk7-testes.com.br\/agazeta\/instituto-sao-jose-e-a-primeira-escola-estadual-do-enem\/#primaryimage\"},\"thumbnailUrl\":\"https:\/\/nk7-testes.com.br\/agazeta\/wp-content\/uploads\/2016\/10\/051016-cotidiano-ensinomedio-cedida.jpg\",\"datePublished\":\"2016-10-05T15:20:31+00:00\",\"author\":{\"@id\":\"https:\/\/nk7-testes.com.br\/agazeta\/#\/schema\/person\/ff6b39d54d6973bfc57f4140f659b23f\"},\"breadcrumb\":{\"@id\":\"https:\/\/nk7-testes.com.br\/agazeta\/instituto-sao-jose-e-a-primeira-escola-estadual-do-enem\/#breadcrumb\"},\"inLanguage\":\"pt-BR\",\"potentialAction\":[{\"@type\":\"ReadAction\",\"target\":[\"https:\/\/nk7-testes.com.br\/agazeta\/instituto-sao-jose-e-a-primeira-escola-estadual-do-enem\/\"]}]},{\"@type\":\"ImageObject\",\"inLanguage\":\"pt-BR\",\"@id\":\"https:\/\/nk7-testes.com.br\/agazeta\/instituto-sao-jose-e-a-primeira-escola-estadual-do-enem\/#primaryimage\",\"url\":\"https:\/\/nk7-testes.com.br\/agazeta\/wp-content\/uploads\/2016\/10\/051016-cotidiano-ensinomedio-cedida.jpg\",\"contentUrl\":\"https:\/\/nk7-testes.com.br\/agazeta\/wp-content\/uploads\/2016\/10\/051016-cotidiano-ensinomedio-cedida.jpg\",\"width\":458,\"height\":340,\"caption\":\"051016-cotidiano-ensinomedio-cedida\"},{\"@type\":\"BreadcrumbList\",\"@id\":\"https:\/\/nk7-testes.com.br\/agazeta\/instituto-sao-jose-e-a-primeira-escola-estadual-do-enem\/#breadcrumb\",\"itemListElement\":[{\"@type\":\"ListItem\",\"position\":1,\"name\":\"In\u00edcio\",\"item\":\"https:\/\/nk7-testes.com.br\/agazeta\/\"},{\"@type\":\"ListItem\",\"position\":2,\"name\":\"Instituto S\u00e3o Jos\u00e9 \u00e9 a primeira escola estadual do Enem\"}]},{\"@type\":\"WebSite\",\"@id\":\"https:\/\/nk7-testes.com.br\/agazeta\/#website\",\"url\":\"https:\/\/nk7-testes.com.br\/agazeta\/\",\"name\":\"Agazeta.net\",\"description\":\"Agazeta.net - Not\u00edcias de Rio Branco\/AC\",\"potentialAction\":[{\"@type\":\"SearchAction\",\"target\":{\"@type\":\"EntryPoint\",\"urlTemplate\":\"https:\/\/nk7-testes.com.br\/agazeta\/?s={search_term_string}\"},\"query-input\":{\"@type\":\"PropertyValueSpecification\",\"valueRequired\":true,\"valueName\":\"search_term_string\"}}],\"inLanguage\":\"pt-BR\"},{\"@type\":\"Person\",\"@id\":\"https:\/\/nk7-testes.com.br\/agazeta\/#\/schema\/person\/ff6b39d54d6973bfc57f4140f659b23f\",\"name\":\"Agazeta.Net\",\"url\":\"https:\/\/nk7-testes.com.br\/agazeta\/author\/agazeta\/\"}]}<\/script>\n<!-- \/ Yoast SEO plugin. -->","yoast_head_json":{"title":"Instituto S\u00e3o Jos\u00e9 \u00e9 a primeira escola estadual do Enem - Agazeta.net","robots":{"index":"index","follow":"follow","max-snippet":"max-snippet:-1","max-image-preview":"max-image-preview:large","max-video-preview":"max-video-preview:-1"},"canonical":"https:\/\/nk7-testes.com.br\/agazeta\/instituto-sao-jose-e-a-primeira-escola-estadual-do-enem\/","og_locale":"pt_BR","og_type":"article","og_title":"Instituto S\u00e3o Jos\u00e9 \u00e9 a primeira escola estadual do Enem - Agazeta.net","og_description":"Rela\u00e7\u00e3o \u00e9 apenas um ranking socioecon\u00f4mico","og_url":"https:\/\/nk7-testes.com.br\/agazeta\/instituto-sao-jose-e-a-primeira-escola-estadual-do-enem\/","og_site_name":"Agazeta.net","article_published_time":"2016-10-05T15:20:31+00:00","og_image":[{"width":458,"height":340,"url":"https:\/\/nk7-testes.com.br\/agazeta\/wp-content\/uploads\/2016\/10\/051016-cotidiano-ensinomedio-cedida.jpg","type":"image\/jpeg"}],"author":"Agazeta.Net","twitter_card":"summary_large_image","twitter_misc":{"Escrito por":"Agazeta.Net","Est. tempo de leitura":"1 minuto"},"schema":{"@context":"https:\/\/schema.org","@graph":[{"@type":"WebPage","@id":"https:\/\/nk7-testes.com.br\/agazeta\/instituto-sao-jose-e-a-primeira-escola-estadual-do-enem\/","url":"https:\/\/nk7-testes.com.br\/agazeta\/instituto-sao-jose-e-a-primeira-escola-estadual-do-enem\/","name":"Instituto S\u00e3o Jos\u00e9 \u00e9 a primeira escola estadual do Enem - Agazeta.net","isPartOf":{"@id":"https:\/\/nk7-testes.com.br\/agazeta\/#website"},"primaryImageOfPage":{"@id":"https:\/\/nk7-testes.com.br\/agazeta\/instituto-sao-jose-e-a-primeira-escola-estadual-do-enem\/#primaryimage"},"image":{"@id":"https:\/\/nk7-testes.com.br\/agazeta\/instituto-sao-jose-e-a-primeira-escola-estadual-do-enem\/#primaryimage"},"thumbnailUrl":"https:\/\/nk7-testes.com.br\/agazeta\/wp-content\/uploads\/2016\/10\/051016-cotidiano-ensinomedio-cedida.jpg","datePublished":"2016-10-05T15:20:31+00:00","author":{"@id":"https:\/\/nk7-testes.com.br\/agazeta\/#\/schema\/person\/ff6b39d54d6973bfc57f4140f659b23f"},"breadcrumb":{"@id":"https:\/\/nk7-testes.com.br\/agazeta\/instituto-sao-jose-e-a-primeira-escola-estadual-do-enem\/#breadcrumb"},"inLanguage":"pt-BR","potentialAction":[{"@type":"ReadAction","target":["https:\/\/nk7-testes.com.br\/agazeta\/instituto-sao-jose-e-a-primeira-escola-estadual-do-enem\/"]}]},{"@type":"ImageObject","inLanguage":"pt-BR","@id":"https:\/\/nk7-testes.com.br\/agazeta\/instituto-sao-jose-e-a-primeira-escola-estadual-do-enem\/#primaryimage","url":"https:\/\/nk7-testes.com.br\/agazeta\/wp-content\/uploads\/2016\/10\/051016-cotidiano-ensinomedio-cedida.jpg","contentUrl":"https:\/\/nk7-testes.com.br\/agazeta\/wp-content\/uploads\/2016\/10\/051016-cotidiano-ensinomedio-cedida.jpg","width":458,"height":340,"caption":"051016-cotidiano-ensinomedio-cedida"},{"@type":"BreadcrumbList","@id":"https:\/\/nk7-testes.com.br\/agazeta\/instituto-sao-jose-e-a-primeira-escola-estadual-do-enem\/#breadcrumb","itemListElement":[{"@type":"ListItem","position":1,"name":"In\u00edcio","item":"https:\/\/nk7-testes.com.br\/agazeta\/"},{"@type":"ListItem","position":2,"name":"Instituto S\u00e3o Jos\u00e9 \u00e9 a primeira escola estadual do Enem"}]},{"@type":"WebSite","@id":"https:\/\/nk7-testes.com.br\/agazeta\/#website","url":"https:\/\/nk7-testes.com.br\/agazeta\/","name":"Agazeta.net","description":"Agazeta.net - Not\u00edcias de Rio Branco\/AC","potentialAction":[{"@type":"SearchAction","target":{"@type":"EntryPoint","urlTemplate":"https:\/\/nk7-testes.com.br\/agazeta\/?s={search_term_string}"},"query-input":{"@type":"PropertyValueSpecification","valueRequired":true,"valueName":"search_term_string"}}],"inLanguage":"pt-BR"},{"@type":"Person","@id":"https:\/\/nk7-testes.com.br\/agazeta\/#\/schema\/person\/ff6b39d54d6973bfc57f4140f659b23f","name":"Agazeta.Net","url":"https:\/\/nk7-testes.com.br\/agazeta\/author\/agazeta\/"}]}},"_links":{"self":[{"href":"https:\/\/nk7-testes.com.br\/agazeta\/wp-json\/wp\/v2\/posts\/25653","targetHints":{"allow":["GET"]}}],"collection":[{"href":"https:\/\/nk7-testes.com.br\/agazeta\/wp-json\/wp\/v2\/posts"}],"about":[{"href":"https:\/\/nk7-testes.com.br\/agazeta\/wp-json\/wp\/v2\/types\/post"}],"author":[{"embeddable":true,"href":"https:\/\/nk7-testes.com.br\/agazeta\/wp-json\/wp\/v2\/users\/4"}],"replies":[{"embeddable":true,"href":"https:\/\/nk7-testes.com.br\/agazeta\/wp-json\/wp\/v2\/comments?post=25653"}],"version-history":[{"count":0,"href":"https:\/\/nk7-testes.com.br\/agazeta\/wp-json\/wp\/v2\/posts\/25653\/revisions"}],"wp:featuredmedia":[{"embeddable":true,"href":"https:\/\/nk7-testes.com.br\/agazeta\/wp-json\/wp\/v2\/media\/25652"}],"wp:attachment":[{"href":"https:\/\/nk7-testes.com.br\/agazeta\/wp-json\/wp\/v2\/media?parent=25653"}],"wp:term":[{"taxonomy":"category","embeddable":true,"href":"https:\/\/nk7-testes.com.br\/agazeta\/wp-json\/wp\/v2\/categories?post=25653"},{"taxonomy":"post_tag","embeddable":true,"href":"https:\/\/nk7-testes.com.br\/agazeta\/wp-json\/wp\/v2\/tags?post=25653"}],"curies":[{"name":"wp","href":"https:\/\/api.w.org\/{rel}","templated":true}]}}