{"id":25649,"date":"2016-10-05T13:55:59","date_gmt":"2016-10-05T13:55:59","guid":{"rendered":"https:\/\/abarevegan.com.br\/index.php\/2016\/10\/05\/pm-do-acre-organiza-banda-mirim\/"},"modified":"2016-10-05T13:55:59","modified_gmt":"2016-10-05T13:55:59","slug":"pm-do-acre-organiza-banda-mirim","status":"publish","type":"post","link":"https:\/\/nk7-testes.com.br\/agazeta\/pm-do-acre-organiza-banda-mirim\/","title":{"rendered":"Pol\u00edcia Militar do Acre organiza banda mirim"},"content":{"rendered":"<p style=\"text-align: justify;\">Jovens m\u00fasicos devem acompanhar grupo oficial<\/p>\n<p style=\"text-align: justify;\">Crian\u00e7as e adolescentes v\u00e3o formar banda mirim da PM do Acre. As aulas est\u00e3o em andamento desde agosto e a meta \u00e9 formar uma equipe que acompanhe os m\u00fasicos da PM nos eventos da cidade. Quem faz parte do projeto afirma que est\u00e1 empolgado e j\u00e1 faz planos pro futuro.<\/p>\n<p style=\"text-align: justify;\">As aulas acontecem dentro do quartel, sob orienta\u00e7\u00e3o de um militar, membro da banda da PM. Crian\u00e7as e adolescentes participam das turmas que foram formadas a partir de outro projeto, o \u201cSemeando arte na comunidade\u201d.<\/p>\n<p style=\"text-align: justify;\">A TV Gazeta e o site Agazeta.Net mostraram o trabalho desenvolvido nos bairros no <br \/>ano passado, aonde a m\u00fasica chegou pra ensinar conceitos e oferecer novas oportunidades de vida para crian\u00e7as.<\/p>\n<p style=\"text-align: justify;\">Agora a proposta \u00e9 formar a banda mirim da PM, que vai acompanhar a banda da PM nos eventos da cidade. N\u00e3o h\u00e1 tempo determinado para ser conclu\u00eddo, mas a estimativa \u00e9 que os alunos fiquem no m\u00ednimo 5 anos envolvidos no aprendizado.<\/p>\n<p style=\"text-align: justify;\">\u201cO pensamento \u00e9 que a banda mirim seja uma extens\u00e3o da banda de m\u00fasica da pol\u00edcia militar. Eles v\u00e3o conhecer instrumentos da banda de m\u00fasica e pra nossa surpresa j\u00e1 est\u00e3o tocando esses instrumentos que j\u00e1 foram apresentados\u201d, disse o regente da banda Capit\u00e3o Djair.<\/p>\n<p style=\"text-align: justify;\">Vin\u00edcius Pereira mora no bairro Universit\u00e1rio e n\u00e3o perde uma aula sequer. Ele sabe o pre\u00e7o pra quem desperdi\u00e7a oportunidades. \u201cAqui existe uma lei que se faltar tr\u00eas vezes \u00e9 retirado, como sei que ningu\u00e9m que sair, isso obriga a ser respons\u00e1vel\u201d, explica.<\/p>\n<p style=\"text-align: justify;\">Vin\u00edcius chegou com vontade de tocar sax, mas foi conduzido para o bombardino. Nunca havia ouvido falar do instrumento, mas mudou de ideia na hora que tocou. O adolescente est\u00e1 envolvido com o projeto e acredita que a iniciativa \u00e9 boa tanto pra ele quanto para os colegas da turma. \u201cQuero participar da banda, profissionalmente\u201d, afirma.<\/p>\n<p style=\"text-align: justify;\">Cerca de 40 alunos participam do projeto. As aulas s\u00e3o divididas entre teoria musical e pr\u00e1tica instrumental. Segundo o instrutor, o objetivo \u00e9 ir al\u00e9m de ensinar m\u00fasica, por que visa implantar um novo conceito de vida.<\/p>\n<p style=\"text-align: justify;\">\u201cPra mim \u00e9 grandioso recrutar as crian\u00e7as, os jovens que est\u00e3o na ociosidade pra aprender m\u00fasica. Muitas reclama\u00e7\u00f5es de pais sobre filhos que n\u00e3o estavam se comportando em casa e nesses dois meses de trabalho afirma que agora est\u00e3o se comportando direitinho\u201d, disse o soldado Jo\u00e3o Paulo.<\/p>\n","protected":false},"excerpt":{"rendered":"<p style=\"text-align: justify;\">Jovens m\u00fasicos devem acompanhar grupo oficial<\/p>\n","protected":false},"author":4,"featured_media":25648,"comment_status":"open","ping_status":"open","sticky":false,"template":"","format":"standard","meta":{"jnews-multi-image_gallery":[],"jnews_single_post":[],"jnews_primary_category":[],"jnews_social_meta":[],"jnews_review":[],"enable_review":"","type":"","name":"","summary":"","brand":"","sku":"","good":[],"bad":[],"score_override":"","override_value":"","rating":[],"price":[],"footnotes":""},"categories":[54],"tags":[],"class_list":["post-25649","post","type-post","status-publish","format-standard","has-post-thumbnail","hentry","category-cotidiano"],"yoast_head":"<!-- This site is optimized with the Yoast SEO plugin v26.5 - https:\/\/yoast.com\/wordpress\/plugins\/seo\/ -->\n<title>Pol\u00edcia Militar do Acre organiza banda mirim - Agazeta.net<\/title>\n<meta name=\"robots\" content=\"index, follow, max-snippet:-1, max-image-preview:large, max-video-preview:-1\" \/>\n<link rel=\"canonical\" href=\"https:\/\/nk7-testes.com.br\/agazeta\/pm-do-acre-organiza-banda-mirim\/\" \/>\n<meta property=\"og:locale\" content=\"pt_BR\" \/>\n<meta property=\"og:type\" content=\"article\" \/>\n<meta property=\"og:title\" content=\"Pol\u00edcia Militar do Acre organiza banda mirim - Agazeta.net\" \/>\n<meta property=\"og:description\" content=\"Jovens m\u00fasicos devem acompanhar grupo oficial\" \/>\n<meta property=\"og:url\" content=\"https:\/\/nk7-testes.com.br\/agazeta\/pm-do-acre-organiza-banda-mirim\/\" \/>\n<meta property=\"og:site_name\" content=\"Agazeta.net\" \/>\n<meta property=\"article:published_time\" content=\"2016-10-05T13:55:59+00:00\" \/>\n<meta property=\"og:image\" content=\"https:\/\/nk7-testes.com.br\/agazeta\/wp-content\/uploads\/2016\/10\/051016-cotidiano-bandadapm-tvgazeta2.jpg\" \/>\n\t<meta property=\"og:image:width\" content=\"458\" \/>\n\t<meta property=\"og:image:height\" content=\"340\" \/>\n\t<meta property=\"og:image:type\" content=\"image\/jpeg\" \/>\n<meta name=\"author\" content=\"Agazeta.Net\" \/>\n<meta name=\"twitter:card\" content=\"summary_large_image\" \/>\n<meta name=\"twitter:label1\" content=\"Escrito por\" \/>\n\t<meta name=\"twitter:data1\" content=\"Agazeta.Net\" \/>\n\t<meta name=\"twitter:label2\" content=\"Est. tempo de leitura\" \/>\n\t<meta name=\"twitter:data2\" content=\"2 minutos\" \/>\n<script type=\"application\/ld+json\" class=\"yoast-schema-graph\">{\"@context\":\"https:\/\/schema.org\",\"@graph\":[{\"@type\":\"WebPage\",\"@id\":\"https:\/\/nk7-testes.com.br\/agazeta\/pm-do-acre-organiza-banda-mirim\/\",\"url\":\"https:\/\/nk7-testes.com.br\/agazeta\/pm-do-acre-organiza-banda-mirim\/\",\"name\":\"Pol\u00edcia Militar do Acre organiza banda mirim - Agazeta.net\",\"isPartOf\":{\"@id\":\"https:\/\/nk7-testes.com.br\/agazeta\/#website\"},\"primaryImageOfPage\":{\"@id\":\"https:\/\/nk7-testes.com.br\/agazeta\/pm-do-acre-organiza-banda-mirim\/#primaryimage\"},\"image\":{\"@id\":\"https:\/\/nk7-testes.com.br\/agazeta\/pm-do-acre-organiza-banda-mirim\/#primaryimage\"},\"thumbnailUrl\":\"https:\/\/nk7-testes.com.br\/agazeta\/wp-content\/uploads\/2016\/10\/051016-cotidiano-bandadapm-tvgazeta2.jpg\",\"datePublished\":\"2016-10-05T13:55:59+00:00\",\"author\":{\"@id\":\"https:\/\/nk7-testes.com.br\/agazeta\/#\/schema\/person\/ff6b39d54d6973bfc57f4140f659b23f\"},\"breadcrumb\":{\"@id\":\"https:\/\/nk7-testes.com.br\/agazeta\/pm-do-acre-organiza-banda-mirim\/#breadcrumb\"},\"inLanguage\":\"pt-BR\",\"potentialAction\":[{\"@type\":\"ReadAction\",\"target\":[\"https:\/\/nk7-testes.com.br\/agazeta\/pm-do-acre-organiza-banda-mirim\/\"]}]},{\"@type\":\"ImageObject\",\"inLanguage\":\"pt-BR\",\"@id\":\"https:\/\/nk7-testes.com.br\/agazeta\/pm-do-acre-organiza-banda-mirim\/#primaryimage\",\"url\":\"https:\/\/nk7-testes.com.br\/agazeta\/wp-content\/uploads\/2016\/10\/051016-cotidiano-bandadapm-tvgazeta2.jpg\",\"contentUrl\":\"https:\/\/nk7-testes.com.br\/agazeta\/wp-content\/uploads\/2016\/10\/051016-cotidiano-bandadapm-tvgazeta2.jpg\",\"width\":458,\"height\":340,\"caption\":\"051016-cotidiano-bandadapm-tvgazeta2\"},{\"@type\":\"BreadcrumbList\",\"@id\":\"https:\/\/nk7-testes.com.br\/agazeta\/pm-do-acre-organiza-banda-mirim\/#breadcrumb\",\"itemListElement\":[{\"@type\":\"ListItem\",\"position\":1,\"name\":\"In\u00edcio\",\"item\":\"https:\/\/nk7-testes.com.br\/agazeta\/\"},{\"@type\":\"ListItem\",\"position\":2,\"name\":\"Pol\u00edcia Militar do Acre organiza banda mirim\"}]},{\"@type\":\"WebSite\",\"@id\":\"https:\/\/nk7-testes.com.br\/agazeta\/#website\",\"url\":\"https:\/\/nk7-testes.com.br\/agazeta\/\",\"name\":\"Agazeta.net\",\"description\":\"Agazeta.net - Not\u00edcias de Rio Branco\/AC\",\"potentialAction\":[{\"@type\":\"SearchAction\",\"target\":{\"@type\":\"EntryPoint\",\"urlTemplate\":\"https:\/\/nk7-testes.com.br\/agazeta\/?s={search_term_string}\"},\"query-input\":{\"@type\":\"PropertyValueSpecification\",\"valueRequired\":true,\"valueName\":\"search_term_string\"}}],\"inLanguage\":\"pt-BR\"},{\"@type\":\"Person\",\"@id\":\"https:\/\/nk7-testes.com.br\/agazeta\/#\/schema\/person\/ff6b39d54d6973bfc57f4140f659b23f\",\"name\":\"Agazeta.Net\",\"url\":\"https:\/\/nk7-testes.com.br\/agazeta\/author\/agazeta\/\"}]}<\/script>\n<!-- \/ Yoast SEO plugin. -->","yoast_head_json":{"title":"Pol\u00edcia Militar do Acre organiza banda mirim - Agazeta.net","robots":{"index":"index","follow":"follow","max-snippet":"max-snippet:-1","max-image-preview":"max-image-preview:large","max-video-preview":"max-video-preview:-1"},"canonical":"https:\/\/nk7-testes.com.br\/agazeta\/pm-do-acre-organiza-banda-mirim\/","og_locale":"pt_BR","og_type":"article","og_title":"Pol\u00edcia Militar do Acre organiza banda mirim - Agazeta.net","og_description":"Jovens m\u00fasicos devem acompanhar grupo oficial","og_url":"https:\/\/nk7-testes.com.br\/agazeta\/pm-do-acre-organiza-banda-mirim\/","og_site_name":"Agazeta.net","article_published_time":"2016-10-05T13:55:59+00:00","og_image":[{"width":458,"height":340,"url":"https:\/\/nk7-testes.com.br\/agazeta\/wp-content\/uploads\/2016\/10\/051016-cotidiano-bandadapm-tvgazeta2.jpg","type":"image\/jpeg"}],"author":"Agazeta.Net","twitter_card":"summary_large_image","twitter_misc":{"Escrito por":"Agazeta.Net","Est. tempo de leitura":"2 minutos"},"schema":{"@context":"https:\/\/schema.org","@graph":[{"@type":"WebPage","@id":"https:\/\/nk7-testes.com.br\/agazeta\/pm-do-acre-organiza-banda-mirim\/","url":"https:\/\/nk7-testes.com.br\/agazeta\/pm-do-acre-organiza-banda-mirim\/","name":"Pol\u00edcia Militar do Acre organiza banda mirim - Agazeta.net","isPartOf":{"@id":"https:\/\/nk7-testes.com.br\/agazeta\/#website"},"primaryImageOfPage":{"@id":"https:\/\/nk7-testes.com.br\/agazeta\/pm-do-acre-organiza-banda-mirim\/#primaryimage"},"image":{"@id":"https:\/\/nk7-testes.com.br\/agazeta\/pm-do-acre-organiza-banda-mirim\/#primaryimage"},"thumbnailUrl":"https:\/\/nk7-testes.com.br\/agazeta\/wp-content\/uploads\/2016\/10\/051016-cotidiano-bandadapm-tvgazeta2.jpg","datePublished":"2016-10-05T13:55:59+00:00","author":{"@id":"https:\/\/nk7-testes.com.br\/agazeta\/#\/schema\/person\/ff6b39d54d6973bfc57f4140f659b23f"},"breadcrumb":{"@id":"https:\/\/nk7-testes.com.br\/agazeta\/pm-do-acre-organiza-banda-mirim\/#breadcrumb"},"inLanguage":"pt-BR","potentialAction":[{"@type":"ReadAction","target":["https:\/\/nk7-testes.com.br\/agazeta\/pm-do-acre-organiza-banda-mirim\/"]}]},{"@type":"ImageObject","inLanguage":"pt-BR","@id":"https:\/\/nk7-testes.com.br\/agazeta\/pm-do-acre-organiza-banda-mirim\/#primaryimage","url":"https:\/\/nk7-testes.com.br\/agazeta\/wp-content\/uploads\/2016\/10\/051016-cotidiano-bandadapm-tvgazeta2.jpg","contentUrl":"https:\/\/nk7-testes.com.br\/agazeta\/wp-content\/uploads\/2016\/10\/051016-cotidiano-bandadapm-tvgazeta2.jpg","width":458,"height":340,"caption":"051016-cotidiano-bandadapm-tvgazeta2"},{"@type":"BreadcrumbList","@id":"https:\/\/nk7-testes.com.br\/agazeta\/pm-do-acre-organiza-banda-mirim\/#breadcrumb","itemListElement":[{"@type":"ListItem","position":1,"name":"In\u00edcio","item":"https:\/\/nk7-testes.com.br\/agazeta\/"},{"@type":"ListItem","position":2,"name":"Pol\u00edcia Militar do Acre organiza banda mirim"}]},{"@type":"WebSite","@id":"https:\/\/nk7-testes.com.br\/agazeta\/#website","url":"https:\/\/nk7-testes.com.br\/agazeta\/","name":"Agazeta.net","description":"Agazeta.net - Not\u00edcias de Rio Branco\/AC","potentialAction":[{"@type":"SearchAction","target":{"@type":"EntryPoint","urlTemplate":"https:\/\/nk7-testes.com.br\/agazeta\/?s={search_term_string}"},"query-input":{"@type":"PropertyValueSpecification","valueRequired":true,"valueName":"search_term_string"}}],"inLanguage":"pt-BR"},{"@type":"Person","@id":"https:\/\/nk7-testes.com.br\/agazeta\/#\/schema\/person\/ff6b39d54d6973bfc57f4140f659b23f","name":"Agazeta.Net","url":"https:\/\/nk7-testes.com.br\/agazeta\/author\/agazeta\/"}]}},"_links":{"self":[{"href":"https:\/\/nk7-testes.com.br\/agazeta\/wp-json\/wp\/v2\/posts\/25649","targetHints":{"allow":["GET"]}}],"collection":[{"href":"https:\/\/nk7-testes.com.br\/agazeta\/wp-json\/wp\/v2\/posts"}],"about":[{"href":"https:\/\/nk7-testes.com.br\/agazeta\/wp-json\/wp\/v2\/types\/post"}],"author":[{"embeddable":true,"href":"https:\/\/nk7-testes.com.br\/agazeta\/wp-json\/wp\/v2\/users\/4"}],"replies":[{"embeddable":true,"href":"https:\/\/nk7-testes.com.br\/agazeta\/wp-json\/wp\/v2\/comments?post=25649"}],"version-history":[{"count":0,"href":"https:\/\/nk7-testes.com.br\/agazeta\/wp-json\/wp\/v2\/posts\/25649\/revisions"}],"wp:featuredmedia":[{"embeddable":true,"href":"https:\/\/nk7-testes.com.br\/agazeta\/wp-json\/wp\/v2\/media\/25648"}],"wp:attachment":[{"href":"https:\/\/nk7-testes.com.br\/agazeta\/wp-json\/wp\/v2\/media?parent=25649"}],"wp:term":[{"taxonomy":"category","embeddable":true,"href":"https:\/\/nk7-testes.com.br\/agazeta\/wp-json\/wp\/v2\/categories?post=25649"},{"taxonomy":"post_tag","embeddable":true,"href":"https:\/\/nk7-testes.com.br\/agazeta\/wp-json\/wp\/v2\/tags?post=25649"}],"curies":[{"name":"wp","href":"https:\/\/api.w.org\/{rel}","templated":true}]}}