{"id":25637,"date":"2016-10-04T14:13:42","date_gmt":"2016-10-04T14:13:42","guid":{"rendered":"https:\/\/abarevegan.com.br\/index.php\/2016\/10\/04\/jardim-primavera-sofre-com-falta-de-infraestrutura\/"},"modified":"2016-10-04T14:13:42","modified_gmt":"2016-10-04T14:13:42","slug":"jardim-primavera-sofre-com-falta-de-infraestrutura","status":"publish","type":"post","link":"https:\/\/nk7-testes.com.br\/agazeta\/jardim-primavera-sofre-com-falta-de-infraestrutura\/","title":{"rendered":"Jardim Primavera sofre com falta de infraestrutura"},"content":{"rendered":"<p style=\"text-align: justify;\">Chuva desta segunda transformou rua em pequeno rio<\/p>\n<p style=\"text-align: justify;\">A chuva da tarde desta segunda-feira transformou algumas ruas do bairro Jardim Primavera em pequenos rios. E a \u201ccorrenteza\u201d estava forte. Mas, a imagem que pode causar estranheza ao leitor j\u00e1 \u00e9 rotina para os moradores.<\/p>\n<p style=\"text-align: justify;\">\u201cEu tenho 22 anos e digo que esse problema sempre existiu. Eu cresci com esse tipo de problema. As pessoas est\u00e3o perdendo um pouco da paci\u00eancia aqui\u201d, revela um jovem que gravou as imagens, mas n\u00e3o quis se identificar.<\/p>\n<p style=\"text-align: justify;\">As bueiras entopem pelo lixo jogado pela pr\u00f3pria comunidade. Al\u00e9m disso, os moradores dizem que as bueiras instaladas no bairro \u201cs\u00e3o muito pequenas e n\u00e3o aguentam o volume das \u00e1guas da chuva\u201d. A consequ\u00eancia desses fatores impressiona.<\/p>\n","protected":false},"excerpt":{"rendered":"<p style=\"text-align: justify;\">Chuva desta segunda transformou rua em pequeno rio<\/p>\n","protected":false},"author":4,"featured_media":25636,"comment_status":"open","ping_status":"open","sticky":false,"template":"","format":"standard","meta":{"jnews-multi-image_gallery":[],"jnews_single_post":[],"jnews_primary_category":[],"jnews_social_meta":[],"jnews_review":[],"enable_review":"","type":"","name":"","summary":"","brand":"","sku":"","good":[],"bad":[],"score_override":"","override_value":"","rating":[],"price":[],"footnotes":""},"categories":[54],"tags":[],"class_list":["post-25637","post","type-post","status-publish","format-standard","has-post-thumbnail","hentry","category-cotidiano"],"yoast_head":"<!-- This site is optimized with the Yoast SEO plugin v26.5 - https:\/\/yoast.com\/wordpress\/plugins\/seo\/ -->\n<title>Jardim Primavera sofre com falta de infraestrutura - Agazeta.net<\/title>\n<meta name=\"robots\" content=\"index, follow, max-snippet:-1, max-image-preview:large, max-video-preview:-1\" \/>\n<link rel=\"canonical\" href=\"https:\/\/nk7-testes.com.br\/agazeta\/jardim-primavera-sofre-com-falta-de-infraestrutura\/\" \/>\n<meta property=\"og:locale\" content=\"pt_BR\" \/>\n<meta property=\"og:type\" content=\"article\" \/>\n<meta property=\"og:title\" content=\"Jardim Primavera sofre com falta de infraestrutura - Agazeta.net\" \/>\n<meta property=\"og:description\" content=\"Chuva desta segunda transformou rua em pequeno rio\" \/>\n<meta property=\"og:url\" content=\"https:\/\/nk7-testes.com.br\/agazeta\/jardim-primavera-sofre-com-falta-de-infraestrutura\/\" \/>\n<meta property=\"og:site_name\" content=\"Agazeta.net\" \/>\n<meta property=\"article:published_time\" content=\"2016-10-04T14:13:42+00:00\" \/>\n<meta property=\"og:image\" content=\"https:\/\/nk7-testes.com.br\/agazeta\/wp-content\/uploads\/2016\/10\/041016-cotidiano-lixo-cedida2.jpg\" \/>\n\t<meta property=\"og:image:width\" content=\"458\" \/>\n\t<meta property=\"og:image:height\" content=\"340\" \/>\n\t<meta property=\"og:image:type\" content=\"image\/jpeg\" \/>\n<meta name=\"author\" content=\"Agazeta.Net\" \/>\n<meta name=\"twitter:card\" content=\"summary_large_image\" \/>\n<meta name=\"twitter:label1\" content=\"Escrito por\" \/>\n\t<meta name=\"twitter:data1\" content=\"Agazeta.Net\" \/>\n\t<meta name=\"twitter:label2\" content=\"Est. tempo de leitura\" \/>\n\t<meta name=\"twitter:data2\" content=\"1 minuto\" \/>\n<script type=\"application\/ld+json\" class=\"yoast-schema-graph\">{\"@context\":\"https:\/\/schema.org\",\"@graph\":[{\"@type\":\"WebPage\",\"@id\":\"https:\/\/nk7-testes.com.br\/agazeta\/jardim-primavera-sofre-com-falta-de-infraestrutura\/\",\"url\":\"https:\/\/nk7-testes.com.br\/agazeta\/jardim-primavera-sofre-com-falta-de-infraestrutura\/\",\"name\":\"Jardim Primavera sofre com falta de infraestrutura - Agazeta.net\",\"isPartOf\":{\"@id\":\"https:\/\/nk7-testes.com.br\/agazeta\/#website\"},\"primaryImageOfPage\":{\"@id\":\"https:\/\/nk7-testes.com.br\/agazeta\/jardim-primavera-sofre-com-falta-de-infraestrutura\/#primaryimage\"},\"image\":{\"@id\":\"https:\/\/nk7-testes.com.br\/agazeta\/jardim-primavera-sofre-com-falta-de-infraestrutura\/#primaryimage\"},\"thumbnailUrl\":\"https:\/\/nk7-testes.com.br\/agazeta\/wp-content\/uploads\/2016\/10\/041016-cotidiano-lixo-cedida2.jpg\",\"datePublished\":\"2016-10-04T14:13:42+00:00\",\"author\":{\"@id\":\"https:\/\/nk7-testes.com.br\/agazeta\/#\/schema\/person\/ff6b39d54d6973bfc57f4140f659b23f\"},\"breadcrumb\":{\"@id\":\"https:\/\/nk7-testes.com.br\/agazeta\/jardim-primavera-sofre-com-falta-de-infraestrutura\/#breadcrumb\"},\"inLanguage\":\"pt-BR\",\"potentialAction\":[{\"@type\":\"ReadAction\",\"target\":[\"https:\/\/nk7-testes.com.br\/agazeta\/jardim-primavera-sofre-com-falta-de-infraestrutura\/\"]}]},{\"@type\":\"ImageObject\",\"inLanguage\":\"pt-BR\",\"@id\":\"https:\/\/nk7-testes.com.br\/agazeta\/jardim-primavera-sofre-com-falta-de-infraestrutura\/#primaryimage\",\"url\":\"https:\/\/nk7-testes.com.br\/agazeta\/wp-content\/uploads\/2016\/10\/041016-cotidiano-lixo-cedida2.jpg\",\"contentUrl\":\"https:\/\/nk7-testes.com.br\/agazeta\/wp-content\/uploads\/2016\/10\/041016-cotidiano-lixo-cedida2.jpg\",\"width\":458,\"height\":340,\"caption\":\"041016-cotidiano-lixo-cedida2\"},{\"@type\":\"BreadcrumbList\",\"@id\":\"https:\/\/nk7-testes.com.br\/agazeta\/jardim-primavera-sofre-com-falta-de-infraestrutura\/#breadcrumb\",\"itemListElement\":[{\"@type\":\"ListItem\",\"position\":1,\"name\":\"In\u00edcio\",\"item\":\"https:\/\/nk7-testes.com.br\/agazeta\/\"},{\"@type\":\"ListItem\",\"position\":2,\"name\":\"Jardim Primavera sofre com falta de infraestrutura\"}]},{\"@type\":\"WebSite\",\"@id\":\"https:\/\/nk7-testes.com.br\/agazeta\/#website\",\"url\":\"https:\/\/nk7-testes.com.br\/agazeta\/\",\"name\":\"Agazeta.net\",\"description\":\"Agazeta.net - Not\u00edcias de Rio Branco\/AC\",\"potentialAction\":[{\"@type\":\"SearchAction\",\"target\":{\"@type\":\"EntryPoint\",\"urlTemplate\":\"https:\/\/nk7-testes.com.br\/agazeta\/?s={search_term_string}\"},\"query-input\":{\"@type\":\"PropertyValueSpecification\",\"valueRequired\":true,\"valueName\":\"search_term_string\"}}],\"inLanguage\":\"pt-BR\"},{\"@type\":\"Person\",\"@id\":\"https:\/\/nk7-testes.com.br\/agazeta\/#\/schema\/person\/ff6b39d54d6973bfc57f4140f659b23f\",\"name\":\"Agazeta.Net\",\"url\":\"https:\/\/nk7-testes.com.br\/agazeta\/author\/agazeta\/\"}]}<\/script>\n<!-- \/ Yoast SEO plugin. -->","yoast_head_json":{"title":"Jardim Primavera sofre com falta de infraestrutura - Agazeta.net","robots":{"index":"index","follow":"follow","max-snippet":"max-snippet:-1","max-image-preview":"max-image-preview:large","max-video-preview":"max-video-preview:-1"},"canonical":"https:\/\/nk7-testes.com.br\/agazeta\/jardim-primavera-sofre-com-falta-de-infraestrutura\/","og_locale":"pt_BR","og_type":"article","og_title":"Jardim Primavera sofre com falta de infraestrutura - Agazeta.net","og_description":"Chuva desta segunda transformou rua em pequeno rio","og_url":"https:\/\/nk7-testes.com.br\/agazeta\/jardim-primavera-sofre-com-falta-de-infraestrutura\/","og_site_name":"Agazeta.net","article_published_time":"2016-10-04T14:13:42+00:00","og_image":[{"width":458,"height":340,"url":"https:\/\/nk7-testes.com.br\/agazeta\/wp-content\/uploads\/2016\/10\/041016-cotidiano-lixo-cedida2.jpg","type":"image\/jpeg"}],"author":"Agazeta.Net","twitter_card":"summary_large_image","twitter_misc":{"Escrito por":"Agazeta.Net","Est. tempo de leitura":"1 minuto"},"schema":{"@context":"https:\/\/schema.org","@graph":[{"@type":"WebPage","@id":"https:\/\/nk7-testes.com.br\/agazeta\/jardim-primavera-sofre-com-falta-de-infraestrutura\/","url":"https:\/\/nk7-testes.com.br\/agazeta\/jardim-primavera-sofre-com-falta-de-infraestrutura\/","name":"Jardim Primavera sofre com falta de infraestrutura - Agazeta.net","isPartOf":{"@id":"https:\/\/nk7-testes.com.br\/agazeta\/#website"},"primaryImageOfPage":{"@id":"https:\/\/nk7-testes.com.br\/agazeta\/jardim-primavera-sofre-com-falta-de-infraestrutura\/#primaryimage"},"image":{"@id":"https:\/\/nk7-testes.com.br\/agazeta\/jardim-primavera-sofre-com-falta-de-infraestrutura\/#primaryimage"},"thumbnailUrl":"https:\/\/nk7-testes.com.br\/agazeta\/wp-content\/uploads\/2016\/10\/041016-cotidiano-lixo-cedida2.jpg","datePublished":"2016-10-04T14:13:42+00:00","author":{"@id":"https:\/\/nk7-testes.com.br\/agazeta\/#\/schema\/person\/ff6b39d54d6973bfc57f4140f659b23f"},"breadcrumb":{"@id":"https:\/\/nk7-testes.com.br\/agazeta\/jardim-primavera-sofre-com-falta-de-infraestrutura\/#breadcrumb"},"inLanguage":"pt-BR","potentialAction":[{"@type":"ReadAction","target":["https:\/\/nk7-testes.com.br\/agazeta\/jardim-primavera-sofre-com-falta-de-infraestrutura\/"]}]},{"@type":"ImageObject","inLanguage":"pt-BR","@id":"https:\/\/nk7-testes.com.br\/agazeta\/jardim-primavera-sofre-com-falta-de-infraestrutura\/#primaryimage","url":"https:\/\/nk7-testes.com.br\/agazeta\/wp-content\/uploads\/2016\/10\/041016-cotidiano-lixo-cedida2.jpg","contentUrl":"https:\/\/nk7-testes.com.br\/agazeta\/wp-content\/uploads\/2016\/10\/041016-cotidiano-lixo-cedida2.jpg","width":458,"height":340,"caption":"041016-cotidiano-lixo-cedida2"},{"@type":"BreadcrumbList","@id":"https:\/\/nk7-testes.com.br\/agazeta\/jardim-primavera-sofre-com-falta-de-infraestrutura\/#breadcrumb","itemListElement":[{"@type":"ListItem","position":1,"name":"In\u00edcio","item":"https:\/\/nk7-testes.com.br\/agazeta\/"},{"@type":"ListItem","position":2,"name":"Jardim Primavera sofre com falta de infraestrutura"}]},{"@type":"WebSite","@id":"https:\/\/nk7-testes.com.br\/agazeta\/#website","url":"https:\/\/nk7-testes.com.br\/agazeta\/","name":"Agazeta.net","description":"Agazeta.net - Not\u00edcias de Rio Branco\/AC","potentialAction":[{"@type":"SearchAction","target":{"@type":"EntryPoint","urlTemplate":"https:\/\/nk7-testes.com.br\/agazeta\/?s={search_term_string}"},"query-input":{"@type":"PropertyValueSpecification","valueRequired":true,"valueName":"search_term_string"}}],"inLanguage":"pt-BR"},{"@type":"Person","@id":"https:\/\/nk7-testes.com.br\/agazeta\/#\/schema\/person\/ff6b39d54d6973bfc57f4140f659b23f","name":"Agazeta.Net","url":"https:\/\/nk7-testes.com.br\/agazeta\/author\/agazeta\/"}]}},"_links":{"self":[{"href":"https:\/\/nk7-testes.com.br\/agazeta\/wp-json\/wp\/v2\/posts\/25637","targetHints":{"allow":["GET"]}}],"collection":[{"href":"https:\/\/nk7-testes.com.br\/agazeta\/wp-json\/wp\/v2\/posts"}],"about":[{"href":"https:\/\/nk7-testes.com.br\/agazeta\/wp-json\/wp\/v2\/types\/post"}],"author":[{"embeddable":true,"href":"https:\/\/nk7-testes.com.br\/agazeta\/wp-json\/wp\/v2\/users\/4"}],"replies":[{"embeddable":true,"href":"https:\/\/nk7-testes.com.br\/agazeta\/wp-json\/wp\/v2\/comments?post=25637"}],"version-history":[{"count":0,"href":"https:\/\/nk7-testes.com.br\/agazeta\/wp-json\/wp\/v2\/posts\/25637\/revisions"}],"wp:featuredmedia":[{"embeddable":true,"href":"https:\/\/nk7-testes.com.br\/agazeta\/wp-json\/wp\/v2\/media\/25636"}],"wp:attachment":[{"href":"https:\/\/nk7-testes.com.br\/agazeta\/wp-json\/wp\/v2\/media?parent=25637"}],"wp:term":[{"taxonomy":"category","embeddable":true,"href":"https:\/\/nk7-testes.com.br\/agazeta\/wp-json\/wp\/v2\/categories?post=25637"},{"taxonomy":"post_tag","embeddable":true,"href":"https:\/\/nk7-testes.com.br\/agazeta\/wp-json\/wp\/v2\/tags?post=25637"}],"curies":[{"name":"wp","href":"https:\/\/api.w.org\/{rel}","templated":true}]}}