{"id":25622,"date":"2016-10-03T17:24:00","date_gmt":"2016-10-03T17:24:00","guid":{"rendered":"https:\/\/abarevegan.com.br\/index.php\/2016\/10\/03\/homem-e-morto-com-facada-no-peito-em-cruzeiro-do-sul\/"},"modified":"2016-10-03T17:24:00","modified_gmt":"2016-10-03T17:24:00","slug":"homem-e-morto-com-facada-no-peito-em-cruzeiro-do-sul","status":"publish","type":"post","link":"https:\/\/nk7-testes.com.br\/agazeta\/homem-e-morto-com-facada-no-peito-em-cruzeiro-do-sul\/","title":{"rendered":"Homem \u00e9 morto com facada no peito em Cruzeiro do Sul"},"content":{"rendered":"<p style=\"text-align: justify;\">Jos\u00e9 Dami\u00e3o bebia com o acusado<\/p>\n<p style=\"text-align: justify;\">Jos\u00e9 Dami\u00e3o Alencar Bezerra, 24 anos, foi morto com uma facada no lado direito do peito na madrugada deste domingo (2), no bairro S\u00e3o Jos\u00e9, em Cruzeiro do Sul, durante uma bebedeira. O crime aconteceu por volta de 1h50min. O suspeito de cometer o crime \u00e9 Chagas Oliveira da Rocha, de 30 anos, conhecido por \u201cTetinha\u201d.<\/p>\n<p style=\"text-align: justify;\">De acordo com testemunhas, a v\u00edtima bebia junto ao acusado, um tio do acusado e outro homem, quando Dami\u00e3o e Tetinha se desentenderam. Segundo a testemunha, o acusado desferiu a facada no peito da v\u00edtima e fugiu com os outros dois homens. Ele contou ainda que Dami\u00e3o teria conseguido caminhar por tr\u00eas metros e caiu, morrendo minutos depois.<\/p>\n<p style=\"text-align: justify;\">A Pol\u00edcia Militar esteve no local do crime, fez buscas pelo suspeito, mas ainda n\u00e3o conseguiu encontra-lo.<\/p>\n","protected":false},"excerpt":{"rendered":"<p style=\"text-align: justify;\">Jos\u00e9 Dami\u00e3o bebia com o acusado<\/p>\n","protected":false},"author":4,"featured_media":25621,"comment_status":"open","ping_status":"open","sticky":false,"template":"","format":"standard","meta":{"jnews-multi-image_gallery":[],"jnews_single_post":[],"jnews_primary_category":[],"jnews_social_meta":[],"jnews_review":[],"enable_review":"","type":"","name":"","summary":"","brand":"","sku":"","good":[],"bad":[],"score_override":"","override_value":"","rating":[],"price":[],"footnotes":""},"categories":[44],"tags":[],"class_list":["post-25622","post","type-post","status-publish","format-standard","has-post-thumbnail","hentry","category-policia"],"yoast_head":"<!-- This site is optimized with the Yoast SEO plugin v26.5 - https:\/\/yoast.com\/wordpress\/plugins\/seo\/ -->\n<title>Homem \u00e9 morto com facada no peito em Cruzeiro do Sul - Agazeta.net<\/title>\n<meta name=\"robots\" content=\"index, follow, max-snippet:-1, max-image-preview:large, max-video-preview:-1\" \/>\n<link rel=\"canonical\" href=\"https:\/\/nk7-testes.com.br\/agazeta\/homem-e-morto-com-facada-no-peito-em-cruzeiro-do-sul\/\" \/>\n<meta property=\"og:locale\" content=\"pt_BR\" \/>\n<meta property=\"og:type\" content=\"article\" \/>\n<meta property=\"og:title\" content=\"Homem \u00e9 morto com facada no peito em Cruzeiro do Sul - Agazeta.net\" \/>\n<meta property=\"og:description\" content=\"Jos\u00e9 Dami\u00e3o bebia com o acusado\" \/>\n<meta property=\"og:url\" content=\"https:\/\/nk7-testes.com.br\/agazeta\/homem-e-morto-com-facada-no-peito-em-cruzeiro-do-sul\/\" \/>\n<meta property=\"og:site_name\" content=\"Agazeta.net\" \/>\n<meta property=\"article:published_time\" content=\"2016-10-03T17:24:00+00:00\" \/>\n<meta property=\"og:image\" content=\"https:\/\/nk7-testes.com.br\/agazeta\/wp-content\/uploads\/2016\/10\/031016-policia-jovemmorto-CZS.jpg\" \/>\n\t<meta property=\"og:image:width\" content=\"458\" \/>\n\t<meta property=\"og:image:height\" content=\"340\" \/>\n\t<meta property=\"og:image:type\" content=\"image\/jpeg\" \/>\n<meta name=\"author\" content=\"Agazeta.Net\" \/>\n<meta name=\"twitter:card\" content=\"summary_large_image\" \/>\n<meta name=\"twitter:label1\" content=\"Escrito por\" \/>\n\t<meta name=\"twitter:data1\" content=\"Agazeta.Net\" \/>\n\t<meta name=\"twitter:label2\" content=\"Est. tempo de leitura\" \/>\n\t<meta name=\"twitter:data2\" content=\"1 minuto\" \/>\n<script type=\"application\/ld+json\" class=\"yoast-schema-graph\">{\"@context\":\"https:\/\/schema.org\",\"@graph\":[{\"@type\":\"WebPage\",\"@id\":\"https:\/\/nk7-testes.com.br\/agazeta\/homem-e-morto-com-facada-no-peito-em-cruzeiro-do-sul\/\",\"url\":\"https:\/\/nk7-testes.com.br\/agazeta\/homem-e-morto-com-facada-no-peito-em-cruzeiro-do-sul\/\",\"name\":\"Homem \u00e9 morto com facada no peito em Cruzeiro do Sul - Agazeta.net\",\"isPartOf\":{\"@id\":\"https:\/\/nk7-testes.com.br\/agazeta\/#website\"},\"primaryImageOfPage\":{\"@id\":\"https:\/\/nk7-testes.com.br\/agazeta\/homem-e-morto-com-facada-no-peito-em-cruzeiro-do-sul\/#primaryimage\"},\"image\":{\"@id\":\"https:\/\/nk7-testes.com.br\/agazeta\/homem-e-morto-com-facada-no-peito-em-cruzeiro-do-sul\/#primaryimage\"},\"thumbnailUrl\":\"https:\/\/nk7-testes.com.br\/agazeta\/wp-content\/uploads\/2016\/10\/031016-policia-jovemmorto-CZS.jpg\",\"datePublished\":\"2016-10-03T17:24:00+00:00\",\"author\":{\"@id\":\"https:\/\/nk7-testes.com.br\/agazeta\/#\/schema\/person\/6d6e25cb0435eb4a02fd44d30b4e3020\"},\"breadcrumb\":{\"@id\":\"https:\/\/nk7-testes.com.br\/agazeta\/homem-e-morto-com-facada-no-peito-em-cruzeiro-do-sul\/#breadcrumb\"},\"inLanguage\":\"pt-BR\",\"potentialAction\":[{\"@type\":\"ReadAction\",\"target\":[\"https:\/\/nk7-testes.com.br\/agazeta\/homem-e-morto-com-facada-no-peito-em-cruzeiro-do-sul\/\"]}]},{\"@type\":\"ImageObject\",\"inLanguage\":\"pt-BR\",\"@id\":\"https:\/\/nk7-testes.com.br\/agazeta\/homem-e-morto-com-facada-no-peito-em-cruzeiro-do-sul\/#primaryimage\",\"url\":\"https:\/\/nk7-testes.com.br\/agazeta\/wp-content\/uploads\/2016\/10\/031016-policia-jovemmorto-CZS.jpg\",\"contentUrl\":\"https:\/\/nk7-testes.com.br\/agazeta\/wp-content\/uploads\/2016\/10\/031016-policia-jovemmorto-CZS.jpg\",\"width\":458,\"height\":340,\"caption\":\"031016-policia-jovemmorto-CZS\"},{\"@type\":\"BreadcrumbList\",\"@id\":\"https:\/\/nk7-testes.com.br\/agazeta\/homem-e-morto-com-facada-no-peito-em-cruzeiro-do-sul\/#breadcrumb\",\"itemListElement\":[{\"@type\":\"ListItem\",\"position\":1,\"name\":\"In\u00edcio\",\"item\":\"https:\/\/nk7-testes.com.br\/agazeta\/\"},{\"@type\":\"ListItem\",\"position\":2,\"name\":\"Homem \u00e9 morto com facada no peito em Cruzeiro do Sul\"}]},{\"@type\":\"WebSite\",\"@id\":\"https:\/\/nk7-testes.com.br\/agazeta\/#website\",\"url\":\"https:\/\/nk7-testes.com.br\/agazeta\/\",\"name\":\"Agazeta.net\",\"description\":\"Agazeta.net - Not\u00edcias de Rio Branco\/AC\",\"potentialAction\":[{\"@type\":\"SearchAction\",\"target\":{\"@type\":\"EntryPoint\",\"urlTemplate\":\"https:\/\/nk7-testes.com.br\/agazeta\/?s={search_term_string}\"},\"query-input\":{\"@type\":\"PropertyValueSpecification\",\"valueRequired\":true,\"valueName\":\"search_term_string\"}}],\"inLanguage\":\"pt-BR\"},{\"@type\":\"Person\",\"@id\":\"https:\/\/nk7-testes.com.br\/agazeta\/#\/schema\/person\/6d6e25cb0435eb4a02fd44d30b4e3020\",\"name\":\"Agazeta.Net\",\"url\":\"https:\/\/nk7-testes.com.br\/agazeta\/author\/agazeta\/\"}]}<\/script>\n<!-- \/ Yoast SEO plugin. -->","yoast_head_json":{"title":"Homem \u00e9 morto com facada no peito em Cruzeiro do Sul - Agazeta.net","robots":{"index":"index","follow":"follow","max-snippet":"max-snippet:-1","max-image-preview":"max-image-preview:large","max-video-preview":"max-video-preview:-1"},"canonical":"https:\/\/nk7-testes.com.br\/agazeta\/homem-e-morto-com-facada-no-peito-em-cruzeiro-do-sul\/","og_locale":"pt_BR","og_type":"article","og_title":"Homem \u00e9 morto com facada no peito em Cruzeiro do Sul - Agazeta.net","og_description":"Jos\u00e9 Dami\u00e3o bebia com o acusado","og_url":"https:\/\/nk7-testes.com.br\/agazeta\/homem-e-morto-com-facada-no-peito-em-cruzeiro-do-sul\/","og_site_name":"Agazeta.net","article_published_time":"2016-10-03T17:24:00+00:00","og_image":[{"width":458,"height":340,"url":"https:\/\/nk7-testes.com.br\/agazeta\/wp-content\/uploads\/2016\/10\/031016-policia-jovemmorto-CZS.jpg","type":"image\/jpeg"}],"author":"Agazeta.Net","twitter_card":"summary_large_image","twitter_misc":{"Escrito por":"Agazeta.Net","Est. tempo de leitura":"1 minuto"},"schema":{"@context":"https:\/\/schema.org","@graph":[{"@type":"WebPage","@id":"https:\/\/nk7-testes.com.br\/agazeta\/homem-e-morto-com-facada-no-peito-em-cruzeiro-do-sul\/","url":"https:\/\/nk7-testes.com.br\/agazeta\/homem-e-morto-com-facada-no-peito-em-cruzeiro-do-sul\/","name":"Homem \u00e9 morto com facada no peito em Cruzeiro do Sul - Agazeta.net","isPartOf":{"@id":"https:\/\/nk7-testes.com.br\/agazeta\/#website"},"primaryImageOfPage":{"@id":"https:\/\/nk7-testes.com.br\/agazeta\/homem-e-morto-com-facada-no-peito-em-cruzeiro-do-sul\/#primaryimage"},"image":{"@id":"https:\/\/nk7-testes.com.br\/agazeta\/homem-e-morto-com-facada-no-peito-em-cruzeiro-do-sul\/#primaryimage"},"thumbnailUrl":"https:\/\/nk7-testes.com.br\/agazeta\/wp-content\/uploads\/2016\/10\/031016-policia-jovemmorto-CZS.jpg","datePublished":"2016-10-03T17:24:00+00:00","author":{"@id":"https:\/\/nk7-testes.com.br\/agazeta\/#\/schema\/person\/6d6e25cb0435eb4a02fd44d30b4e3020"},"breadcrumb":{"@id":"https:\/\/nk7-testes.com.br\/agazeta\/homem-e-morto-com-facada-no-peito-em-cruzeiro-do-sul\/#breadcrumb"},"inLanguage":"pt-BR","potentialAction":[{"@type":"ReadAction","target":["https:\/\/nk7-testes.com.br\/agazeta\/homem-e-morto-com-facada-no-peito-em-cruzeiro-do-sul\/"]}]},{"@type":"ImageObject","inLanguage":"pt-BR","@id":"https:\/\/nk7-testes.com.br\/agazeta\/homem-e-morto-com-facada-no-peito-em-cruzeiro-do-sul\/#primaryimage","url":"https:\/\/nk7-testes.com.br\/agazeta\/wp-content\/uploads\/2016\/10\/031016-policia-jovemmorto-CZS.jpg","contentUrl":"https:\/\/nk7-testes.com.br\/agazeta\/wp-content\/uploads\/2016\/10\/031016-policia-jovemmorto-CZS.jpg","width":458,"height":340,"caption":"031016-policia-jovemmorto-CZS"},{"@type":"BreadcrumbList","@id":"https:\/\/nk7-testes.com.br\/agazeta\/homem-e-morto-com-facada-no-peito-em-cruzeiro-do-sul\/#breadcrumb","itemListElement":[{"@type":"ListItem","position":1,"name":"In\u00edcio","item":"https:\/\/nk7-testes.com.br\/agazeta\/"},{"@type":"ListItem","position":2,"name":"Homem \u00e9 morto com facada no peito em Cruzeiro do Sul"}]},{"@type":"WebSite","@id":"https:\/\/nk7-testes.com.br\/agazeta\/#website","url":"https:\/\/nk7-testes.com.br\/agazeta\/","name":"Agazeta.net","description":"Agazeta.net - Not\u00edcias de Rio Branco\/AC","potentialAction":[{"@type":"SearchAction","target":{"@type":"EntryPoint","urlTemplate":"https:\/\/nk7-testes.com.br\/agazeta\/?s={search_term_string}"},"query-input":{"@type":"PropertyValueSpecification","valueRequired":true,"valueName":"search_term_string"}}],"inLanguage":"pt-BR"},{"@type":"Person","@id":"https:\/\/nk7-testes.com.br\/agazeta\/#\/schema\/person\/6d6e25cb0435eb4a02fd44d30b4e3020","name":"Agazeta.Net","url":"https:\/\/nk7-testes.com.br\/agazeta\/author\/agazeta\/"}]}},"_links":{"self":[{"href":"https:\/\/nk7-testes.com.br\/agazeta\/wp-json\/wp\/v2\/posts\/25622","targetHints":{"allow":["GET"]}}],"collection":[{"href":"https:\/\/nk7-testes.com.br\/agazeta\/wp-json\/wp\/v2\/posts"}],"about":[{"href":"https:\/\/nk7-testes.com.br\/agazeta\/wp-json\/wp\/v2\/types\/post"}],"author":[{"embeddable":true,"href":"https:\/\/nk7-testes.com.br\/agazeta\/wp-json\/wp\/v2\/users\/4"}],"replies":[{"embeddable":true,"href":"https:\/\/nk7-testes.com.br\/agazeta\/wp-json\/wp\/v2\/comments?post=25622"}],"version-history":[{"count":0,"href":"https:\/\/nk7-testes.com.br\/agazeta\/wp-json\/wp\/v2\/posts\/25622\/revisions"}],"wp:featuredmedia":[{"embeddable":true,"href":"https:\/\/nk7-testes.com.br\/agazeta\/wp-json\/wp\/v2\/media\/25621"}],"wp:attachment":[{"href":"https:\/\/nk7-testes.com.br\/agazeta\/wp-json\/wp\/v2\/media?parent=25622"}],"wp:term":[{"taxonomy":"category","embeddable":true,"href":"https:\/\/nk7-testes.com.br\/agazeta\/wp-json\/wp\/v2\/categories?post=25622"},{"taxonomy":"post_tag","embeddable":true,"href":"https:\/\/nk7-testes.com.br\/agazeta\/wp-json\/wp\/v2\/tags?post=25622"}],"curies":[{"name":"wp","href":"https:\/\/api.w.org\/{rel}","templated":true}]}}