{"id":25556,"date":"2016-10-01T15:48:08","date_gmt":"2016-10-01T15:48:08","guid":{"rendered":"https:\/\/abarevegan.com.br\/index.php\/2016\/10\/01\/ifac-sedia-congresso-de-ciencia-e-tecnologia\/"},"modified":"2016-10-01T15:48:08","modified_gmt":"2016-10-01T15:48:08","slug":"ifac-sedia-congresso-de-ciencia-e-tecnologia","status":"publish","type":"post","link":"https:\/\/nk7-testes.com.br\/agazeta\/ifac-sedia-congresso-de-ciencia-e-tecnologia\/","title":{"rendered":"Ifac sedia congresso de Ci\u00eancia e Tecnologia"},"content":{"rendered":"<p style=\"text-align: justify;\">Inscri\u00e7\u00f5es est\u00e3o abertas ao p\u00fablico na internet<\/p>\n<p style=\"text-align: justify;\">Estudantes e pesquisadores que desejam apresentar trabalhos cient\u00edficos no CONC&amp;T devem acessar o site do evento onde \u00e9 poss\u00edvel consultar os regulamentos para submiss\u00e3o de resumos nas mostras e semin\u00e1rios do Congresso.<\/p>\n<p style=\"text-align: justify;\">A data limite para envio de resumos para o VI Semin\u00e1rio de Inicia\u00e7\u00e3o Cient\u00edfica e para o II Semin\u00e1rio de P\u00f3s-Gradua\u00e7\u00e3o \u00e9 3 de outubro. J\u00e1 o prazo para submiss\u00e3o de resumos na I Mostra de Cultura, Esporte e Lazer, I Mostra Extens\u00e3o Tecnol\u00f3gica e na I Mostra de Internacionaliza\u00e7\u00e3o vai at\u00e9 o dia 7 de outubro.<\/p>\n<p style=\"text-align: justify;\">O diretor de Pesquisa do IFAC, Edvar Silva explica que a ideia para o CONC&amp;T surgiu a partir da experi\u00eancia com o Congresso Norte e Nordeste de Pesquisa e Inova\u00e7\u00e3o (CONNEPI), em 2015.<\/p>\n<p style=\"text-align: justify;\">\u201cAp\u00f3s organizarmos e sediarmos o CONNEPI, idealizamos que o IFAC poderia organizar um evento parecido, por\u00e9m a n\u00edvel estadual. A partir disso, surgiu a ideia do CONC&amp;T, que visa mostrar e discutir com a sociedade acriana assuntos relacionados ao desenvolvimento da ci\u00eancia, tecnologia, inova\u00e7\u00e3o, p\u00f3s-gradua\u00e7\u00e3o, empreendedorismo, extens\u00e3o e educa\u00e7\u00e3o tecnol\u00f3gica\u201d, afirma.<\/p>\n","protected":false},"excerpt":{"rendered":"<p style=\"text-align: justify;\">Inscri\u00e7\u00f5es est\u00e3o abertas ao p\u00fablico na internet<\/p>\n","protected":false},"author":4,"featured_media":12648,"comment_status":"open","ping_status":"open","sticky":false,"template":"","format":"standard","meta":{"jnews-multi-image_gallery":[],"jnews_single_post":[],"jnews_primary_category":[],"jnews_social_meta":[],"jnews_review":[],"enable_review":"","type":"","name":"","summary":"","brand":"","sku":"","good":[],"bad":[],"score_override":"","override_value":"","rating":[],"price":[],"footnotes":""},"categories":[54],"tags":[],"class_list":["post-25556","post","type-post","status-publish","format-standard","has-post-thumbnail","hentry","category-cotidiano"],"yoast_head":"<!-- This site is optimized with the Yoast SEO plugin v26.5 - https:\/\/yoast.com\/wordpress\/plugins\/seo\/ -->\n<title>Ifac sedia congresso de Ci\u00eancia e Tecnologia - Agazeta.net<\/title>\n<meta name=\"robots\" content=\"index, follow, max-snippet:-1, max-image-preview:large, max-video-preview:-1\" \/>\n<link rel=\"canonical\" href=\"https:\/\/nk7-testes.com.br\/agazeta\/ifac-sedia-congresso-de-ciencia-e-tecnologia\/\" \/>\n<meta property=\"og:locale\" content=\"pt_BR\" \/>\n<meta property=\"og:type\" content=\"article\" \/>\n<meta property=\"og:title\" content=\"Ifac sedia congresso de Ci\u00eancia e Tecnologia - Agazeta.net\" \/>\n<meta property=\"og:description\" content=\"Inscri\u00e7\u00f5es est\u00e3o abertas ao p\u00fablico na internet\" \/>\n<meta property=\"og:url\" content=\"https:\/\/nk7-testes.com.br\/agazeta\/ifac-sedia-congresso-de-ciencia-e-tecnologia\/\" \/>\n<meta property=\"og:site_name\" content=\"Agazeta.net\" \/>\n<meta property=\"article:published_time\" content=\"2016-10-01T15:48:08+00:00\" \/>\n<meta property=\"og:image\" content=\"https:\/\/nk7-testes.com.br\/agazeta\/wp-content\/uploads\/2015\/01\/1401-ifac-oaltoacre.jpg\" \/>\n\t<meta property=\"og:image:width\" content=\"458\" \/>\n\t<meta property=\"og:image:height\" content=\"340\" \/>\n\t<meta property=\"og:image:type\" content=\"image\/jpeg\" \/>\n<meta name=\"author\" content=\"Agazeta.Net\" \/>\n<meta name=\"twitter:card\" content=\"summary_large_image\" \/>\n<meta name=\"twitter:label1\" content=\"Escrito por\" \/>\n\t<meta name=\"twitter:data1\" content=\"Agazeta.Net\" \/>\n\t<meta name=\"twitter:label2\" content=\"Est. tempo de leitura\" \/>\n\t<meta name=\"twitter:data2\" content=\"1 minuto\" \/>\n<script type=\"application\/ld+json\" class=\"yoast-schema-graph\">{\"@context\":\"https:\/\/schema.org\",\"@graph\":[{\"@type\":\"WebPage\",\"@id\":\"https:\/\/nk7-testes.com.br\/agazeta\/ifac-sedia-congresso-de-ciencia-e-tecnologia\/\",\"url\":\"https:\/\/nk7-testes.com.br\/agazeta\/ifac-sedia-congresso-de-ciencia-e-tecnologia\/\",\"name\":\"Ifac sedia congresso de Ci\u00eancia e Tecnologia - Agazeta.net\",\"isPartOf\":{\"@id\":\"https:\/\/nk7-testes.com.br\/agazeta\/#website\"},\"primaryImageOfPage\":{\"@id\":\"https:\/\/nk7-testes.com.br\/agazeta\/ifac-sedia-congresso-de-ciencia-e-tecnologia\/#primaryimage\"},\"image\":{\"@id\":\"https:\/\/nk7-testes.com.br\/agazeta\/ifac-sedia-congresso-de-ciencia-e-tecnologia\/#primaryimage\"},\"thumbnailUrl\":\"https:\/\/nk7-testes.com.br\/agazeta\/wp-content\/uploads\/2015\/01\/1401-ifac-oaltoacre.jpg\",\"datePublished\":\"2016-10-01T15:48:08+00:00\",\"author\":{\"@id\":\"https:\/\/nk7-testes.com.br\/agazeta\/#\/schema\/person\/ff6b39d54d6973bfc57f4140f659b23f\"},\"breadcrumb\":{\"@id\":\"https:\/\/nk7-testes.com.br\/agazeta\/ifac-sedia-congresso-de-ciencia-e-tecnologia\/#breadcrumb\"},\"inLanguage\":\"pt-BR\",\"potentialAction\":[{\"@type\":\"ReadAction\",\"target\":[\"https:\/\/nk7-testes.com.br\/agazeta\/ifac-sedia-congresso-de-ciencia-e-tecnologia\/\"]}]},{\"@type\":\"ImageObject\",\"inLanguage\":\"pt-BR\",\"@id\":\"https:\/\/nk7-testes.com.br\/agazeta\/ifac-sedia-congresso-de-ciencia-e-tecnologia\/#primaryimage\",\"url\":\"https:\/\/nk7-testes.com.br\/agazeta\/wp-content\/uploads\/2015\/01\/1401-ifac-oaltoacre.jpg\",\"contentUrl\":\"https:\/\/nk7-testes.com.br\/agazeta\/wp-content\/uploads\/2015\/01\/1401-ifac-oaltoacre.jpg\",\"width\":458,\"height\":340,\"caption\":\"1401-ifac-oaltoacre\"},{\"@type\":\"BreadcrumbList\",\"@id\":\"https:\/\/nk7-testes.com.br\/agazeta\/ifac-sedia-congresso-de-ciencia-e-tecnologia\/#breadcrumb\",\"itemListElement\":[{\"@type\":\"ListItem\",\"position\":1,\"name\":\"In\u00edcio\",\"item\":\"https:\/\/nk7-testes.com.br\/agazeta\/\"},{\"@type\":\"ListItem\",\"position\":2,\"name\":\"Ifac sedia congresso de Ci\u00eancia e Tecnologia\"}]},{\"@type\":\"WebSite\",\"@id\":\"https:\/\/nk7-testes.com.br\/agazeta\/#website\",\"url\":\"https:\/\/nk7-testes.com.br\/agazeta\/\",\"name\":\"Agazeta.net\",\"description\":\"Agazeta.net - Not\u00edcias de Rio Branco\/AC\",\"potentialAction\":[{\"@type\":\"SearchAction\",\"target\":{\"@type\":\"EntryPoint\",\"urlTemplate\":\"https:\/\/nk7-testes.com.br\/agazeta\/?s={search_term_string}\"},\"query-input\":{\"@type\":\"PropertyValueSpecification\",\"valueRequired\":true,\"valueName\":\"search_term_string\"}}],\"inLanguage\":\"pt-BR\"},{\"@type\":\"Person\",\"@id\":\"https:\/\/nk7-testes.com.br\/agazeta\/#\/schema\/person\/ff6b39d54d6973bfc57f4140f659b23f\",\"name\":\"Agazeta.Net\",\"url\":\"https:\/\/nk7-testes.com.br\/agazeta\/author\/agazeta\/\"}]}<\/script>\n<!-- \/ Yoast SEO plugin. -->","yoast_head_json":{"title":"Ifac sedia congresso de Ci\u00eancia e Tecnologia - Agazeta.net","robots":{"index":"index","follow":"follow","max-snippet":"max-snippet:-1","max-image-preview":"max-image-preview:large","max-video-preview":"max-video-preview:-1"},"canonical":"https:\/\/nk7-testes.com.br\/agazeta\/ifac-sedia-congresso-de-ciencia-e-tecnologia\/","og_locale":"pt_BR","og_type":"article","og_title":"Ifac sedia congresso de Ci\u00eancia e Tecnologia - Agazeta.net","og_description":"Inscri\u00e7\u00f5es est\u00e3o abertas ao p\u00fablico na internet","og_url":"https:\/\/nk7-testes.com.br\/agazeta\/ifac-sedia-congresso-de-ciencia-e-tecnologia\/","og_site_name":"Agazeta.net","article_published_time":"2016-10-01T15:48:08+00:00","og_image":[{"width":458,"height":340,"url":"https:\/\/nk7-testes.com.br\/agazeta\/wp-content\/uploads\/2015\/01\/1401-ifac-oaltoacre.jpg","type":"image\/jpeg"}],"author":"Agazeta.Net","twitter_card":"summary_large_image","twitter_misc":{"Escrito por":"Agazeta.Net","Est. tempo de leitura":"1 minuto"},"schema":{"@context":"https:\/\/schema.org","@graph":[{"@type":"WebPage","@id":"https:\/\/nk7-testes.com.br\/agazeta\/ifac-sedia-congresso-de-ciencia-e-tecnologia\/","url":"https:\/\/nk7-testes.com.br\/agazeta\/ifac-sedia-congresso-de-ciencia-e-tecnologia\/","name":"Ifac sedia congresso de Ci\u00eancia e Tecnologia - Agazeta.net","isPartOf":{"@id":"https:\/\/nk7-testes.com.br\/agazeta\/#website"},"primaryImageOfPage":{"@id":"https:\/\/nk7-testes.com.br\/agazeta\/ifac-sedia-congresso-de-ciencia-e-tecnologia\/#primaryimage"},"image":{"@id":"https:\/\/nk7-testes.com.br\/agazeta\/ifac-sedia-congresso-de-ciencia-e-tecnologia\/#primaryimage"},"thumbnailUrl":"https:\/\/nk7-testes.com.br\/agazeta\/wp-content\/uploads\/2015\/01\/1401-ifac-oaltoacre.jpg","datePublished":"2016-10-01T15:48:08+00:00","author":{"@id":"https:\/\/nk7-testes.com.br\/agazeta\/#\/schema\/person\/ff6b39d54d6973bfc57f4140f659b23f"},"breadcrumb":{"@id":"https:\/\/nk7-testes.com.br\/agazeta\/ifac-sedia-congresso-de-ciencia-e-tecnologia\/#breadcrumb"},"inLanguage":"pt-BR","potentialAction":[{"@type":"ReadAction","target":["https:\/\/nk7-testes.com.br\/agazeta\/ifac-sedia-congresso-de-ciencia-e-tecnologia\/"]}]},{"@type":"ImageObject","inLanguage":"pt-BR","@id":"https:\/\/nk7-testes.com.br\/agazeta\/ifac-sedia-congresso-de-ciencia-e-tecnologia\/#primaryimage","url":"https:\/\/nk7-testes.com.br\/agazeta\/wp-content\/uploads\/2015\/01\/1401-ifac-oaltoacre.jpg","contentUrl":"https:\/\/nk7-testes.com.br\/agazeta\/wp-content\/uploads\/2015\/01\/1401-ifac-oaltoacre.jpg","width":458,"height":340,"caption":"1401-ifac-oaltoacre"},{"@type":"BreadcrumbList","@id":"https:\/\/nk7-testes.com.br\/agazeta\/ifac-sedia-congresso-de-ciencia-e-tecnologia\/#breadcrumb","itemListElement":[{"@type":"ListItem","position":1,"name":"In\u00edcio","item":"https:\/\/nk7-testes.com.br\/agazeta\/"},{"@type":"ListItem","position":2,"name":"Ifac sedia congresso de Ci\u00eancia e Tecnologia"}]},{"@type":"WebSite","@id":"https:\/\/nk7-testes.com.br\/agazeta\/#website","url":"https:\/\/nk7-testes.com.br\/agazeta\/","name":"Agazeta.net","description":"Agazeta.net - Not\u00edcias de Rio Branco\/AC","potentialAction":[{"@type":"SearchAction","target":{"@type":"EntryPoint","urlTemplate":"https:\/\/nk7-testes.com.br\/agazeta\/?s={search_term_string}"},"query-input":{"@type":"PropertyValueSpecification","valueRequired":true,"valueName":"search_term_string"}}],"inLanguage":"pt-BR"},{"@type":"Person","@id":"https:\/\/nk7-testes.com.br\/agazeta\/#\/schema\/person\/ff6b39d54d6973bfc57f4140f659b23f","name":"Agazeta.Net","url":"https:\/\/nk7-testes.com.br\/agazeta\/author\/agazeta\/"}]}},"_links":{"self":[{"href":"https:\/\/nk7-testes.com.br\/agazeta\/wp-json\/wp\/v2\/posts\/25556","targetHints":{"allow":["GET"]}}],"collection":[{"href":"https:\/\/nk7-testes.com.br\/agazeta\/wp-json\/wp\/v2\/posts"}],"about":[{"href":"https:\/\/nk7-testes.com.br\/agazeta\/wp-json\/wp\/v2\/types\/post"}],"author":[{"embeddable":true,"href":"https:\/\/nk7-testes.com.br\/agazeta\/wp-json\/wp\/v2\/users\/4"}],"replies":[{"embeddable":true,"href":"https:\/\/nk7-testes.com.br\/agazeta\/wp-json\/wp\/v2\/comments?post=25556"}],"version-history":[{"count":0,"href":"https:\/\/nk7-testes.com.br\/agazeta\/wp-json\/wp\/v2\/posts\/25556\/revisions"}],"wp:featuredmedia":[{"embeddable":true,"href":"https:\/\/nk7-testes.com.br\/agazeta\/wp-json\/wp\/v2\/media\/12648"}],"wp:attachment":[{"href":"https:\/\/nk7-testes.com.br\/agazeta\/wp-json\/wp\/v2\/media?parent=25556"}],"wp:term":[{"taxonomy":"category","embeddable":true,"href":"https:\/\/nk7-testes.com.br\/agazeta\/wp-json\/wp\/v2\/categories?post=25556"},{"taxonomy":"post_tag","embeddable":true,"href":"https:\/\/nk7-testes.com.br\/agazeta\/wp-json\/wp\/v2\/tags?post=25556"}],"curies":[{"name":"wp","href":"https:\/\/api.w.org\/{rel}","templated":true}]}}