{"id":25544,"date":"2016-09-30T16:24:05","date_gmt":"2016-09-30T16:24:05","guid":{"rendered":"https:\/\/abarevegan.com.br\/index.php\/2016\/09\/30\/segundo-dia-de-tumulto-na-caixa-economica-do-centro\/"},"modified":"2016-09-30T16:24:05","modified_gmt":"2016-09-30T16:24:05","slug":"segundo-dia-de-tumulto-na-caixa-economica-do-centro","status":"publish","type":"post","link":"https:\/\/nk7-testes.com.br\/agazeta\/segundo-dia-de-tumulto-na-caixa-economica-do-centro\/","title":{"rendered":"Segundo dia de tumulto na Caixa Econ\u00f4mica do Centro"},"content":{"rendered":"<p style=\"text-align: justify;\">Desmaios, brigas e confus\u00e3o em ag\u00eancia banc\u00e1ria<\/p>\n<p style=\"text-align: justify;\">Pelo segundo dia consecutivo, a ag\u00eancia da Caixa Econ\u00f4mica Federal \u00e9 palco de confus\u00e3o. O Sindicato dos Banc\u00e1rios do Estado do Acre argumenta que a ger\u00eancia da Caixa n\u00e3o tem adotado crit\u00e9rios justos para realizar atendimentos durante a greve.<\/p>\n<p style=\"text-align: justify;\">\u201cOu entra todo mundo ou n\u00e3o entra ningu\u00e9m\u201d, afirma o vice-presidente do Sindicato dos Banc\u00e1rios, Nen\u00e9m Almeida. \u201cH\u00e1 pessoas que v\u00eam de barco receber o Bolsa Fam\u00edlia, v\u00eam de longe e n\u00e3o s\u00e3o recebidas. N\u00e3o \u00e9 poss\u00edvel que a ger\u00eancia s\u00f3 atenda advogados ou quem tem influ\u00eancia pol\u00edtica\u201d.<\/p>\n<p style=\"text-align: justify;\">Na manh\u00e3 desta sexta-feira, houve mais confus\u00e3o na ag\u00eancia da Caixa Econ\u00f4mica, no Centro. Uma mulher chegou a desmaiar em meio ao empurra-empurra. At\u00e9 briga ocorreu. A greve dos banc\u00e1rios est\u00e1 no 25\u00ba dia.<\/p>\n<p style=\"text-align: justify;\">A assessoria de imprensa da Caixa Econ\u00f4mica Federal foi acionada para se explicar sobre a acusa\u00e7\u00e3o do sindicato. Sobre o assunto, a assessoria deu a seguinte explica\u00e7\u00e3o:<\/p>\n<p style=\"text-align: justify;\">&#8220;A CAIXA esclarece que, durante o movimento paredista, o atendimento ser\u00e1 realizado de acordo com a disponibilidade de empregados em cada unidade. Nos casos em que o gestor decida abrir a ag\u00eancia, o atendimento ser\u00e1 realizado em regime de contingenciamento, para n\u00e3o gerar tumulto nem sobrecarregar os funcion\u00e1rios que n\u00e3o aderiram \u00e0 greve&#8221;.<\/p>\n<p style=\"text-align: justify;\">&nbsp;<\/p>\n","protected":false},"excerpt":{"rendered":"<p style=\"text-align: justify;\">Desmaios, brigas e confus\u00e3o em ag\u00eancia banc\u00e1ria<\/p>\n","protected":false},"author":4,"featured_media":25543,"comment_status":"open","ping_status":"open","sticky":false,"template":"","format":"standard","meta":{"jnews-multi-image_gallery":[],"jnews_single_post":[],"jnews_primary_category":[],"jnews_social_meta":[],"jnews_review":[],"enable_review":"","type":"","name":"","summary":"","brand":"","sku":"","good":[],"bad":[],"score_override":"","override_value":"","rating":[],"price":[],"footnotes":""},"categories":[54],"tags":[],"class_list":["post-25544","post","type-post","status-publish","format-standard","has-post-thumbnail","hentry","category-cotidiano"],"yoast_head":"<!-- This site is optimized with the Yoast SEO plugin v26.5 - https:\/\/yoast.com\/wordpress\/plugins\/seo\/ -->\n<title>Segundo dia de tumulto na Caixa Econ\u00f4mica do Centro - Agazeta.net<\/title>\n<meta name=\"robots\" content=\"index, follow, max-snippet:-1, max-image-preview:large, max-video-preview:-1\" \/>\n<link rel=\"canonical\" href=\"https:\/\/nk7-testes.com.br\/agazeta\/segundo-dia-de-tumulto-na-caixa-economica-do-centro\/\" \/>\n<meta property=\"og:locale\" content=\"pt_BR\" \/>\n<meta property=\"og:type\" content=\"article\" \/>\n<meta property=\"og:title\" content=\"Segundo dia de tumulto na Caixa Econ\u00f4mica do Centro - Agazeta.net\" \/>\n<meta property=\"og:description\" content=\"Desmaios, brigas e confus\u00e3o em ag\u00eancia banc\u00e1ria\" \/>\n<meta property=\"og:url\" content=\"https:\/\/nk7-testes.com.br\/agazeta\/segundo-dia-de-tumulto-na-caixa-economica-do-centro\/\" \/>\n<meta property=\"og:site_name\" content=\"Agazeta.net\" \/>\n<meta property=\"article:published_time\" content=\"2016-09-30T16:24:05+00:00\" \/>\n<meta property=\"og:image\" content=\"https:\/\/nk7-testes.com.br\/agazeta\/wp-content\/uploads\/2016\/09\/300916-cotidiano-grevecaixa-cedida.jpg\" \/>\n\t<meta property=\"og:image:width\" content=\"458\" \/>\n\t<meta property=\"og:image:height\" content=\"340\" \/>\n\t<meta property=\"og:image:type\" content=\"image\/jpeg\" \/>\n<meta name=\"author\" content=\"Agazeta.Net\" \/>\n<meta name=\"twitter:card\" content=\"summary_large_image\" \/>\n<meta name=\"twitter:label1\" content=\"Escrito por\" \/>\n\t<meta name=\"twitter:data1\" content=\"Agazeta.Net\" \/>\n\t<meta name=\"twitter:label2\" content=\"Est. tempo de leitura\" \/>\n\t<meta name=\"twitter:data2\" content=\"1 minuto\" \/>\n<script type=\"application\/ld+json\" class=\"yoast-schema-graph\">{\"@context\":\"https:\/\/schema.org\",\"@graph\":[{\"@type\":\"WebPage\",\"@id\":\"https:\/\/nk7-testes.com.br\/agazeta\/segundo-dia-de-tumulto-na-caixa-economica-do-centro\/\",\"url\":\"https:\/\/nk7-testes.com.br\/agazeta\/segundo-dia-de-tumulto-na-caixa-economica-do-centro\/\",\"name\":\"Segundo dia de tumulto na Caixa Econ\u00f4mica do Centro - Agazeta.net\",\"isPartOf\":{\"@id\":\"https:\/\/nk7-testes.com.br\/agazeta\/#website\"},\"primaryImageOfPage\":{\"@id\":\"https:\/\/nk7-testes.com.br\/agazeta\/segundo-dia-de-tumulto-na-caixa-economica-do-centro\/#primaryimage\"},\"image\":{\"@id\":\"https:\/\/nk7-testes.com.br\/agazeta\/segundo-dia-de-tumulto-na-caixa-economica-do-centro\/#primaryimage\"},\"thumbnailUrl\":\"https:\/\/nk7-testes.com.br\/agazeta\/wp-content\/uploads\/2016\/09\/300916-cotidiano-grevecaixa-cedida.jpg\",\"datePublished\":\"2016-09-30T16:24:05+00:00\",\"author\":{\"@id\":\"https:\/\/nk7-testes.com.br\/agazeta\/#\/schema\/person\/ff6b39d54d6973bfc57f4140f659b23f\"},\"breadcrumb\":{\"@id\":\"https:\/\/nk7-testes.com.br\/agazeta\/segundo-dia-de-tumulto-na-caixa-economica-do-centro\/#breadcrumb\"},\"inLanguage\":\"pt-BR\",\"potentialAction\":[{\"@type\":\"ReadAction\",\"target\":[\"https:\/\/nk7-testes.com.br\/agazeta\/segundo-dia-de-tumulto-na-caixa-economica-do-centro\/\"]}]},{\"@type\":\"ImageObject\",\"inLanguage\":\"pt-BR\",\"@id\":\"https:\/\/nk7-testes.com.br\/agazeta\/segundo-dia-de-tumulto-na-caixa-economica-do-centro\/#primaryimage\",\"url\":\"https:\/\/nk7-testes.com.br\/agazeta\/wp-content\/uploads\/2016\/09\/300916-cotidiano-grevecaixa-cedida.jpg\",\"contentUrl\":\"https:\/\/nk7-testes.com.br\/agazeta\/wp-content\/uploads\/2016\/09\/300916-cotidiano-grevecaixa-cedida.jpg\",\"width\":458,\"height\":340,\"caption\":\"300916-cotidiano-grevecaixa-cedida\"},{\"@type\":\"BreadcrumbList\",\"@id\":\"https:\/\/nk7-testes.com.br\/agazeta\/segundo-dia-de-tumulto-na-caixa-economica-do-centro\/#breadcrumb\",\"itemListElement\":[{\"@type\":\"ListItem\",\"position\":1,\"name\":\"In\u00edcio\",\"item\":\"https:\/\/nk7-testes.com.br\/agazeta\/\"},{\"@type\":\"ListItem\",\"position\":2,\"name\":\"Segundo dia de tumulto na Caixa Econ\u00f4mica do Centro\"}]},{\"@type\":\"WebSite\",\"@id\":\"https:\/\/nk7-testes.com.br\/agazeta\/#website\",\"url\":\"https:\/\/nk7-testes.com.br\/agazeta\/\",\"name\":\"Agazeta.net\",\"description\":\"Agazeta.net - Not\u00edcias de Rio Branco\/AC\",\"potentialAction\":[{\"@type\":\"SearchAction\",\"target\":{\"@type\":\"EntryPoint\",\"urlTemplate\":\"https:\/\/nk7-testes.com.br\/agazeta\/?s={search_term_string}\"},\"query-input\":{\"@type\":\"PropertyValueSpecification\",\"valueRequired\":true,\"valueName\":\"search_term_string\"}}],\"inLanguage\":\"pt-BR\"},{\"@type\":\"Person\",\"@id\":\"https:\/\/nk7-testes.com.br\/agazeta\/#\/schema\/person\/ff6b39d54d6973bfc57f4140f659b23f\",\"name\":\"Agazeta.Net\",\"url\":\"https:\/\/nk7-testes.com.br\/agazeta\/author\/agazeta\/\"}]}<\/script>\n<!-- \/ Yoast SEO plugin. -->","yoast_head_json":{"title":"Segundo dia de tumulto na Caixa Econ\u00f4mica do Centro - Agazeta.net","robots":{"index":"index","follow":"follow","max-snippet":"max-snippet:-1","max-image-preview":"max-image-preview:large","max-video-preview":"max-video-preview:-1"},"canonical":"https:\/\/nk7-testes.com.br\/agazeta\/segundo-dia-de-tumulto-na-caixa-economica-do-centro\/","og_locale":"pt_BR","og_type":"article","og_title":"Segundo dia de tumulto na Caixa Econ\u00f4mica do Centro - Agazeta.net","og_description":"Desmaios, brigas e confus\u00e3o em ag\u00eancia banc\u00e1ria","og_url":"https:\/\/nk7-testes.com.br\/agazeta\/segundo-dia-de-tumulto-na-caixa-economica-do-centro\/","og_site_name":"Agazeta.net","article_published_time":"2016-09-30T16:24:05+00:00","og_image":[{"width":458,"height":340,"url":"https:\/\/nk7-testes.com.br\/agazeta\/wp-content\/uploads\/2016\/09\/300916-cotidiano-grevecaixa-cedida.jpg","type":"image\/jpeg"}],"author":"Agazeta.Net","twitter_card":"summary_large_image","twitter_misc":{"Escrito por":"Agazeta.Net","Est. tempo de leitura":"1 minuto"},"schema":{"@context":"https:\/\/schema.org","@graph":[{"@type":"WebPage","@id":"https:\/\/nk7-testes.com.br\/agazeta\/segundo-dia-de-tumulto-na-caixa-economica-do-centro\/","url":"https:\/\/nk7-testes.com.br\/agazeta\/segundo-dia-de-tumulto-na-caixa-economica-do-centro\/","name":"Segundo dia de tumulto na Caixa Econ\u00f4mica do Centro - Agazeta.net","isPartOf":{"@id":"https:\/\/nk7-testes.com.br\/agazeta\/#website"},"primaryImageOfPage":{"@id":"https:\/\/nk7-testes.com.br\/agazeta\/segundo-dia-de-tumulto-na-caixa-economica-do-centro\/#primaryimage"},"image":{"@id":"https:\/\/nk7-testes.com.br\/agazeta\/segundo-dia-de-tumulto-na-caixa-economica-do-centro\/#primaryimage"},"thumbnailUrl":"https:\/\/nk7-testes.com.br\/agazeta\/wp-content\/uploads\/2016\/09\/300916-cotidiano-grevecaixa-cedida.jpg","datePublished":"2016-09-30T16:24:05+00:00","author":{"@id":"https:\/\/nk7-testes.com.br\/agazeta\/#\/schema\/person\/ff6b39d54d6973bfc57f4140f659b23f"},"breadcrumb":{"@id":"https:\/\/nk7-testes.com.br\/agazeta\/segundo-dia-de-tumulto-na-caixa-economica-do-centro\/#breadcrumb"},"inLanguage":"pt-BR","potentialAction":[{"@type":"ReadAction","target":["https:\/\/nk7-testes.com.br\/agazeta\/segundo-dia-de-tumulto-na-caixa-economica-do-centro\/"]}]},{"@type":"ImageObject","inLanguage":"pt-BR","@id":"https:\/\/nk7-testes.com.br\/agazeta\/segundo-dia-de-tumulto-na-caixa-economica-do-centro\/#primaryimage","url":"https:\/\/nk7-testes.com.br\/agazeta\/wp-content\/uploads\/2016\/09\/300916-cotidiano-grevecaixa-cedida.jpg","contentUrl":"https:\/\/nk7-testes.com.br\/agazeta\/wp-content\/uploads\/2016\/09\/300916-cotidiano-grevecaixa-cedida.jpg","width":458,"height":340,"caption":"300916-cotidiano-grevecaixa-cedida"},{"@type":"BreadcrumbList","@id":"https:\/\/nk7-testes.com.br\/agazeta\/segundo-dia-de-tumulto-na-caixa-economica-do-centro\/#breadcrumb","itemListElement":[{"@type":"ListItem","position":1,"name":"In\u00edcio","item":"https:\/\/nk7-testes.com.br\/agazeta\/"},{"@type":"ListItem","position":2,"name":"Segundo dia de tumulto na Caixa Econ\u00f4mica do Centro"}]},{"@type":"WebSite","@id":"https:\/\/nk7-testes.com.br\/agazeta\/#website","url":"https:\/\/nk7-testes.com.br\/agazeta\/","name":"Agazeta.net","description":"Agazeta.net - Not\u00edcias de Rio Branco\/AC","potentialAction":[{"@type":"SearchAction","target":{"@type":"EntryPoint","urlTemplate":"https:\/\/nk7-testes.com.br\/agazeta\/?s={search_term_string}"},"query-input":{"@type":"PropertyValueSpecification","valueRequired":true,"valueName":"search_term_string"}}],"inLanguage":"pt-BR"},{"@type":"Person","@id":"https:\/\/nk7-testes.com.br\/agazeta\/#\/schema\/person\/ff6b39d54d6973bfc57f4140f659b23f","name":"Agazeta.Net","url":"https:\/\/nk7-testes.com.br\/agazeta\/author\/agazeta\/"}]}},"_links":{"self":[{"href":"https:\/\/nk7-testes.com.br\/agazeta\/wp-json\/wp\/v2\/posts\/25544","targetHints":{"allow":["GET"]}}],"collection":[{"href":"https:\/\/nk7-testes.com.br\/agazeta\/wp-json\/wp\/v2\/posts"}],"about":[{"href":"https:\/\/nk7-testes.com.br\/agazeta\/wp-json\/wp\/v2\/types\/post"}],"author":[{"embeddable":true,"href":"https:\/\/nk7-testes.com.br\/agazeta\/wp-json\/wp\/v2\/users\/4"}],"replies":[{"embeddable":true,"href":"https:\/\/nk7-testes.com.br\/agazeta\/wp-json\/wp\/v2\/comments?post=25544"}],"version-history":[{"count":0,"href":"https:\/\/nk7-testes.com.br\/agazeta\/wp-json\/wp\/v2\/posts\/25544\/revisions"}],"wp:featuredmedia":[{"embeddable":true,"href":"https:\/\/nk7-testes.com.br\/agazeta\/wp-json\/wp\/v2\/media\/25543"}],"wp:attachment":[{"href":"https:\/\/nk7-testes.com.br\/agazeta\/wp-json\/wp\/v2\/media?parent=25544"}],"wp:term":[{"taxonomy":"category","embeddable":true,"href":"https:\/\/nk7-testes.com.br\/agazeta\/wp-json\/wp\/v2\/categories?post=25544"},{"taxonomy":"post_tag","embeddable":true,"href":"https:\/\/nk7-testes.com.br\/agazeta\/wp-json\/wp\/v2\/tags?post=25544"}],"curies":[{"name":"wp","href":"https:\/\/api.w.org\/{rel}","templated":true}]}}