{"id":25535,"date":"2016-09-29T21:15:31","date_gmt":"2016-09-29T21:15:31","guid":{"rendered":"https:\/\/abarevegan.com.br\/index.php\/2016\/09\/29\/riobranquense-contabiliza-prejuizos-com-chuva\/"},"modified":"2016-09-29T21:15:31","modified_gmt":"2016-09-29T21:15:31","slug":"riobranquense-contabiliza-prejuizos-com-chuva","status":"publish","type":"post","link":"https:\/\/nk7-testes.com.br\/agazeta\/riobranquense-contabiliza-prejuizos-com-chuva\/","title":{"rendered":"Riobranquense contabiliza preju\u00edzos com chuva"},"content":{"rendered":"<p style=\"text-align: justify;\">20 \u00e1rvores ca\u00eddas e muitos telhados levados pelo vento<\/p>\n<p style=\"text-align: justify;\">O temporal que caiu na tarde de ontem em Rio Branco causou v\u00e1rios preju\u00edzos na \u00e1rea central e em bairros pr\u00f3ximos. O Corpo de Bombeiros recebeu 20 pedidos de ajuda referentes a queda de \u00e1rvores. A Eletrobr\u00e1s\/Acre registrou mais de 170 chamadas relatando problemas com falta de luz.<\/p>\n<p style=\"text-align: justify;\">Os fortes ventos de aproximadamente 90 Km\/hora provocaram uma s\u00e9rie de estragos pela cidade. Parte da cobertura do Est\u00e1dio Jos\u00e9 de Melo e da galeria das lojas pr\u00f3ximas foi arremessada sobre a rede el\u00e9trica.<\/p>\n<p style=\"text-align: justify;\">Algumas placas de alum\u00ednio foram parar na pra\u00e7a em frente ao est\u00e1dio. Camel\u00f4s tamb\u00e9m tiveram preju\u00edzos com quiosques que foram arrancados. A ventania destelhou casas e com\u00e9rcios, arrancou at\u00e9 fachadas de lojas e derrubou at\u00e9 \u00e1rvores.<\/p>\n<p style=\"text-align: justify;\">E as \u00e1rvores foram um problema a parte para o Corpo de Bombeiros e a Eletrobr\u00e1s Acre. Algumas danificaram fia\u00e7\u00e3o e por isso houve queda de energia em v\u00e1rios locais da cidade.<\/p>\n<p style=\"text-align: justify;\">Segundo a Eletrobr\u00e1s Acre, 173 chamadas foram registradas. As liga\u00e7\u00f5es vieram de Rio Branco, da Estrada Transacreana e da zona rural de Bujari. Cerca de 20 mil consumidores foram afetados pela interrup\u00e7\u00e3o de energia, que demorou at\u00e9 4 horas para ser restabelecida em algumas regi\u00f5es.<\/p>\n<p style=\"text-align: justify;\">\u201cTriplicamos nossa quantidade de equipes. A maioria dos problemas foi de \u00e1rvores que ca\u00edram na rede. O Corpo de Bombeiros nos ajudou bastante pra normalizarmos o servi\u00e7o o mais r\u00e1pido poss\u00edvel\u201d, disse o gerente de opera\u00e7\u00e3o da empresa, Carlos Farias.<\/p>\n<p style=\"text-align: justify;\">Segundo o major Falc\u00e3o, do Corpo de Bombeiros, as equipes de plant\u00e3o apagavam inc\u00eandios florestais no momento em que come\u00e7aram a chegar os pedidos de socorro. O atendimento relativo a queda de \u00e1rvores sobre ve\u00edculos, resid\u00eancias e via p\u00fablica entrou pela madrugada.<\/p>\n<p style=\"text-align: justify;\">\u201cN\u00f3s deslocamos as equipes de plant\u00e3o para atender essas ocorr\u00eancias e solicitamos mais equipes que estavam na folga. Fomos atendendo as ocorr\u00eancias de acordo com a prioridade\u201d, explicou.<\/p>\n<p style=\"text-align: justify;\">Segundo a meteorologia, h\u00e1 previs\u00e3o de chuvas com tempestade para os pr\u00f3ximos dias. Esses fen\u00f4menos historicamente acontecem entre o fim do m\u00eas de setembro e o in\u00edcio de outubro.<\/p>\n<p style=\"text-align: justify;\">{youtube}sQ2H7RD36aQ&amp;feature=youtu.be{\/youtube}<\/p>\n","protected":false},"excerpt":{"rendered":"<p style=\"text-align: justify;\">20 \u00e1rvores ca\u00eddas e muitos telhados levados pelo vento<\/p>\n","protected":false},"author":4,"featured_media":25534,"comment_status":"open","ping_status":"open","sticky":false,"template":"","format":"standard","meta":{"jnews-multi-image_gallery":[],"jnews_single_post":[],"jnews_primary_category":[],"jnews_social_meta":[],"jnews_review":[],"enable_review":"","type":"","name":"","summary":"","brand":"","sku":"","good":[],"bad":[],"score_override":"","override_value":"","rating":[],"price":[],"footnotes":""},"categories":[54],"tags":[],"class_list":["post-25535","post","type-post","status-publish","format-standard","has-post-thumbnail","hentry","category-cotidiano"],"yoast_head":"<!-- This site is optimized with the Yoast SEO plugin v26.5 - https:\/\/yoast.com\/wordpress\/plugins\/seo\/ -->\n<title>Riobranquense contabiliza preju\u00edzos com chuva - Agazeta.net<\/title>\n<meta name=\"robots\" content=\"index, follow, max-snippet:-1, max-image-preview:large, max-video-preview:-1\" \/>\n<link rel=\"canonical\" href=\"https:\/\/nk7-testes.com.br\/agazeta\/riobranquense-contabiliza-prejuizos-com-chuva\/\" \/>\n<meta property=\"og:locale\" content=\"pt_BR\" \/>\n<meta property=\"og:type\" content=\"article\" \/>\n<meta property=\"og:title\" content=\"Riobranquense contabiliza preju\u00edzos com chuva - Agazeta.net\" \/>\n<meta property=\"og:description\" content=\"20 \u00e1rvores ca\u00eddas e muitos telhados levados pelo vento\" \/>\n<meta property=\"og:url\" content=\"https:\/\/nk7-testes.com.br\/agazeta\/riobranquense-contabiliza-prejuizos-com-chuva\/\" \/>\n<meta property=\"og:site_name\" content=\"Agazeta.net\" \/>\n<meta property=\"article:published_time\" content=\"2016-09-29T21:15:31+00:00\" \/>\n<meta property=\"og:image\" content=\"https:\/\/nk7-testes.com.br\/agazeta\/wp-content\/uploads\/2016\/09\/290916-cotidiano-vendaval-josenirmelo.jpg\" \/>\n\t<meta property=\"og:image:width\" content=\"458\" \/>\n\t<meta property=\"og:image:height\" content=\"340\" \/>\n\t<meta property=\"og:image:type\" content=\"image\/jpeg\" \/>\n<meta name=\"author\" content=\"Agazeta.Net\" \/>\n<meta name=\"twitter:card\" content=\"summary_large_image\" \/>\n<meta name=\"twitter:label1\" content=\"Escrito por\" \/>\n\t<meta name=\"twitter:data1\" content=\"Agazeta.Net\" \/>\n\t<meta name=\"twitter:label2\" content=\"Est. tempo de leitura\" \/>\n\t<meta name=\"twitter:data2\" content=\"2 minutos\" \/>\n<script type=\"application\/ld+json\" class=\"yoast-schema-graph\">{\"@context\":\"https:\/\/schema.org\",\"@graph\":[{\"@type\":\"WebPage\",\"@id\":\"https:\/\/nk7-testes.com.br\/agazeta\/riobranquense-contabiliza-prejuizos-com-chuva\/\",\"url\":\"https:\/\/nk7-testes.com.br\/agazeta\/riobranquense-contabiliza-prejuizos-com-chuva\/\",\"name\":\"Riobranquense contabiliza preju\u00edzos com chuva - Agazeta.net\",\"isPartOf\":{\"@id\":\"https:\/\/nk7-testes.com.br\/agazeta\/#website\"},\"primaryImageOfPage\":{\"@id\":\"https:\/\/nk7-testes.com.br\/agazeta\/riobranquense-contabiliza-prejuizos-com-chuva\/#primaryimage\"},\"image\":{\"@id\":\"https:\/\/nk7-testes.com.br\/agazeta\/riobranquense-contabiliza-prejuizos-com-chuva\/#primaryimage\"},\"thumbnailUrl\":\"https:\/\/nk7-testes.com.br\/agazeta\/wp-content\/uploads\/2016\/09\/290916-cotidiano-vendaval-josenirmelo.jpg\",\"datePublished\":\"2016-09-29T21:15:31+00:00\",\"author\":{\"@id\":\"https:\/\/nk7-testes.com.br\/agazeta\/#\/schema\/person\/ff6b39d54d6973bfc57f4140f659b23f\"},\"breadcrumb\":{\"@id\":\"https:\/\/nk7-testes.com.br\/agazeta\/riobranquense-contabiliza-prejuizos-com-chuva\/#breadcrumb\"},\"inLanguage\":\"pt-BR\",\"potentialAction\":[{\"@type\":\"ReadAction\",\"target\":[\"https:\/\/nk7-testes.com.br\/agazeta\/riobranquense-contabiliza-prejuizos-com-chuva\/\"]}]},{\"@type\":\"ImageObject\",\"inLanguage\":\"pt-BR\",\"@id\":\"https:\/\/nk7-testes.com.br\/agazeta\/riobranquense-contabiliza-prejuizos-com-chuva\/#primaryimage\",\"url\":\"https:\/\/nk7-testes.com.br\/agazeta\/wp-content\/uploads\/2016\/09\/290916-cotidiano-vendaval-josenirmelo.jpg\",\"contentUrl\":\"https:\/\/nk7-testes.com.br\/agazeta\/wp-content\/uploads\/2016\/09\/290916-cotidiano-vendaval-josenirmelo.jpg\",\"width\":458,\"height\":340,\"caption\":\"290916-cotidiano-vendaval-josenirmelo\"},{\"@type\":\"BreadcrumbList\",\"@id\":\"https:\/\/nk7-testes.com.br\/agazeta\/riobranquense-contabiliza-prejuizos-com-chuva\/#breadcrumb\",\"itemListElement\":[{\"@type\":\"ListItem\",\"position\":1,\"name\":\"In\u00edcio\",\"item\":\"https:\/\/nk7-testes.com.br\/agazeta\/\"},{\"@type\":\"ListItem\",\"position\":2,\"name\":\"Riobranquense contabiliza preju\u00edzos com chuva\"}]},{\"@type\":\"WebSite\",\"@id\":\"https:\/\/nk7-testes.com.br\/agazeta\/#website\",\"url\":\"https:\/\/nk7-testes.com.br\/agazeta\/\",\"name\":\"Agazeta.net\",\"description\":\"Agazeta.net - Not\u00edcias de Rio Branco\/AC\",\"potentialAction\":[{\"@type\":\"SearchAction\",\"target\":{\"@type\":\"EntryPoint\",\"urlTemplate\":\"https:\/\/nk7-testes.com.br\/agazeta\/?s={search_term_string}\"},\"query-input\":{\"@type\":\"PropertyValueSpecification\",\"valueRequired\":true,\"valueName\":\"search_term_string\"}}],\"inLanguage\":\"pt-BR\"},{\"@type\":\"Person\",\"@id\":\"https:\/\/nk7-testes.com.br\/agazeta\/#\/schema\/person\/ff6b39d54d6973bfc57f4140f659b23f\",\"name\":\"Agazeta.Net\",\"url\":\"https:\/\/nk7-testes.com.br\/agazeta\/author\/agazeta\/\"}]}<\/script>\n<!-- \/ Yoast SEO plugin. -->","yoast_head_json":{"title":"Riobranquense contabiliza preju\u00edzos com chuva - Agazeta.net","robots":{"index":"index","follow":"follow","max-snippet":"max-snippet:-1","max-image-preview":"max-image-preview:large","max-video-preview":"max-video-preview:-1"},"canonical":"https:\/\/nk7-testes.com.br\/agazeta\/riobranquense-contabiliza-prejuizos-com-chuva\/","og_locale":"pt_BR","og_type":"article","og_title":"Riobranquense contabiliza preju\u00edzos com chuva - Agazeta.net","og_description":"20 \u00e1rvores ca\u00eddas e muitos telhados levados pelo vento","og_url":"https:\/\/nk7-testes.com.br\/agazeta\/riobranquense-contabiliza-prejuizos-com-chuva\/","og_site_name":"Agazeta.net","article_published_time":"2016-09-29T21:15:31+00:00","og_image":[{"width":458,"height":340,"url":"https:\/\/nk7-testes.com.br\/agazeta\/wp-content\/uploads\/2016\/09\/290916-cotidiano-vendaval-josenirmelo.jpg","type":"image\/jpeg"}],"author":"Agazeta.Net","twitter_card":"summary_large_image","twitter_misc":{"Escrito por":"Agazeta.Net","Est. tempo de leitura":"2 minutos"},"schema":{"@context":"https:\/\/schema.org","@graph":[{"@type":"WebPage","@id":"https:\/\/nk7-testes.com.br\/agazeta\/riobranquense-contabiliza-prejuizos-com-chuva\/","url":"https:\/\/nk7-testes.com.br\/agazeta\/riobranquense-contabiliza-prejuizos-com-chuva\/","name":"Riobranquense contabiliza preju\u00edzos com chuva - Agazeta.net","isPartOf":{"@id":"https:\/\/nk7-testes.com.br\/agazeta\/#website"},"primaryImageOfPage":{"@id":"https:\/\/nk7-testes.com.br\/agazeta\/riobranquense-contabiliza-prejuizos-com-chuva\/#primaryimage"},"image":{"@id":"https:\/\/nk7-testes.com.br\/agazeta\/riobranquense-contabiliza-prejuizos-com-chuva\/#primaryimage"},"thumbnailUrl":"https:\/\/nk7-testes.com.br\/agazeta\/wp-content\/uploads\/2016\/09\/290916-cotidiano-vendaval-josenirmelo.jpg","datePublished":"2016-09-29T21:15:31+00:00","author":{"@id":"https:\/\/nk7-testes.com.br\/agazeta\/#\/schema\/person\/ff6b39d54d6973bfc57f4140f659b23f"},"breadcrumb":{"@id":"https:\/\/nk7-testes.com.br\/agazeta\/riobranquense-contabiliza-prejuizos-com-chuva\/#breadcrumb"},"inLanguage":"pt-BR","potentialAction":[{"@type":"ReadAction","target":["https:\/\/nk7-testes.com.br\/agazeta\/riobranquense-contabiliza-prejuizos-com-chuva\/"]}]},{"@type":"ImageObject","inLanguage":"pt-BR","@id":"https:\/\/nk7-testes.com.br\/agazeta\/riobranquense-contabiliza-prejuizos-com-chuva\/#primaryimage","url":"https:\/\/nk7-testes.com.br\/agazeta\/wp-content\/uploads\/2016\/09\/290916-cotidiano-vendaval-josenirmelo.jpg","contentUrl":"https:\/\/nk7-testes.com.br\/agazeta\/wp-content\/uploads\/2016\/09\/290916-cotidiano-vendaval-josenirmelo.jpg","width":458,"height":340,"caption":"290916-cotidiano-vendaval-josenirmelo"},{"@type":"BreadcrumbList","@id":"https:\/\/nk7-testes.com.br\/agazeta\/riobranquense-contabiliza-prejuizos-com-chuva\/#breadcrumb","itemListElement":[{"@type":"ListItem","position":1,"name":"In\u00edcio","item":"https:\/\/nk7-testes.com.br\/agazeta\/"},{"@type":"ListItem","position":2,"name":"Riobranquense contabiliza preju\u00edzos com chuva"}]},{"@type":"WebSite","@id":"https:\/\/nk7-testes.com.br\/agazeta\/#website","url":"https:\/\/nk7-testes.com.br\/agazeta\/","name":"Agazeta.net","description":"Agazeta.net - Not\u00edcias de Rio Branco\/AC","potentialAction":[{"@type":"SearchAction","target":{"@type":"EntryPoint","urlTemplate":"https:\/\/nk7-testes.com.br\/agazeta\/?s={search_term_string}"},"query-input":{"@type":"PropertyValueSpecification","valueRequired":true,"valueName":"search_term_string"}}],"inLanguage":"pt-BR"},{"@type":"Person","@id":"https:\/\/nk7-testes.com.br\/agazeta\/#\/schema\/person\/ff6b39d54d6973bfc57f4140f659b23f","name":"Agazeta.Net","url":"https:\/\/nk7-testes.com.br\/agazeta\/author\/agazeta\/"}]}},"_links":{"self":[{"href":"https:\/\/nk7-testes.com.br\/agazeta\/wp-json\/wp\/v2\/posts\/25535","targetHints":{"allow":["GET"]}}],"collection":[{"href":"https:\/\/nk7-testes.com.br\/agazeta\/wp-json\/wp\/v2\/posts"}],"about":[{"href":"https:\/\/nk7-testes.com.br\/agazeta\/wp-json\/wp\/v2\/types\/post"}],"author":[{"embeddable":true,"href":"https:\/\/nk7-testes.com.br\/agazeta\/wp-json\/wp\/v2\/users\/4"}],"replies":[{"embeddable":true,"href":"https:\/\/nk7-testes.com.br\/agazeta\/wp-json\/wp\/v2\/comments?post=25535"}],"version-history":[{"count":0,"href":"https:\/\/nk7-testes.com.br\/agazeta\/wp-json\/wp\/v2\/posts\/25535\/revisions"}],"wp:featuredmedia":[{"embeddable":true,"href":"https:\/\/nk7-testes.com.br\/agazeta\/wp-json\/wp\/v2\/media\/25534"}],"wp:attachment":[{"href":"https:\/\/nk7-testes.com.br\/agazeta\/wp-json\/wp\/v2\/media?parent=25535"}],"wp:term":[{"taxonomy":"category","embeddable":true,"href":"https:\/\/nk7-testes.com.br\/agazeta\/wp-json\/wp\/v2\/categories?post=25535"},{"taxonomy":"post_tag","embeddable":true,"href":"https:\/\/nk7-testes.com.br\/agazeta\/wp-json\/wp\/v2\/tags?post=25535"}],"curies":[{"name":"wp","href":"https:\/\/api.w.org\/{rel}","templated":true}]}}