{"id":25518,"date":"2016-09-29T15:39:56","date_gmt":"2016-09-29T15:39:56","guid":{"rendered":"https:\/\/abarevegan.com.br\/index.php\/2016\/09\/29\/temporal-prejudica-maternidade-e-hospital-da-crianca\/"},"modified":"2016-09-29T15:39:56","modified_gmt":"2016-09-29T15:39:56","slug":"temporal-prejudica-maternidade-e-hospital-da-crianca","status":"publish","type":"post","link":"https:\/\/nk7-testes.com.br\/agazeta\/temporal-prejudica-maternidade-e-hospital-da-crianca\/","title":{"rendered":"Temporal prejudica Maternidade e Hospital da Crian\u00e7a"},"content":{"rendered":"<p style=\"text-align: justify;\">Parte do teto n\u00e3o suportou vento&nbsp;<\/p>\n<p style=\"text-align: justify;\">O Hospital da Crian\u00e7a e a Maternidade B\u00e1rbara Heliodora foram bastante atingidos pela forte chuva que caiu ontem \u00e0 tarde na Capital. No Hospital da Crian\u00e7a, por exemplo, a enfermaria M choveu dentro.<\/p>\n<p style=\"text-align: justify;\">O telhado n\u00e3o suportou, assim como o forro de PVC. Na enfermaria, era grande a movimenta\u00e7\u00e3o de enfermeiros e auxiliares para improvisar o atendimento aos pacientes com tudo molhado.<\/p>\n<p style=\"text-align: justify;\">Nos corredores, v\u00e1rios equipamentos e leitos molhados. Na Maternidade B\u00e1rbara Heliodora, o lact\u00e1reo (banco de leite) tamb\u00e9m tinha \u00e1gua da chuva caindo pela l\u00e2mpada e todos os equipamentos molhados.<\/p>\n<p style=\"text-align: justify;\">A assessoria da Secretaria de Estado de Sa\u00fade foi contatada. De acordo com a diretoria administrativa das duas unidades, logo ap\u00f3s o temporal foram feitos &#8220;reparos e refor\u00e7os&#8221;. &#8220;Houve o transtorno, mas, n\u00e3o houve nenhum preju\u00edzo na presta\u00e7\u00e3o de servi\u00e7os aos pacientes&#8221;.<\/p>\n<p style=\"text-align: justify;\"><strong>A chuva_<\/strong> De acordo com o Corpo de Bombeiros, que monitora o tempo na regi\u00e3o, a chuva de ontem n\u00e3o foi t\u00e3o intensa, comparada a outros epis\u00f3dios. E apresenta n\u00fameros: choveu apenas 7 mil\u00edmetros. O problema foi o vento forte. em algumas regi\u00f5es: variou de 40 a 90 Km\/h.<\/p>\n<p style=\"text-align: justify;\">{youtube}uernjLy-GvE&amp;feature=youtu.be{\/youtube}<\/p>\n","protected":false},"excerpt":{"rendered":"<p style=\"text-align: justify;\">Parte do teto n\u00e3o suportou vento&nbsp;<\/p>\n","protected":false},"author":4,"featured_media":25517,"comment_status":"open","ping_status":"open","sticky":false,"template":"","format":"standard","meta":{"jnews-multi-image_gallery":[],"jnews_single_post":[],"jnews_primary_category":[],"jnews_social_meta":[],"jnews_review":[],"enable_review":"","type":"","name":"","summary":"","brand":"","sku":"","good":[],"bad":[],"score_override":"","override_value":"","rating":[],"price":[],"footnotes":""},"categories":[54],"tags":[],"class_list":["post-25518","post","type-post","status-publish","format-standard","has-post-thumbnail","hentry","category-cotidiano"],"yoast_head":"<!-- This site is optimized with the Yoast SEO plugin v26.5 - https:\/\/yoast.com\/wordpress\/plugins\/seo\/ -->\n<title>Temporal prejudica Maternidade e Hospital da Crian\u00e7a - Agazeta.net<\/title>\n<meta name=\"robots\" content=\"index, follow, max-snippet:-1, max-image-preview:large, max-video-preview:-1\" \/>\n<link rel=\"canonical\" href=\"https:\/\/nk7-testes.com.br\/agazeta\/temporal-prejudica-maternidade-e-hospital-da-crianca\/\" \/>\n<meta property=\"og:locale\" content=\"pt_BR\" \/>\n<meta property=\"og:type\" content=\"article\" \/>\n<meta property=\"og:title\" content=\"Temporal prejudica Maternidade e Hospital da Crian\u00e7a - Agazeta.net\" \/>\n<meta property=\"og:description\" content=\"Parte do teto n\u00e3o suportou vento&nbsp;\" \/>\n<meta property=\"og:url\" content=\"https:\/\/nk7-testes.com.br\/agazeta\/temporal-prejudica-maternidade-e-hospital-da-crianca\/\" \/>\n<meta property=\"og:site_name\" content=\"Agazeta.net\" \/>\n<meta property=\"article:published_time\" content=\"2016-09-29T15:39:56+00:00\" \/>\n<meta property=\"og:image\" content=\"https:\/\/nk7-testes.com.br\/agazeta\/wp-content\/uploads\/2016\/09\/290916-cotidiano-chuvahospital-cedida.jpg\" \/>\n\t<meta property=\"og:image:width\" content=\"458\" \/>\n\t<meta property=\"og:image:height\" content=\"340\" \/>\n\t<meta property=\"og:image:type\" content=\"image\/jpeg\" \/>\n<meta name=\"author\" content=\"Agazeta.Net\" \/>\n<meta name=\"twitter:card\" content=\"summary_large_image\" \/>\n<meta name=\"twitter:label1\" content=\"Escrito por\" \/>\n\t<meta name=\"twitter:data1\" content=\"Agazeta.Net\" \/>\n\t<meta name=\"twitter:label2\" content=\"Est. tempo de leitura\" \/>\n\t<meta name=\"twitter:data2\" content=\"1 minuto\" \/>\n<script type=\"application\/ld+json\" class=\"yoast-schema-graph\">{\"@context\":\"https:\/\/schema.org\",\"@graph\":[{\"@type\":\"WebPage\",\"@id\":\"https:\/\/nk7-testes.com.br\/agazeta\/temporal-prejudica-maternidade-e-hospital-da-crianca\/\",\"url\":\"https:\/\/nk7-testes.com.br\/agazeta\/temporal-prejudica-maternidade-e-hospital-da-crianca\/\",\"name\":\"Temporal prejudica Maternidade e Hospital da Crian\u00e7a - Agazeta.net\",\"isPartOf\":{\"@id\":\"https:\/\/nk7-testes.com.br\/agazeta\/#website\"},\"primaryImageOfPage\":{\"@id\":\"https:\/\/nk7-testes.com.br\/agazeta\/temporal-prejudica-maternidade-e-hospital-da-crianca\/#primaryimage\"},\"image\":{\"@id\":\"https:\/\/nk7-testes.com.br\/agazeta\/temporal-prejudica-maternidade-e-hospital-da-crianca\/#primaryimage\"},\"thumbnailUrl\":\"https:\/\/nk7-testes.com.br\/agazeta\/wp-content\/uploads\/2016\/09\/290916-cotidiano-chuvahospital-cedida.jpg\",\"datePublished\":\"2016-09-29T15:39:56+00:00\",\"author\":{\"@id\":\"https:\/\/nk7-testes.com.br\/agazeta\/#\/schema\/person\/ff6b39d54d6973bfc57f4140f659b23f\"},\"breadcrumb\":{\"@id\":\"https:\/\/nk7-testes.com.br\/agazeta\/temporal-prejudica-maternidade-e-hospital-da-crianca\/#breadcrumb\"},\"inLanguage\":\"pt-BR\",\"potentialAction\":[{\"@type\":\"ReadAction\",\"target\":[\"https:\/\/nk7-testes.com.br\/agazeta\/temporal-prejudica-maternidade-e-hospital-da-crianca\/\"]}]},{\"@type\":\"ImageObject\",\"inLanguage\":\"pt-BR\",\"@id\":\"https:\/\/nk7-testes.com.br\/agazeta\/temporal-prejudica-maternidade-e-hospital-da-crianca\/#primaryimage\",\"url\":\"https:\/\/nk7-testes.com.br\/agazeta\/wp-content\/uploads\/2016\/09\/290916-cotidiano-chuvahospital-cedida.jpg\",\"contentUrl\":\"https:\/\/nk7-testes.com.br\/agazeta\/wp-content\/uploads\/2016\/09\/290916-cotidiano-chuvahospital-cedida.jpg\",\"width\":458,\"height\":340,\"caption\":\"290916-cotidiano-chuvahospital-cedida\"},{\"@type\":\"BreadcrumbList\",\"@id\":\"https:\/\/nk7-testes.com.br\/agazeta\/temporal-prejudica-maternidade-e-hospital-da-crianca\/#breadcrumb\",\"itemListElement\":[{\"@type\":\"ListItem\",\"position\":1,\"name\":\"In\u00edcio\",\"item\":\"https:\/\/nk7-testes.com.br\/agazeta\/\"},{\"@type\":\"ListItem\",\"position\":2,\"name\":\"Temporal prejudica Maternidade e Hospital da Crian\u00e7a\"}]},{\"@type\":\"WebSite\",\"@id\":\"https:\/\/nk7-testes.com.br\/agazeta\/#website\",\"url\":\"https:\/\/nk7-testes.com.br\/agazeta\/\",\"name\":\"Agazeta.net\",\"description\":\"Agazeta.net - Not\u00edcias de Rio Branco\/AC\",\"potentialAction\":[{\"@type\":\"SearchAction\",\"target\":{\"@type\":\"EntryPoint\",\"urlTemplate\":\"https:\/\/nk7-testes.com.br\/agazeta\/?s={search_term_string}\"},\"query-input\":{\"@type\":\"PropertyValueSpecification\",\"valueRequired\":true,\"valueName\":\"search_term_string\"}}],\"inLanguage\":\"pt-BR\"},{\"@type\":\"Person\",\"@id\":\"https:\/\/nk7-testes.com.br\/agazeta\/#\/schema\/person\/ff6b39d54d6973bfc57f4140f659b23f\",\"name\":\"Agazeta.Net\",\"url\":\"https:\/\/nk7-testes.com.br\/agazeta\/author\/agazeta\/\"}]}<\/script>\n<!-- \/ Yoast SEO plugin. -->","yoast_head_json":{"title":"Temporal prejudica Maternidade e Hospital da Crian\u00e7a - Agazeta.net","robots":{"index":"index","follow":"follow","max-snippet":"max-snippet:-1","max-image-preview":"max-image-preview:large","max-video-preview":"max-video-preview:-1"},"canonical":"https:\/\/nk7-testes.com.br\/agazeta\/temporal-prejudica-maternidade-e-hospital-da-crianca\/","og_locale":"pt_BR","og_type":"article","og_title":"Temporal prejudica Maternidade e Hospital da Crian\u00e7a - Agazeta.net","og_description":"Parte do teto n\u00e3o suportou vento&nbsp;","og_url":"https:\/\/nk7-testes.com.br\/agazeta\/temporal-prejudica-maternidade-e-hospital-da-crianca\/","og_site_name":"Agazeta.net","article_published_time":"2016-09-29T15:39:56+00:00","og_image":[{"width":458,"height":340,"url":"https:\/\/nk7-testes.com.br\/agazeta\/wp-content\/uploads\/2016\/09\/290916-cotidiano-chuvahospital-cedida.jpg","type":"image\/jpeg"}],"author":"Agazeta.Net","twitter_card":"summary_large_image","twitter_misc":{"Escrito por":"Agazeta.Net","Est. tempo de leitura":"1 minuto"},"schema":{"@context":"https:\/\/schema.org","@graph":[{"@type":"WebPage","@id":"https:\/\/nk7-testes.com.br\/agazeta\/temporal-prejudica-maternidade-e-hospital-da-crianca\/","url":"https:\/\/nk7-testes.com.br\/agazeta\/temporal-prejudica-maternidade-e-hospital-da-crianca\/","name":"Temporal prejudica Maternidade e Hospital da Crian\u00e7a - Agazeta.net","isPartOf":{"@id":"https:\/\/nk7-testes.com.br\/agazeta\/#website"},"primaryImageOfPage":{"@id":"https:\/\/nk7-testes.com.br\/agazeta\/temporal-prejudica-maternidade-e-hospital-da-crianca\/#primaryimage"},"image":{"@id":"https:\/\/nk7-testes.com.br\/agazeta\/temporal-prejudica-maternidade-e-hospital-da-crianca\/#primaryimage"},"thumbnailUrl":"https:\/\/nk7-testes.com.br\/agazeta\/wp-content\/uploads\/2016\/09\/290916-cotidiano-chuvahospital-cedida.jpg","datePublished":"2016-09-29T15:39:56+00:00","author":{"@id":"https:\/\/nk7-testes.com.br\/agazeta\/#\/schema\/person\/ff6b39d54d6973bfc57f4140f659b23f"},"breadcrumb":{"@id":"https:\/\/nk7-testes.com.br\/agazeta\/temporal-prejudica-maternidade-e-hospital-da-crianca\/#breadcrumb"},"inLanguage":"pt-BR","potentialAction":[{"@type":"ReadAction","target":["https:\/\/nk7-testes.com.br\/agazeta\/temporal-prejudica-maternidade-e-hospital-da-crianca\/"]}]},{"@type":"ImageObject","inLanguage":"pt-BR","@id":"https:\/\/nk7-testes.com.br\/agazeta\/temporal-prejudica-maternidade-e-hospital-da-crianca\/#primaryimage","url":"https:\/\/nk7-testes.com.br\/agazeta\/wp-content\/uploads\/2016\/09\/290916-cotidiano-chuvahospital-cedida.jpg","contentUrl":"https:\/\/nk7-testes.com.br\/agazeta\/wp-content\/uploads\/2016\/09\/290916-cotidiano-chuvahospital-cedida.jpg","width":458,"height":340,"caption":"290916-cotidiano-chuvahospital-cedida"},{"@type":"BreadcrumbList","@id":"https:\/\/nk7-testes.com.br\/agazeta\/temporal-prejudica-maternidade-e-hospital-da-crianca\/#breadcrumb","itemListElement":[{"@type":"ListItem","position":1,"name":"In\u00edcio","item":"https:\/\/nk7-testes.com.br\/agazeta\/"},{"@type":"ListItem","position":2,"name":"Temporal prejudica Maternidade e Hospital da Crian\u00e7a"}]},{"@type":"WebSite","@id":"https:\/\/nk7-testes.com.br\/agazeta\/#website","url":"https:\/\/nk7-testes.com.br\/agazeta\/","name":"Agazeta.net","description":"Agazeta.net - Not\u00edcias de Rio Branco\/AC","potentialAction":[{"@type":"SearchAction","target":{"@type":"EntryPoint","urlTemplate":"https:\/\/nk7-testes.com.br\/agazeta\/?s={search_term_string}"},"query-input":{"@type":"PropertyValueSpecification","valueRequired":true,"valueName":"search_term_string"}}],"inLanguage":"pt-BR"},{"@type":"Person","@id":"https:\/\/nk7-testes.com.br\/agazeta\/#\/schema\/person\/ff6b39d54d6973bfc57f4140f659b23f","name":"Agazeta.Net","url":"https:\/\/nk7-testes.com.br\/agazeta\/author\/agazeta\/"}]}},"_links":{"self":[{"href":"https:\/\/nk7-testes.com.br\/agazeta\/wp-json\/wp\/v2\/posts\/25518","targetHints":{"allow":["GET"]}}],"collection":[{"href":"https:\/\/nk7-testes.com.br\/agazeta\/wp-json\/wp\/v2\/posts"}],"about":[{"href":"https:\/\/nk7-testes.com.br\/agazeta\/wp-json\/wp\/v2\/types\/post"}],"author":[{"embeddable":true,"href":"https:\/\/nk7-testes.com.br\/agazeta\/wp-json\/wp\/v2\/users\/4"}],"replies":[{"embeddable":true,"href":"https:\/\/nk7-testes.com.br\/agazeta\/wp-json\/wp\/v2\/comments?post=25518"}],"version-history":[{"count":0,"href":"https:\/\/nk7-testes.com.br\/agazeta\/wp-json\/wp\/v2\/posts\/25518\/revisions"}],"wp:featuredmedia":[{"embeddable":true,"href":"https:\/\/nk7-testes.com.br\/agazeta\/wp-json\/wp\/v2\/media\/25517"}],"wp:attachment":[{"href":"https:\/\/nk7-testes.com.br\/agazeta\/wp-json\/wp\/v2\/media?parent=25518"}],"wp:term":[{"taxonomy":"category","embeddable":true,"href":"https:\/\/nk7-testes.com.br\/agazeta\/wp-json\/wp\/v2\/categories?post=25518"},{"taxonomy":"post_tag","embeddable":true,"href":"https:\/\/nk7-testes.com.br\/agazeta\/wp-json\/wp\/v2\/tags?post=25518"}],"curies":[{"name":"wp","href":"https:\/\/api.w.org\/{rel}","templated":true}]}}