{"id":25514,"date":"2016-09-29T14:19:39","date_gmt":"2016-09-29T14:19:39","guid":{"rendered":"https:\/\/abarevegan.com.br\/index.php\/2016\/09\/29\/preso-do-regime-semiaberto-e-suspeito-de-atentado\/"},"modified":"2016-09-29T14:19:39","modified_gmt":"2016-09-29T14:19:39","slug":"preso-do-regime-semiaberto-e-suspeito-de-atentado","status":"publish","type":"post","link":"https:\/\/nk7-testes.com.br\/agazeta\/preso-do-regime-semiaberto-e-suspeito-de-atentado\/","title":{"rendered":"Preso do regime semiaberto \u00e9 suspeito de atentado"},"content":{"rendered":"<p style=\"text-align: justify;\">Agente atingido n\u00e3o corre risco de morte<\/p>\n<p style=\"text-align: justify;\">Um agente penitenci\u00e1rio sofreu tentativa de homic\u00eddio no final da tarde de ter\u00e7a no bairro Jo\u00e3o Eduardo. Poucas horas depois a pol\u00edcia chegou a identifica\u00e7\u00e3o de 7 pessoas suspeitas de participa\u00e7\u00e3o no crime. Entre os envolvidos est\u00e1 um preso beneficiado pelo regime semiaberto. O Estado de sa\u00fade da v\u00edtima \u00e9 est\u00e1vel.<\/p>\n<p style=\"text-align: justify;\">O agente penitenci\u00e1rio Jo\u00e3o Passos, 35, chegou consciente ao Pronto Socorro de Rio Branco. Mesmo ferido conseguiu repassar informa\u00e7\u00f5es importantes \u00e0 pol\u00edcia que saiu em busca de prender os envolvidos.<\/p>\n<p style=\"text-align: justify;\">O servidor p\u00fablico sofreu tentativa de homic\u00eddio por volta das 4 da tarde enquanto passava veneno no quintal da casa dele, no bairro Jo\u00e3o Eduardo. Dois suspeitos em uma moto se aproximaram e um deles desferiu v\u00e1rios disparos contra a v\u00edtima. Pelo menos dois tiros atingiram o agente.<\/p>\n<p style=\"text-align: justify;\">Jo\u00e3o Passos passou por cirurgia e segundo o presidente da associa\u00e7\u00e3o de agentes penitenci\u00e1rios, Jos\u00e9 Janes, que acompanha o servidor, o quadro de sa\u00fade \u00e9 est\u00e1vel e ele permanece na UTI do Pronto Socorro. \u201cAt\u00e9 ontem o estado era grave, ele est\u00e1 na UTI, mas o estado \u00e9 est\u00e1vel e hoje v\u00e3o tirar o tubo dele. Est\u00e1 progredindo\u201d, informou.<\/p>\n<p style=\"text-align: justify;\">Segundo informa\u00e7\u00f5es de outros agentes penitenci\u00e1rios, houve comemora\u00e7\u00e3o de presos na hora em que chegou a not\u00edcia do atentado no Pres\u00eddio Ant\u00f4nio Amaro Alves. <br \/>Segundo o presidente da associa\u00e7\u00e3o, quem obedece as regras do sistema est\u00e1 na mira de criminosos. De acordo com Jos\u00e9 Janes, Jo\u00e3o Passos j\u00e1 sofria amea\u00e7as de morte.<\/p>\n<p style=\"text-align: justify;\">\u201cH\u00e1 oito meses fizeram um v\u00eddeo na Penal dizendo que iam deletar algumas pessoas e o nome dele foi citado. Conseguimos um colete pra ele. Tamb\u00e9m desenharam um t\u00famulo com nome dele. E n\u00e3o \u00e9 s\u00f3 ele que \u00e9 amea\u00e7ado, muitos agentes est\u00e3o sendo amea\u00e7ados\u201d, afirma.<\/p>\n<p style=\"text-align: justify;\">A pol\u00edcia j\u00e1 prendeu os suspeitos, mas antes de chegar aos autores, v\u00e1rias pessoas foram presas. Uma adolescente tamb\u00e9m teria sido apreendida e por isso o caso foi encaminhado para a Delegacia do Menor.<\/p>\n<p style=\"text-align: justify;\">Ao todo foram conduzidas \u00e0 Delegacia 7 pessoas. Segundo a pol\u00edcia 6 delas estavam no bairro Jo\u00e3o Eduardo tentando incendiar a moto usada na tentativa de homic\u00eddio, e as roupas dos suspeitos. O grupo foi ouvido e algumas pessoas foram liberadas.<\/p>\n<p style=\"text-align: justify;\">S\u00f3 foram presos os poss\u00edveis autores do crime: Everton Santos de Melo e Alison da Silva Tamarana. Everton foi preso enquanto dormia no pres\u00eddio. Beneficiado pelo regime semiaberto, o preso teria cometido o crime pouco antes de retornar a unidade penitenci\u00e1ria.<\/p>\n","protected":false},"excerpt":{"rendered":"<p style=\"text-align: justify;\">Agente atingido n\u00e3o corre risco de morte<\/p>\n","protected":false},"author":4,"featured_media":25513,"comment_status":"open","ping_status":"open","sticky":false,"template":"","format":"standard","meta":{"jnews-multi-image_gallery":[],"jnews_single_post":[],"jnews_primary_category":[],"jnews_social_meta":[],"jnews_review":[],"enable_review":"","type":"","name":"","summary":"","brand":"","sku":"","good":[],"bad":[],"score_override":"","override_value":"","rating":[],"price":[],"footnotes":""},"categories":[44],"tags":[],"class_list":["post-25514","post","type-post","status-publish","format-standard","has-post-thumbnail","hentry","category-policia"],"yoast_head":"<!-- This site is optimized with the Yoast SEO plugin v26.5 - https:\/\/yoast.com\/wordpress\/plugins\/seo\/ -->\n<title>Preso do regime semiaberto \u00e9 suspeito de atentado - Agazeta.net<\/title>\n<meta name=\"robots\" content=\"index, follow, max-snippet:-1, max-image-preview:large, max-video-preview:-1\" \/>\n<link rel=\"canonical\" href=\"https:\/\/nk7-testes.com.br\/agazeta\/preso-do-regime-semiaberto-e-suspeito-de-atentado\/\" \/>\n<meta property=\"og:locale\" content=\"pt_BR\" \/>\n<meta property=\"og:type\" content=\"article\" \/>\n<meta property=\"og:title\" content=\"Preso do regime semiaberto \u00e9 suspeito de atentado - Agazeta.net\" \/>\n<meta property=\"og:description\" content=\"Agente atingido n\u00e3o corre risco de morte\" \/>\n<meta property=\"og:url\" content=\"https:\/\/nk7-testes.com.br\/agazeta\/preso-do-regime-semiaberto-e-suspeito-de-atentado\/\" \/>\n<meta property=\"og:site_name\" content=\"Agazeta.net\" \/>\n<meta property=\"article:published_time\" content=\"2016-09-29T14:19:39+00:00\" \/>\n<meta property=\"og:image\" content=\"https:\/\/nk7-testes.com.br\/agazeta\/wp-content\/uploads\/2016\/09\/290916-policia-agentebaleado-cedida.jpg\" \/>\n\t<meta property=\"og:image:width\" content=\"458\" \/>\n\t<meta property=\"og:image:height\" content=\"340\" \/>\n\t<meta property=\"og:image:type\" content=\"image\/jpeg\" \/>\n<meta name=\"author\" content=\"Agazeta.Net\" \/>\n<meta name=\"twitter:card\" content=\"summary_large_image\" \/>\n<meta name=\"twitter:label1\" content=\"Escrito por\" \/>\n\t<meta name=\"twitter:data1\" content=\"Agazeta.Net\" \/>\n\t<meta name=\"twitter:label2\" content=\"Est. tempo de leitura\" \/>\n\t<meta name=\"twitter:data2\" content=\"2 minutos\" \/>\n<script type=\"application\/ld+json\" class=\"yoast-schema-graph\">{\"@context\":\"https:\/\/schema.org\",\"@graph\":[{\"@type\":\"WebPage\",\"@id\":\"https:\/\/nk7-testes.com.br\/agazeta\/preso-do-regime-semiaberto-e-suspeito-de-atentado\/\",\"url\":\"https:\/\/nk7-testes.com.br\/agazeta\/preso-do-regime-semiaberto-e-suspeito-de-atentado\/\",\"name\":\"Preso do regime semiaberto \u00e9 suspeito de atentado - Agazeta.net\",\"isPartOf\":{\"@id\":\"https:\/\/nk7-testes.com.br\/agazeta\/#website\"},\"primaryImageOfPage\":{\"@id\":\"https:\/\/nk7-testes.com.br\/agazeta\/preso-do-regime-semiaberto-e-suspeito-de-atentado\/#primaryimage\"},\"image\":{\"@id\":\"https:\/\/nk7-testes.com.br\/agazeta\/preso-do-regime-semiaberto-e-suspeito-de-atentado\/#primaryimage\"},\"thumbnailUrl\":\"https:\/\/nk7-testes.com.br\/agazeta\/wp-content\/uploads\/2016\/09\/290916-policia-agentebaleado-cedida.jpg\",\"datePublished\":\"2016-09-29T14:19:39+00:00\",\"author\":{\"@id\":\"https:\/\/nk7-testes.com.br\/agazeta\/#\/schema\/person\/6d6e25cb0435eb4a02fd44d30b4e3020\"},\"breadcrumb\":{\"@id\":\"https:\/\/nk7-testes.com.br\/agazeta\/preso-do-regime-semiaberto-e-suspeito-de-atentado\/#breadcrumb\"},\"inLanguage\":\"pt-BR\",\"potentialAction\":[{\"@type\":\"ReadAction\",\"target\":[\"https:\/\/nk7-testes.com.br\/agazeta\/preso-do-regime-semiaberto-e-suspeito-de-atentado\/\"]}]},{\"@type\":\"ImageObject\",\"inLanguage\":\"pt-BR\",\"@id\":\"https:\/\/nk7-testes.com.br\/agazeta\/preso-do-regime-semiaberto-e-suspeito-de-atentado\/#primaryimage\",\"url\":\"https:\/\/nk7-testes.com.br\/agazeta\/wp-content\/uploads\/2016\/09\/290916-policia-agentebaleado-cedida.jpg\",\"contentUrl\":\"https:\/\/nk7-testes.com.br\/agazeta\/wp-content\/uploads\/2016\/09\/290916-policia-agentebaleado-cedida.jpg\",\"width\":458,\"height\":340,\"caption\":\"290916-policia-agentebaleado-cedida\"},{\"@type\":\"BreadcrumbList\",\"@id\":\"https:\/\/nk7-testes.com.br\/agazeta\/preso-do-regime-semiaberto-e-suspeito-de-atentado\/#breadcrumb\",\"itemListElement\":[{\"@type\":\"ListItem\",\"position\":1,\"name\":\"In\u00edcio\",\"item\":\"https:\/\/nk7-testes.com.br\/agazeta\/\"},{\"@type\":\"ListItem\",\"position\":2,\"name\":\"Preso do regime semiaberto \u00e9 suspeito de atentado\"}]},{\"@type\":\"WebSite\",\"@id\":\"https:\/\/nk7-testes.com.br\/agazeta\/#website\",\"url\":\"https:\/\/nk7-testes.com.br\/agazeta\/\",\"name\":\"Agazeta.net\",\"description\":\"Agazeta.net - Not\u00edcias de Rio Branco\/AC\",\"potentialAction\":[{\"@type\":\"SearchAction\",\"target\":{\"@type\":\"EntryPoint\",\"urlTemplate\":\"https:\/\/nk7-testes.com.br\/agazeta\/?s={search_term_string}\"},\"query-input\":{\"@type\":\"PropertyValueSpecification\",\"valueRequired\":true,\"valueName\":\"search_term_string\"}}],\"inLanguage\":\"pt-BR\"},{\"@type\":\"Person\",\"@id\":\"https:\/\/nk7-testes.com.br\/agazeta\/#\/schema\/person\/6d6e25cb0435eb4a02fd44d30b4e3020\",\"name\":\"Agazeta.Net\",\"url\":\"https:\/\/nk7-testes.com.br\/agazeta\/author\/agazeta\/\"}]}<\/script>\n<!-- \/ Yoast SEO plugin. -->","yoast_head_json":{"title":"Preso do regime semiaberto \u00e9 suspeito de atentado - Agazeta.net","robots":{"index":"index","follow":"follow","max-snippet":"max-snippet:-1","max-image-preview":"max-image-preview:large","max-video-preview":"max-video-preview:-1"},"canonical":"https:\/\/nk7-testes.com.br\/agazeta\/preso-do-regime-semiaberto-e-suspeito-de-atentado\/","og_locale":"pt_BR","og_type":"article","og_title":"Preso do regime semiaberto \u00e9 suspeito de atentado - Agazeta.net","og_description":"Agente atingido n\u00e3o corre risco de morte","og_url":"https:\/\/nk7-testes.com.br\/agazeta\/preso-do-regime-semiaberto-e-suspeito-de-atentado\/","og_site_name":"Agazeta.net","article_published_time":"2016-09-29T14:19:39+00:00","og_image":[{"width":458,"height":340,"url":"https:\/\/nk7-testes.com.br\/agazeta\/wp-content\/uploads\/2016\/09\/290916-policia-agentebaleado-cedida.jpg","type":"image\/jpeg"}],"author":"Agazeta.Net","twitter_card":"summary_large_image","twitter_misc":{"Escrito por":"Agazeta.Net","Est. tempo de leitura":"2 minutos"},"schema":{"@context":"https:\/\/schema.org","@graph":[{"@type":"WebPage","@id":"https:\/\/nk7-testes.com.br\/agazeta\/preso-do-regime-semiaberto-e-suspeito-de-atentado\/","url":"https:\/\/nk7-testes.com.br\/agazeta\/preso-do-regime-semiaberto-e-suspeito-de-atentado\/","name":"Preso do regime semiaberto \u00e9 suspeito de atentado - Agazeta.net","isPartOf":{"@id":"https:\/\/nk7-testes.com.br\/agazeta\/#website"},"primaryImageOfPage":{"@id":"https:\/\/nk7-testes.com.br\/agazeta\/preso-do-regime-semiaberto-e-suspeito-de-atentado\/#primaryimage"},"image":{"@id":"https:\/\/nk7-testes.com.br\/agazeta\/preso-do-regime-semiaberto-e-suspeito-de-atentado\/#primaryimage"},"thumbnailUrl":"https:\/\/nk7-testes.com.br\/agazeta\/wp-content\/uploads\/2016\/09\/290916-policia-agentebaleado-cedida.jpg","datePublished":"2016-09-29T14:19:39+00:00","author":{"@id":"https:\/\/nk7-testes.com.br\/agazeta\/#\/schema\/person\/6d6e25cb0435eb4a02fd44d30b4e3020"},"breadcrumb":{"@id":"https:\/\/nk7-testes.com.br\/agazeta\/preso-do-regime-semiaberto-e-suspeito-de-atentado\/#breadcrumb"},"inLanguage":"pt-BR","potentialAction":[{"@type":"ReadAction","target":["https:\/\/nk7-testes.com.br\/agazeta\/preso-do-regime-semiaberto-e-suspeito-de-atentado\/"]}]},{"@type":"ImageObject","inLanguage":"pt-BR","@id":"https:\/\/nk7-testes.com.br\/agazeta\/preso-do-regime-semiaberto-e-suspeito-de-atentado\/#primaryimage","url":"https:\/\/nk7-testes.com.br\/agazeta\/wp-content\/uploads\/2016\/09\/290916-policia-agentebaleado-cedida.jpg","contentUrl":"https:\/\/nk7-testes.com.br\/agazeta\/wp-content\/uploads\/2016\/09\/290916-policia-agentebaleado-cedida.jpg","width":458,"height":340,"caption":"290916-policia-agentebaleado-cedida"},{"@type":"BreadcrumbList","@id":"https:\/\/nk7-testes.com.br\/agazeta\/preso-do-regime-semiaberto-e-suspeito-de-atentado\/#breadcrumb","itemListElement":[{"@type":"ListItem","position":1,"name":"In\u00edcio","item":"https:\/\/nk7-testes.com.br\/agazeta\/"},{"@type":"ListItem","position":2,"name":"Preso do regime semiaberto \u00e9 suspeito de atentado"}]},{"@type":"WebSite","@id":"https:\/\/nk7-testes.com.br\/agazeta\/#website","url":"https:\/\/nk7-testes.com.br\/agazeta\/","name":"Agazeta.net","description":"Agazeta.net - Not\u00edcias de Rio Branco\/AC","potentialAction":[{"@type":"SearchAction","target":{"@type":"EntryPoint","urlTemplate":"https:\/\/nk7-testes.com.br\/agazeta\/?s={search_term_string}"},"query-input":{"@type":"PropertyValueSpecification","valueRequired":true,"valueName":"search_term_string"}}],"inLanguage":"pt-BR"},{"@type":"Person","@id":"https:\/\/nk7-testes.com.br\/agazeta\/#\/schema\/person\/6d6e25cb0435eb4a02fd44d30b4e3020","name":"Agazeta.Net","url":"https:\/\/nk7-testes.com.br\/agazeta\/author\/agazeta\/"}]}},"_links":{"self":[{"href":"https:\/\/nk7-testes.com.br\/agazeta\/wp-json\/wp\/v2\/posts\/25514","targetHints":{"allow":["GET"]}}],"collection":[{"href":"https:\/\/nk7-testes.com.br\/agazeta\/wp-json\/wp\/v2\/posts"}],"about":[{"href":"https:\/\/nk7-testes.com.br\/agazeta\/wp-json\/wp\/v2\/types\/post"}],"author":[{"embeddable":true,"href":"https:\/\/nk7-testes.com.br\/agazeta\/wp-json\/wp\/v2\/users\/4"}],"replies":[{"embeddable":true,"href":"https:\/\/nk7-testes.com.br\/agazeta\/wp-json\/wp\/v2\/comments?post=25514"}],"version-history":[{"count":0,"href":"https:\/\/nk7-testes.com.br\/agazeta\/wp-json\/wp\/v2\/posts\/25514\/revisions"}],"wp:featuredmedia":[{"embeddable":true,"href":"https:\/\/nk7-testes.com.br\/agazeta\/wp-json\/wp\/v2\/media\/25513"}],"wp:attachment":[{"href":"https:\/\/nk7-testes.com.br\/agazeta\/wp-json\/wp\/v2\/media?parent=25514"}],"wp:term":[{"taxonomy":"category","embeddable":true,"href":"https:\/\/nk7-testes.com.br\/agazeta\/wp-json\/wp\/v2\/categories?post=25514"},{"taxonomy":"post_tag","embeddable":true,"href":"https:\/\/nk7-testes.com.br\/agazeta\/wp-json\/wp\/v2\/tags?post=25514"}],"curies":[{"name":"wp","href":"https:\/\/api.w.org\/{rel}","templated":true}]}}