{"id":25468,"date":"2016-09-27T20:44:02","date_gmt":"2016-09-27T20:44:02","guid":{"rendered":"https:\/\/abarevegan.com.br\/index.php\/2016\/09\/27\/dia-das-criancas-mobiliza-fiscalizacao-do-inmetro\/"},"modified":"2016-09-27T20:44:02","modified_gmt":"2016-09-27T20:44:02","slug":"dia-das-criancas-mobiliza-fiscalizacao-do-inmetro","status":"publish","type":"post","link":"https:\/\/nk7-testes.com.br\/agazeta\/dia-das-criancas-mobiliza-fiscalizacao-do-inmetro\/","title":{"rendered":"Dia das Crian\u00e7as mobiliza fiscaliza\u00e7\u00e3o do Inmetro"},"content":{"rendered":"<p style=\"text-align: justify;\">Opera\u00e7\u00e3o acontece em todo pa\u00eds at\u00e9 sexta-feira<\/p>\n<p style=\"text-align: justify;\">O Instituto Nacional de Metrologia, Qualidade e Tecnologia (Inmetro) realiza opera\u00e7\u00e3o especial do Dia das Crian\u00e7as. Em todo pa\u00eds, lojas de brinquedos e que comercializam itens de seguran\u00e7a como cadeirinhas de ve\u00edculos est\u00e3o sendo fiscalizadas.<\/p>\n<p style=\"text-align: justify;\">Os fiscais do Inmetro iniciaram a fiscaliza\u00e7\u00e3o nas lojas de Rio Branco. A a\u00e7\u00e3o faz parte da opera\u00e7\u00e3o Dia das Crian\u00e7as. Na capital, 16 estabelecimentos da ser\u00e3o vistoriados. \u201cS\u00e3o lojas de eletrodom\u00e9sticos e brinquedos. Al\u00e9m dos brinquedos, tamb\u00e9m s\u00e3o acoplados na opera\u00e7\u00e3o especial outros itens que s\u00e3o vendidos em lojas de eletrodom\u00e9sticos\u201d, explicou o fiscal Marcos Botelho.<\/p>\n<p style=\"text-align: justify;\">Ser\u00e3o examinados brinquedos em geral para saber se apresentam o selo do Inmetro, bicicletas de uso infantil, cadeirinhas de ve\u00edculos, carrinhos para crian\u00e7as e ber\u00e7os. \u201cO objetivo \u00e9 garantir que pais comprem produtos seguros para as crian\u00e7as. O selo \u00e9 que garante a seguran\u00e7a do produto\u201d, afirmou.<\/p>\n<p style=\"text-align: justify;\">A opera\u00e7\u00e3o acontece em todo pa\u00eds e vai at\u00e9 a pr\u00f3xima sexta-feira. Nesse per\u00edodo os fiscais verificam se os produtos informam, por exemplo: dados do fabricante ou importador, CNPJ, faixa et\u00e1ria, al\u00e9m do selo. Todas as informa\u00e7\u00f5es precisam estar escritas em portugu\u00eas.<\/p>\n<p style=\"text-align: justify;\">Os propriet\u00e1rios e representantes das lojas em que forem encontradas irregularidades ter\u00e3o prazo de 10 dias pra apresentar defesa junto ao Inmetro. As multas variam de R$ 100 a R$ 1,5 milh\u00e3o.<\/p>\n","protected":false},"excerpt":{"rendered":"<p style=\"text-align: justify;\">Opera\u00e7\u00e3o acontece em todo pa\u00eds at\u00e9 sexta-feira<\/p>\n","protected":false},"author":4,"featured_media":25467,"comment_status":"open","ping_status":"open","sticky":false,"template":"","format":"standard","meta":{"jnews-multi-image_gallery":[],"jnews_single_post":[],"jnews_primary_category":[],"jnews_social_meta":[],"jnews_review":[],"enable_review":"","type":"","name":"","summary":"","brand":"","sku":"","good":[],"bad":[],"score_override":"","override_value":"","rating":[],"price":[],"footnotes":""},"categories":[54],"tags":[],"class_list":["post-25468","post","type-post","status-publish","format-standard","has-post-thumbnail","hentry","category-cotidiano"],"yoast_head":"<!-- This site is optimized with the Yoast SEO plugin v26.5 - https:\/\/yoast.com\/wordpress\/plugins\/seo\/ -->\n<title>Dia das Crian\u00e7as mobiliza fiscaliza\u00e7\u00e3o do Inmetro - Agazeta.net<\/title>\n<meta name=\"robots\" content=\"index, follow, max-snippet:-1, max-image-preview:large, max-video-preview:-1\" \/>\n<link rel=\"canonical\" href=\"https:\/\/nk7-testes.com.br\/agazeta\/dia-das-criancas-mobiliza-fiscalizacao-do-inmetro\/\" \/>\n<meta property=\"og:locale\" content=\"pt_BR\" \/>\n<meta property=\"og:type\" content=\"article\" \/>\n<meta property=\"og:title\" content=\"Dia das Crian\u00e7as mobiliza fiscaliza\u00e7\u00e3o do Inmetro - Agazeta.net\" \/>\n<meta property=\"og:description\" content=\"Opera\u00e7\u00e3o acontece em todo pa\u00eds at\u00e9 sexta-feira\" \/>\n<meta property=\"og:url\" content=\"https:\/\/nk7-testes.com.br\/agazeta\/dia-das-criancas-mobiliza-fiscalizacao-do-inmetro\/\" \/>\n<meta property=\"og:site_name\" content=\"Agazeta.net\" \/>\n<meta property=\"article:published_time\" content=\"2016-09-27T20:44:02+00:00\" \/>\n<meta property=\"og:image\" content=\"https:\/\/nk7-testes.com.br\/agazeta\/wp-content\/uploads\/2016\/09\/270916-cotidiano-inmetro-tvgazeta.jpg\" \/>\n\t<meta property=\"og:image:width\" content=\"458\" \/>\n\t<meta property=\"og:image:height\" content=\"340\" \/>\n\t<meta property=\"og:image:type\" content=\"image\/jpeg\" \/>\n<meta name=\"author\" content=\"Agazeta.Net\" \/>\n<meta name=\"twitter:card\" content=\"summary_large_image\" \/>\n<meta name=\"twitter:label1\" content=\"Escrito por\" \/>\n\t<meta name=\"twitter:data1\" content=\"Agazeta.Net\" \/>\n\t<meta name=\"twitter:label2\" content=\"Est. tempo de leitura\" \/>\n\t<meta name=\"twitter:data2\" content=\"1 minuto\" \/>\n<script type=\"application\/ld+json\" class=\"yoast-schema-graph\">{\"@context\":\"https:\/\/schema.org\",\"@graph\":[{\"@type\":\"WebPage\",\"@id\":\"https:\/\/nk7-testes.com.br\/agazeta\/dia-das-criancas-mobiliza-fiscalizacao-do-inmetro\/\",\"url\":\"https:\/\/nk7-testes.com.br\/agazeta\/dia-das-criancas-mobiliza-fiscalizacao-do-inmetro\/\",\"name\":\"Dia das Crian\u00e7as mobiliza fiscaliza\u00e7\u00e3o do Inmetro - Agazeta.net\",\"isPartOf\":{\"@id\":\"https:\/\/nk7-testes.com.br\/agazeta\/#website\"},\"primaryImageOfPage\":{\"@id\":\"https:\/\/nk7-testes.com.br\/agazeta\/dia-das-criancas-mobiliza-fiscalizacao-do-inmetro\/#primaryimage\"},\"image\":{\"@id\":\"https:\/\/nk7-testes.com.br\/agazeta\/dia-das-criancas-mobiliza-fiscalizacao-do-inmetro\/#primaryimage\"},\"thumbnailUrl\":\"https:\/\/nk7-testes.com.br\/agazeta\/wp-content\/uploads\/2016\/09\/270916-cotidiano-inmetro-tvgazeta.jpg\",\"datePublished\":\"2016-09-27T20:44:02+00:00\",\"author\":{\"@id\":\"https:\/\/nk7-testes.com.br\/agazeta\/#\/schema\/person\/ff6b39d54d6973bfc57f4140f659b23f\"},\"breadcrumb\":{\"@id\":\"https:\/\/nk7-testes.com.br\/agazeta\/dia-das-criancas-mobiliza-fiscalizacao-do-inmetro\/#breadcrumb\"},\"inLanguage\":\"pt-BR\",\"potentialAction\":[{\"@type\":\"ReadAction\",\"target\":[\"https:\/\/nk7-testes.com.br\/agazeta\/dia-das-criancas-mobiliza-fiscalizacao-do-inmetro\/\"]}]},{\"@type\":\"ImageObject\",\"inLanguage\":\"pt-BR\",\"@id\":\"https:\/\/nk7-testes.com.br\/agazeta\/dia-das-criancas-mobiliza-fiscalizacao-do-inmetro\/#primaryimage\",\"url\":\"https:\/\/nk7-testes.com.br\/agazeta\/wp-content\/uploads\/2016\/09\/270916-cotidiano-inmetro-tvgazeta.jpg\",\"contentUrl\":\"https:\/\/nk7-testes.com.br\/agazeta\/wp-content\/uploads\/2016\/09\/270916-cotidiano-inmetro-tvgazeta.jpg\",\"width\":458,\"height\":340,\"caption\":\"270916-cotidiano-inmetro-tvgazeta\"},{\"@type\":\"BreadcrumbList\",\"@id\":\"https:\/\/nk7-testes.com.br\/agazeta\/dia-das-criancas-mobiliza-fiscalizacao-do-inmetro\/#breadcrumb\",\"itemListElement\":[{\"@type\":\"ListItem\",\"position\":1,\"name\":\"In\u00edcio\",\"item\":\"https:\/\/nk7-testes.com.br\/agazeta\/\"},{\"@type\":\"ListItem\",\"position\":2,\"name\":\"Dia das Crian\u00e7as mobiliza fiscaliza\u00e7\u00e3o do Inmetro\"}]},{\"@type\":\"WebSite\",\"@id\":\"https:\/\/nk7-testes.com.br\/agazeta\/#website\",\"url\":\"https:\/\/nk7-testes.com.br\/agazeta\/\",\"name\":\"Agazeta.net\",\"description\":\"Agazeta.net - Not\u00edcias de Rio Branco\/AC\",\"potentialAction\":[{\"@type\":\"SearchAction\",\"target\":{\"@type\":\"EntryPoint\",\"urlTemplate\":\"https:\/\/nk7-testes.com.br\/agazeta\/?s={search_term_string}\"},\"query-input\":{\"@type\":\"PropertyValueSpecification\",\"valueRequired\":true,\"valueName\":\"search_term_string\"}}],\"inLanguage\":\"pt-BR\"},{\"@type\":\"Person\",\"@id\":\"https:\/\/nk7-testes.com.br\/agazeta\/#\/schema\/person\/ff6b39d54d6973bfc57f4140f659b23f\",\"name\":\"Agazeta.Net\",\"url\":\"https:\/\/nk7-testes.com.br\/agazeta\/author\/agazeta\/\"}]}<\/script>\n<!-- \/ Yoast SEO plugin. -->","yoast_head_json":{"title":"Dia das Crian\u00e7as mobiliza fiscaliza\u00e7\u00e3o do Inmetro - Agazeta.net","robots":{"index":"index","follow":"follow","max-snippet":"max-snippet:-1","max-image-preview":"max-image-preview:large","max-video-preview":"max-video-preview:-1"},"canonical":"https:\/\/nk7-testes.com.br\/agazeta\/dia-das-criancas-mobiliza-fiscalizacao-do-inmetro\/","og_locale":"pt_BR","og_type":"article","og_title":"Dia das Crian\u00e7as mobiliza fiscaliza\u00e7\u00e3o do Inmetro - Agazeta.net","og_description":"Opera\u00e7\u00e3o acontece em todo pa\u00eds at\u00e9 sexta-feira","og_url":"https:\/\/nk7-testes.com.br\/agazeta\/dia-das-criancas-mobiliza-fiscalizacao-do-inmetro\/","og_site_name":"Agazeta.net","article_published_time":"2016-09-27T20:44:02+00:00","og_image":[{"width":458,"height":340,"url":"https:\/\/nk7-testes.com.br\/agazeta\/wp-content\/uploads\/2016\/09\/270916-cotidiano-inmetro-tvgazeta.jpg","type":"image\/jpeg"}],"author":"Agazeta.Net","twitter_card":"summary_large_image","twitter_misc":{"Escrito por":"Agazeta.Net","Est. tempo de leitura":"1 minuto"},"schema":{"@context":"https:\/\/schema.org","@graph":[{"@type":"WebPage","@id":"https:\/\/nk7-testes.com.br\/agazeta\/dia-das-criancas-mobiliza-fiscalizacao-do-inmetro\/","url":"https:\/\/nk7-testes.com.br\/agazeta\/dia-das-criancas-mobiliza-fiscalizacao-do-inmetro\/","name":"Dia das Crian\u00e7as mobiliza fiscaliza\u00e7\u00e3o do Inmetro - Agazeta.net","isPartOf":{"@id":"https:\/\/nk7-testes.com.br\/agazeta\/#website"},"primaryImageOfPage":{"@id":"https:\/\/nk7-testes.com.br\/agazeta\/dia-das-criancas-mobiliza-fiscalizacao-do-inmetro\/#primaryimage"},"image":{"@id":"https:\/\/nk7-testes.com.br\/agazeta\/dia-das-criancas-mobiliza-fiscalizacao-do-inmetro\/#primaryimage"},"thumbnailUrl":"https:\/\/nk7-testes.com.br\/agazeta\/wp-content\/uploads\/2016\/09\/270916-cotidiano-inmetro-tvgazeta.jpg","datePublished":"2016-09-27T20:44:02+00:00","author":{"@id":"https:\/\/nk7-testes.com.br\/agazeta\/#\/schema\/person\/ff6b39d54d6973bfc57f4140f659b23f"},"breadcrumb":{"@id":"https:\/\/nk7-testes.com.br\/agazeta\/dia-das-criancas-mobiliza-fiscalizacao-do-inmetro\/#breadcrumb"},"inLanguage":"pt-BR","potentialAction":[{"@type":"ReadAction","target":["https:\/\/nk7-testes.com.br\/agazeta\/dia-das-criancas-mobiliza-fiscalizacao-do-inmetro\/"]}]},{"@type":"ImageObject","inLanguage":"pt-BR","@id":"https:\/\/nk7-testes.com.br\/agazeta\/dia-das-criancas-mobiliza-fiscalizacao-do-inmetro\/#primaryimage","url":"https:\/\/nk7-testes.com.br\/agazeta\/wp-content\/uploads\/2016\/09\/270916-cotidiano-inmetro-tvgazeta.jpg","contentUrl":"https:\/\/nk7-testes.com.br\/agazeta\/wp-content\/uploads\/2016\/09\/270916-cotidiano-inmetro-tvgazeta.jpg","width":458,"height":340,"caption":"270916-cotidiano-inmetro-tvgazeta"},{"@type":"BreadcrumbList","@id":"https:\/\/nk7-testes.com.br\/agazeta\/dia-das-criancas-mobiliza-fiscalizacao-do-inmetro\/#breadcrumb","itemListElement":[{"@type":"ListItem","position":1,"name":"In\u00edcio","item":"https:\/\/nk7-testes.com.br\/agazeta\/"},{"@type":"ListItem","position":2,"name":"Dia das Crian\u00e7as mobiliza fiscaliza\u00e7\u00e3o do Inmetro"}]},{"@type":"WebSite","@id":"https:\/\/nk7-testes.com.br\/agazeta\/#website","url":"https:\/\/nk7-testes.com.br\/agazeta\/","name":"Agazeta.net","description":"Agazeta.net - Not\u00edcias de Rio Branco\/AC","potentialAction":[{"@type":"SearchAction","target":{"@type":"EntryPoint","urlTemplate":"https:\/\/nk7-testes.com.br\/agazeta\/?s={search_term_string}"},"query-input":{"@type":"PropertyValueSpecification","valueRequired":true,"valueName":"search_term_string"}}],"inLanguage":"pt-BR"},{"@type":"Person","@id":"https:\/\/nk7-testes.com.br\/agazeta\/#\/schema\/person\/ff6b39d54d6973bfc57f4140f659b23f","name":"Agazeta.Net","url":"https:\/\/nk7-testes.com.br\/agazeta\/author\/agazeta\/"}]}},"_links":{"self":[{"href":"https:\/\/nk7-testes.com.br\/agazeta\/wp-json\/wp\/v2\/posts\/25468","targetHints":{"allow":["GET"]}}],"collection":[{"href":"https:\/\/nk7-testes.com.br\/agazeta\/wp-json\/wp\/v2\/posts"}],"about":[{"href":"https:\/\/nk7-testes.com.br\/agazeta\/wp-json\/wp\/v2\/types\/post"}],"author":[{"embeddable":true,"href":"https:\/\/nk7-testes.com.br\/agazeta\/wp-json\/wp\/v2\/users\/4"}],"replies":[{"embeddable":true,"href":"https:\/\/nk7-testes.com.br\/agazeta\/wp-json\/wp\/v2\/comments?post=25468"}],"version-history":[{"count":0,"href":"https:\/\/nk7-testes.com.br\/agazeta\/wp-json\/wp\/v2\/posts\/25468\/revisions"}],"wp:featuredmedia":[{"embeddable":true,"href":"https:\/\/nk7-testes.com.br\/agazeta\/wp-json\/wp\/v2\/media\/25467"}],"wp:attachment":[{"href":"https:\/\/nk7-testes.com.br\/agazeta\/wp-json\/wp\/v2\/media?parent=25468"}],"wp:term":[{"taxonomy":"category","embeddable":true,"href":"https:\/\/nk7-testes.com.br\/agazeta\/wp-json\/wp\/v2\/categories?post=25468"},{"taxonomy":"post_tag","embeddable":true,"href":"https:\/\/nk7-testes.com.br\/agazeta\/wp-json\/wp\/v2\/tags?post=25468"}],"curies":[{"name":"wp","href":"https:\/\/api.w.org\/{rel}","templated":true}]}}