{"id":25454,"date":"2016-09-27T17:04:36","date_gmt":"2016-09-27T17:04:36","guid":{"rendered":"https:\/\/abarevegan.com.br\/index.php\/2016\/09\/27\/policia-civil-prende-homem-acusado-de-estupro-flagrante\/"},"modified":"2016-09-27T17:04:36","modified_gmt":"2016-09-27T17:04:36","slug":"policia-civil-prende-homem-acusado-de-estupro-flagrante","status":"publish","type":"post","link":"https:\/\/nk7-testes.com.br\/agazeta\/policia-civil-prende-homem-acusado-de-estupro-flagrante\/","title":{"rendered":"Pol\u00edcia Civil prende jovem acusado de estupro em flagrante"},"content":{"rendered":"<p style=\"text-align: justify;\">Outras tr\u00eas v\u00edtima reconheram Rodewald<\/p>\n<p>A Pol\u00edcia Civil, por meio da Delegacia Especializada de Prote\u00e7\u00e3o a Crian\u00e7a e ao Adolescente (DEPCA), prendeu na noite do \u00faltimo domingo, 25, em flagrante, na Via Verde, Rodewald Gomes de Lima, 19. A apresenta\u00e7\u00e3o foi feita na manh\u00e3 desta ter\u00e7a-feira, 27, na Delegacia de Prote\u00e7\u00e3o a Mulher (DEAM), localizada na Via Chico Mendes, bairro Triangulo..<\/p>\n<p>Segundo a Pol\u00edcia Civil, h\u00e1 cerca de um m\u00eas que Rodewald agia na regi\u00e3o do 2\u00ba Distrito de Rio Branco. Ele usava uma motocicleta preta, de placa NAF 2286, para raptar as v\u00edtimas e cometer os estupros.<\/p>\n<p>Ainda de acordo com as investiga\u00e7\u00f5es, foi no bairro Taquari onde o \u2018tarado da moto preta\u2019 teria feito o maior n\u00famero de v\u00edtimas. O delegado Franisco Canind\u00e9 chefiou as investiga\u00e7\u00f5es.<\/p>\n<p>No momento da pris\u00e3o, a pol\u00edcia encontrou uma adolescente sendo abusada pelo estuprador. \u201cA investiga\u00e7\u00e3o j\u00e1 vinha acompanhando esse caso e na noite de domingo ele foi flagranteado abusando de uma jovem. Ele j\u00e1 passou pela audi\u00eancia de cust\u00f3dia. O Judici\u00e1rio optou pela manuten\u00e7\u00e3o da pris\u00e3o expedindo inclusive o mandado de pris\u00e3o. O trabalho conjunto das institui\u00e7\u00f5es demonstra \u00e0 integra\u00e7\u00e3o das for\u00e7as de Seguran\u00e7a no combate \u00e0 criminalidade\u201d, destacou delegado Francisco Canind\u00e9.<\/p>\n<p>At\u00e9 o momento, Rodewald j\u00e1 foi reconhecido por seis v\u00edtimas, duas mulheres e quatro adolescentes.<\/p>\n<p>Preso em flagrante, a Justi\u00e7a manteve a pris\u00e3o preventiva ap\u00f3s a audi\u00eancia de cust\u00f3dia. A pol\u00edcia n\u00e3o descarta a possibilidade de mais mulheres reconhecerem o &#8220;tarado da moto preta&#8221; ap\u00f3s a divulga\u00e7\u00e3o da imagem.<\/p>\n","protected":false},"excerpt":{"rendered":"<p style=\"text-align: justify;\">Outras tr\u00eas v\u00edtima reconheram Rodewald<\/p>\n","protected":false},"author":4,"featured_media":25453,"comment_status":"open","ping_status":"open","sticky":false,"template":"","format":"standard","meta":{"jnews-multi-image_gallery":[],"jnews_single_post":[],"jnews_primary_category":[],"jnews_social_meta":[],"jnews_review":[],"enable_review":"","type":"","name":"","summary":"","brand":"","sku":"","good":[],"bad":[],"score_override":"","override_value":"","rating":[],"price":[],"footnotes":""},"categories":[44],"tags":[],"class_list":["post-25454","post","type-post","status-publish","format-standard","has-post-thumbnail","hentry","category-policia"],"yoast_head":"<!-- This site is optimized with the Yoast SEO plugin v26.5 - https:\/\/yoast.com\/wordpress\/plugins\/seo\/ -->\n<title>Pol\u00edcia Civil prende jovem acusado de estupro em flagrante - Agazeta.net<\/title>\n<meta name=\"robots\" content=\"index, follow, max-snippet:-1, max-image-preview:large, max-video-preview:-1\" \/>\n<link rel=\"canonical\" href=\"https:\/\/nk7-testes.com.br\/agazeta\/policia-civil-prende-homem-acusado-de-estupro-flagrante\/\" \/>\n<meta property=\"og:locale\" content=\"pt_BR\" \/>\n<meta property=\"og:type\" content=\"article\" \/>\n<meta property=\"og:title\" content=\"Pol\u00edcia Civil prende jovem acusado de estupro em flagrante - Agazeta.net\" \/>\n<meta property=\"og:description\" content=\"Outras tr\u00eas v\u00edtima reconheram Rodewald\" \/>\n<meta property=\"og:url\" content=\"https:\/\/nk7-testes.com.br\/agazeta\/policia-civil-prende-homem-acusado-de-estupro-flagrante\/\" \/>\n<meta property=\"og:site_name\" content=\"Agazeta.net\" \/>\n<meta property=\"article:published_time\" content=\"2016-09-27T17:04:36+00:00\" \/>\n<meta property=\"og:image\" content=\"https:\/\/nk7-testes.com.br\/agazeta\/wp-content\/uploads\/2016\/09\/270916-policia-estuprador-preso.jpg\" \/>\n\t<meta property=\"og:image:width\" content=\"458\" \/>\n\t<meta property=\"og:image:height\" content=\"340\" \/>\n\t<meta property=\"og:image:type\" content=\"image\/jpeg\" \/>\n<meta name=\"author\" content=\"Agazeta.Net\" \/>\n<meta name=\"twitter:card\" content=\"summary_large_image\" \/>\n<meta name=\"twitter:label1\" content=\"Escrito por\" \/>\n\t<meta name=\"twitter:data1\" content=\"Agazeta.Net\" \/>\n\t<meta name=\"twitter:label2\" content=\"Est. tempo de leitura\" \/>\n\t<meta name=\"twitter:data2\" content=\"1 minuto\" \/>\n<script type=\"application\/ld+json\" class=\"yoast-schema-graph\">{\"@context\":\"https:\/\/schema.org\",\"@graph\":[{\"@type\":\"WebPage\",\"@id\":\"https:\/\/nk7-testes.com.br\/agazeta\/policia-civil-prende-homem-acusado-de-estupro-flagrante\/\",\"url\":\"https:\/\/nk7-testes.com.br\/agazeta\/policia-civil-prende-homem-acusado-de-estupro-flagrante\/\",\"name\":\"Pol\u00edcia Civil prende jovem acusado de estupro em flagrante - Agazeta.net\",\"isPartOf\":{\"@id\":\"https:\/\/nk7-testes.com.br\/agazeta\/#website\"},\"primaryImageOfPage\":{\"@id\":\"https:\/\/nk7-testes.com.br\/agazeta\/policia-civil-prende-homem-acusado-de-estupro-flagrante\/#primaryimage\"},\"image\":{\"@id\":\"https:\/\/nk7-testes.com.br\/agazeta\/policia-civil-prende-homem-acusado-de-estupro-flagrante\/#primaryimage\"},\"thumbnailUrl\":\"https:\/\/nk7-testes.com.br\/agazeta\/wp-content\/uploads\/2016\/09\/270916-policia-estuprador-preso.jpg\",\"datePublished\":\"2016-09-27T17:04:36+00:00\",\"author\":{\"@id\":\"https:\/\/nk7-testes.com.br\/agazeta\/#\/schema\/person\/6d6e25cb0435eb4a02fd44d30b4e3020\"},\"breadcrumb\":{\"@id\":\"https:\/\/nk7-testes.com.br\/agazeta\/policia-civil-prende-homem-acusado-de-estupro-flagrante\/#breadcrumb\"},\"inLanguage\":\"pt-BR\",\"potentialAction\":[{\"@type\":\"ReadAction\",\"target\":[\"https:\/\/nk7-testes.com.br\/agazeta\/policia-civil-prende-homem-acusado-de-estupro-flagrante\/\"]}]},{\"@type\":\"ImageObject\",\"inLanguage\":\"pt-BR\",\"@id\":\"https:\/\/nk7-testes.com.br\/agazeta\/policia-civil-prende-homem-acusado-de-estupro-flagrante\/#primaryimage\",\"url\":\"https:\/\/nk7-testes.com.br\/agazeta\/wp-content\/uploads\/2016\/09\/270916-policia-estuprador-preso.jpg\",\"contentUrl\":\"https:\/\/nk7-testes.com.br\/agazeta\/wp-content\/uploads\/2016\/09\/270916-policia-estuprador-preso.jpg\",\"width\":458,\"height\":340,\"caption\":\"270916-policia-estuprador-preso\"},{\"@type\":\"BreadcrumbList\",\"@id\":\"https:\/\/nk7-testes.com.br\/agazeta\/policia-civil-prende-homem-acusado-de-estupro-flagrante\/#breadcrumb\",\"itemListElement\":[{\"@type\":\"ListItem\",\"position\":1,\"name\":\"In\u00edcio\",\"item\":\"https:\/\/nk7-testes.com.br\/agazeta\/\"},{\"@type\":\"ListItem\",\"position\":2,\"name\":\"Pol\u00edcia Civil prende jovem acusado de estupro em flagrante\"}]},{\"@type\":\"WebSite\",\"@id\":\"https:\/\/nk7-testes.com.br\/agazeta\/#website\",\"url\":\"https:\/\/nk7-testes.com.br\/agazeta\/\",\"name\":\"Agazeta.net\",\"description\":\"Agazeta.net - Not\u00edcias de Rio Branco\/AC\",\"potentialAction\":[{\"@type\":\"SearchAction\",\"target\":{\"@type\":\"EntryPoint\",\"urlTemplate\":\"https:\/\/nk7-testes.com.br\/agazeta\/?s={search_term_string}\"},\"query-input\":{\"@type\":\"PropertyValueSpecification\",\"valueRequired\":true,\"valueName\":\"search_term_string\"}}],\"inLanguage\":\"pt-BR\"},{\"@type\":\"Person\",\"@id\":\"https:\/\/nk7-testes.com.br\/agazeta\/#\/schema\/person\/6d6e25cb0435eb4a02fd44d30b4e3020\",\"name\":\"Agazeta.Net\",\"url\":\"https:\/\/nk7-testes.com.br\/agazeta\/author\/agazeta\/\"}]}<\/script>\n<!-- \/ Yoast SEO plugin. -->","yoast_head_json":{"title":"Pol\u00edcia Civil prende jovem acusado de estupro em flagrante - Agazeta.net","robots":{"index":"index","follow":"follow","max-snippet":"max-snippet:-1","max-image-preview":"max-image-preview:large","max-video-preview":"max-video-preview:-1"},"canonical":"https:\/\/nk7-testes.com.br\/agazeta\/policia-civil-prende-homem-acusado-de-estupro-flagrante\/","og_locale":"pt_BR","og_type":"article","og_title":"Pol\u00edcia Civil prende jovem acusado de estupro em flagrante - Agazeta.net","og_description":"Outras tr\u00eas v\u00edtima reconheram Rodewald","og_url":"https:\/\/nk7-testes.com.br\/agazeta\/policia-civil-prende-homem-acusado-de-estupro-flagrante\/","og_site_name":"Agazeta.net","article_published_time":"2016-09-27T17:04:36+00:00","og_image":[{"width":458,"height":340,"url":"https:\/\/nk7-testes.com.br\/agazeta\/wp-content\/uploads\/2016\/09\/270916-policia-estuprador-preso.jpg","type":"image\/jpeg"}],"author":"Agazeta.Net","twitter_card":"summary_large_image","twitter_misc":{"Escrito por":"Agazeta.Net","Est. tempo de leitura":"1 minuto"},"schema":{"@context":"https:\/\/schema.org","@graph":[{"@type":"WebPage","@id":"https:\/\/nk7-testes.com.br\/agazeta\/policia-civil-prende-homem-acusado-de-estupro-flagrante\/","url":"https:\/\/nk7-testes.com.br\/agazeta\/policia-civil-prende-homem-acusado-de-estupro-flagrante\/","name":"Pol\u00edcia Civil prende jovem acusado de estupro em flagrante - Agazeta.net","isPartOf":{"@id":"https:\/\/nk7-testes.com.br\/agazeta\/#website"},"primaryImageOfPage":{"@id":"https:\/\/nk7-testes.com.br\/agazeta\/policia-civil-prende-homem-acusado-de-estupro-flagrante\/#primaryimage"},"image":{"@id":"https:\/\/nk7-testes.com.br\/agazeta\/policia-civil-prende-homem-acusado-de-estupro-flagrante\/#primaryimage"},"thumbnailUrl":"https:\/\/nk7-testes.com.br\/agazeta\/wp-content\/uploads\/2016\/09\/270916-policia-estuprador-preso.jpg","datePublished":"2016-09-27T17:04:36+00:00","author":{"@id":"https:\/\/nk7-testes.com.br\/agazeta\/#\/schema\/person\/6d6e25cb0435eb4a02fd44d30b4e3020"},"breadcrumb":{"@id":"https:\/\/nk7-testes.com.br\/agazeta\/policia-civil-prende-homem-acusado-de-estupro-flagrante\/#breadcrumb"},"inLanguage":"pt-BR","potentialAction":[{"@type":"ReadAction","target":["https:\/\/nk7-testes.com.br\/agazeta\/policia-civil-prende-homem-acusado-de-estupro-flagrante\/"]}]},{"@type":"ImageObject","inLanguage":"pt-BR","@id":"https:\/\/nk7-testes.com.br\/agazeta\/policia-civil-prende-homem-acusado-de-estupro-flagrante\/#primaryimage","url":"https:\/\/nk7-testes.com.br\/agazeta\/wp-content\/uploads\/2016\/09\/270916-policia-estuprador-preso.jpg","contentUrl":"https:\/\/nk7-testes.com.br\/agazeta\/wp-content\/uploads\/2016\/09\/270916-policia-estuprador-preso.jpg","width":458,"height":340,"caption":"270916-policia-estuprador-preso"},{"@type":"BreadcrumbList","@id":"https:\/\/nk7-testes.com.br\/agazeta\/policia-civil-prende-homem-acusado-de-estupro-flagrante\/#breadcrumb","itemListElement":[{"@type":"ListItem","position":1,"name":"In\u00edcio","item":"https:\/\/nk7-testes.com.br\/agazeta\/"},{"@type":"ListItem","position":2,"name":"Pol\u00edcia Civil prende jovem acusado de estupro em flagrante"}]},{"@type":"WebSite","@id":"https:\/\/nk7-testes.com.br\/agazeta\/#website","url":"https:\/\/nk7-testes.com.br\/agazeta\/","name":"Agazeta.net","description":"Agazeta.net - Not\u00edcias de Rio Branco\/AC","potentialAction":[{"@type":"SearchAction","target":{"@type":"EntryPoint","urlTemplate":"https:\/\/nk7-testes.com.br\/agazeta\/?s={search_term_string}"},"query-input":{"@type":"PropertyValueSpecification","valueRequired":true,"valueName":"search_term_string"}}],"inLanguage":"pt-BR"},{"@type":"Person","@id":"https:\/\/nk7-testes.com.br\/agazeta\/#\/schema\/person\/6d6e25cb0435eb4a02fd44d30b4e3020","name":"Agazeta.Net","url":"https:\/\/nk7-testes.com.br\/agazeta\/author\/agazeta\/"}]}},"_links":{"self":[{"href":"https:\/\/nk7-testes.com.br\/agazeta\/wp-json\/wp\/v2\/posts\/25454","targetHints":{"allow":["GET"]}}],"collection":[{"href":"https:\/\/nk7-testes.com.br\/agazeta\/wp-json\/wp\/v2\/posts"}],"about":[{"href":"https:\/\/nk7-testes.com.br\/agazeta\/wp-json\/wp\/v2\/types\/post"}],"author":[{"embeddable":true,"href":"https:\/\/nk7-testes.com.br\/agazeta\/wp-json\/wp\/v2\/users\/4"}],"replies":[{"embeddable":true,"href":"https:\/\/nk7-testes.com.br\/agazeta\/wp-json\/wp\/v2\/comments?post=25454"}],"version-history":[{"count":0,"href":"https:\/\/nk7-testes.com.br\/agazeta\/wp-json\/wp\/v2\/posts\/25454\/revisions"}],"wp:featuredmedia":[{"embeddable":true,"href":"https:\/\/nk7-testes.com.br\/agazeta\/wp-json\/wp\/v2\/media\/25453"}],"wp:attachment":[{"href":"https:\/\/nk7-testes.com.br\/agazeta\/wp-json\/wp\/v2\/media?parent=25454"}],"wp:term":[{"taxonomy":"category","embeddable":true,"href":"https:\/\/nk7-testes.com.br\/agazeta\/wp-json\/wp\/v2\/categories?post=25454"},{"taxonomy":"post_tag","embeddable":true,"href":"https:\/\/nk7-testes.com.br\/agazeta\/wp-json\/wp\/v2\/tags?post=25454"}],"curies":[{"name":"wp","href":"https:\/\/api.w.org\/{rel}","templated":true}]}}