{"id":25448,"date":"2016-09-27T15:27:39","date_gmt":"2016-09-27T15:27:39","guid":{"rendered":"https:\/\/abarevegan.com.br\/index.php\/2016\/09\/27\/nao-podemos-calar-diz-vitima-de-erro-de-diagnostico\/"},"modified":"2016-09-27T15:27:39","modified_gmt":"2016-09-27T15:27:39","slug":"nao-podemos-calar-diz-vitima-de-erro-de-diagnostico","status":"publish","type":"post","link":"https:\/\/nk7-testes.com.br\/agazeta\/nao-podemos-calar-diz-vitima-de-erro-de-diagnostico\/","title":{"rendered":"\u201cN\u00e3o podemos calar\u201d, diz v\u00edtima de erro de diagn\u00f3stico"},"content":{"rendered":"<p style=\"text-align: justify;\">Diagn\u00f3stico errado para HIV traumatizou doadora<\/p>\n<p style=\"text-align: justify;\">No final de 2014, o servente de pedreiro e marido de J.G do N teve um acidente de trabalho. Foi grave. Ele at\u00e9 hoje ainda tem sequelas e se recupera recebendo pens\u00e3o do INSS. \u00c0 \u00e9poca, as cirurgias necess\u00e1rias exigiam doa\u00e7\u00e3o de sangue espec\u00edfica. Eram necess\u00e1rios tr\u00eas doadores.<\/p>\n<p style=\"text-align: justify;\">A esposa se prontificou a doar. A partir da\u00ed, a vida do casal se complicou ainda mais. Um m\u00eas depois, ela foi buscar o resultado dos exames normalmente feitos no Hemoacre. \u201cElas pediram para eu repetir os exames porque \u2018havia dado errado\u2019, foi a explica\u00e7\u00e3o\u201d, lembra J.G do N.<\/p>\n<p style=\"text-align: justify;\">Ela refez os exames. J\u00e1 era in\u00edcio de 2015. Nova ida ao Hemoacre. J.G do N foi encaminhada para uma sala espec\u00edfica onde havia tr\u00eas profissionais que anunciaram o diagn\u00f3stico fatal. \u201cFiquei em estado de choque\u201d.<\/p>\n<p style=\"text-align: justify;\">\u201cFui encaminhada para iniciar o tratamento. O m\u00e9dico que me atendeu nem olhou direito para mim. Ele, em nenhum momento, disse que os exames feitos no Hemoacre resultariam em um diagn\u00f3stico provis\u00f3rio. Ele j\u00e1 me tratou como se eu tivesse a doen\u00e7a. Anotou os exames que eu tinha que fazer e pronto. Al\u00e9m de constrangida, eu estava passando por um momento dif\u00edcil da minha vida, meu esposo acidentado, dificuldade de toda ordem e um tratamento dessa forma. N\u00e3o houve acolhida\u201d.<\/p>\n<p style=\"text-align: justify;\">Ela n\u00e3o acreditou no que ouviu. Mesmo sem dinheiro, paralelamente aos exames feitos nas institui\u00e7\u00f5es p\u00fablicas, ela partiu para a rede privada. \u201cEu n\u00e3o tinha a doen\u00e7a. Eu n\u00e3o tenho a doen\u00e7a\u201d, constatou. \u201cPra mim, ficou clara a forma injusta e desumana como muitos m\u00e9dicos tratam das pessoas. N\u00e3o medem a forma de falar, de conversar com as pessoas\u201d. Por isso, resolvi buscar a Justi\u00e7a. N\u00f3s n\u00e3o podemos calar. N\u00e3o podemos ficar caladas. Se ficar calado, haver\u00e1 mais v\u00edtimas como eu\u201d, disse. \u201cEu n\u00e3o me calo mais\u201d.<\/p>\n<p style=\"text-align: justify;\"><strong>GOVERNO DO ESTADO DO ACRE<\/strong><\/p>\n<p style=\"text-align: justify;\"><strong>SECRETARIA DE ESTADO DE SA\u00daDE<\/strong><\/p>\n<p style=\"text-align: justify;\">Nota de Esclarecimento<\/p>\n<p style=\"text-align: justify;\">A dire\u00e7\u00e3o do Centro de Hemoterapia e Hematologia do Acre (Hemoacre) esclarece que<br \/>os exames realizados na unidade n\u00e3o t\u00eam objetivo de diagnosticar indiv\u00edduos. Contudo, em caso de positividade em quaisquer exames, eles s\u00e3o encaminhados a um servi\u00e7o especializado a fim de esclarecer resultados.<\/p>\n<p style=\"text-align: justify;\">Os exames s\u00e3o realizados pelo grau de sensibilidade exigido pela Organiza\u00e7\u00e3o Mundial da Sa\u00fade (OMS) e Minist\u00e9rio da Sa\u00fade (MS), podendo ter resultados falsos positivos.<\/p>\n<p style=\"text-align: justify;\">Quando o doador \u00e9 chamado a comparecer no Hemoacre, devido a um resultado<br \/>reagente, ele \u00e9 informado de que pode se tratar de um resultado \u2018falso positivo\u2019, sendo necess\u00e1rio avalia\u00e7\u00e3o de um m\u00e9dico infectologia, que ir\u00e1 descartar ou confirmar, por meio de exames espec\u00edficos, o resultado.<\/p>\n<p style=\"text-align: justify;\">Ao receber as informa\u00e7\u00f5es sobre o resultado do exame, o doador assina um termo de<br \/>ci\u00eancia e, em seguida, \u00e9 encaminhado ao Servi\u00e7o de Assist\u00eancia Especializada (SAE) para mais informa\u00e7\u00f5es e esclarecimentos.<\/p>\n<p style=\"text-align: justify;\">Vale ressaltar que o Hemoacre oferta servi\u00e7os de excel\u00eancia em hemoterapia e<br \/>hematologia no estado, considerando os direitos dos usu\u00e1rios e o respeito \u00e0 cidadania.<\/p>\n<p style=\"text-align: justify;\">Rio Branco \u2013 Acre, 27 de setembro de 2016.<\/p>\n","protected":false},"excerpt":{"rendered":"<p style=\"text-align: justify;\">Diagn\u00f3stico errado para HIV traumatizou doadora<\/p>\n","protected":false},"author":4,"featured_media":25447,"comment_status":"open","ping_status":"open","sticky":false,"template":"","format":"standard","meta":{"jnews-multi-image_gallery":[],"jnews_single_post":[],"jnews_primary_category":[],"jnews_social_meta":[],"jnews_review":[],"enable_review":"","type":"","name":"","summary":"","brand":"","sku":"","good":[],"bad":[],"score_override":"","override_value":"","rating":[],"price":[],"footnotes":""},"categories":[54],"tags":[],"class_list":["post-25448","post","type-post","status-publish","format-standard","has-post-thumbnail","hentry","category-cotidiano"],"yoast_head":"<!-- This site is optimized with the Yoast SEO plugin v26.5 - https:\/\/yoast.com\/wordpress\/plugins\/seo\/ -->\n<title>\u201cN\u00e3o podemos calar\u201d, diz v\u00edtima de erro de diagn\u00f3stico - Agazeta.net<\/title>\n<meta name=\"robots\" content=\"index, follow, max-snippet:-1, max-image-preview:large, max-video-preview:-1\" \/>\n<link rel=\"canonical\" href=\"https:\/\/nk7-testes.com.br\/agazeta\/nao-podemos-calar-diz-vitima-de-erro-de-diagnostico\/\" \/>\n<meta property=\"og:locale\" content=\"pt_BR\" \/>\n<meta property=\"og:type\" content=\"article\" \/>\n<meta property=\"og:title\" content=\"\u201cN\u00e3o podemos calar\u201d, diz v\u00edtima de erro de diagn\u00f3stico - Agazeta.net\" \/>\n<meta property=\"og:description\" content=\"Diagn\u00f3stico errado para HIV traumatizou doadora\" \/>\n<meta property=\"og:url\" content=\"https:\/\/nk7-testes.com.br\/agazeta\/nao-podemos-calar-diz-vitima-de-erro-de-diagnostico\/\" \/>\n<meta property=\"og:site_name\" content=\"Agazeta.net\" \/>\n<meta property=\"article:published_time\" content=\"2016-09-27T15:27:39+00:00\" \/>\n<meta property=\"og:image\" content=\"https:\/\/nk7-testes.com.br\/agazeta\/wp-content\/uploads\/2016\/09\/270916-cotidiano-hiv-cedida.jpg\" \/>\n\t<meta property=\"og:image:width\" content=\"458\" \/>\n\t<meta property=\"og:image:height\" content=\"340\" \/>\n\t<meta property=\"og:image:type\" content=\"image\/jpeg\" \/>\n<meta name=\"author\" content=\"Agazeta.Net\" \/>\n<meta name=\"twitter:card\" content=\"summary_large_image\" \/>\n<meta name=\"twitter:label1\" content=\"Escrito por\" \/>\n\t<meta name=\"twitter:data1\" content=\"Agazeta.Net\" \/>\n\t<meta name=\"twitter:label2\" content=\"Est. tempo de leitura\" \/>\n\t<meta name=\"twitter:data2\" content=\"3 minutos\" \/>\n<script type=\"application\/ld+json\" class=\"yoast-schema-graph\">{\"@context\":\"https:\/\/schema.org\",\"@graph\":[{\"@type\":\"WebPage\",\"@id\":\"https:\/\/nk7-testes.com.br\/agazeta\/nao-podemos-calar-diz-vitima-de-erro-de-diagnostico\/\",\"url\":\"https:\/\/nk7-testes.com.br\/agazeta\/nao-podemos-calar-diz-vitima-de-erro-de-diagnostico\/\",\"name\":\"\u201cN\u00e3o podemos calar\u201d, diz v\u00edtima de erro de diagn\u00f3stico - Agazeta.net\",\"isPartOf\":{\"@id\":\"https:\/\/nk7-testes.com.br\/agazeta\/#website\"},\"primaryImageOfPage\":{\"@id\":\"https:\/\/nk7-testes.com.br\/agazeta\/nao-podemos-calar-diz-vitima-de-erro-de-diagnostico\/#primaryimage\"},\"image\":{\"@id\":\"https:\/\/nk7-testes.com.br\/agazeta\/nao-podemos-calar-diz-vitima-de-erro-de-diagnostico\/#primaryimage\"},\"thumbnailUrl\":\"https:\/\/nk7-testes.com.br\/agazeta\/wp-content\/uploads\/2016\/09\/270916-cotidiano-hiv-cedida.jpg\",\"datePublished\":\"2016-09-27T15:27:39+00:00\",\"author\":{\"@id\":\"https:\/\/nk7-testes.com.br\/agazeta\/#\/schema\/person\/ff6b39d54d6973bfc57f4140f659b23f\"},\"breadcrumb\":{\"@id\":\"https:\/\/nk7-testes.com.br\/agazeta\/nao-podemos-calar-diz-vitima-de-erro-de-diagnostico\/#breadcrumb\"},\"inLanguage\":\"pt-BR\",\"potentialAction\":[{\"@type\":\"ReadAction\",\"target\":[\"https:\/\/nk7-testes.com.br\/agazeta\/nao-podemos-calar-diz-vitima-de-erro-de-diagnostico\/\"]}]},{\"@type\":\"ImageObject\",\"inLanguage\":\"pt-BR\",\"@id\":\"https:\/\/nk7-testes.com.br\/agazeta\/nao-podemos-calar-diz-vitima-de-erro-de-diagnostico\/#primaryimage\",\"url\":\"https:\/\/nk7-testes.com.br\/agazeta\/wp-content\/uploads\/2016\/09\/270916-cotidiano-hiv-cedida.jpg\",\"contentUrl\":\"https:\/\/nk7-testes.com.br\/agazeta\/wp-content\/uploads\/2016\/09\/270916-cotidiano-hiv-cedida.jpg\",\"width\":458,\"height\":340,\"caption\":\"270916-cotidiano-hiv-cedida\"},{\"@type\":\"BreadcrumbList\",\"@id\":\"https:\/\/nk7-testes.com.br\/agazeta\/nao-podemos-calar-diz-vitima-de-erro-de-diagnostico\/#breadcrumb\",\"itemListElement\":[{\"@type\":\"ListItem\",\"position\":1,\"name\":\"In\u00edcio\",\"item\":\"https:\/\/nk7-testes.com.br\/agazeta\/\"},{\"@type\":\"ListItem\",\"position\":2,\"name\":\"\u201cN\u00e3o podemos calar\u201d, diz v\u00edtima de erro de diagn\u00f3stico\"}]},{\"@type\":\"WebSite\",\"@id\":\"https:\/\/nk7-testes.com.br\/agazeta\/#website\",\"url\":\"https:\/\/nk7-testes.com.br\/agazeta\/\",\"name\":\"Agazeta.net\",\"description\":\"Agazeta.net - Not\u00edcias de Rio Branco\/AC\",\"potentialAction\":[{\"@type\":\"SearchAction\",\"target\":{\"@type\":\"EntryPoint\",\"urlTemplate\":\"https:\/\/nk7-testes.com.br\/agazeta\/?s={search_term_string}\"},\"query-input\":{\"@type\":\"PropertyValueSpecification\",\"valueRequired\":true,\"valueName\":\"search_term_string\"}}],\"inLanguage\":\"pt-BR\"},{\"@type\":\"Person\",\"@id\":\"https:\/\/nk7-testes.com.br\/agazeta\/#\/schema\/person\/ff6b39d54d6973bfc57f4140f659b23f\",\"name\":\"Agazeta.Net\",\"url\":\"https:\/\/nk7-testes.com.br\/agazeta\/author\/agazeta\/\"}]}<\/script>\n<!-- \/ Yoast SEO plugin. -->","yoast_head_json":{"title":"\u201cN\u00e3o podemos calar\u201d, diz v\u00edtima de erro de diagn\u00f3stico - Agazeta.net","robots":{"index":"index","follow":"follow","max-snippet":"max-snippet:-1","max-image-preview":"max-image-preview:large","max-video-preview":"max-video-preview:-1"},"canonical":"https:\/\/nk7-testes.com.br\/agazeta\/nao-podemos-calar-diz-vitima-de-erro-de-diagnostico\/","og_locale":"pt_BR","og_type":"article","og_title":"\u201cN\u00e3o podemos calar\u201d, diz v\u00edtima de erro de diagn\u00f3stico - Agazeta.net","og_description":"Diagn\u00f3stico errado para HIV traumatizou doadora","og_url":"https:\/\/nk7-testes.com.br\/agazeta\/nao-podemos-calar-diz-vitima-de-erro-de-diagnostico\/","og_site_name":"Agazeta.net","article_published_time":"2016-09-27T15:27:39+00:00","og_image":[{"width":458,"height":340,"url":"https:\/\/nk7-testes.com.br\/agazeta\/wp-content\/uploads\/2016\/09\/270916-cotidiano-hiv-cedida.jpg","type":"image\/jpeg"}],"author":"Agazeta.Net","twitter_card":"summary_large_image","twitter_misc":{"Escrito por":"Agazeta.Net","Est. tempo de leitura":"3 minutos"},"schema":{"@context":"https:\/\/schema.org","@graph":[{"@type":"WebPage","@id":"https:\/\/nk7-testes.com.br\/agazeta\/nao-podemos-calar-diz-vitima-de-erro-de-diagnostico\/","url":"https:\/\/nk7-testes.com.br\/agazeta\/nao-podemos-calar-diz-vitima-de-erro-de-diagnostico\/","name":"\u201cN\u00e3o podemos calar\u201d, diz v\u00edtima de erro de diagn\u00f3stico - Agazeta.net","isPartOf":{"@id":"https:\/\/nk7-testes.com.br\/agazeta\/#website"},"primaryImageOfPage":{"@id":"https:\/\/nk7-testes.com.br\/agazeta\/nao-podemos-calar-diz-vitima-de-erro-de-diagnostico\/#primaryimage"},"image":{"@id":"https:\/\/nk7-testes.com.br\/agazeta\/nao-podemos-calar-diz-vitima-de-erro-de-diagnostico\/#primaryimage"},"thumbnailUrl":"https:\/\/nk7-testes.com.br\/agazeta\/wp-content\/uploads\/2016\/09\/270916-cotidiano-hiv-cedida.jpg","datePublished":"2016-09-27T15:27:39+00:00","author":{"@id":"https:\/\/nk7-testes.com.br\/agazeta\/#\/schema\/person\/ff6b39d54d6973bfc57f4140f659b23f"},"breadcrumb":{"@id":"https:\/\/nk7-testes.com.br\/agazeta\/nao-podemos-calar-diz-vitima-de-erro-de-diagnostico\/#breadcrumb"},"inLanguage":"pt-BR","potentialAction":[{"@type":"ReadAction","target":["https:\/\/nk7-testes.com.br\/agazeta\/nao-podemos-calar-diz-vitima-de-erro-de-diagnostico\/"]}]},{"@type":"ImageObject","inLanguage":"pt-BR","@id":"https:\/\/nk7-testes.com.br\/agazeta\/nao-podemos-calar-diz-vitima-de-erro-de-diagnostico\/#primaryimage","url":"https:\/\/nk7-testes.com.br\/agazeta\/wp-content\/uploads\/2016\/09\/270916-cotidiano-hiv-cedida.jpg","contentUrl":"https:\/\/nk7-testes.com.br\/agazeta\/wp-content\/uploads\/2016\/09\/270916-cotidiano-hiv-cedida.jpg","width":458,"height":340,"caption":"270916-cotidiano-hiv-cedida"},{"@type":"BreadcrumbList","@id":"https:\/\/nk7-testes.com.br\/agazeta\/nao-podemos-calar-diz-vitima-de-erro-de-diagnostico\/#breadcrumb","itemListElement":[{"@type":"ListItem","position":1,"name":"In\u00edcio","item":"https:\/\/nk7-testes.com.br\/agazeta\/"},{"@type":"ListItem","position":2,"name":"\u201cN\u00e3o podemos calar\u201d, diz v\u00edtima de erro de diagn\u00f3stico"}]},{"@type":"WebSite","@id":"https:\/\/nk7-testes.com.br\/agazeta\/#website","url":"https:\/\/nk7-testes.com.br\/agazeta\/","name":"Agazeta.net","description":"Agazeta.net - Not\u00edcias de Rio Branco\/AC","potentialAction":[{"@type":"SearchAction","target":{"@type":"EntryPoint","urlTemplate":"https:\/\/nk7-testes.com.br\/agazeta\/?s={search_term_string}"},"query-input":{"@type":"PropertyValueSpecification","valueRequired":true,"valueName":"search_term_string"}}],"inLanguage":"pt-BR"},{"@type":"Person","@id":"https:\/\/nk7-testes.com.br\/agazeta\/#\/schema\/person\/ff6b39d54d6973bfc57f4140f659b23f","name":"Agazeta.Net","url":"https:\/\/nk7-testes.com.br\/agazeta\/author\/agazeta\/"}]}},"_links":{"self":[{"href":"https:\/\/nk7-testes.com.br\/agazeta\/wp-json\/wp\/v2\/posts\/25448","targetHints":{"allow":["GET"]}}],"collection":[{"href":"https:\/\/nk7-testes.com.br\/agazeta\/wp-json\/wp\/v2\/posts"}],"about":[{"href":"https:\/\/nk7-testes.com.br\/agazeta\/wp-json\/wp\/v2\/types\/post"}],"author":[{"embeddable":true,"href":"https:\/\/nk7-testes.com.br\/agazeta\/wp-json\/wp\/v2\/users\/4"}],"replies":[{"embeddable":true,"href":"https:\/\/nk7-testes.com.br\/agazeta\/wp-json\/wp\/v2\/comments?post=25448"}],"version-history":[{"count":0,"href":"https:\/\/nk7-testes.com.br\/agazeta\/wp-json\/wp\/v2\/posts\/25448\/revisions"}],"wp:featuredmedia":[{"embeddable":true,"href":"https:\/\/nk7-testes.com.br\/agazeta\/wp-json\/wp\/v2\/media\/25447"}],"wp:attachment":[{"href":"https:\/\/nk7-testes.com.br\/agazeta\/wp-json\/wp\/v2\/media?parent=25448"}],"wp:term":[{"taxonomy":"category","embeddable":true,"href":"https:\/\/nk7-testes.com.br\/agazeta\/wp-json\/wp\/v2\/categories?post=25448"},{"taxonomy":"post_tag","embeddable":true,"href":"https:\/\/nk7-testes.com.br\/agazeta\/wp-json\/wp\/v2\/tags?post=25448"}],"curies":[{"name":"wp","href":"https:\/\/api.w.org\/{rel}","templated":true}]}}