{"id":25445,"date":"2016-09-27T14:13:03","date_gmt":"2016-09-27T14:13:03","guid":{"rendered":"https:\/\/abarevegan.com.br\/index.php\/2016\/09\/27\/medica-que-agrediu-crianca-fala-sobre-episodio\/"},"modified":"2016-09-27T14:13:03","modified_gmt":"2016-09-27T14:13:03","slug":"medica-que-agrediu-crianca-fala-sobre-episodio","status":"publish","type":"post","link":"https:\/\/nk7-testes.com.br\/agazeta\/medica-que-agrediu-crianca-fala-sobre-episodio\/","title":{"rendered":"M\u00e9dica que agrediu crian\u00e7a fala sobre epis\u00f3dio"},"content":{"rendered":"<p style=\"text-align: justify;\">\u201cFoi apenas um ato irrefletido de minha parte\u201d<\/p>\n<p style=\"text-align: justify;\">A m\u00e9dica Sirl\u00e2ndia Brito, que agrediu uma crian\u00e7a com S\u00edndrome de Down em uma unidade da Unimed na semana passada, deixou sil\u00eancio. Foram feitas v\u00e1rias tentativas de saber dela a vers\u00e3o dos fatos por parte da produ\u00e7\u00e3o da TV Gazeta e AGazeta.Net, via rede social. E \u00e9 por meio das redes sociais que ela se pronuncia.<\/p>\n<p style=\"text-align: justify;\"><strong>NOTA DE ESCLARECIMENTO \u00c0 SOCIEDADE<\/strong><\/p>\n<p style=\"text-align: justify;\">\u00c9 do conhecimento de todos que fui linchada moralmente por ter, segundo as not\u00edcias dos jornais e redes sociais, agredido uma crian\u00e7a com s\u00edndrome de down, e de ter proferido palavras dizendo que a crian\u00e7a deveria ser trancada numa jaula e de que n\u00e3o deveria conviver em sociedade. Essa vers\u00e3o se espalhou t\u00e3o r\u00e1pida e avassaladoramente que fui exposta \u00e0 execra\u00e7\u00e3o p\u00fablica, at\u00e9 nacionalmente. N\u00e3o tive mesmo rea\u00e7\u00e3o nem for\u00e7as para me defender. Recuperando-me dos dias que vivi, esclare\u00e7o os fatos como aconteceram.<\/p>\n<p style=\"text-align: justify;\">Na data de 14 de setembro, pela manh\u00e3, estava em companhia de meu esposo, na sede da Unimed, aguardando atendimento num dos guich\u00eas, e enquanto isso, mexia no meu celular. Em dado momento, percebi uma batida em minhas costas, e num ato autom\u00e1tico joguei minha m\u00e3o para tr\u00e1s, sendo que s\u00f3 depois percebi se tratar de uma crian\u00e7a com s\u00edndrome de down.<\/p>\n<p style=\"text-align: justify;\">Minha rea\u00e7\u00e3o n\u00e3o machucou a crian\u00e7a, nem mesmo levou a crian\u00e7a a chorar. Quando a m\u00e3e retornou at\u00e9 onde estava a crian\u00e7a expliquei o que tinha acontecido, mas ela n\u00e3o quis conversa, chamando-me de \u201clouca\u201d, \u201cdesequilibrada\u201d e que eu estava me trocando com uma crian\u00e7a. Tanto a m\u00e3e do menino quanto o pai me insultavam, e eu n\u00e3o aguentando mais, comecei a reagir, verbalmente, tamb\u00e9m, contra a m\u00e3e e o pai do menino.<\/p>\n<p style=\"text-align: justify;\">Em nenhum momento chamei a crian\u00e7a de d\u00e9bil mental ou que ela deveria ficar trancada em uma jaula para n\u00e3o viver em sociedade. O que disse para m\u00e3e \u00e9 que ela deveria educar mais a crian\u00e7a para que ela n\u00e3o ficasse batendo nos outros, pois antes de dizer isso a ela, soube que a crian\u00e7a tinha feito o mesmo com o meu esposo. O pai da crian\u00e7a dizia que ia me matar, e com muita raiva da situa\u00e7\u00e3o eu disse a ele que n\u00e3o me amea\u00e7asse, se quisesse fazer, me matasse, logo. Meu marido ainda tentou explicar que o ato tinha sido autom\u00e1tico, pedindo desculpas, mas ele n\u00e3o aceitou e o chamou de \u201cmerda\u201d.<\/p>\n<p style=\"text-align: justify;\">Eles resolveram, ent\u00e3o, registrar o B.O, e divulgaram as imagens com a vers\u00e3o deles. Aumentaram os fatos dizendo que eu agi de preconceito contra uma crian\u00e7a com s\u00edndrome de down, isso tudo para que tivesse repercuss\u00e3o negativa junto \u00e0 delegacia e \u00e0 opini\u00e3o p\u00fablica, j\u00e1 que as imagens por si s\u00f3 poderia n\u00e3o ter a repercuss\u00e3o que eles desejavam.<\/p>\n<p style=\"text-align: justify;\">Devido as imagens divulgadas fui chamada de tudo quanto \u00e9 nome, fui amea\u00e7ada e a minha imagem est\u00e1 sendo enlameada publicamente, corro mesmo risco de morte. Foi feito exame de corpo de delito na crian\u00e7a e nada foi detectado de agress\u00e3o, mostrando que ela n\u00e3o foi agredida ou espancada, foi apenas um ato irrefletido de minha parte. Vivo momentos de transtornos e de sofrimento. Sou ser humana, n\u00e3o sou um animal como eles quiseram fazer crer. Estou acionando tamb\u00e9m os pais que me difamaram, amea\u00e7aram, caluniaram e me injuriaram, e incitaram as pessoas contra mim. Eles nem mesmo pararam para dialogar. Tamb\u00e9m estou acionando criminalmente todas aquelas pessoas que me detrataram e me amea\u00e7aram. Houve m\u00e1-f\u00e9 e sensacionalismo em tudo o que aconteceu. Tenho f\u00e9 que esse momento ir\u00e1 passar, e que minha vida ir\u00e1 seguir seu curso normal! Esses foram os fatos! Cada um julga conforme a mesma medida que um dia ser\u00e1 julgado!&#8230;<\/p>\n","protected":false},"excerpt":{"rendered":"<p style=\"text-align: justify;\">\u201cFoi apenas um ato irrefletido de minha parte\u201d<\/p>\n","protected":false},"author":4,"featured_media":25444,"comment_status":"open","ping_status":"open","sticky":false,"template":"","format":"standard","meta":{"jnews-multi-image_gallery":[],"jnews_single_post":[],"jnews_primary_category":[],"jnews_social_meta":[],"jnews_review":[],"enable_review":"","type":"","name":"","summary":"","brand":"","sku":"","good":[],"bad":[],"score_override":"","override_value":"","rating":[],"price":[],"footnotes":""},"categories":[44],"tags":[],"class_list":["post-25445","post","type-post","status-publish","format-standard","has-post-thumbnail","hentry","category-policia"],"yoast_head":"<!-- This site is optimized with the Yoast SEO plugin v26.5 - https:\/\/yoast.com\/wordpress\/plugins\/seo\/ -->\n<title>M\u00e9dica que agrediu crian\u00e7a fala sobre epis\u00f3dio - Agazeta.net<\/title>\n<meta name=\"robots\" content=\"index, follow, max-snippet:-1, max-image-preview:large, max-video-preview:-1\" \/>\n<link rel=\"canonical\" href=\"https:\/\/nk7-testes.com.br\/agazeta\/medica-que-agrediu-crianca-fala-sobre-episodio\/\" \/>\n<meta property=\"og:locale\" content=\"pt_BR\" \/>\n<meta property=\"og:type\" content=\"article\" \/>\n<meta property=\"og:title\" content=\"M\u00e9dica que agrediu crian\u00e7a fala sobre epis\u00f3dio - Agazeta.net\" \/>\n<meta property=\"og:description\" content=\"\u201cFoi apenas um ato irrefletido de minha parte\u201d\" \/>\n<meta property=\"og:url\" content=\"https:\/\/nk7-testes.com.br\/agazeta\/medica-que-agrediu-crianca-fala-sobre-episodio\/\" \/>\n<meta property=\"og:site_name\" content=\"Agazeta.net\" \/>\n<meta property=\"article:published_time\" content=\"2016-09-27T14:13:03+00:00\" \/>\n<meta property=\"og:image\" content=\"https:\/\/nk7-testes.com.br\/agazeta\/wp-content\/uploads\/2016\/09\/270916-policia-agressaomedica-cedida.jpg\" \/>\n\t<meta property=\"og:image:width\" content=\"458\" \/>\n\t<meta property=\"og:image:height\" content=\"340\" \/>\n\t<meta property=\"og:image:type\" content=\"image\/jpeg\" \/>\n<meta name=\"author\" content=\"Agazeta.Net\" \/>\n<meta name=\"twitter:card\" content=\"summary_large_image\" \/>\n<meta name=\"twitter:label1\" content=\"Escrito por\" \/>\n\t<meta name=\"twitter:data1\" content=\"Agazeta.Net\" \/>\n\t<meta name=\"twitter:label2\" content=\"Est. tempo de leitura\" \/>\n\t<meta name=\"twitter:data2\" content=\"3 minutos\" \/>\n<script type=\"application\/ld+json\" class=\"yoast-schema-graph\">{\"@context\":\"https:\/\/schema.org\",\"@graph\":[{\"@type\":\"WebPage\",\"@id\":\"https:\/\/nk7-testes.com.br\/agazeta\/medica-que-agrediu-crianca-fala-sobre-episodio\/\",\"url\":\"https:\/\/nk7-testes.com.br\/agazeta\/medica-que-agrediu-crianca-fala-sobre-episodio\/\",\"name\":\"M\u00e9dica que agrediu crian\u00e7a fala sobre epis\u00f3dio - Agazeta.net\",\"isPartOf\":{\"@id\":\"https:\/\/nk7-testes.com.br\/agazeta\/#website\"},\"primaryImageOfPage\":{\"@id\":\"https:\/\/nk7-testes.com.br\/agazeta\/medica-que-agrediu-crianca-fala-sobre-episodio\/#primaryimage\"},\"image\":{\"@id\":\"https:\/\/nk7-testes.com.br\/agazeta\/medica-que-agrediu-crianca-fala-sobre-episodio\/#primaryimage\"},\"thumbnailUrl\":\"https:\/\/nk7-testes.com.br\/agazeta\/wp-content\/uploads\/2016\/09\/270916-policia-agressaomedica-cedida.jpg\",\"datePublished\":\"2016-09-27T14:13:03+00:00\",\"author\":{\"@id\":\"https:\/\/nk7-testes.com.br\/agazeta\/#\/schema\/person\/6d6e25cb0435eb4a02fd44d30b4e3020\"},\"breadcrumb\":{\"@id\":\"https:\/\/nk7-testes.com.br\/agazeta\/medica-que-agrediu-crianca-fala-sobre-episodio\/#breadcrumb\"},\"inLanguage\":\"pt-BR\",\"potentialAction\":[{\"@type\":\"ReadAction\",\"target\":[\"https:\/\/nk7-testes.com.br\/agazeta\/medica-que-agrediu-crianca-fala-sobre-episodio\/\"]}]},{\"@type\":\"ImageObject\",\"inLanguage\":\"pt-BR\",\"@id\":\"https:\/\/nk7-testes.com.br\/agazeta\/medica-que-agrediu-crianca-fala-sobre-episodio\/#primaryimage\",\"url\":\"https:\/\/nk7-testes.com.br\/agazeta\/wp-content\/uploads\/2016\/09\/270916-policia-agressaomedica-cedida.jpg\",\"contentUrl\":\"https:\/\/nk7-testes.com.br\/agazeta\/wp-content\/uploads\/2016\/09\/270916-policia-agressaomedica-cedida.jpg\",\"width\":458,\"height\":340,\"caption\":\"270916-policia-agressaomedica-cedida\"},{\"@type\":\"BreadcrumbList\",\"@id\":\"https:\/\/nk7-testes.com.br\/agazeta\/medica-que-agrediu-crianca-fala-sobre-episodio\/#breadcrumb\",\"itemListElement\":[{\"@type\":\"ListItem\",\"position\":1,\"name\":\"In\u00edcio\",\"item\":\"https:\/\/nk7-testes.com.br\/agazeta\/\"},{\"@type\":\"ListItem\",\"position\":2,\"name\":\"M\u00e9dica que agrediu crian\u00e7a fala sobre epis\u00f3dio\"}]},{\"@type\":\"WebSite\",\"@id\":\"https:\/\/nk7-testes.com.br\/agazeta\/#website\",\"url\":\"https:\/\/nk7-testes.com.br\/agazeta\/\",\"name\":\"Agazeta.net\",\"description\":\"Agazeta.net - Not\u00edcias de Rio Branco\/AC\",\"potentialAction\":[{\"@type\":\"SearchAction\",\"target\":{\"@type\":\"EntryPoint\",\"urlTemplate\":\"https:\/\/nk7-testes.com.br\/agazeta\/?s={search_term_string}\"},\"query-input\":{\"@type\":\"PropertyValueSpecification\",\"valueRequired\":true,\"valueName\":\"search_term_string\"}}],\"inLanguage\":\"pt-BR\"},{\"@type\":\"Person\",\"@id\":\"https:\/\/nk7-testes.com.br\/agazeta\/#\/schema\/person\/6d6e25cb0435eb4a02fd44d30b4e3020\",\"name\":\"Agazeta.Net\",\"url\":\"https:\/\/nk7-testes.com.br\/agazeta\/author\/agazeta\/\"}]}<\/script>\n<!-- \/ Yoast SEO plugin. -->","yoast_head_json":{"title":"M\u00e9dica que agrediu crian\u00e7a fala sobre epis\u00f3dio - Agazeta.net","robots":{"index":"index","follow":"follow","max-snippet":"max-snippet:-1","max-image-preview":"max-image-preview:large","max-video-preview":"max-video-preview:-1"},"canonical":"https:\/\/nk7-testes.com.br\/agazeta\/medica-que-agrediu-crianca-fala-sobre-episodio\/","og_locale":"pt_BR","og_type":"article","og_title":"M\u00e9dica que agrediu crian\u00e7a fala sobre epis\u00f3dio - Agazeta.net","og_description":"\u201cFoi apenas um ato irrefletido de minha parte\u201d","og_url":"https:\/\/nk7-testes.com.br\/agazeta\/medica-que-agrediu-crianca-fala-sobre-episodio\/","og_site_name":"Agazeta.net","article_published_time":"2016-09-27T14:13:03+00:00","og_image":[{"width":458,"height":340,"url":"https:\/\/nk7-testes.com.br\/agazeta\/wp-content\/uploads\/2016\/09\/270916-policia-agressaomedica-cedida.jpg","type":"image\/jpeg"}],"author":"Agazeta.Net","twitter_card":"summary_large_image","twitter_misc":{"Escrito por":"Agazeta.Net","Est. tempo de leitura":"3 minutos"},"schema":{"@context":"https:\/\/schema.org","@graph":[{"@type":"WebPage","@id":"https:\/\/nk7-testes.com.br\/agazeta\/medica-que-agrediu-crianca-fala-sobre-episodio\/","url":"https:\/\/nk7-testes.com.br\/agazeta\/medica-que-agrediu-crianca-fala-sobre-episodio\/","name":"M\u00e9dica que agrediu crian\u00e7a fala sobre epis\u00f3dio - Agazeta.net","isPartOf":{"@id":"https:\/\/nk7-testes.com.br\/agazeta\/#website"},"primaryImageOfPage":{"@id":"https:\/\/nk7-testes.com.br\/agazeta\/medica-que-agrediu-crianca-fala-sobre-episodio\/#primaryimage"},"image":{"@id":"https:\/\/nk7-testes.com.br\/agazeta\/medica-que-agrediu-crianca-fala-sobre-episodio\/#primaryimage"},"thumbnailUrl":"https:\/\/nk7-testes.com.br\/agazeta\/wp-content\/uploads\/2016\/09\/270916-policia-agressaomedica-cedida.jpg","datePublished":"2016-09-27T14:13:03+00:00","author":{"@id":"https:\/\/nk7-testes.com.br\/agazeta\/#\/schema\/person\/6d6e25cb0435eb4a02fd44d30b4e3020"},"breadcrumb":{"@id":"https:\/\/nk7-testes.com.br\/agazeta\/medica-que-agrediu-crianca-fala-sobre-episodio\/#breadcrumb"},"inLanguage":"pt-BR","potentialAction":[{"@type":"ReadAction","target":["https:\/\/nk7-testes.com.br\/agazeta\/medica-que-agrediu-crianca-fala-sobre-episodio\/"]}]},{"@type":"ImageObject","inLanguage":"pt-BR","@id":"https:\/\/nk7-testes.com.br\/agazeta\/medica-que-agrediu-crianca-fala-sobre-episodio\/#primaryimage","url":"https:\/\/nk7-testes.com.br\/agazeta\/wp-content\/uploads\/2016\/09\/270916-policia-agressaomedica-cedida.jpg","contentUrl":"https:\/\/nk7-testes.com.br\/agazeta\/wp-content\/uploads\/2016\/09\/270916-policia-agressaomedica-cedida.jpg","width":458,"height":340,"caption":"270916-policia-agressaomedica-cedida"},{"@type":"BreadcrumbList","@id":"https:\/\/nk7-testes.com.br\/agazeta\/medica-que-agrediu-crianca-fala-sobre-episodio\/#breadcrumb","itemListElement":[{"@type":"ListItem","position":1,"name":"In\u00edcio","item":"https:\/\/nk7-testes.com.br\/agazeta\/"},{"@type":"ListItem","position":2,"name":"M\u00e9dica que agrediu crian\u00e7a fala sobre epis\u00f3dio"}]},{"@type":"WebSite","@id":"https:\/\/nk7-testes.com.br\/agazeta\/#website","url":"https:\/\/nk7-testes.com.br\/agazeta\/","name":"Agazeta.net","description":"Agazeta.net - Not\u00edcias de Rio Branco\/AC","potentialAction":[{"@type":"SearchAction","target":{"@type":"EntryPoint","urlTemplate":"https:\/\/nk7-testes.com.br\/agazeta\/?s={search_term_string}"},"query-input":{"@type":"PropertyValueSpecification","valueRequired":true,"valueName":"search_term_string"}}],"inLanguage":"pt-BR"},{"@type":"Person","@id":"https:\/\/nk7-testes.com.br\/agazeta\/#\/schema\/person\/6d6e25cb0435eb4a02fd44d30b4e3020","name":"Agazeta.Net","url":"https:\/\/nk7-testes.com.br\/agazeta\/author\/agazeta\/"}]}},"_links":{"self":[{"href":"https:\/\/nk7-testes.com.br\/agazeta\/wp-json\/wp\/v2\/posts\/25445","targetHints":{"allow":["GET"]}}],"collection":[{"href":"https:\/\/nk7-testes.com.br\/agazeta\/wp-json\/wp\/v2\/posts"}],"about":[{"href":"https:\/\/nk7-testes.com.br\/agazeta\/wp-json\/wp\/v2\/types\/post"}],"author":[{"embeddable":true,"href":"https:\/\/nk7-testes.com.br\/agazeta\/wp-json\/wp\/v2\/users\/4"}],"replies":[{"embeddable":true,"href":"https:\/\/nk7-testes.com.br\/agazeta\/wp-json\/wp\/v2\/comments?post=25445"}],"version-history":[{"count":0,"href":"https:\/\/nk7-testes.com.br\/agazeta\/wp-json\/wp\/v2\/posts\/25445\/revisions"}],"wp:featuredmedia":[{"embeddable":true,"href":"https:\/\/nk7-testes.com.br\/agazeta\/wp-json\/wp\/v2\/media\/25444"}],"wp:attachment":[{"href":"https:\/\/nk7-testes.com.br\/agazeta\/wp-json\/wp\/v2\/media?parent=25445"}],"wp:term":[{"taxonomy":"category","embeddable":true,"href":"https:\/\/nk7-testes.com.br\/agazeta\/wp-json\/wp\/v2\/categories?post=25445"},{"taxonomy":"post_tag","embeddable":true,"href":"https:\/\/nk7-testes.com.br\/agazeta\/wp-json\/wp\/v2\/tags?post=25445"}],"curies":[{"name":"wp","href":"https:\/\/api.w.org\/{rel}","templated":true}]}}