{"id":25437,"date":"2016-09-26T20:47:40","date_gmt":"2016-09-26T20:47:40","guid":{"rendered":"https:\/\/abarevegan.com.br\/index.php\/2016\/09\/26\/amadeo-barbosa-justica-ordena-desocupacao\/"},"modified":"2016-09-26T20:47:40","modified_gmt":"2016-09-26T20:47:40","slug":"amadeo-barbosa-justica-ordena-desocupacao","status":"publish","type":"post","link":"https:\/\/nk7-testes.com.br\/agazeta\/amadeo-barbosa-justica-ordena-desocupacao\/","title":{"rendered":"Amadeo Barbosa: Justi\u00e7a ordena desocupa\u00e7\u00e3o"},"content":{"rendered":"<p style=\"text-align: justify;\">Por enquanto, sete fam\u00edlias retiradas<\/p>\n<p style=\"text-align: justify;\">Justi\u00e7a ordena desocupa\u00e7\u00e3o de \u00e1rea urbana localizada na Avenida Amadeo Barbosa. No total, sete fam\u00edlias tiveram que ser retiradas atrav\u00e9s da medida, em favor da fam\u00edlia de Jimmy Barbosa<\/p>\n<p style=\"text-align: justify;\">O mandado judicial foi cumprido na manh\u00e3 desta segunda-feira, autorizando a desocupa\u00e7\u00e3o da \u00e1rea de aproximadamente 18 mil metros quadrados. Sete im\u00f3veis, entre moradia e com\u00e9rcios que foram edificados em uma quadra \u00e0s margens da Avenida Amadeo Barbosa, foram atingidos pela a\u00e7\u00e3o de reintegra\u00e7\u00e3o de posse.<\/p>\n<p style=\"text-align: justify;\">Um deles foi comprado h\u00e1 dois anos pelo mec\u00e2nico e serralheiro Jos\u00e9 Oliveira. Ele pagou R$ 55 mil em um lote com dimens\u00f5es de 35 metros por 20 metros. No local, construiu uma pequena casa e uma oficina.<br \/>Segundo Jos\u00e9, o bem foi adquirido com contrato de compra e venda. \u201cEle falou que essa terra j\u00e1 tinha tramitado na Justi\u00e7a e n\u00e3o tinha mais recurso. A gente acreditou\u201d, afirma.<\/p>\n<p style=\"text-align: justify;\">Desolado, Jos\u00e9 obedeceu \u00e0 ordem judicial, mas n\u00e3o escondeu a preocupa\u00e7\u00e3o com o futuro dele e da fam\u00edlia.<\/p>\n<p style=\"text-align: justify;\">Outro prejudicado foi Qu\u00eanio Rodrigues. Ele montou um ferro velho no mesmo lote onde mora com a fam\u00edlia. O im\u00f3vel foi comprado no ano de 2001 e, segundo o comerciante, tamb\u00e9m foi iludido com informa\u00e7\u00f5es de que o problema j\u00e1 havia sido resolvido na Justi\u00e7a.<\/p>\n<p style=\"text-align: justify;\">\u201cAqui n\u00e3o tinha nada antes. Era um sofrimento. Agora tem escola, posto de sa\u00fade, tem tudo. Agora \u00e9 esperar em Deus\u201d, disse.<\/p>\n<p style=\"text-align: justify;\">Quem entrou com pedido de reintegra\u00e7\u00e3o de posse foi a fam\u00edlia de Jimmy Barbosa, conhecidos propriet\u00e1rios de uma extensa \u00e1rea no entorno da Avenida Amadeo Barbosa. Segundo os oficiais de Justi\u00e7a, os ocupantes atingidos pelo mandado tiveram 15 dias pra apresentar defesa e perderam o prazo.<\/p>\n","protected":false},"excerpt":{"rendered":"<p style=\"text-align: justify;\">Por enquanto, sete fam\u00edlias retiradas<\/p>\n","protected":false},"author":4,"featured_media":25436,"comment_status":"open","ping_status":"open","sticky":false,"template":"","format":"standard","meta":{"jnews-multi-image_gallery":[],"jnews_single_post":[],"jnews_primary_category":[],"jnews_social_meta":[],"jnews_review":[],"enable_review":"","type":"","name":"","summary":"","brand":"","sku":"","good":[],"bad":[],"score_override":"","override_value":"","rating":[],"price":[],"footnotes":""},"categories":[54],"tags":[],"class_list":["post-25437","post","type-post","status-publish","format-standard","has-post-thumbnail","hentry","category-cotidiano"],"yoast_head":"<!-- This site is optimized with the Yoast SEO plugin v26.5 - https:\/\/yoast.com\/wordpress\/plugins\/seo\/ -->\n<title>Amadeo Barbosa: Justi\u00e7a ordena desocupa\u00e7\u00e3o - Agazeta.net<\/title>\n<meta name=\"robots\" content=\"index, follow, max-snippet:-1, max-image-preview:large, max-video-preview:-1\" \/>\n<link rel=\"canonical\" href=\"https:\/\/nk7-testes.com.br\/agazeta\/amadeo-barbosa-justica-ordena-desocupacao\/\" \/>\n<meta property=\"og:locale\" content=\"pt_BR\" \/>\n<meta property=\"og:type\" content=\"article\" \/>\n<meta property=\"og:title\" content=\"Amadeo Barbosa: Justi\u00e7a ordena desocupa\u00e7\u00e3o - Agazeta.net\" \/>\n<meta property=\"og:description\" content=\"Por enquanto, sete fam\u00edlias retiradas\" \/>\n<meta property=\"og:url\" content=\"https:\/\/nk7-testes.com.br\/agazeta\/amadeo-barbosa-justica-ordena-desocupacao\/\" \/>\n<meta property=\"og:site_name\" content=\"Agazeta.net\" \/>\n<meta property=\"article:published_time\" content=\"2016-09-26T20:47:40+00:00\" \/>\n<meta property=\"og:image\" content=\"https:\/\/nk7-testes.com.br\/agazeta\/wp-content\/uploads\/2016\/09\/260916-cotidiano-reintegracaodeposse-tvgazeta.jpg\" \/>\n\t<meta property=\"og:image:width\" content=\"458\" \/>\n\t<meta property=\"og:image:height\" content=\"340\" \/>\n\t<meta property=\"og:image:type\" content=\"image\/jpeg\" \/>\n<meta name=\"author\" content=\"Agazeta.Net\" \/>\n<meta name=\"twitter:card\" content=\"summary_large_image\" \/>\n<meta name=\"twitter:label1\" content=\"Escrito por\" \/>\n\t<meta name=\"twitter:data1\" content=\"Agazeta.Net\" \/>\n\t<meta name=\"twitter:label2\" content=\"Est. tempo de leitura\" \/>\n\t<meta name=\"twitter:data2\" content=\"2 minutos\" \/>\n<script type=\"application\/ld+json\" class=\"yoast-schema-graph\">{\"@context\":\"https:\/\/schema.org\",\"@graph\":[{\"@type\":\"WebPage\",\"@id\":\"https:\/\/nk7-testes.com.br\/agazeta\/amadeo-barbosa-justica-ordena-desocupacao\/\",\"url\":\"https:\/\/nk7-testes.com.br\/agazeta\/amadeo-barbosa-justica-ordena-desocupacao\/\",\"name\":\"Amadeo Barbosa: Justi\u00e7a ordena desocupa\u00e7\u00e3o - Agazeta.net\",\"isPartOf\":{\"@id\":\"https:\/\/nk7-testes.com.br\/agazeta\/#website\"},\"primaryImageOfPage\":{\"@id\":\"https:\/\/nk7-testes.com.br\/agazeta\/amadeo-barbosa-justica-ordena-desocupacao\/#primaryimage\"},\"image\":{\"@id\":\"https:\/\/nk7-testes.com.br\/agazeta\/amadeo-barbosa-justica-ordena-desocupacao\/#primaryimage\"},\"thumbnailUrl\":\"https:\/\/nk7-testes.com.br\/agazeta\/wp-content\/uploads\/2016\/09\/260916-cotidiano-reintegracaodeposse-tvgazeta.jpg\",\"datePublished\":\"2016-09-26T20:47:40+00:00\",\"author\":{\"@id\":\"https:\/\/nk7-testes.com.br\/agazeta\/#\/schema\/person\/ff6b39d54d6973bfc57f4140f659b23f\"},\"breadcrumb\":{\"@id\":\"https:\/\/nk7-testes.com.br\/agazeta\/amadeo-barbosa-justica-ordena-desocupacao\/#breadcrumb\"},\"inLanguage\":\"pt-BR\",\"potentialAction\":[{\"@type\":\"ReadAction\",\"target\":[\"https:\/\/nk7-testes.com.br\/agazeta\/amadeo-barbosa-justica-ordena-desocupacao\/\"]}]},{\"@type\":\"ImageObject\",\"inLanguage\":\"pt-BR\",\"@id\":\"https:\/\/nk7-testes.com.br\/agazeta\/amadeo-barbosa-justica-ordena-desocupacao\/#primaryimage\",\"url\":\"https:\/\/nk7-testes.com.br\/agazeta\/wp-content\/uploads\/2016\/09\/260916-cotidiano-reintegracaodeposse-tvgazeta.jpg\",\"contentUrl\":\"https:\/\/nk7-testes.com.br\/agazeta\/wp-content\/uploads\/2016\/09\/260916-cotidiano-reintegracaodeposse-tvgazeta.jpg\",\"width\":458,\"height\":340,\"caption\":\"260916-cotidiano-reintegracaodeposse-tvgazeta\"},{\"@type\":\"BreadcrumbList\",\"@id\":\"https:\/\/nk7-testes.com.br\/agazeta\/amadeo-barbosa-justica-ordena-desocupacao\/#breadcrumb\",\"itemListElement\":[{\"@type\":\"ListItem\",\"position\":1,\"name\":\"In\u00edcio\",\"item\":\"https:\/\/nk7-testes.com.br\/agazeta\/\"},{\"@type\":\"ListItem\",\"position\":2,\"name\":\"Amadeo Barbosa: Justi\u00e7a ordena desocupa\u00e7\u00e3o\"}]},{\"@type\":\"WebSite\",\"@id\":\"https:\/\/nk7-testes.com.br\/agazeta\/#website\",\"url\":\"https:\/\/nk7-testes.com.br\/agazeta\/\",\"name\":\"Agazeta.net\",\"description\":\"Agazeta.net - Not\u00edcias de Rio Branco\/AC\",\"potentialAction\":[{\"@type\":\"SearchAction\",\"target\":{\"@type\":\"EntryPoint\",\"urlTemplate\":\"https:\/\/nk7-testes.com.br\/agazeta\/?s={search_term_string}\"},\"query-input\":{\"@type\":\"PropertyValueSpecification\",\"valueRequired\":true,\"valueName\":\"search_term_string\"}}],\"inLanguage\":\"pt-BR\"},{\"@type\":\"Person\",\"@id\":\"https:\/\/nk7-testes.com.br\/agazeta\/#\/schema\/person\/ff6b39d54d6973bfc57f4140f659b23f\",\"name\":\"Agazeta.Net\",\"url\":\"https:\/\/nk7-testes.com.br\/agazeta\/author\/agazeta\/\"}]}<\/script>\n<!-- \/ Yoast SEO plugin. -->","yoast_head_json":{"title":"Amadeo Barbosa: Justi\u00e7a ordena desocupa\u00e7\u00e3o - Agazeta.net","robots":{"index":"index","follow":"follow","max-snippet":"max-snippet:-1","max-image-preview":"max-image-preview:large","max-video-preview":"max-video-preview:-1"},"canonical":"https:\/\/nk7-testes.com.br\/agazeta\/amadeo-barbosa-justica-ordena-desocupacao\/","og_locale":"pt_BR","og_type":"article","og_title":"Amadeo Barbosa: Justi\u00e7a ordena desocupa\u00e7\u00e3o - Agazeta.net","og_description":"Por enquanto, sete fam\u00edlias retiradas","og_url":"https:\/\/nk7-testes.com.br\/agazeta\/amadeo-barbosa-justica-ordena-desocupacao\/","og_site_name":"Agazeta.net","article_published_time":"2016-09-26T20:47:40+00:00","og_image":[{"width":458,"height":340,"url":"https:\/\/nk7-testes.com.br\/agazeta\/wp-content\/uploads\/2016\/09\/260916-cotidiano-reintegracaodeposse-tvgazeta.jpg","type":"image\/jpeg"}],"author":"Agazeta.Net","twitter_card":"summary_large_image","twitter_misc":{"Escrito por":"Agazeta.Net","Est. tempo de leitura":"2 minutos"},"schema":{"@context":"https:\/\/schema.org","@graph":[{"@type":"WebPage","@id":"https:\/\/nk7-testes.com.br\/agazeta\/amadeo-barbosa-justica-ordena-desocupacao\/","url":"https:\/\/nk7-testes.com.br\/agazeta\/amadeo-barbosa-justica-ordena-desocupacao\/","name":"Amadeo Barbosa: Justi\u00e7a ordena desocupa\u00e7\u00e3o - Agazeta.net","isPartOf":{"@id":"https:\/\/nk7-testes.com.br\/agazeta\/#website"},"primaryImageOfPage":{"@id":"https:\/\/nk7-testes.com.br\/agazeta\/amadeo-barbosa-justica-ordena-desocupacao\/#primaryimage"},"image":{"@id":"https:\/\/nk7-testes.com.br\/agazeta\/amadeo-barbosa-justica-ordena-desocupacao\/#primaryimage"},"thumbnailUrl":"https:\/\/nk7-testes.com.br\/agazeta\/wp-content\/uploads\/2016\/09\/260916-cotidiano-reintegracaodeposse-tvgazeta.jpg","datePublished":"2016-09-26T20:47:40+00:00","author":{"@id":"https:\/\/nk7-testes.com.br\/agazeta\/#\/schema\/person\/ff6b39d54d6973bfc57f4140f659b23f"},"breadcrumb":{"@id":"https:\/\/nk7-testes.com.br\/agazeta\/amadeo-barbosa-justica-ordena-desocupacao\/#breadcrumb"},"inLanguage":"pt-BR","potentialAction":[{"@type":"ReadAction","target":["https:\/\/nk7-testes.com.br\/agazeta\/amadeo-barbosa-justica-ordena-desocupacao\/"]}]},{"@type":"ImageObject","inLanguage":"pt-BR","@id":"https:\/\/nk7-testes.com.br\/agazeta\/amadeo-barbosa-justica-ordena-desocupacao\/#primaryimage","url":"https:\/\/nk7-testes.com.br\/agazeta\/wp-content\/uploads\/2016\/09\/260916-cotidiano-reintegracaodeposse-tvgazeta.jpg","contentUrl":"https:\/\/nk7-testes.com.br\/agazeta\/wp-content\/uploads\/2016\/09\/260916-cotidiano-reintegracaodeposse-tvgazeta.jpg","width":458,"height":340,"caption":"260916-cotidiano-reintegracaodeposse-tvgazeta"},{"@type":"BreadcrumbList","@id":"https:\/\/nk7-testes.com.br\/agazeta\/amadeo-barbosa-justica-ordena-desocupacao\/#breadcrumb","itemListElement":[{"@type":"ListItem","position":1,"name":"In\u00edcio","item":"https:\/\/nk7-testes.com.br\/agazeta\/"},{"@type":"ListItem","position":2,"name":"Amadeo Barbosa: Justi\u00e7a ordena desocupa\u00e7\u00e3o"}]},{"@type":"WebSite","@id":"https:\/\/nk7-testes.com.br\/agazeta\/#website","url":"https:\/\/nk7-testes.com.br\/agazeta\/","name":"Agazeta.net","description":"Agazeta.net - Not\u00edcias de Rio Branco\/AC","potentialAction":[{"@type":"SearchAction","target":{"@type":"EntryPoint","urlTemplate":"https:\/\/nk7-testes.com.br\/agazeta\/?s={search_term_string}"},"query-input":{"@type":"PropertyValueSpecification","valueRequired":true,"valueName":"search_term_string"}}],"inLanguage":"pt-BR"},{"@type":"Person","@id":"https:\/\/nk7-testes.com.br\/agazeta\/#\/schema\/person\/ff6b39d54d6973bfc57f4140f659b23f","name":"Agazeta.Net","url":"https:\/\/nk7-testes.com.br\/agazeta\/author\/agazeta\/"}]}},"_links":{"self":[{"href":"https:\/\/nk7-testes.com.br\/agazeta\/wp-json\/wp\/v2\/posts\/25437","targetHints":{"allow":["GET"]}}],"collection":[{"href":"https:\/\/nk7-testes.com.br\/agazeta\/wp-json\/wp\/v2\/posts"}],"about":[{"href":"https:\/\/nk7-testes.com.br\/agazeta\/wp-json\/wp\/v2\/types\/post"}],"author":[{"embeddable":true,"href":"https:\/\/nk7-testes.com.br\/agazeta\/wp-json\/wp\/v2\/users\/4"}],"replies":[{"embeddable":true,"href":"https:\/\/nk7-testes.com.br\/agazeta\/wp-json\/wp\/v2\/comments?post=25437"}],"version-history":[{"count":0,"href":"https:\/\/nk7-testes.com.br\/agazeta\/wp-json\/wp\/v2\/posts\/25437\/revisions"}],"wp:featuredmedia":[{"embeddable":true,"href":"https:\/\/nk7-testes.com.br\/agazeta\/wp-json\/wp\/v2\/media\/25436"}],"wp:attachment":[{"href":"https:\/\/nk7-testes.com.br\/agazeta\/wp-json\/wp\/v2\/media?parent=25437"}],"wp:term":[{"taxonomy":"category","embeddable":true,"href":"https:\/\/nk7-testes.com.br\/agazeta\/wp-json\/wp\/v2\/categories?post=25437"},{"taxonomy":"post_tag","embeddable":true,"href":"https:\/\/nk7-testes.com.br\/agazeta\/wp-json\/wp\/v2\/tags?post=25437"}],"curies":[{"name":"wp","href":"https:\/\/api.w.org\/{rel}","templated":true}]}}