{"id":25427,"date":"2016-09-26T15:37:45","date_gmt":"2016-09-26T15:37:45","guid":{"rendered":"https:\/\/abarevegan.com.br\/index.php\/2016\/09\/26\/dia-d-da-multivacinacao-ate-30-de-setembro\/"},"modified":"2016-09-26T15:37:45","modified_gmt":"2016-09-26T15:37:45","slug":"dia-d-da-multivacinacao-ate-30-de-setembro","status":"publish","type":"post","link":"https:\/\/nk7-testes.com.br\/agazeta\/dia-d-da-multivacinacao-ate-30-de-setembro\/","title":{"rendered":"Dia D da multivacina\u00e7\u00e3o: at\u00e9 30 de setembro"},"content":{"rendered":"<p style=\"text-align: justify;\">Milhares de crian\u00e7as foram vacinadas no Acre<\/p>\n<p style=\"text-align: justify;\">A Campanha Nacional de Multivacina\u00e7\u00e3o realizou no \u00faltimo s\u00e1bado o dia D de mobiliza\u00e7\u00e3o para incentivar os pais e respons\u00e1veis a levar as crian\u00e7as e adolescentes aos postos de sa\u00fade.<\/p>\n<p style=\"text-align: justify;\">Nossa equipe encontrou entre tantas crian\u00e7as, um menino que estava com a carteira de vacina\u00e7\u00e3o praticamente em branco. S\u00f3 havia sido vacinado no nascimento.<\/p>\n<p style=\"text-align: justify;\">Em todo pa\u00eds no \u00faltimo s\u00e1bado, milhares de unidades de sa\u00fade abriram as portas excepcionalmente pra receber crian\u00e7as e adolescentes que precisavam atualizar a carteira de vacina\u00e7\u00e3o.<\/p>\n<p style=\"text-align: justify;\">A campanha que iniciou no dia 19 vai at\u00e9 30 de setembro, tem objetivo de atualizar a vacina\u00e7\u00e3o de crian\u00e7as abaixo de 5 anos de idade, meninos at\u00e9 14 anos, com anti-tet\u00e2nica e febre amarela e meninas entre 9 e 14 anos de idade, contra o HPV.<\/p>\n<p style=\"text-align: justify;\">Para menores de 5 anos foram ofertadas cerca de 15 vacinas. Em Rio Branco 13 unidades de maior porte como URAP&#8217;s e Centros de sa\u00fade atenderam.<br \/>Em uma delas encontramos os pais da pequena Maria Elisa.<\/p>\n<p style=\"text-align: justify;\">A menina de dois anos de idade foi preparada pra ser vacinada, mas n\u00e3o foi preciso por que a carteirinha est\u00e1 atualizada. A carteirinha est\u00e1 atualizada. A m\u00e3e, Helena Cat\u00e3o, explica que sempre conta com a presen\u00e7a do pai nos compromissos de sa\u00fade da filha.<\/p>\n<p style=\"text-align: justify;\">\u201cDesde que ela nasceu a gente sempre acompanhou as datas e meses que tinha que tomar a vacina e \u00e9 sempre o pai e a m\u00e3e junto que vem pra c\u00e1 pra acompanhar o crescimento dela\u201d, disse.<\/p>\n<p>Pai, m\u00e3e e filha foram pra casa tranquilos, j\u00e1 que Elisa s\u00f3 precisa voltar ao posto quando tiver 4 anos. Mas nem todo mundo tem a sorte de ter uma fam\u00edlia ajustada e preocupada como a da Elisa. N\u00e3o muito distante encontramos em outra unidade de sa\u00fade, um menino fr\u00e1gil e que por muito tempo foi carente de cuidados.<\/p>\n<p style=\"text-align: justify;\">Foi, por que hoje ele vive sob os cuidados da av\u00f3 materna. Dona Miraceli Nogueira faz de tudo pelos netos. Israel tem apenas 3 anos e s\u00f3 foi vacinado quando nasceu, na maternidade.<\/p>\n<p style=\"text-align: justify;\">A carteirinha estava totalmente atualizada e a av\u00f3 n\u00e3o conseguiu vacinar o menino no posto de sa\u00fade. Sem saber se realmente o menino havia realmente perdido todas as vacinas, as funcion\u00e1rias pediram para que a av\u00f3 fosse at\u00e9 a Rede de Frios do munic\u00edpio.<\/p>\n<p style=\"text-align: justify;\">Sem saber onde \u00e9 a rede de frios do munic\u00edpio, nossa equipe comovida com a hist\u00f3ria do Israel, deu uma carona pra dona Miraceli e os netos dela.<br \/>At\u00e9 aqui, apenas o Jarliton, irm\u00e3o mais velho de Israel havia sido vacinado contra febre amarela. A carteira dele est\u00e1 atualizada por que ele vive com a av\u00f3 desde que nasceu e ela nunca descuidou com as vacinas.<\/p>\n<p style=\"text-align: justify;\">Israel ficou at\u00e9 pouco tempo sob a guarda dos pais, que s\u00e3o dependentes qu\u00edmicos, mas agora, a av\u00f3 luta na justi\u00e7a pra ficar com o garotinho. \u201cEles passavam alguns dias em casa, e levavam a crian\u00e7a, mas agora eu peguei ele e levei pra dentro de casa, n\u00e3o ia deixar ele sofrendo\u201d, disse av\u00f3.<\/p>\n<p style=\"text-align: justify;\">Na rede de frios, quem nos recebeu foi a coordenadora de imuniza\u00e7\u00e3o do munic\u00edpio, Helena Cat\u00e3o. Atenciosa ela conferiu a carteira de vacina\u00e7\u00e3o de Israel e apontou a solu\u00e7\u00e3o.<\/p>\n<p style=\"text-align: justify;\">\u201cDiante do esclarecimento agora que houve equ\u00edvoco na hora de datarem essas doses que ele tomou na maternidade, essa av\u00f3 vai ser encaminhada l\u00e1 na Maternidade, pra eles fazerem a corre\u00e7\u00e3o dessa data e ela vai iniciar o esquema da crian\u00e7a\u201d, explicou.<\/p>\n<p style=\"text-align: justify;\">O menino teria que receber no m\u00ednimo 4 inje\u00e7\u00f5es, duas nas pernas e duas nos bra\u00e7os. A av\u00f3 se preocupou. \u201cMe preocupo com a rea\u00e7\u00e3o. S\u00e3o muitas inje\u00e7\u00f5es\u201d, disse.<\/p>\n<p style=\"text-align: justify;\">Mas Helena tranquilizou, que seria o ideal atualizar as vacinas poss\u00edveis de uma vez s\u00f3. \u201cA nossa orienta\u00e7\u00e3o \u00e9 que diante dos atrasos, a gente consiga fazer o m\u00e1ximo de doses poss\u00edvel. Se tiver que ter alguma rea\u00e7\u00e3o, que geralmente s\u00e3o leves, como febre, choro persistente, vai acontecer se tomar uma, duas ou mais vacinas\u201d, afirmou a servidora.<\/p>\n<p style=\"text-align: justify;\">Diante das explica\u00e7\u00f5es, Dona Helena entendeu que seria melhor para o Israel receber todas as inje\u00e7\u00f5es.<\/p>\n","protected":false},"excerpt":{"rendered":"<p style=\"text-align: justify;\">Milhares de crian\u00e7as foram vacinadas no Acre<\/p>\n","protected":false},"author":4,"featured_media":25426,"comment_status":"open","ping_status":"open","sticky":false,"template":"","format":"standard","meta":{"jnews-multi-image_gallery":[],"jnews_single_post":[],"jnews_primary_category":[],"jnews_social_meta":[],"jnews_review":[],"enable_review":"","type":"","name":"","summary":"","brand":"","sku":"","good":[],"bad":[],"score_override":"","override_value":"","rating":[],"price":[],"footnotes":""},"categories":[54],"tags":[],"class_list":["post-25427","post","type-post","status-publish","format-standard","has-post-thumbnail","hentry","category-cotidiano"],"yoast_head":"<!-- This site is optimized with the Yoast SEO plugin v26.5 - https:\/\/yoast.com\/wordpress\/plugins\/seo\/ -->\n<title>Dia D da multivacina\u00e7\u00e3o: at\u00e9 30 de setembro - Agazeta.net<\/title>\n<meta name=\"robots\" content=\"index, follow, max-snippet:-1, max-image-preview:large, max-video-preview:-1\" \/>\n<link rel=\"canonical\" href=\"https:\/\/nk7-testes.com.br\/agazeta\/dia-d-da-multivacinacao-ate-30-de-setembro\/\" \/>\n<meta property=\"og:locale\" content=\"pt_BR\" \/>\n<meta property=\"og:type\" content=\"article\" \/>\n<meta property=\"og:title\" content=\"Dia D da multivacina\u00e7\u00e3o: at\u00e9 30 de setembro - Agazeta.net\" \/>\n<meta property=\"og:description\" content=\"Milhares de crian\u00e7as foram vacinadas no Acre\" \/>\n<meta property=\"og:url\" content=\"https:\/\/nk7-testes.com.br\/agazeta\/dia-d-da-multivacinacao-ate-30-de-setembro\/\" \/>\n<meta property=\"og:site_name\" content=\"Agazeta.net\" \/>\n<meta property=\"article:published_time\" content=\"2016-09-26T15:37:45+00:00\" \/>\n<meta property=\"og:image\" content=\"https:\/\/nk7-testes.com.br\/agazeta\/wp-content\/uploads\/2016\/09\/260916-cotidiano-diadvacincao-tvgazeta.jpg\" \/>\n\t<meta property=\"og:image:width\" content=\"458\" \/>\n\t<meta property=\"og:image:height\" content=\"340\" \/>\n\t<meta property=\"og:image:type\" content=\"image\/jpeg\" \/>\n<meta name=\"author\" content=\"Agazeta.Net\" \/>\n<meta name=\"twitter:card\" content=\"summary_large_image\" \/>\n<meta name=\"twitter:label1\" content=\"Escrito por\" \/>\n\t<meta name=\"twitter:data1\" content=\"Agazeta.Net\" \/>\n\t<meta name=\"twitter:label2\" content=\"Est. tempo de leitura\" \/>\n\t<meta name=\"twitter:data2\" content=\"4 minutos\" \/>\n<script type=\"application\/ld+json\" class=\"yoast-schema-graph\">{\"@context\":\"https:\/\/schema.org\",\"@graph\":[{\"@type\":\"WebPage\",\"@id\":\"https:\/\/nk7-testes.com.br\/agazeta\/dia-d-da-multivacinacao-ate-30-de-setembro\/\",\"url\":\"https:\/\/nk7-testes.com.br\/agazeta\/dia-d-da-multivacinacao-ate-30-de-setembro\/\",\"name\":\"Dia D da multivacina\u00e7\u00e3o: at\u00e9 30 de setembro - Agazeta.net\",\"isPartOf\":{\"@id\":\"https:\/\/nk7-testes.com.br\/agazeta\/#website\"},\"primaryImageOfPage\":{\"@id\":\"https:\/\/nk7-testes.com.br\/agazeta\/dia-d-da-multivacinacao-ate-30-de-setembro\/#primaryimage\"},\"image\":{\"@id\":\"https:\/\/nk7-testes.com.br\/agazeta\/dia-d-da-multivacinacao-ate-30-de-setembro\/#primaryimage\"},\"thumbnailUrl\":\"https:\/\/nk7-testes.com.br\/agazeta\/wp-content\/uploads\/2016\/09\/260916-cotidiano-diadvacincao-tvgazeta.jpg\",\"datePublished\":\"2016-09-26T15:37:45+00:00\",\"author\":{\"@id\":\"https:\/\/nk7-testes.com.br\/agazeta\/#\/schema\/person\/ff6b39d54d6973bfc57f4140f659b23f\"},\"breadcrumb\":{\"@id\":\"https:\/\/nk7-testes.com.br\/agazeta\/dia-d-da-multivacinacao-ate-30-de-setembro\/#breadcrumb\"},\"inLanguage\":\"pt-BR\",\"potentialAction\":[{\"@type\":\"ReadAction\",\"target\":[\"https:\/\/nk7-testes.com.br\/agazeta\/dia-d-da-multivacinacao-ate-30-de-setembro\/\"]}]},{\"@type\":\"ImageObject\",\"inLanguage\":\"pt-BR\",\"@id\":\"https:\/\/nk7-testes.com.br\/agazeta\/dia-d-da-multivacinacao-ate-30-de-setembro\/#primaryimage\",\"url\":\"https:\/\/nk7-testes.com.br\/agazeta\/wp-content\/uploads\/2016\/09\/260916-cotidiano-diadvacincao-tvgazeta.jpg\",\"contentUrl\":\"https:\/\/nk7-testes.com.br\/agazeta\/wp-content\/uploads\/2016\/09\/260916-cotidiano-diadvacincao-tvgazeta.jpg\",\"width\":458,\"height\":340,\"caption\":\"260916-cotidiano-diadvacincao-tvgazeta\"},{\"@type\":\"BreadcrumbList\",\"@id\":\"https:\/\/nk7-testes.com.br\/agazeta\/dia-d-da-multivacinacao-ate-30-de-setembro\/#breadcrumb\",\"itemListElement\":[{\"@type\":\"ListItem\",\"position\":1,\"name\":\"In\u00edcio\",\"item\":\"https:\/\/nk7-testes.com.br\/agazeta\/\"},{\"@type\":\"ListItem\",\"position\":2,\"name\":\"Dia D da multivacina\u00e7\u00e3o: at\u00e9 30 de setembro\"}]},{\"@type\":\"WebSite\",\"@id\":\"https:\/\/nk7-testes.com.br\/agazeta\/#website\",\"url\":\"https:\/\/nk7-testes.com.br\/agazeta\/\",\"name\":\"Agazeta.net\",\"description\":\"Agazeta.net - Not\u00edcias de Rio Branco\/AC\",\"potentialAction\":[{\"@type\":\"SearchAction\",\"target\":{\"@type\":\"EntryPoint\",\"urlTemplate\":\"https:\/\/nk7-testes.com.br\/agazeta\/?s={search_term_string}\"},\"query-input\":{\"@type\":\"PropertyValueSpecification\",\"valueRequired\":true,\"valueName\":\"search_term_string\"}}],\"inLanguage\":\"pt-BR\"},{\"@type\":\"Person\",\"@id\":\"https:\/\/nk7-testes.com.br\/agazeta\/#\/schema\/person\/ff6b39d54d6973bfc57f4140f659b23f\",\"name\":\"Agazeta.Net\",\"url\":\"https:\/\/nk7-testes.com.br\/agazeta\/author\/agazeta\/\"}]}<\/script>\n<!-- \/ Yoast SEO plugin. -->","yoast_head_json":{"title":"Dia D da multivacina\u00e7\u00e3o: at\u00e9 30 de setembro - Agazeta.net","robots":{"index":"index","follow":"follow","max-snippet":"max-snippet:-1","max-image-preview":"max-image-preview:large","max-video-preview":"max-video-preview:-1"},"canonical":"https:\/\/nk7-testes.com.br\/agazeta\/dia-d-da-multivacinacao-ate-30-de-setembro\/","og_locale":"pt_BR","og_type":"article","og_title":"Dia D da multivacina\u00e7\u00e3o: at\u00e9 30 de setembro - Agazeta.net","og_description":"Milhares de crian\u00e7as foram vacinadas no Acre","og_url":"https:\/\/nk7-testes.com.br\/agazeta\/dia-d-da-multivacinacao-ate-30-de-setembro\/","og_site_name":"Agazeta.net","article_published_time":"2016-09-26T15:37:45+00:00","og_image":[{"width":458,"height":340,"url":"https:\/\/nk7-testes.com.br\/agazeta\/wp-content\/uploads\/2016\/09\/260916-cotidiano-diadvacincao-tvgazeta.jpg","type":"image\/jpeg"}],"author":"Agazeta.Net","twitter_card":"summary_large_image","twitter_misc":{"Escrito por":"Agazeta.Net","Est. tempo de leitura":"4 minutos"},"schema":{"@context":"https:\/\/schema.org","@graph":[{"@type":"WebPage","@id":"https:\/\/nk7-testes.com.br\/agazeta\/dia-d-da-multivacinacao-ate-30-de-setembro\/","url":"https:\/\/nk7-testes.com.br\/agazeta\/dia-d-da-multivacinacao-ate-30-de-setembro\/","name":"Dia D da multivacina\u00e7\u00e3o: at\u00e9 30 de setembro - Agazeta.net","isPartOf":{"@id":"https:\/\/nk7-testes.com.br\/agazeta\/#website"},"primaryImageOfPage":{"@id":"https:\/\/nk7-testes.com.br\/agazeta\/dia-d-da-multivacinacao-ate-30-de-setembro\/#primaryimage"},"image":{"@id":"https:\/\/nk7-testes.com.br\/agazeta\/dia-d-da-multivacinacao-ate-30-de-setembro\/#primaryimage"},"thumbnailUrl":"https:\/\/nk7-testes.com.br\/agazeta\/wp-content\/uploads\/2016\/09\/260916-cotidiano-diadvacincao-tvgazeta.jpg","datePublished":"2016-09-26T15:37:45+00:00","author":{"@id":"https:\/\/nk7-testes.com.br\/agazeta\/#\/schema\/person\/ff6b39d54d6973bfc57f4140f659b23f"},"breadcrumb":{"@id":"https:\/\/nk7-testes.com.br\/agazeta\/dia-d-da-multivacinacao-ate-30-de-setembro\/#breadcrumb"},"inLanguage":"pt-BR","potentialAction":[{"@type":"ReadAction","target":["https:\/\/nk7-testes.com.br\/agazeta\/dia-d-da-multivacinacao-ate-30-de-setembro\/"]}]},{"@type":"ImageObject","inLanguage":"pt-BR","@id":"https:\/\/nk7-testes.com.br\/agazeta\/dia-d-da-multivacinacao-ate-30-de-setembro\/#primaryimage","url":"https:\/\/nk7-testes.com.br\/agazeta\/wp-content\/uploads\/2016\/09\/260916-cotidiano-diadvacincao-tvgazeta.jpg","contentUrl":"https:\/\/nk7-testes.com.br\/agazeta\/wp-content\/uploads\/2016\/09\/260916-cotidiano-diadvacincao-tvgazeta.jpg","width":458,"height":340,"caption":"260916-cotidiano-diadvacincao-tvgazeta"},{"@type":"BreadcrumbList","@id":"https:\/\/nk7-testes.com.br\/agazeta\/dia-d-da-multivacinacao-ate-30-de-setembro\/#breadcrumb","itemListElement":[{"@type":"ListItem","position":1,"name":"In\u00edcio","item":"https:\/\/nk7-testes.com.br\/agazeta\/"},{"@type":"ListItem","position":2,"name":"Dia D da multivacina\u00e7\u00e3o: at\u00e9 30 de setembro"}]},{"@type":"WebSite","@id":"https:\/\/nk7-testes.com.br\/agazeta\/#website","url":"https:\/\/nk7-testes.com.br\/agazeta\/","name":"Agazeta.net","description":"Agazeta.net - Not\u00edcias de Rio Branco\/AC","potentialAction":[{"@type":"SearchAction","target":{"@type":"EntryPoint","urlTemplate":"https:\/\/nk7-testes.com.br\/agazeta\/?s={search_term_string}"},"query-input":{"@type":"PropertyValueSpecification","valueRequired":true,"valueName":"search_term_string"}}],"inLanguage":"pt-BR"},{"@type":"Person","@id":"https:\/\/nk7-testes.com.br\/agazeta\/#\/schema\/person\/ff6b39d54d6973bfc57f4140f659b23f","name":"Agazeta.Net","url":"https:\/\/nk7-testes.com.br\/agazeta\/author\/agazeta\/"}]}},"_links":{"self":[{"href":"https:\/\/nk7-testes.com.br\/agazeta\/wp-json\/wp\/v2\/posts\/25427","targetHints":{"allow":["GET"]}}],"collection":[{"href":"https:\/\/nk7-testes.com.br\/agazeta\/wp-json\/wp\/v2\/posts"}],"about":[{"href":"https:\/\/nk7-testes.com.br\/agazeta\/wp-json\/wp\/v2\/types\/post"}],"author":[{"embeddable":true,"href":"https:\/\/nk7-testes.com.br\/agazeta\/wp-json\/wp\/v2\/users\/4"}],"replies":[{"embeddable":true,"href":"https:\/\/nk7-testes.com.br\/agazeta\/wp-json\/wp\/v2\/comments?post=25427"}],"version-history":[{"count":0,"href":"https:\/\/nk7-testes.com.br\/agazeta\/wp-json\/wp\/v2\/posts\/25427\/revisions"}],"wp:featuredmedia":[{"embeddable":true,"href":"https:\/\/nk7-testes.com.br\/agazeta\/wp-json\/wp\/v2\/media\/25426"}],"wp:attachment":[{"href":"https:\/\/nk7-testes.com.br\/agazeta\/wp-json\/wp\/v2\/media?parent=25427"}],"wp:term":[{"taxonomy":"category","embeddable":true,"href":"https:\/\/nk7-testes.com.br\/agazeta\/wp-json\/wp\/v2\/categories?post=25427"},{"taxonomy":"post_tag","embeddable":true,"href":"https:\/\/nk7-testes.com.br\/agazeta\/wp-json\/wp\/v2\/tags?post=25427"}],"curies":[{"name":"wp","href":"https:\/\/api.w.org\/{rel}","templated":true}]}}