{"id":25398,"date":"2016-09-23T22:32:27","date_gmt":"2016-09-23T22:32:27","guid":{"rendered":"https:\/\/abarevegan.com.br\/index.php\/2016\/09\/23\/prefeitura-se-antecipa-com-acoes-de-combate-a-dengue\/"},"modified":"2016-09-23T22:32:27","modified_gmt":"2016-09-23T22:32:27","slug":"prefeitura-se-antecipa-com-acoes-de-combate-a-dengue","status":"publish","type":"post","link":"https:\/\/nk7-testes.com.br\/agazeta\/prefeitura-se-antecipa-com-acoes-de-combate-a-dengue\/","title":{"rendered":"Prefeitura se antecipa com a\u00e7\u00f5es de combate \u00e0 dengue"},"content":{"rendered":"<p style=\"text-align: justify;\">Situa\u00e7\u00e3o em Rio Branco \u00e9 de alerta para a doen\u00e7a<\/p>\n<p style=\"text-align: justify;\">Segundo o \u00faltimo levantamento que identifica os bairros com foco de dengue e aponta o \u00edndice de criadouros do mosquito Aedes aegypti, a situa\u00e7\u00e3o em Rio Branco \u00e9 de alerta, contudo por semana est\u00e3o sendo detectados apenas 10 casos suspeitos da doen\u00e7a. Contudo, a secretaria municipal de sa\u00fade j\u00e1 est\u00e1 preparando a\u00e7\u00f5es para a preven\u00e7\u00e3o de uma epidemia.<\/p>\n<p style=\"text-align: justify;\">O inverno amaz\u00f4nico que chega trazendo muitas chuvas tamb\u00e9m marca o in\u00edcio do per\u00edodo cr\u00edtico para o aumento dos casos de dengue. Contudo, os gestores de sa\u00fade ainda se preparam pra esse momento, j\u00e1 que o per\u00edodo de estiagem este ano, deve ser prolongado.<\/p>\n<p style=\"text-align: justify;\">Essa previs\u00e3o cria oportunidade, pra que todos se previnam antecipadamente contra a doen\u00e7a que tem como principais aliados a sujeira e o descaso. \u00c9 de costume se lembrar da dengue, quando os n\u00fameros de casos s\u00e3o alarmantes.<br \/>O \u00faltimo levantamento do LIRA, o \u00edndice de infesta\u00e7\u00e3o predial em Rio Branco ficou em 3,42%, ou seja, ainda \u00e9 estado de alerta, por que o \u00edndice satisfat\u00f3rio \u00e9 abaixo de 1%. O resultado do LIRA equivale a rela\u00e7\u00e3o entre o n\u00famero de im\u00f3veis onde foram encontradas larvas do mosquito e o montante de resid\u00eancias pesquisadas.<\/p>\n<p style=\"text-align: justify;\">Nas \u00faltimas semanas, foram registrados 10 casos suspeitos de dengue. Bem diferente do que foi aconteceu em janeiro, quando as unidades de sa\u00fade notificaram 634 casos suspeitos de dengue, em uma das semanas avaliadas.<\/p>\n<p style=\"text-align: justify;\">Segundo o secret\u00e1rio municipal de sa\u00fade, Oteniel Almeida, atrav\u00e9s dos levantamentos feitos periodicamente est\u00e3o sendo identificadas as \u00e1reas da cidade com maior infesta\u00e7\u00e3o do mosquito Aedes aegypti. Nesses locais ser\u00e3o feitos bloqueios qu\u00edmicos e campanhas de educa\u00e7\u00e3o em sa\u00fade.<\/p>\n<p style=\"text-align: justify;\">Caixas d\u2019\u00e1gua no solo e pequenos recipientes espalhados pelos quintais ainda s\u00e3o encontrados nesses bairros, e ali \u00e9 que mora o perigo. \u201cA gente continua com o indicador de que 80% dos criadouros est\u00e3o dentro dos quintais das pessoas. A gente pede: caixa d\u2019\u00e1gua destampada n\u00e3o pode, que as pessoas retirem as garrafas, vasos de plantas. Fa\u00e7a orienta\u00e7\u00e3o com vizinhos pra que n\u00e3o deixe nenhum recipiente que possa acumular \u00e1gua\u201d, disse o secret\u00e1rio.<\/p>\n<p style=\"text-align: justify;\">O recolhimento de lixo e entulho das resid\u00eancias, pela prefeitura, segundo o secret\u00e1rio s\u00f3 acontece em janeiro. O servi\u00e7o pode ser antecipado, dependendo da situa\u00e7\u00e3o em dezembro. Mesmo assim, os agentes de sa\u00fade orientam a popula\u00e7\u00e3o desde j\u00e1 para as pequenas atitudes no per\u00edmetro familiar, que podem fazer a diferen\u00e7a no todo.<\/p>\n","protected":false},"excerpt":{"rendered":"<p style=\"text-align: justify;\">Situa\u00e7\u00e3o em Rio Branco \u00e9 de alerta para a doen\u00e7a<\/p>\n","protected":false},"author":4,"featured_media":13284,"comment_status":"open","ping_status":"open","sticky":false,"template":"","format":"standard","meta":{"jnews-multi-image_gallery":[],"jnews_single_post":[],"jnews_primary_category":[],"jnews_social_meta":[],"jnews_review":[],"enable_review":"","type":"","name":"","summary":"","brand":"","sku":"","good":[],"bad":[],"score_override":"","override_value":"","rating":[],"price":[],"footnotes":""},"categories":[54],"tags":[],"class_list":["post-25398","post","type-post","status-publish","format-standard","has-post-thumbnail","hentry","category-cotidiano"],"yoast_head":"<!-- This site is optimized with the Yoast SEO plugin v26.5 - https:\/\/yoast.com\/wordpress\/plugins\/seo\/ -->\n<title>Prefeitura se antecipa com a\u00e7\u00f5es de combate \u00e0 dengue - Agazeta.net<\/title>\n<meta name=\"robots\" content=\"index, follow, max-snippet:-1, max-image-preview:large, max-video-preview:-1\" \/>\n<link rel=\"canonical\" href=\"https:\/\/nk7-testes.com.br\/agazeta\/prefeitura-se-antecipa-com-acoes-de-combate-a-dengue\/\" \/>\n<meta property=\"og:locale\" content=\"pt_BR\" \/>\n<meta property=\"og:type\" content=\"article\" \/>\n<meta property=\"og:title\" content=\"Prefeitura se antecipa com a\u00e7\u00f5es de combate \u00e0 dengue - Agazeta.net\" \/>\n<meta property=\"og:description\" content=\"Situa\u00e7\u00e3o em Rio Branco \u00e9 de alerta para a doen\u00e7a\" \/>\n<meta property=\"og:url\" content=\"https:\/\/nk7-testes.com.br\/agazeta\/prefeitura-se-antecipa-com-acoes-de-combate-a-dengue\/\" \/>\n<meta property=\"og:site_name\" content=\"Agazeta.net\" \/>\n<meta property=\"article:published_time\" content=\"2016-09-23T22:32:27+00:00\" \/>\n<meta property=\"og:image\" content=\"https:\/\/nk7-testes.com.br\/agazeta\/wp-content\/uploads\/2015\/02\/090215-cotidiano-dengue-tvgazeta.jpg\" \/>\n\t<meta property=\"og:image:width\" content=\"458\" \/>\n\t<meta property=\"og:image:height\" content=\"340\" \/>\n\t<meta property=\"og:image:type\" content=\"image\/jpeg\" \/>\n<meta name=\"author\" content=\"Agazeta.Net\" \/>\n<meta name=\"twitter:card\" content=\"summary_large_image\" \/>\n<meta name=\"twitter:label1\" content=\"Escrito por\" \/>\n\t<meta name=\"twitter:data1\" content=\"Agazeta.Net\" \/>\n\t<meta name=\"twitter:label2\" content=\"Est. tempo de leitura\" \/>\n\t<meta name=\"twitter:data2\" content=\"2 minutos\" \/>\n<script type=\"application\/ld+json\" class=\"yoast-schema-graph\">{\"@context\":\"https:\/\/schema.org\",\"@graph\":[{\"@type\":\"WebPage\",\"@id\":\"https:\/\/nk7-testes.com.br\/agazeta\/prefeitura-se-antecipa-com-acoes-de-combate-a-dengue\/\",\"url\":\"https:\/\/nk7-testes.com.br\/agazeta\/prefeitura-se-antecipa-com-acoes-de-combate-a-dengue\/\",\"name\":\"Prefeitura se antecipa com a\u00e7\u00f5es de combate \u00e0 dengue - Agazeta.net\",\"isPartOf\":{\"@id\":\"https:\/\/nk7-testes.com.br\/agazeta\/#website\"},\"primaryImageOfPage\":{\"@id\":\"https:\/\/nk7-testes.com.br\/agazeta\/prefeitura-se-antecipa-com-acoes-de-combate-a-dengue\/#primaryimage\"},\"image\":{\"@id\":\"https:\/\/nk7-testes.com.br\/agazeta\/prefeitura-se-antecipa-com-acoes-de-combate-a-dengue\/#primaryimage\"},\"thumbnailUrl\":\"https:\/\/nk7-testes.com.br\/agazeta\/wp-content\/uploads\/2015\/02\/090215-cotidiano-dengue-tvgazeta.jpg\",\"datePublished\":\"2016-09-23T22:32:27+00:00\",\"author\":{\"@id\":\"https:\/\/nk7-testes.com.br\/agazeta\/#\/schema\/person\/ff6b39d54d6973bfc57f4140f659b23f\"},\"breadcrumb\":{\"@id\":\"https:\/\/nk7-testes.com.br\/agazeta\/prefeitura-se-antecipa-com-acoes-de-combate-a-dengue\/#breadcrumb\"},\"inLanguage\":\"pt-BR\",\"potentialAction\":[{\"@type\":\"ReadAction\",\"target\":[\"https:\/\/nk7-testes.com.br\/agazeta\/prefeitura-se-antecipa-com-acoes-de-combate-a-dengue\/\"]}]},{\"@type\":\"ImageObject\",\"inLanguage\":\"pt-BR\",\"@id\":\"https:\/\/nk7-testes.com.br\/agazeta\/prefeitura-se-antecipa-com-acoes-de-combate-a-dengue\/#primaryimage\",\"url\":\"https:\/\/nk7-testes.com.br\/agazeta\/wp-content\/uploads\/2015\/02\/090215-cotidiano-dengue-tvgazeta.jpg\",\"contentUrl\":\"https:\/\/nk7-testes.com.br\/agazeta\/wp-content\/uploads\/2015\/02\/090215-cotidiano-dengue-tvgazeta.jpg\",\"width\":458,\"height\":340,\"caption\":\"090215-cotidiano-dengue-tvgazeta\"},{\"@type\":\"BreadcrumbList\",\"@id\":\"https:\/\/nk7-testes.com.br\/agazeta\/prefeitura-se-antecipa-com-acoes-de-combate-a-dengue\/#breadcrumb\",\"itemListElement\":[{\"@type\":\"ListItem\",\"position\":1,\"name\":\"In\u00edcio\",\"item\":\"https:\/\/nk7-testes.com.br\/agazeta\/\"},{\"@type\":\"ListItem\",\"position\":2,\"name\":\"Prefeitura se antecipa com a\u00e7\u00f5es de combate \u00e0 dengue\"}]},{\"@type\":\"WebSite\",\"@id\":\"https:\/\/nk7-testes.com.br\/agazeta\/#website\",\"url\":\"https:\/\/nk7-testes.com.br\/agazeta\/\",\"name\":\"Agazeta.net\",\"description\":\"Agazeta.net - Not\u00edcias de Rio Branco\/AC\",\"potentialAction\":[{\"@type\":\"SearchAction\",\"target\":{\"@type\":\"EntryPoint\",\"urlTemplate\":\"https:\/\/nk7-testes.com.br\/agazeta\/?s={search_term_string}\"},\"query-input\":{\"@type\":\"PropertyValueSpecification\",\"valueRequired\":true,\"valueName\":\"search_term_string\"}}],\"inLanguage\":\"pt-BR\"},{\"@type\":\"Person\",\"@id\":\"https:\/\/nk7-testes.com.br\/agazeta\/#\/schema\/person\/ff6b39d54d6973bfc57f4140f659b23f\",\"name\":\"Agazeta.Net\",\"url\":\"https:\/\/nk7-testes.com.br\/agazeta\/author\/agazeta\/\"}]}<\/script>\n<!-- \/ Yoast SEO plugin. -->","yoast_head_json":{"title":"Prefeitura se antecipa com a\u00e7\u00f5es de combate \u00e0 dengue - Agazeta.net","robots":{"index":"index","follow":"follow","max-snippet":"max-snippet:-1","max-image-preview":"max-image-preview:large","max-video-preview":"max-video-preview:-1"},"canonical":"https:\/\/nk7-testes.com.br\/agazeta\/prefeitura-se-antecipa-com-acoes-de-combate-a-dengue\/","og_locale":"pt_BR","og_type":"article","og_title":"Prefeitura se antecipa com a\u00e7\u00f5es de combate \u00e0 dengue - Agazeta.net","og_description":"Situa\u00e7\u00e3o em Rio Branco \u00e9 de alerta para a doen\u00e7a","og_url":"https:\/\/nk7-testes.com.br\/agazeta\/prefeitura-se-antecipa-com-acoes-de-combate-a-dengue\/","og_site_name":"Agazeta.net","article_published_time":"2016-09-23T22:32:27+00:00","og_image":[{"width":458,"height":340,"url":"https:\/\/nk7-testes.com.br\/agazeta\/wp-content\/uploads\/2015\/02\/090215-cotidiano-dengue-tvgazeta.jpg","type":"image\/jpeg"}],"author":"Agazeta.Net","twitter_card":"summary_large_image","twitter_misc":{"Escrito por":"Agazeta.Net","Est. tempo de leitura":"2 minutos"},"schema":{"@context":"https:\/\/schema.org","@graph":[{"@type":"WebPage","@id":"https:\/\/nk7-testes.com.br\/agazeta\/prefeitura-se-antecipa-com-acoes-de-combate-a-dengue\/","url":"https:\/\/nk7-testes.com.br\/agazeta\/prefeitura-se-antecipa-com-acoes-de-combate-a-dengue\/","name":"Prefeitura se antecipa com a\u00e7\u00f5es de combate \u00e0 dengue - Agazeta.net","isPartOf":{"@id":"https:\/\/nk7-testes.com.br\/agazeta\/#website"},"primaryImageOfPage":{"@id":"https:\/\/nk7-testes.com.br\/agazeta\/prefeitura-se-antecipa-com-acoes-de-combate-a-dengue\/#primaryimage"},"image":{"@id":"https:\/\/nk7-testes.com.br\/agazeta\/prefeitura-se-antecipa-com-acoes-de-combate-a-dengue\/#primaryimage"},"thumbnailUrl":"https:\/\/nk7-testes.com.br\/agazeta\/wp-content\/uploads\/2015\/02\/090215-cotidiano-dengue-tvgazeta.jpg","datePublished":"2016-09-23T22:32:27+00:00","author":{"@id":"https:\/\/nk7-testes.com.br\/agazeta\/#\/schema\/person\/ff6b39d54d6973bfc57f4140f659b23f"},"breadcrumb":{"@id":"https:\/\/nk7-testes.com.br\/agazeta\/prefeitura-se-antecipa-com-acoes-de-combate-a-dengue\/#breadcrumb"},"inLanguage":"pt-BR","potentialAction":[{"@type":"ReadAction","target":["https:\/\/nk7-testes.com.br\/agazeta\/prefeitura-se-antecipa-com-acoes-de-combate-a-dengue\/"]}]},{"@type":"ImageObject","inLanguage":"pt-BR","@id":"https:\/\/nk7-testes.com.br\/agazeta\/prefeitura-se-antecipa-com-acoes-de-combate-a-dengue\/#primaryimage","url":"https:\/\/nk7-testes.com.br\/agazeta\/wp-content\/uploads\/2015\/02\/090215-cotidiano-dengue-tvgazeta.jpg","contentUrl":"https:\/\/nk7-testes.com.br\/agazeta\/wp-content\/uploads\/2015\/02\/090215-cotidiano-dengue-tvgazeta.jpg","width":458,"height":340,"caption":"090215-cotidiano-dengue-tvgazeta"},{"@type":"BreadcrumbList","@id":"https:\/\/nk7-testes.com.br\/agazeta\/prefeitura-se-antecipa-com-acoes-de-combate-a-dengue\/#breadcrumb","itemListElement":[{"@type":"ListItem","position":1,"name":"In\u00edcio","item":"https:\/\/nk7-testes.com.br\/agazeta\/"},{"@type":"ListItem","position":2,"name":"Prefeitura se antecipa com a\u00e7\u00f5es de combate \u00e0 dengue"}]},{"@type":"WebSite","@id":"https:\/\/nk7-testes.com.br\/agazeta\/#website","url":"https:\/\/nk7-testes.com.br\/agazeta\/","name":"Agazeta.net","description":"Agazeta.net - Not\u00edcias de Rio Branco\/AC","potentialAction":[{"@type":"SearchAction","target":{"@type":"EntryPoint","urlTemplate":"https:\/\/nk7-testes.com.br\/agazeta\/?s={search_term_string}"},"query-input":{"@type":"PropertyValueSpecification","valueRequired":true,"valueName":"search_term_string"}}],"inLanguage":"pt-BR"},{"@type":"Person","@id":"https:\/\/nk7-testes.com.br\/agazeta\/#\/schema\/person\/ff6b39d54d6973bfc57f4140f659b23f","name":"Agazeta.Net","url":"https:\/\/nk7-testes.com.br\/agazeta\/author\/agazeta\/"}]}},"_links":{"self":[{"href":"https:\/\/nk7-testes.com.br\/agazeta\/wp-json\/wp\/v2\/posts\/25398","targetHints":{"allow":["GET"]}}],"collection":[{"href":"https:\/\/nk7-testes.com.br\/agazeta\/wp-json\/wp\/v2\/posts"}],"about":[{"href":"https:\/\/nk7-testes.com.br\/agazeta\/wp-json\/wp\/v2\/types\/post"}],"author":[{"embeddable":true,"href":"https:\/\/nk7-testes.com.br\/agazeta\/wp-json\/wp\/v2\/users\/4"}],"replies":[{"embeddable":true,"href":"https:\/\/nk7-testes.com.br\/agazeta\/wp-json\/wp\/v2\/comments?post=25398"}],"version-history":[{"count":0,"href":"https:\/\/nk7-testes.com.br\/agazeta\/wp-json\/wp\/v2\/posts\/25398\/revisions"}],"wp:featuredmedia":[{"embeddable":true,"href":"https:\/\/nk7-testes.com.br\/agazeta\/wp-json\/wp\/v2\/media\/13284"}],"wp:attachment":[{"href":"https:\/\/nk7-testes.com.br\/agazeta\/wp-json\/wp\/v2\/media?parent=25398"}],"wp:term":[{"taxonomy":"category","embeddable":true,"href":"https:\/\/nk7-testes.com.br\/agazeta\/wp-json\/wp\/v2\/categories?post=25398"},{"taxonomy":"post_tag","embeddable":true,"href":"https:\/\/nk7-testes.com.br\/agazeta\/wp-json\/wp\/v2\/tags?post=25398"}],"curies":[{"name":"wp","href":"https:\/\/api.w.org\/{rel}","templated":true}]}}