{"id":25393,"date":"2016-09-23T21:22:44","date_gmt":"2016-09-23T21:22:44","guid":{"rendered":"https:\/\/abarevegan.com.br\/index.php\/2016\/09\/23\/atualizacao-da-carteirinha-de-vacinacao-dia-d\/"},"modified":"2016-09-23T21:22:44","modified_gmt":"2016-09-23T21:22:44","slug":"atualizacao-da-carteirinha-de-vacinacao-dia-d","status":"publish","type":"post","link":"https:\/\/nk7-testes.com.br\/agazeta\/atualizacao-da-carteirinha-de-vacinacao-dia-d\/","title":{"rendered":"Atualiza\u00e7\u00e3o da carteirinha de vacina\u00e7\u00e3o: Dia D"},"content":{"rendered":"<p style=\"text-align: justify;\">S\u00e1bado \u00e9 dia para colocar em dia a sa\u00fade do filho<\/p>\n<p style=\"text-align: justify;\">Amanh\u00e3, em todo pa\u00eds, acontece a Campanha de Multivacina\u00e7\u00e3o para atualiza\u00e7\u00e3o da carteirinha das crian\u00e7as abaixo de 5 anos e de adolescentes entre 9 e 14 anos. Em Rio Branco, 13 unidades de sa\u00fade de maior porte v\u00e3o atender o p\u00fablico alvo entre 8 da manh\u00e3 e 5 da tarde.<\/p>\n<p style=\"text-align: justify;\">A m\u00e3e da pequena Raimunda de apenas 4 anos de idade teve que criar uma estrat\u00e9gia pra que a filha aceitasse ir ao posto de sa\u00fade. \u201cEu disse pra ela que a Doutora Brinquedo mandou ela vir\u201d, explicou.<\/p>\n<p style=\"text-align: justify;\">A m\u00e3e sabe a import\u00e2ncia de atualizar a carteira de vacina\u00e7\u00e3o e por isso n\u00e3o mediu esfor\u00e7os pra conferir se o esquema vacinal est\u00e1 em dias. \u201cEm todas as campanhas, as crian\u00e7as t\u00eam que vir se vacinar\u201d, disse.<\/p>\n<p style=\"text-align: justify;\">A campanha de multivacina\u00e7\u00e3o est\u00e1 em andamento desde o dia 19 e s\u00f3 encerra no dia 30 de setembro. Neste s\u00e1bado, acontece o dia D de vacina\u00e7\u00e3o, um esfor\u00e7o maior pra que os pais e respons\u00e1veis possam levar os filhos \u00e0s unidades de sa\u00fade.<\/p>\n<p style=\"text-align: justify;\">A multivacina\u00e7\u00e3o neste s\u00e1bado vai acontecer em 13 unidades da capital, como URAP&#8217;S e centros de sa\u00fade de 8 da manh\u00e3 \u00e0s 5 horas da tarde. A diretora da vigil\u00e2ncia epidemiologia, Socorro Martis explica por que apenas as unidades de maior porte v\u00e3o atender no dia D. \u201cPor n\u00e3o ter o contingente dispon\u00edvel a gente preferiu colocar a vacina\u00e7\u00e3o somente nas unidades de maior porte em locais estrat\u00e9gicos\u201d, disse.<\/p>\n<p style=\"text-align: justify;\">Em Rio Branco mais de 120 mil doses das 15 vacinas de rotina est\u00e3o dispon\u00edveis. Al\u00e9m disso, ser\u00e1 ofertada vacina contra o HPV para meninas entre 9 e 14 anos e meninos at\u00e9 14 anos contra febre amarela e antitet\u00e2nica.<\/p>\n<p style=\"text-align: justify;\">Em Rio Branco, a campanha tamb\u00e9m tem a preocupa\u00e7\u00e3o de aumentar a cobertura vacinal <br \/>das adolescentes que ainda n\u00e3o receberam a segunda dose da vacina contra o HPV.<br \/>Para garantir imuniza\u00e7\u00e3o completa que previne o surgimento do c\u00e2ncer do colo do \u00fatero \u00e9 preciso receber duas doses, mas as meninas n\u00e3o t\u00eam retornado as unidades de sa\u00fade. A segunda dose da vacina contra o HPV tem cobertura vacinal na Capital de apenas 30%.<\/p>\n","protected":false},"excerpt":{"rendered":"<p style=\"text-align: justify;\">S\u00e1bado \u00e9 dia para colocar em dia a sa\u00fade do filho<\/p>\n","protected":false},"author":4,"featured_media":25392,"comment_status":"open","ping_status":"open","sticky":false,"template":"","format":"standard","meta":{"jnews-multi-image_gallery":[],"jnews_single_post":[],"jnews_primary_category":[],"jnews_social_meta":[],"jnews_review":[],"enable_review":"","type":"","name":"","summary":"","brand":"","sku":"","good":[],"bad":[],"score_override":"","override_value":"","rating":[],"price":[],"footnotes":""},"categories":[54],"tags":[],"class_list":["post-25393","post","type-post","status-publish","format-standard","has-post-thumbnail","hentry","category-cotidiano"],"yoast_head":"<!-- This site is optimized with the Yoast SEO plugin v26.5 - https:\/\/yoast.com\/wordpress\/plugins\/seo\/ -->\n<title>Atualiza\u00e7\u00e3o da carteirinha de vacina\u00e7\u00e3o: Dia D - Agazeta.net<\/title>\n<meta name=\"robots\" content=\"index, follow, max-snippet:-1, max-image-preview:large, max-video-preview:-1\" \/>\n<link rel=\"canonical\" href=\"https:\/\/nk7-testes.com.br\/agazeta\/atualizacao-da-carteirinha-de-vacinacao-dia-d\/\" \/>\n<meta property=\"og:locale\" content=\"pt_BR\" \/>\n<meta property=\"og:type\" content=\"article\" \/>\n<meta property=\"og:title\" content=\"Atualiza\u00e7\u00e3o da carteirinha de vacina\u00e7\u00e3o: Dia D - Agazeta.net\" \/>\n<meta property=\"og:description\" content=\"S\u00e1bado \u00e9 dia para colocar em dia a sa\u00fade do filho\" \/>\n<meta property=\"og:url\" content=\"https:\/\/nk7-testes.com.br\/agazeta\/atualizacao-da-carteirinha-de-vacinacao-dia-d\/\" \/>\n<meta property=\"og:site_name\" content=\"Agazeta.net\" \/>\n<meta property=\"article:published_time\" content=\"2016-09-23T21:22:44+00:00\" \/>\n<meta property=\"og:image\" content=\"https:\/\/nk7-testes.com.br\/agazeta\/wp-content\/uploads\/2016\/09\/230916-cotidiano-campanhamultivacinacao-ms.jpg\" \/>\n\t<meta property=\"og:image:width\" content=\"458\" \/>\n\t<meta property=\"og:image:height\" content=\"340\" \/>\n\t<meta property=\"og:image:type\" content=\"image\/jpeg\" \/>\n<meta name=\"author\" content=\"Agazeta.Net\" \/>\n<meta name=\"twitter:card\" content=\"summary_large_image\" \/>\n<meta name=\"twitter:label1\" content=\"Escrito por\" \/>\n\t<meta name=\"twitter:data1\" content=\"Agazeta.Net\" \/>\n\t<meta name=\"twitter:label2\" content=\"Est. tempo de leitura\" \/>\n\t<meta name=\"twitter:data2\" content=\"2 minutos\" \/>\n<script type=\"application\/ld+json\" class=\"yoast-schema-graph\">{\"@context\":\"https:\/\/schema.org\",\"@graph\":[{\"@type\":\"WebPage\",\"@id\":\"https:\/\/nk7-testes.com.br\/agazeta\/atualizacao-da-carteirinha-de-vacinacao-dia-d\/\",\"url\":\"https:\/\/nk7-testes.com.br\/agazeta\/atualizacao-da-carteirinha-de-vacinacao-dia-d\/\",\"name\":\"Atualiza\u00e7\u00e3o da carteirinha de vacina\u00e7\u00e3o: Dia D - Agazeta.net\",\"isPartOf\":{\"@id\":\"https:\/\/nk7-testes.com.br\/agazeta\/#website\"},\"primaryImageOfPage\":{\"@id\":\"https:\/\/nk7-testes.com.br\/agazeta\/atualizacao-da-carteirinha-de-vacinacao-dia-d\/#primaryimage\"},\"image\":{\"@id\":\"https:\/\/nk7-testes.com.br\/agazeta\/atualizacao-da-carteirinha-de-vacinacao-dia-d\/#primaryimage\"},\"thumbnailUrl\":\"https:\/\/nk7-testes.com.br\/agazeta\/wp-content\/uploads\/2016\/09\/230916-cotidiano-campanhamultivacinacao-ms.jpg\",\"datePublished\":\"2016-09-23T21:22:44+00:00\",\"author\":{\"@id\":\"https:\/\/nk7-testes.com.br\/agazeta\/#\/schema\/person\/ff6b39d54d6973bfc57f4140f659b23f\"},\"breadcrumb\":{\"@id\":\"https:\/\/nk7-testes.com.br\/agazeta\/atualizacao-da-carteirinha-de-vacinacao-dia-d\/#breadcrumb\"},\"inLanguage\":\"pt-BR\",\"potentialAction\":[{\"@type\":\"ReadAction\",\"target\":[\"https:\/\/nk7-testes.com.br\/agazeta\/atualizacao-da-carteirinha-de-vacinacao-dia-d\/\"]}]},{\"@type\":\"ImageObject\",\"inLanguage\":\"pt-BR\",\"@id\":\"https:\/\/nk7-testes.com.br\/agazeta\/atualizacao-da-carteirinha-de-vacinacao-dia-d\/#primaryimage\",\"url\":\"https:\/\/nk7-testes.com.br\/agazeta\/wp-content\/uploads\/2016\/09\/230916-cotidiano-campanhamultivacinacao-ms.jpg\",\"contentUrl\":\"https:\/\/nk7-testes.com.br\/agazeta\/wp-content\/uploads\/2016\/09\/230916-cotidiano-campanhamultivacinacao-ms.jpg\",\"width\":458,\"height\":340,\"caption\":\"230916-cotidiano-campanhamultivacinacao-ms\"},{\"@type\":\"BreadcrumbList\",\"@id\":\"https:\/\/nk7-testes.com.br\/agazeta\/atualizacao-da-carteirinha-de-vacinacao-dia-d\/#breadcrumb\",\"itemListElement\":[{\"@type\":\"ListItem\",\"position\":1,\"name\":\"In\u00edcio\",\"item\":\"https:\/\/nk7-testes.com.br\/agazeta\/\"},{\"@type\":\"ListItem\",\"position\":2,\"name\":\"Atualiza\u00e7\u00e3o da carteirinha de vacina\u00e7\u00e3o: Dia D\"}]},{\"@type\":\"WebSite\",\"@id\":\"https:\/\/nk7-testes.com.br\/agazeta\/#website\",\"url\":\"https:\/\/nk7-testes.com.br\/agazeta\/\",\"name\":\"Agazeta.net\",\"description\":\"Agazeta.net - Not\u00edcias de Rio Branco\/AC\",\"potentialAction\":[{\"@type\":\"SearchAction\",\"target\":{\"@type\":\"EntryPoint\",\"urlTemplate\":\"https:\/\/nk7-testes.com.br\/agazeta\/?s={search_term_string}\"},\"query-input\":{\"@type\":\"PropertyValueSpecification\",\"valueRequired\":true,\"valueName\":\"search_term_string\"}}],\"inLanguage\":\"pt-BR\"},{\"@type\":\"Person\",\"@id\":\"https:\/\/nk7-testes.com.br\/agazeta\/#\/schema\/person\/ff6b39d54d6973bfc57f4140f659b23f\",\"name\":\"Agazeta.Net\",\"url\":\"https:\/\/nk7-testes.com.br\/agazeta\/author\/agazeta\/\"}]}<\/script>\n<!-- \/ Yoast SEO plugin. -->","yoast_head_json":{"title":"Atualiza\u00e7\u00e3o da carteirinha de vacina\u00e7\u00e3o: Dia D - Agazeta.net","robots":{"index":"index","follow":"follow","max-snippet":"max-snippet:-1","max-image-preview":"max-image-preview:large","max-video-preview":"max-video-preview:-1"},"canonical":"https:\/\/nk7-testes.com.br\/agazeta\/atualizacao-da-carteirinha-de-vacinacao-dia-d\/","og_locale":"pt_BR","og_type":"article","og_title":"Atualiza\u00e7\u00e3o da carteirinha de vacina\u00e7\u00e3o: Dia D - Agazeta.net","og_description":"S\u00e1bado \u00e9 dia para colocar em dia a sa\u00fade do filho","og_url":"https:\/\/nk7-testes.com.br\/agazeta\/atualizacao-da-carteirinha-de-vacinacao-dia-d\/","og_site_name":"Agazeta.net","article_published_time":"2016-09-23T21:22:44+00:00","og_image":[{"width":458,"height":340,"url":"https:\/\/nk7-testes.com.br\/agazeta\/wp-content\/uploads\/2016\/09\/230916-cotidiano-campanhamultivacinacao-ms.jpg","type":"image\/jpeg"}],"author":"Agazeta.Net","twitter_card":"summary_large_image","twitter_misc":{"Escrito por":"Agazeta.Net","Est. tempo de leitura":"2 minutos"},"schema":{"@context":"https:\/\/schema.org","@graph":[{"@type":"WebPage","@id":"https:\/\/nk7-testes.com.br\/agazeta\/atualizacao-da-carteirinha-de-vacinacao-dia-d\/","url":"https:\/\/nk7-testes.com.br\/agazeta\/atualizacao-da-carteirinha-de-vacinacao-dia-d\/","name":"Atualiza\u00e7\u00e3o da carteirinha de vacina\u00e7\u00e3o: Dia D - Agazeta.net","isPartOf":{"@id":"https:\/\/nk7-testes.com.br\/agazeta\/#website"},"primaryImageOfPage":{"@id":"https:\/\/nk7-testes.com.br\/agazeta\/atualizacao-da-carteirinha-de-vacinacao-dia-d\/#primaryimage"},"image":{"@id":"https:\/\/nk7-testes.com.br\/agazeta\/atualizacao-da-carteirinha-de-vacinacao-dia-d\/#primaryimage"},"thumbnailUrl":"https:\/\/nk7-testes.com.br\/agazeta\/wp-content\/uploads\/2016\/09\/230916-cotidiano-campanhamultivacinacao-ms.jpg","datePublished":"2016-09-23T21:22:44+00:00","author":{"@id":"https:\/\/nk7-testes.com.br\/agazeta\/#\/schema\/person\/ff6b39d54d6973bfc57f4140f659b23f"},"breadcrumb":{"@id":"https:\/\/nk7-testes.com.br\/agazeta\/atualizacao-da-carteirinha-de-vacinacao-dia-d\/#breadcrumb"},"inLanguage":"pt-BR","potentialAction":[{"@type":"ReadAction","target":["https:\/\/nk7-testes.com.br\/agazeta\/atualizacao-da-carteirinha-de-vacinacao-dia-d\/"]}]},{"@type":"ImageObject","inLanguage":"pt-BR","@id":"https:\/\/nk7-testes.com.br\/agazeta\/atualizacao-da-carteirinha-de-vacinacao-dia-d\/#primaryimage","url":"https:\/\/nk7-testes.com.br\/agazeta\/wp-content\/uploads\/2016\/09\/230916-cotidiano-campanhamultivacinacao-ms.jpg","contentUrl":"https:\/\/nk7-testes.com.br\/agazeta\/wp-content\/uploads\/2016\/09\/230916-cotidiano-campanhamultivacinacao-ms.jpg","width":458,"height":340,"caption":"230916-cotidiano-campanhamultivacinacao-ms"},{"@type":"BreadcrumbList","@id":"https:\/\/nk7-testes.com.br\/agazeta\/atualizacao-da-carteirinha-de-vacinacao-dia-d\/#breadcrumb","itemListElement":[{"@type":"ListItem","position":1,"name":"In\u00edcio","item":"https:\/\/nk7-testes.com.br\/agazeta\/"},{"@type":"ListItem","position":2,"name":"Atualiza\u00e7\u00e3o da carteirinha de vacina\u00e7\u00e3o: Dia D"}]},{"@type":"WebSite","@id":"https:\/\/nk7-testes.com.br\/agazeta\/#website","url":"https:\/\/nk7-testes.com.br\/agazeta\/","name":"Agazeta.net","description":"Agazeta.net - Not\u00edcias de Rio Branco\/AC","potentialAction":[{"@type":"SearchAction","target":{"@type":"EntryPoint","urlTemplate":"https:\/\/nk7-testes.com.br\/agazeta\/?s={search_term_string}"},"query-input":{"@type":"PropertyValueSpecification","valueRequired":true,"valueName":"search_term_string"}}],"inLanguage":"pt-BR"},{"@type":"Person","@id":"https:\/\/nk7-testes.com.br\/agazeta\/#\/schema\/person\/ff6b39d54d6973bfc57f4140f659b23f","name":"Agazeta.Net","url":"https:\/\/nk7-testes.com.br\/agazeta\/author\/agazeta\/"}]}},"_links":{"self":[{"href":"https:\/\/nk7-testes.com.br\/agazeta\/wp-json\/wp\/v2\/posts\/25393","targetHints":{"allow":["GET"]}}],"collection":[{"href":"https:\/\/nk7-testes.com.br\/agazeta\/wp-json\/wp\/v2\/posts"}],"about":[{"href":"https:\/\/nk7-testes.com.br\/agazeta\/wp-json\/wp\/v2\/types\/post"}],"author":[{"embeddable":true,"href":"https:\/\/nk7-testes.com.br\/agazeta\/wp-json\/wp\/v2\/users\/4"}],"replies":[{"embeddable":true,"href":"https:\/\/nk7-testes.com.br\/agazeta\/wp-json\/wp\/v2\/comments?post=25393"}],"version-history":[{"count":0,"href":"https:\/\/nk7-testes.com.br\/agazeta\/wp-json\/wp\/v2\/posts\/25393\/revisions"}],"wp:featuredmedia":[{"embeddable":true,"href":"https:\/\/nk7-testes.com.br\/agazeta\/wp-json\/wp\/v2\/media\/25392"}],"wp:attachment":[{"href":"https:\/\/nk7-testes.com.br\/agazeta\/wp-json\/wp\/v2\/media?parent=25393"}],"wp:term":[{"taxonomy":"category","embeddable":true,"href":"https:\/\/nk7-testes.com.br\/agazeta\/wp-json\/wp\/v2\/categories?post=25393"},{"taxonomy":"post_tag","embeddable":true,"href":"https:\/\/nk7-testes.com.br\/agazeta\/wp-json\/wp\/v2\/tags?post=25393"}],"curies":[{"name":"wp","href":"https:\/\/api.w.org\/{rel}","templated":true}]}}