{"id":25371,"date":"2016-09-22T19:45:06","date_gmt":"2016-09-22T19:45:06","guid":{"rendered":"https:\/\/abarevegan.com.br\/index.php\/2016\/09\/22\/policia-civil-confirma-relacao-de-tenente-com-faccao\/"},"modified":"2016-09-22T19:45:06","modified_gmt":"2016-09-22T19:45:06","slug":"policia-civil-confirma-relacao-de-tenente-com-faccao","status":"publish","type":"post","link":"https:\/\/nk7-testes.com.br\/agazeta\/policia-civil-confirma-relacao-de-tenente-com-faccao\/","title":{"rendered":"Pol\u00edcia Civil confirma rela\u00e7\u00e3o de tenente com fac\u00e7\u00e3o"},"content":{"rendered":"<p style=\"text-align: justify;\">Tr\u00e1fico, transporte de armas e log\u00edstica<\/p>\n<p style=\"text-align: justify;\">Entre os suspeitos presos durante a opera\u00e7\u00e3o \u00caxodo da Pol\u00edcia Civil, que investiga fac\u00e7\u00e3o criminosa no Acre, est\u00e1 um subtenente da reserva do Corpo de Bombeiros. Al\u00e9m das acusa\u00e7\u00f5es de envolvimento com tr\u00e1fico, o servidor p\u00fablico tamb\u00e9m \u00e9 investigado por amea\u00e7as a uma ju\u00edza.<\/p>\n<p style=\"text-align: justify;\">Jos\u00e9 Augusto Rufino \u00e9 subtenente da reserva do Corpo de Bombeiros do Acre e foi preso por associa\u00e7\u00e3o ao tr\u00e1fico e organiza\u00e7\u00e3o criminosa, durante a primeira fase da opera\u00e7\u00e3o \u00caxodo, deflagrada pela Pol\u00edcia Civil. Jos\u00e9 Augusto cumpre pris\u00e3o preventiva no quartel do Comando geral do Corpo de Bombeiros desde o dia 15 de setembro, quando os mandados judiciais foram cumpridos.<\/p>\n<p style=\"text-align: justify;\">Segundo as investiga\u00e7\u00f5es, o subtenente estava envolvido com tr\u00e1fico de drogas e transporte de armas de fogo. Tinha papel fundamental na log\u00edstica da organiza\u00e7\u00e3o criminosa e era como homem de confian\u00e7a da fac\u00e7\u00e3o.<\/p>\n<p style=\"text-align: justify;\">O servidor p\u00fablico teria entrado na reserva do Corpo de Bombeiros h\u00e1 um ano, mas as investiga\u00e7\u00f5es de acordo com um dos coordenadores da opera\u00e7\u00e3o, Odilon Neto, ainda n\u00e3o precisou h\u00e1 quanto tempo ele participava da fac\u00e7\u00e3o criminosa Comando Vermelho. \u201cA investiga\u00e7\u00e3o continua, estamos puxando a cadeia, pra saber tamb\u00e9m a data de ingresso dele na organiza\u00e7\u00e3o\u201d, disse o delegado.<\/p>\n<p style=\"text-align: justify;\">O subtenente tamb\u00e9m pode responder por supostas amea\u00e7as de morte \u00e0 ju\u00edza de direito Luana Campos, da Vara de Execu\u00e7\u00f5es Penais de Rio Branco. A pol\u00edcia n\u00e3o comenta o assunto, por que est\u00e1 em segredo de Justi\u00e7a.<\/p>\n<p style=\"text-align: justify;\">A Associa\u00e7\u00e3o dos Pra\u00e7as dos Bombeiros do Acre se manifesta preocupada com o suposto vazamento de informa\u00e7\u00f5es que est\u00e3o em sigilo, j\u00e1 que nem mesmo o advogado da entidade teve acesso aos autos at\u00e9 agora. \u201cCausa estranheza esse tipo de vazamento, por que s\u00f3 quem tem acesso aos autos do processo s\u00e3o os \u00f3rg\u00e3os da justi\u00e7a e a pol\u00edcia civil\u201d, disse o presidente da associa\u00e7\u00e3o, Abrah\u00e3o Pupio.<\/p>\n<p style=\"text-align: justify;\">Para a Associa\u00e7\u00e3o a pol\u00edcia promoveu pirotecnia com a divulga\u00e7\u00e3o da opera\u00e7\u00e3o \u00caxodo e alerta para que a sociedade n\u00e3o fa\u00e7a ju\u00edzo antecipado de valores. \u201cEste militar est\u00e1 preso por uma pris\u00e3o cautelar, ou seja, n\u00e3o h\u00e1 certeza sobre sua culpabilidade ou envolvimento em qualquer fato\u201d, disse Pupio.<\/p>\n","protected":false},"excerpt":{"rendered":"<p style=\"text-align: justify;\">Tr\u00e1fico, transporte de armas e log\u00edstica<\/p>\n","protected":false},"author":4,"featured_media":25370,"comment_status":"open","ping_status":"open","sticky":false,"template":"","format":"standard","meta":{"jnews-multi-image_gallery":[],"jnews_single_post":[],"jnews_primary_category":[],"jnews_social_meta":[],"jnews_review":[],"enable_review":"","type":"","name":"","summary":"","brand":"","sku":"","good":[],"bad":[],"score_override":"","override_value":"","rating":[],"price":[],"footnotes":""},"categories":[44],"tags":[],"class_list":["post-25371","post","type-post","status-publish","format-standard","has-post-thumbnail","hentry","category-policia"],"yoast_head":"<!-- This site is optimized with the Yoast SEO plugin v26.5 - https:\/\/yoast.com\/wordpress\/plugins\/seo\/ -->\n<title>Pol\u00edcia Civil confirma rela\u00e7\u00e3o de tenente com fac\u00e7\u00e3o - Agazeta.net<\/title>\n<meta name=\"robots\" content=\"index, follow, max-snippet:-1, max-image-preview:large, max-video-preview:-1\" \/>\n<link rel=\"canonical\" href=\"https:\/\/nk7-testes.com.br\/agazeta\/policia-civil-confirma-relacao-de-tenente-com-faccao\/\" \/>\n<meta property=\"og:locale\" content=\"pt_BR\" \/>\n<meta property=\"og:type\" content=\"article\" \/>\n<meta property=\"og:title\" content=\"Pol\u00edcia Civil confirma rela\u00e7\u00e3o de tenente com fac\u00e7\u00e3o - Agazeta.net\" \/>\n<meta property=\"og:description\" content=\"Tr\u00e1fico, transporte de armas e log\u00edstica\" \/>\n<meta property=\"og:url\" content=\"https:\/\/nk7-testes.com.br\/agazeta\/policia-civil-confirma-relacao-de-tenente-com-faccao\/\" \/>\n<meta property=\"og:site_name\" content=\"Agazeta.net\" \/>\n<meta property=\"article:published_time\" content=\"2016-09-22T19:45:06+00:00\" \/>\n<meta property=\"og:image\" content=\"https:\/\/nk7-testes.com.br\/agazeta\/wp-content\/uploads\/2016\/09\/220916-policia-rufino-cedida.jpg\" \/>\n\t<meta property=\"og:image:width\" content=\"458\" \/>\n\t<meta property=\"og:image:height\" content=\"340\" \/>\n\t<meta property=\"og:image:type\" content=\"image\/jpeg\" \/>\n<meta name=\"author\" content=\"Agazeta.Net\" \/>\n<meta name=\"twitter:card\" content=\"summary_large_image\" \/>\n<meta name=\"twitter:label1\" content=\"Escrito por\" \/>\n\t<meta name=\"twitter:data1\" content=\"Agazeta.Net\" \/>\n\t<meta name=\"twitter:label2\" content=\"Est. tempo de leitura\" \/>\n\t<meta name=\"twitter:data2\" content=\"2 minutos\" \/>\n<script type=\"application\/ld+json\" class=\"yoast-schema-graph\">{\"@context\":\"https:\/\/schema.org\",\"@graph\":[{\"@type\":\"WebPage\",\"@id\":\"https:\/\/nk7-testes.com.br\/agazeta\/policia-civil-confirma-relacao-de-tenente-com-faccao\/\",\"url\":\"https:\/\/nk7-testes.com.br\/agazeta\/policia-civil-confirma-relacao-de-tenente-com-faccao\/\",\"name\":\"Pol\u00edcia Civil confirma rela\u00e7\u00e3o de tenente com fac\u00e7\u00e3o - Agazeta.net\",\"isPartOf\":{\"@id\":\"https:\/\/nk7-testes.com.br\/agazeta\/#website\"},\"primaryImageOfPage\":{\"@id\":\"https:\/\/nk7-testes.com.br\/agazeta\/policia-civil-confirma-relacao-de-tenente-com-faccao\/#primaryimage\"},\"image\":{\"@id\":\"https:\/\/nk7-testes.com.br\/agazeta\/policia-civil-confirma-relacao-de-tenente-com-faccao\/#primaryimage\"},\"thumbnailUrl\":\"https:\/\/nk7-testes.com.br\/agazeta\/wp-content\/uploads\/2016\/09\/220916-policia-rufino-cedida.jpg\",\"datePublished\":\"2016-09-22T19:45:06+00:00\",\"author\":{\"@id\":\"https:\/\/nk7-testes.com.br\/agazeta\/#\/schema\/person\/6d6e25cb0435eb4a02fd44d30b4e3020\"},\"breadcrumb\":{\"@id\":\"https:\/\/nk7-testes.com.br\/agazeta\/policia-civil-confirma-relacao-de-tenente-com-faccao\/#breadcrumb\"},\"inLanguage\":\"pt-BR\",\"potentialAction\":[{\"@type\":\"ReadAction\",\"target\":[\"https:\/\/nk7-testes.com.br\/agazeta\/policia-civil-confirma-relacao-de-tenente-com-faccao\/\"]}]},{\"@type\":\"ImageObject\",\"inLanguage\":\"pt-BR\",\"@id\":\"https:\/\/nk7-testes.com.br\/agazeta\/policia-civil-confirma-relacao-de-tenente-com-faccao\/#primaryimage\",\"url\":\"https:\/\/nk7-testes.com.br\/agazeta\/wp-content\/uploads\/2016\/09\/220916-policia-rufino-cedida.jpg\",\"contentUrl\":\"https:\/\/nk7-testes.com.br\/agazeta\/wp-content\/uploads\/2016\/09\/220916-policia-rufino-cedida.jpg\",\"width\":458,\"height\":340,\"caption\":\"220916-policia-rufino-cedida\"},{\"@type\":\"BreadcrumbList\",\"@id\":\"https:\/\/nk7-testes.com.br\/agazeta\/policia-civil-confirma-relacao-de-tenente-com-faccao\/#breadcrumb\",\"itemListElement\":[{\"@type\":\"ListItem\",\"position\":1,\"name\":\"In\u00edcio\",\"item\":\"https:\/\/nk7-testes.com.br\/agazeta\/\"},{\"@type\":\"ListItem\",\"position\":2,\"name\":\"Pol\u00edcia Civil confirma rela\u00e7\u00e3o de tenente com fac\u00e7\u00e3o\"}]},{\"@type\":\"WebSite\",\"@id\":\"https:\/\/nk7-testes.com.br\/agazeta\/#website\",\"url\":\"https:\/\/nk7-testes.com.br\/agazeta\/\",\"name\":\"Agazeta.net\",\"description\":\"Agazeta.net - Not\u00edcias de Rio Branco\/AC\",\"potentialAction\":[{\"@type\":\"SearchAction\",\"target\":{\"@type\":\"EntryPoint\",\"urlTemplate\":\"https:\/\/nk7-testes.com.br\/agazeta\/?s={search_term_string}\"},\"query-input\":{\"@type\":\"PropertyValueSpecification\",\"valueRequired\":true,\"valueName\":\"search_term_string\"}}],\"inLanguage\":\"pt-BR\"},{\"@type\":\"Person\",\"@id\":\"https:\/\/nk7-testes.com.br\/agazeta\/#\/schema\/person\/6d6e25cb0435eb4a02fd44d30b4e3020\",\"name\":\"Agazeta.Net\",\"url\":\"https:\/\/nk7-testes.com.br\/agazeta\/author\/agazeta\/\"}]}<\/script>\n<!-- \/ Yoast SEO plugin. -->","yoast_head_json":{"title":"Pol\u00edcia Civil confirma rela\u00e7\u00e3o de tenente com fac\u00e7\u00e3o - Agazeta.net","robots":{"index":"index","follow":"follow","max-snippet":"max-snippet:-1","max-image-preview":"max-image-preview:large","max-video-preview":"max-video-preview:-1"},"canonical":"https:\/\/nk7-testes.com.br\/agazeta\/policia-civil-confirma-relacao-de-tenente-com-faccao\/","og_locale":"pt_BR","og_type":"article","og_title":"Pol\u00edcia Civil confirma rela\u00e7\u00e3o de tenente com fac\u00e7\u00e3o - Agazeta.net","og_description":"Tr\u00e1fico, transporte de armas e log\u00edstica","og_url":"https:\/\/nk7-testes.com.br\/agazeta\/policia-civil-confirma-relacao-de-tenente-com-faccao\/","og_site_name":"Agazeta.net","article_published_time":"2016-09-22T19:45:06+00:00","og_image":[{"width":458,"height":340,"url":"https:\/\/nk7-testes.com.br\/agazeta\/wp-content\/uploads\/2016\/09\/220916-policia-rufino-cedida.jpg","type":"image\/jpeg"}],"author":"Agazeta.Net","twitter_card":"summary_large_image","twitter_misc":{"Escrito por":"Agazeta.Net","Est. tempo de leitura":"2 minutos"},"schema":{"@context":"https:\/\/schema.org","@graph":[{"@type":"WebPage","@id":"https:\/\/nk7-testes.com.br\/agazeta\/policia-civil-confirma-relacao-de-tenente-com-faccao\/","url":"https:\/\/nk7-testes.com.br\/agazeta\/policia-civil-confirma-relacao-de-tenente-com-faccao\/","name":"Pol\u00edcia Civil confirma rela\u00e7\u00e3o de tenente com fac\u00e7\u00e3o - Agazeta.net","isPartOf":{"@id":"https:\/\/nk7-testes.com.br\/agazeta\/#website"},"primaryImageOfPage":{"@id":"https:\/\/nk7-testes.com.br\/agazeta\/policia-civil-confirma-relacao-de-tenente-com-faccao\/#primaryimage"},"image":{"@id":"https:\/\/nk7-testes.com.br\/agazeta\/policia-civil-confirma-relacao-de-tenente-com-faccao\/#primaryimage"},"thumbnailUrl":"https:\/\/nk7-testes.com.br\/agazeta\/wp-content\/uploads\/2016\/09\/220916-policia-rufino-cedida.jpg","datePublished":"2016-09-22T19:45:06+00:00","author":{"@id":"https:\/\/nk7-testes.com.br\/agazeta\/#\/schema\/person\/6d6e25cb0435eb4a02fd44d30b4e3020"},"breadcrumb":{"@id":"https:\/\/nk7-testes.com.br\/agazeta\/policia-civil-confirma-relacao-de-tenente-com-faccao\/#breadcrumb"},"inLanguage":"pt-BR","potentialAction":[{"@type":"ReadAction","target":["https:\/\/nk7-testes.com.br\/agazeta\/policia-civil-confirma-relacao-de-tenente-com-faccao\/"]}]},{"@type":"ImageObject","inLanguage":"pt-BR","@id":"https:\/\/nk7-testes.com.br\/agazeta\/policia-civil-confirma-relacao-de-tenente-com-faccao\/#primaryimage","url":"https:\/\/nk7-testes.com.br\/agazeta\/wp-content\/uploads\/2016\/09\/220916-policia-rufino-cedida.jpg","contentUrl":"https:\/\/nk7-testes.com.br\/agazeta\/wp-content\/uploads\/2016\/09\/220916-policia-rufino-cedida.jpg","width":458,"height":340,"caption":"220916-policia-rufino-cedida"},{"@type":"BreadcrumbList","@id":"https:\/\/nk7-testes.com.br\/agazeta\/policia-civil-confirma-relacao-de-tenente-com-faccao\/#breadcrumb","itemListElement":[{"@type":"ListItem","position":1,"name":"In\u00edcio","item":"https:\/\/nk7-testes.com.br\/agazeta\/"},{"@type":"ListItem","position":2,"name":"Pol\u00edcia Civil confirma rela\u00e7\u00e3o de tenente com fac\u00e7\u00e3o"}]},{"@type":"WebSite","@id":"https:\/\/nk7-testes.com.br\/agazeta\/#website","url":"https:\/\/nk7-testes.com.br\/agazeta\/","name":"Agazeta.net","description":"Agazeta.net - Not\u00edcias de Rio Branco\/AC","potentialAction":[{"@type":"SearchAction","target":{"@type":"EntryPoint","urlTemplate":"https:\/\/nk7-testes.com.br\/agazeta\/?s={search_term_string}"},"query-input":{"@type":"PropertyValueSpecification","valueRequired":true,"valueName":"search_term_string"}}],"inLanguage":"pt-BR"},{"@type":"Person","@id":"https:\/\/nk7-testes.com.br\/agazeta\/#\/schema\/person\/6d6e25cb0435eb4a02fd44d30b4e3020","name":"Agazeta.Net","url":"https:\/\/nk7-testes.com.br\/agazeta\/author\/agazeta\/"}]}},"_links":{"self":[{"href":"https:\/\/nk7-testes.com.br\/agazeta\/wp-json\/wp\/v2\/posts\/25371","targetHints":{"allow":["GET"]}}],"collection":[{"href":"https:\/\/nk7-testes.com.br\/agazeta\/wp-json\/wp\/v2\/posts"}],"about":[{"href":"https:\/\/nk7-testes.com.br\/agazeta\/wp-json\/wp\/v2\/types\/post"}],"author":[{"embeddable":true,"href":"https:\/\/nk7-testes.com.br\/agazeta\/wp-json\/wp\/v2\/users\/4"}],"replies":[{"embeddable":true,"href":"https:\/\/nk7-testes.com.br\/agazeta\/wp-json\/wp\/v2\/comments?post=25371"}],"version-history":[{"count":0,"href":"https:\/\/nk7-testes.com.br\/agazeta\/wp-json\/wp\/v2\/posts\/25371\/revisions"}],"wp:featuredmedia":[{"embeddable":true,"href":"https:\/\/nk7-testes.com.br\/agazeta\/wp-json\/wp\/v2\/media\/25370"}],"wp:attachment":[{"href":"https:\/\/nk7-testes.com.br\/agazeta\/wp-json\/wp\/v2\/media?parent=25371"}],"wp:term":[{"taxonomy":"category","embeddable":true,"href":"https:\/\/nk7-testes.com.br\/agazeta\/wp-json\/wp\/v2\/categories?post=25371"},{"taxonomy":"post_tag","embeddable":true,"href":"https:\/\/nk7-testes.com.br\/agazeta\/wp-json\/wp\/v2\/tags?post=25371"}],"curies":[{"name":"wp","href":"https:\/\/api.w.org\/{rel}","templated":true}]}}