{"id":25367,"date":"2016-09-22T16:23:13","date_gmt":"2016-09-22T16:23:13","guid":{"rendered":"https:\/\/abarevegan.com.br\/index.php\/2016\/09\/22\/tente-teve-relacoes-com-faccoes-criminosas\/"},"modified":"2016-09-22T16:23:13","modified_gmt":"2016-09-22T16:23:13","slug":"tente-teve-relacoes-com-faccoes-criminosas","status":"publish","type":"post","link":"https:\/\/nk7-testes.com.br\/agazeta\/tente-teve-relacoes-com-faccoes-criminosas\/","title":{"rendered":"Tenente teve rela\u00e7\u00f5es com fac\u00e7\u00f5es criminosas"},"content":{"rendered":"<p style=\"text-align: justify;\">Pol\u00edcia Civil garante que ele era \u201cestrat\u00e9gico\u201d<\/p>\n<p style=\"text-align: justify;\">O subtenente da reserva do Corpo de Bombeiros Jos\u00e9 Augusto Rufino foi preso na Opera\u00e7\u00e3o \u00caxodo. Ele est\u00e1 aquartelado no pr\u00e9dio da corpora\u00e7\u00e3o. A Pol\u00edcia Civil assegura que comprova a participa\u00e7\u00e3o em fac\u00e7\u00f5es criminosas, tr\u00e1fico de drogas e transporte de armas.<\/p>\n<p style=\"text-align: justify;\">\u201cEle era visto como um homem de confian\u00e7a da organiza\u00e7\u00e3o com papel fundamental de articula\u00e7\u00e3o log\u00edstica\u201d, assegurou o coordenador da opera\u00e7\u00e3o que prendeo o militar, Odilon Vinhabeli Neto. A fonte n\u00e3o confirma a informa\u00e7\u00e3o de que o subtenente teria amea\u00e7ado a ju\u00edza da vara de Execu\u00e7\u00f5es Penais, Luana Campos.<\/p>\n<p style=\"text-align: justify;\">A Associa\u00e7\u00e3o dos Pra\u00e7as do Corpo de Bombeiros est\u00e1 garantindo a defesa do militar. Alega que ainda n\u00e3o teve acesso ao processo e critica o que classifica como \u201cpirot\u00e9cnica da Opera\u00e7\u00e3o \u00caxodus\u201d.<\/p>\n<p style=\"text-align: justify;\">Jos\u00e9 Rufino foi preso na \u00faltima sexta-feira, um dia ap\u00f3s os demais presos.<\/p>\n","protected":false},"excerpt":{"rendered":"<p style=\"text-align: justify;\">Pol\u00edcia Civil garante que ele era \u201cestrat\u00e9gico\u201d<\/p>\n","protected":false},"author":4,"featured_media":25366,"comment_status":"open","ping_status":"open","sticky":false,"template":"","format":"standard","meta":{"jnews-multi-image_gallery":[],"jnews_single_post":[],"jnews_primary_category":[],"jnews_social_meta":[],"jnews_review":[],"enable_review":"","type":"","name":"","summary":"","brand":"","sku":"","good":[],"bad":[],"score_override":"","override_value":"","rating":[],"price":[],"footnotes":""},"categories":[44],"tags":[],"class_list":["post-25367","post","type-post","status-publish","format-standard","has-post-thumbnail","hentry","category-policia"],"yoast_head":"<!-- This site is optimized with the Yoast SEO plugin v26.5 - https:\/\/yoast.com\/wordpress\/plugins\/seo\/ -->\n<title>Tenente teve rela\u00e7\u00f5es com fac\u00e7\u00f5es criminosas - Agazeta.net<\/title>\n<meta name=\"robots\" content=\"index, follow, max-snippet:-1, max-image-preview:large, max-video-preview:-1\" \/>\n<link rel=\"canonical\" href=\"https:\/\/nk7-testes.com.br\/agazeta\/tente-teve-relacoes-com-faccoes-criminosas\/\" \/>\n<meta property=\"og:locale\" content=\"pt_BR\" \/>\n<meta property=\"og:type\" content=\"article\" \/>\n<meta property=\"og:title\" content=\"Tenente teve rela\u00e7\u00f5es com fac\u00e7\u00f5es criminosas - Agazeta.net\" \/>\n<meta property=\"og:description\" content=\"Pol\u00edcia Civil garante que ele era \u201cestrat\u00e9gico\u201d\" \/>\n<meta property=\"og:url\" content=\"https:\/\/nk7-testes.com.br\/agazeta\/tente-teve-relacoes-com-faccoes-criminosas\/\" \/>\n<meta property=\"og:site_name\" content=\"Agazeta.net\" \/>\n<meta property=\"article:published_time\" content=\"2016-09-22T16:23:13+00:00\" \/>\n<meta property=\"og:image\" content=\"https:\/\/nk7-testes.com.br\/agazeta\/wp-content\/uploads\/2016\/09\/220916-policia-tenente-tvgazeta.jpg\" \/>\n\t<meta property=\"og:image:width\" content=\"458\" \/>\n\t<meta property=\"og:image:height\" content=\"340\" \/>\n\t<meta property=\"og:image:type\" content=\"image\/jpeg\" \/>\n<meta name=\"author\" content=\"Agazeta.Net\" \/>\n<meta name=\"twitter:card\" content=\"summary_large_image\" \/>\n<meta name=\"twitter:label1\" content=\"Escrito por\" \/>\n\t<meta name=\"twitter:data1\" content=\"Agazeta.Net\" \/>\n\t<meta name=\"twitter:label2\" content=\"Est. tempo de leitura\" \/>\n\t<meta name=\"twitter:data2\" content=\"1 minuto\" \/>\n<script type=\"application\/ld+json\" class=\"yoast-schema-graph\">{\"@context\":\"https:\/\/schema.org\",\"@graph\":[{\"@type\":\"WebPage\",\"@id\":\"https:\/\/nk7-testes.com.br\/agazeta\/tente-teve-relacoes-com-faccoes-criminosas\/\",\"url\":\"https:\/\/nk7-testes.com.br\/agazeta\/tente-teve-relacoes-com-faccoes-criminosas\/\",\"name\":\"Tenente teve rela\u00e7\u00f5es com fac\u00e7\u00f5es criminosas - Agazeta.net\",\"isPartOf\":{\"@id\":\"https:\/\/nk7-testes.com.br\/agazeta\/#website\"},\"primaryImageOfPage\":{\"@id\":\"https:\/\/nk7-testes.com.br\/agazeta\/tente-teve-relacoes-com-faccoes-criminosas\/#primaryimage\"},\"image\":{\"@id\":\"https:\/\/nk7-testes.com.br\/agazeta\/tente-teve-relacoes-com-faccoes-criminosas\/#primaryimage\"},\"thumbnailUrl\":\"https:\/\/nk7-testes.com.br\/agazeta\/wp-content\/uploads\/2016\/09\/220916-policia-tenente-tvgazeta.jpg\",\"datePublished\":\"2016-09-22T16:23:13+00:00\",\"author\":{\"@id\":\"https:\/\/nk7-testes.com.br\/agazeta\/#\/schema\/person\/6d6e25cb0435eb4a02fd44d30b4e3020\"},\"breadcrumb\":{\"@id\":\"https:\/\/nk7-testes.com.br\/agazeta\/tente-teve-relacoes-com-faccoes-criminosas\/#breadcrumb\"},\"inLanguage\":\"pt-BR\",\"potentialAction\":[{\"@type\":\"ReadAction\",\"target\":[\"https:\/\/nk7-testes.com.br\/agazeta\/tente-teve-relacoes-com-faccoes-criminosas\/\"]}]},{\"@type\":\"ImageObject\",\"inLanguage\":\"pt-BR\",\"@id\":\"https:\/\/nk7-testes.com.br\/agazeta\/tente-teve-relacoes-com-faccoes-criminosas\/#primaryimage\",\"url\":\"https:\/\/nk7-testes.com.br\/agazeta\/wp-content\/uploads\/2016\/09\/220916-policia-tenente-tvgazeta.jpg\",\"contentUrl\":\"https:\/\/nk7-testes.com.br\/agazeta\/wp-content\/uploads\/2016\/09\/220916-policia-tenente-tvgazeta.jpg\",\"width\":458,\"height\":340,\"caption\":\"220916-policia-tenente-tvgazeta\"},{\"@type\":\"BreadcrumbList\",\"@id\":\"https:\/\/nk7-testes.com.br\/agazeta\/tente-teve-relacoes-com-faccoes-criminosas\/#breadcrumb\",\"itemListElement\":[{\"@type\":\"ListItem\",\"position\":1,\"name\":\"In\u00edcio\",\"item\":\"https:\/\/nk7-testes.com.br\/agazeta\/\"},{\"@type\":\"ListItem\",\"position\":2,\"name\":\"Tenente teve rela\u00e7\u00f5es com fac\u00e7\u00f5es criminosas\"}]},{\"@type\":\"WebSite\",\"@id\":\"https:\/\/nk7-testes.com.br\/agazeta\/#website\",\"url\":\"https:\/\/nk7-testes.com.br\/agazeta\/\",\"name\":\"Agazeta.net\",\"description\":\"Agazeta.net - Not\u00edcias de Rio Branco\/AC\",\"potentialAction\":[{\"@type\":\"SearchAction\",\"target\":{\"@type\":\"EntryPoint\",\"urlTemplate\":\"https:\/\/nk7-testes.com.br\/agazeta\/?s={search_term_string}\"},\"query-input\":{\"@type\":\"PropertyValueSpecification\",\"valueRequired\":true,\"valueName\":\"search_term_string\"}}],\"inLanguage\":\"pt-BR\"},{\"@type\":\"Person\",\"@id\":\"https:\/\/nk7-testes.com.br\/agazeta\/#\/schema\/person\/6d6e25cb0435eb4a02fd44d30b4e3020\",\"name\":\"Agazeta.Net\",\"url\":\"https:\/\/nk7-testes.com.br\/agazeta\/author\/agazeta\/\"}]}<\/script>\n<!-- \/ Yoast SEO plugin. -->","yoast_head_json":{"title":"Tenente teve rela\u00e7\u00f5es com fac\u00e7\u00f5es criminosas - Agazeta.net","robots":{"index":"index","follow":"follow","max-snippet":"max-snippet:-1","max-image-preview":"max-image-preview:large","max-video-preview":"max-video-preview:-1"},"canonical":"https:\/\/nk7-testes.com.br\/agazeta\/tente-teve-relacoes-com-faccoes-criminosas\/","og_locale":"pt_BR","og_type":"article","og_title":"Tenente teve rela\u00e7\u00f5es com fac\u00e7\u00f5es criminosas - Agazeta.net","og_description":"Pol\u00edcia Civil garante que ele era \u201cestrat\u00e9gico\u201d","og_url":"https:\/\/nk7-testes.com.br\/agazeta\/tente-teve-relacoes-com-faccoes-criminosas\/","og_site_name":"Agazeta.net","article_published_time":"2016-09-22T16:23:13+00:00","og_image":[{"width":458,"height":340,"url":"https:\/\/nk7-testes.com.br\/agazeta\/wp-content\/uploads\/2016\/09\/220916-policia-tenente-tvgazeta.jpg","type":"image\/jpeg"}],"author":"Agazeta.Net","twitter_card":"summary_large_image","twitter_misc":{"Escrito por":"Agazeta.Net","Est. tempo de leitura":"1 minuto"},"schema":{"@context":"https:\/\/schema.org","@graph":[{"@type":"WebPage","@id":"https:\/\/nk7-testes.com.br\/agazeta\/tente-teve-relacoes-com-faccoes-criminosas\/","url":"https:\/\/nk7-testes.com.br\/agazeta\/tente-teve-relacoes-com-faccoes-criminosas\/","name":"Tenente teve rela\u00e7\u00f5es com fac\u00e7\u00f5es criminosas - Agazeta.net","isPartOf":{"@id":"https:\/\/nk7-testes.com.br\/agazeta\/#website"},"primaryImageOfPage":{"@id":"https:\/\/nk7-testes.com.br\/agazeta\/tente-teve-relacoes-com-faccoes-criminosas\/#primaryimage"},"image":{"@id":"https:\/\/nk7-testes.com.br\/agazeta\/tente-teve-relacoes-com-faccoes-criminosas\/#primaryimage"},"thumbnailUrl":"https:\/\/nk7-testes.com.br\/agazeta\/wp-content\/uploads\/2016\/09\/220916-policia-tenente-tvgazeta.jpg","datePublished":"2016-09-22T16:23:13+00:00","author":{"@id":"https:\/\/nk7-testes.com.br\/agazeta\/#\/schema\/person\/6d6e25cb0435eb4a02fd44d30b4e3020"},"breadcrumb":{"@id":"https:\/\/nk7-testes.com.br\/agazeta\/tente-teve-relacoes-com-faccoes-criminosas\/#breadcrumb"},"inLanguage":"pt-BR","potentialAction":[{"@type":"ReadAction","target":["https:\/\/nk7-testes.com.br\/agazeta\/tente-teve-relacoes-com-faccoes-criminosas\/"]}]},{"@type":"ImageObject","inLanguage":"pt-BR","@id":"https:\/\/nk7-testes.com.br\/agazeta\/tente-teve-relacoes-com-faccoes-criminosas\/#primaryimage","url":"https:\/\/nk7-testes.com.br\/agazeta\/wp-content\/uploads\/2016\/09\/220916-policia-tenente-tvgazeta.jpg","contentUrl":"https:\/\/nk7-testes.com.br\/agazeta\/wp-content\/uploads\/2016\/09\/220916-policia-tenente-tvgazeta.jpg","width":458,"height":340,"caption":"220916-policia-tenente-tvgazeta"},{"@type":"BreadcrumbList","@id":"https:\/\/nk7-testes.com.br\/agazeta\/tente-teve-relacoes-com-faccoes-criminosas\/#breadcrumb","itemListElement":[{"@type":"ListItem","position":1,"name":"In\u00edcio","item":"https:\/\/nk7-testes.com.br\/agazeta\/"},{"@type":"ListItem","position":2,"name":"Tenente teve rela\u00e7\u00f5es com fac\u00e7\u00f5es criminosas"}]},{"@type":"WebSite","@id":"https:\/\/nk7-testes.com.br\/agazeta\/#website","url":"https:\/\/nk7-testes.com.br\/agazeta\/","name":"Agazeta.net","description":"Agazeta.net - Not\u00edcias de Rio Branco\/AC","potentialAction":[{"@type":"SearchAction","target":{"@type":"EntryPoint","urlTemplate":"https:\/\/nk7-testes.com.br\/agazeta\/?s={search_term_string}"},"query-input":{"@type":"PropertyValueSpecification","valueRequired":true,"valueName":"search_term_string"}}],"inLanguage":"pt-BR"},{"@type":"Person","@id":"https:\/\/nk7-testes.com.br\/agazeta\/#\/schema\/person\/6d6e25cb0435eb4a02fd44d30b4e3020","name":"Agazeta.Net","url":"https:\/\/nk7-testes.com.br\/agazeta\/author\/agazeta\/"}]}},"_links":{"self":[{"href":"https:\/\/nk7-testes.com.br\/agazeta\/wp-json\/wp\/v2\/posts\/25367","targetHints":{"allow":["GET"]}}],"collection":[{"href":"https:\/\/nk7-testes.com.br\/agazeta\/wp-json\/wp\/v2\/posts"}],"about":[{"href":"https:\/\/nk7-testes.com.br\/agazeta\/wp-json\/wp\/v2\/types\/post"}],"author":[{"embeddable":true,"href":"https:\/\/nk7-testes.com.br\/agazeta\/wp-json\/wp\/v2\/users\/4"}],"replies":[{"embeddable":true,"href":"https:\/\/nk7-testes.com.br\/agazeta\/wp-json\/wp\/v2\/comments?post=25367"}],"version-history":[{"count":0,"href":"https:\/\/nk7-testes.com.br\/agazeta\/wp-json\/wp\/v2\/posts\/25367\/revisions"}],"wp:featuredmedia":[{"embeddable":true,"href":"https:\/\/nk7-testes.com.br\/agazeta\/wp-json\/wp\/v2\/media\/25366"}],"wp:attachment":[{"href":"https:\/\/nk7-testes.com.br\/agazeta\/wp-json\/wp\/v2\/media?parent=25367"}],"wp:term":[{"taxonomy":"category","embeddable":true,"href":"https:\/\/nk7-testes.com.br\/agazeta\/wp-json\/wp\/v2\/categories?post=25367"},{"taxonomy":"post_tag","embeddable":true,"href":"https:\/\/nk7-testes.com.br\/agazeta\/wp-json\/wp\/v2\/tags?post=25367"}],"curies":[{"name":"wp","href":"https:\/\/api.w.org\/{rel}","templated":true}]}}